{"id":3213,"date":"2022-11-16T10:17:51","date_gmt":"2022-11-16T09:17:51","guid":{"rendered":"https:\/\/www.ellensailing.se\/?p=3213"},"modified":"2022-11-16T10:17:51","modified_gmt":"2022-11-16T09:17:51","slug":"gotland-runt-2022","status":"publish","type":"post","link":"https:\/\/www.ellensailing.se\/?p=3213","title":{"rendered":"Gotland Runt 2022"},"content":{"rendered":"\n<p class=\"wp-block-paragraph\">Usch och fy vad d\u00e5liga vi \u00e4r p\u00e5 att uppdatera v\u00e5r blogg. Det f\u00e5r vi r\u00e5da bot p\u00e5 men vi kan i alla fall b\u00f6rja med att s\u00e4songen har varit mycket bra. Vi fick i b\u00e5ten tidigt och avf\u00e4rden fr\u00e5n \u00d6regrund blev redan p\u00e5 p\u00e5skafton s\u00e5 s\u00e4songen har varit l\u00e5ng. Det kommer fler uppdateringar vad det lider.<\/p>\n\n\n\n<p class=\"wp-block-paragraph\">Jag k\u00f6rde Gotland Runt i \u00e5r. Det var l\u00e4nge sedan nu och det \u00e4r f\u00f6rsta g\u00e5ngen som jag startar inne i Stockholm. Har varit en liten bojkott mot att g\u00f6ra om GR fr\u00e5n havskappsegling till b\u00e5de havskappsegling och sk\u00e4rg\u00e5rdssegling men m\u00e5ste erk\u00e4nna att det var helt okej. Hade f\u00f6rm\u00e5nen att f\u00e5 vara med ett trevligt g\u00e4ng p\u00e5 en X412 som heter Axioma. Nedan finner du en liten film fr\u00e5n seglingen.<\/p>\n\n\n\n<figure class=\"wp-block-embed is-type-video is-provider-youtube wp-block-embed-youtube wp-embed-aspect-16-9 wp-has-aspect-ratio\"><div class=\"wp-block-embed__wrapper\">\n<span class=\"embed-youtube\" style=\"text-align:center; display: block;\"><iframe class=\"youtube-player\" width=\"840\" height=\"473\" src=\"https:\/\/www.youtube.com\/embed\/KY_aH0uE3A4?version=3&#038;rel=1&#038;showsearch=0&#038;showinfo=1&#038;iv_load_policy=1&#038;fs=1&#038;hl=sv-SE&#038;autohide=2&#038;wmode=transparent\" allowfullscreen=\"true\" style=\"border:0;\" sandbox=\"allow-scripts allow-same-origin allow-popups allow-presentation allow-popups-to-escape-sandbox\"><\/iframe><\/span>\n<\/div><\/figure>\n","protected":false},"excerpt":{"rendered":"<p>Usch och fy vad d\u00e5liga vi \u00e4r p\u00e5 att uppdatera v\u00e5r blogg. Det f\u00e5r vi r\u00e5da bot p\u00e5 men vi[&#8230;]<\/p>\n","protected":false},"author":1,"featured_media":3217,"comment_status":"open","ping_status":"open","sticky":false,"template":"","format":"standard","meta":{"_jetpack_newsletter_access":"","_jetpack_dont_email_post_to_subs":false,"_jetpack_newsletter_tier_id":0,"_jetpack_memberships_contains_paywalled_content":false,"_jetpack_feature_clip_id":0,"_jetpack_memberships_contains_paid_content":false,"footnotes":"","jetpack_publicize_message":"","jetpack_publicize_feature_enabled":true,"jetpack_social_post_already_shared":true,"jetpack_social_options":{"image_generator_settings":{"template":"highway","default_image_id":0,"font":"","enabled":false},"version":2},"jetpack_post_was_ever_published":false},"categories":[30],"tags":[],"class_list":["post-3213","post","type-post","status-publish","format-standard","has-post-thumbnail","hentry","category-sommar-2022"],"jetpack_publicize_connections":[],"jetpack_featured_media_url":"https:\/\/i0.wp.com\/www.ellensailing.se\/wp-content\/uploads\/2022\/11\/IMG_1427-scaled.jpg?fit=2560%2C1920&ssl=1","jetpack_sharing_enabled":true,"jetpack_shortlink":"https:\/\/wp.me\/p5G68R-PP","jetpack-related-posts":[{"id":3275,"url":"https:\/\/www.ellensailing.se\/?p=3275","url_meta":{"origin":3213,"position":0},"title":"Summering 2022","author":"peter@ellensailing.se","date":"4 april, 2023","format":false,"excerpt":"Usch och fy vad d\u00e5liga vi varit p\u00e5 att uppdatera v\u00e5r blogg. H\u00e4r kommer i alla fall en summering av sommarseglingen f\u00f6rra \u00e5ret. Vi b\u00f6rjade v\u00e5r semester den 8 juli och tog oss ut till Bj\u00f6rksk\u00e4r d\u00e4r allt b\u00f6rjade. Vi tr\u00e4ffad Lasse och Helene med sin Ella (Omega 42). Hade\u2026","rel":"","context":"I \u201dSommar 2022\u201d","block_context":{"text":"Sommar 2022","link":"https:\/\/www.ellensailing.se\/?cat=30"},"img":{"alt_text":"","src":"https:\/\/i0.wp.com\/www.ellensailing.se\/wp-content\/uploads\/2023\/04\/IMG_1721-scaled.jpg?fit=1200%2C900&ssl=1&resize=350%2C200","width":350,"height":200,"srcset":"https:\/\/i0.wp.com\/www.ellensailing.se\/wp-content\/uploads\/2023\/04\/IMG_1721-scaled.jpg?fit=1200%2C900&ssl=1&resize=350%2C200 1x, https:\/\/i0.wp.com\/www.ellensailing.se\/wp-content\/uploads\/2023\/04\/IMG_1721-scaled.jpg?fit=1200%2C900&ssl=1&resize=525%2C300 1.5x, https:\/\/i0.wp.com\/www.ellensailing.se\/wp-content\/uploads\/2023\/04\/IMG_1721-scaled.jpg?fit=1200%2C900&ssl=1&resize=700%2C400 2x, https:\/\/i0.wp.com\/www.ellensailing.se\/wp-content\/uploads\/2023\/04\/IMG_1721-scaled.jpg?fit=1200%2C900&ssl=1&resize=1050%2C600 3x"},"classes":[]},{"id":2913,"url":"https:\/\/www.ellensailing.se\/?p=2913","url_meta":{"origin":3213,"position":1},"title":"Rycka loss!","author":"peter@ellensailing.se","date":"30 juli, 2020","format":false,"excerpt":"Segla ifr\u00e5n Visby i morse d\u00e5 v\u00e5r tamp i land, en 18 mm Liros ryckts av klockan 5 p\u00e5 morgonen. Det var sydv\u00e4st rakt in i hamnen och sj\u00f6n var brutal. Vi hade redan best\u00e4mt oss f\u00f6r att segla upp till F\u00e5r\u00f6sund idag f\u00f6r att det var bra vindar fr\u00e5n\u2026","rel":"","context":"I \u201dSegling 2020\u201d","block_context":{"text":"Segling 2020","link":"https:\/\/www.ellensailing.se\/?cat=27"},"img":{"alt_text":"","src":"https:\/\/i0.wp.com\/www.ellensailing.se\/wp-content\/uploads\/2020\/07\/A6B8C97B-663E-405D-8EB2-8D1EF46384E5-scaled.jpeg?fit=900%2C1200&ssl=1&resize=350%2C200","width":350,"height":200,"srcset":"https:\/\/i0.wp.com\/www.ellensailing.se\/wp-content\/uploads\/2020\/07\/A6B8C97B-663E-405D-8EB2-8D1EF46384E5-scaled.jpeg?fit=900%2C1200&ssl=1&resize=350%2C200 1x, https:\/\/i0.wp.com\/www.ellensailing.se\/wp-content\/uploads\/2020\/07\/A6B8C97B-663E-405D-8EB2-8D1EF46384E5-scaled.jpeg?fit=900%2C1200&ssl=1&resize=525%2C300 1.5x, https:\/\/i0.wp.com\/www.ellensailing.se\/wp-content\/uploads\/2020\/07\/A6B8C97B-663E-405D-8EB2-8D1EF46384E5-scaled.jpeg?fit=900%2C1200&ssl=1&resize=700%2C400 2x"},"classes":[]},{"id":2957,"url":"https:\/\/www.ellensailing.se\/?p=2957","url_meta":{"origin":3213,"position":2},"title":"Rundtur p\u00e5 F\u00e5r\u00f6","author":"peter@ellensailing.se","date":"1 augusti, 2020","format":false,"excerpt":"Ig\u00e5r s\u00e5 hyrde vi en bil fr\u00e5n Carinas biluthyrning. Det blev en Toyota Corolla som rullat 29 500 mil, men den gick ganska bra trots allt! Vi kom iv\u00e4g hyfsat tidigt och det var fredag s\u00e5 det var ingen k\u00f6 ut p\u00e5 f\u00e4rjan. Inl\u00e4gget idag blir inte en massa text\u2026","rel":"","context":"I \u201dSegling 2020\u201d","block_context":{"text":"Segling 2020","link":"https:\/\/www.ellensailing.se\/?cat=27"},"img":{"alt_text":"","src":"https:\/\/i0.wp.com\/www.ellensailing.se\/wp-content\/uploads\/2020\/08\/619579CC-AECA-4A0F-AA58-42C263A27E3A-scaled.jpeg?fit=1200%2C900&ssl=1&resize=350%2C200","width":350,"height":200,"srcset":"https:\/\/i0.wp.com\/www.ellensailing.se\/wp-content\/uploads\/2020\/08\/619579CC-AECA-4A0F-AA58-42C263A27E3A-scaled.jpeg?fit=1200%2C900&ssl=1&resize=350%2C200 1x, https:\/\/i0.wp.com\/www.ellensailing.se\/wp-content\/uploads\/2020\/08\/619579CC-AECA-4A0F-AA58-42C263A27E3A-scaled.jpeg?fit=1200%2C900&ssl=1&resize=525%2C300 1.5x, https:\/\/i0.wp.com\/www.ellensailing.se\/wp-content\/uploads\/2020\/08\/619579CC-AECA-4A0F-AA58-42C263A27E3A-scaled.jpeg?fit=1200%2C900&ssl=1&resize=700%2C400 2x, https:\/\/i0.wp.com\/www.ellensailing.se\/wp-content\/uploads\/2020\/08\/619579CC-AECA-4A0F-AA58-42C263A27E3A-scaled.jpeg?fit=1200%2C900&ssl=1&resize=1050%2C600 3x"},"classes":[]},{"id":3337,"url":"https:\/\/www.ellensailing.se\/?p=3337","url_meta":{"origin":3213,"position":3},"title":"F\u00f6rsta veckan avklarad och nu \u00e4r vi i Hang\u00f6!","author":"peter@ellensailing.se","date":"10 juli, 2023","format":false,"excerpt":"F\u00f6rra l\u00f6rdagen p\u00e5b\u00f6rjade vi v\u00e5r sommarsegling. Det gick undan upp till Fejan och vi t\u00e4nkte n\u00e4stan forts\u00e4tta hela v\u00e4gen \u00f6ver till Mariehamn f\u00f6r det var s\u00e5 bra. Synd att vi inte gjorde det f\u00f6r p\u00e5 s\u00f6ndagen b\u00f6rjade det inte bl\u00e5sa f\u00f6rr\u00e4n vid tolvtiden. Under tiden speglarna hade det tufft under\u2026","rel":"","context":"I \u201dSegling 2023\u201d","block_context":{"text":"Segling 2023","link":"https:\/\/www.ellensailing.se\/?cat=31"},"img":{"alt_text":"","src":"https:\/\/i0.wp.com\/www.ellensailing.se\/wp-content\/uploads\/2023\/07\/img_2811-scaled.jpg?fit=900%2C1200&ssl=1&resize=350%2C200","width":350,"height":200,"srcset":"https:\/\/i0.wp.com\/www.ellensailing.se\/wp-content\/uploads\/2023\/07\/img_2811-scaled.jpg?fit=900%2C1200&ssl=1&resize=350%2C200 1x, https:\/\/i0.wp.com\/www.ellensailing.se\/wp-content\/uploads\/2023\/07\/img_2811-scaled.jpg?fit=900%2C1200&ssl=1&resize=525%2C300 1.5x, https:\/\/i0.wp.com\/www.ellensailing.se\/wp-content\/uploads\/2023\/07\/img_2811-scaled.jpg?fit=900%2C1200&ssl=1&resize=700%2C400 2x"},"classes":[]},{"id":3842,"url":"https:\/\/www.ellensailing.se\/?p=3842","url_meta":{"origin":3213,"position":4},"title":"Semester igen","author":"peter@ellensailing.se","date":"14 juli, 2025","format":false,"excerpt":"Har varit d\u00e5lig p\u00e5 att l\u00e4gga ut men skall b\u00e4ttra oss. Vi har nu varit ute i en och en halv vecka. Vi gick \u00f6ver fr\u00e5n N\u00e5ttar\u00f6 f\u00f6rra torsdagen till Lickershamn. Vi hade det bl\u00e5sit d\u00e4r och l\u00e5g l\u00e5ngsides men det ryckte en del. J\u00e4tte h\u00e4rlig kv\u00e4ll med solnedg\u00e5ng i\u2026","rel":"","context":"I \u201dSegling 2025\u201d","block_context":{"text":"Segling 2025","link":"https:\/\/www.ellensailing.se\/?cat=34"},"img":{"alt_text":"","src":"https:\/\/i0.wp.com\/www.ellensailing.se\/wp-content\/uploads\/2025\/07\/IMG_1501-scaled.jpg?fit=1200%2C900&ssl=1&resize=350%2C200","width":350,"height":200,"srcset":"https:\/\/i0.wp.com\/www.ellensailing.se\/wp-content\/uploads\/2025\/07\/IMG_1501-scaled.jpg?fit=1200%2C900&ssl=1&resize=350%2C200 1x, https:\/\/i0.wp.com\/www.ellensailing.se\/wp-content\/uploads\/2025\/07\/IMG_1501-scaled.jpg?fit=1200%2C900&ssl=1&resize=525%2C300 1.5x, https:\/\/i0.wp.com\/www.ellensailing.se\/wp-content\/uploads\/2025\/07\/IMG_1501-scaled.jpg?fit=1200%2C900&ssl=1&resize=700%2C400 2x, https:\/\/i0.wp.com\/www.ellensailing.se\/wp-content\/uploads\/2025\/07\/IMG_1501-scaled.jpg?fit=1200%2C900&ssl=1&resize=1050%2C600 3x"},"classes":[]},{"id":3863,"url":"https:\/\/www.ellensailing.se\/?p=3863","url_meta":{"origin":3213,"position":5},"title":"Fr\u00e5n Gotland till \u00d6land \u2013 ett \u00f6-hopp med stil!","author":"peter@ellensailing.se","date":"16 juli, 2025","format":false,"excerpt":"Japp, vi har bytt \u00f6. Fr\u00e5n raukar till fyrar, fr\u00e5n Gutavibbar till \u00f6l\u00e4ndska vindar. Det \u00e4r som att byta fr\u00e5n en gammal favorittr\u00f6ja till en ny hoodie \u2013 fortfarande mysigt, men med en annan k\u00e4nsla. Gotland var fantastisk \u2013 medeltidsvecka, ringmurar och f\u00e5r som stirrar p\u00e5 dig som om du\u2026","rel":"","context":"I \u201dSegling 2025\u201d","block_context":{"text":"Segling 2025","link":"https:\/\/www.ellensailing.se\/?cat=34"},"img":{"alt_text":"","src":"https:\/\/i0.wp.com\/www.ellensailing.se\/wp-content\/uploads\/2025\/07\/IMG_1579-scaled.jpg?fit=1200%2C900&ssl=1&resize=350%2C200","width":350,"height":200,"srcset":"https:\/\/i0.wp.com\/www.ellensailing.se\/wp-content\/uploads\/2025\/07\/IMG_1579-scaled.jpg?fit=1200%2C900&ssl=1&resize=350%2C200 1x, https:\/\/i0.wp.com\/www.ellensailing.se\/wp-content\/uploads\/2025\/07\/IMG_1579-scaled.jpg?fit=1200%2C900&ssl=1&resize=525%2C300 1.5x, https:\/\/i0.wp.com\/www.ellensailing.se\/wp-content\/uploads\/2025\/07\/IMG_1579-scaled.jpg?fit=1200%2C900&ssl=1&resize=700%2C400 2x, https:\/\/i0.wp.com\/www.ellensailing.se\/wp-content\/uploads\/2025\/07\/IMG_1579-scaled.jpg?fit=1200%2C900&ssl=1&resize=1050%2C600 3x"},"classes":[]}],"jetpack_likes_enabled":false,"_links":{"self":[{"href":"https:\/\/www.ellensailing.se\/index.php?rest_route=\/wp\/v2\/posts\/3213","targetHints":{"allow":["GET"]}}],"collection":[{"href":"https:\/\/www.ellensailing.se\/index.php?rest_route=\/wp\/v2\/posts"}],"about":[{"href":"https:\/\/www.ellensailing.se\/index.php?rest_route=\/wp\/v2\/types\/post"}],"author":[{"embeddable":true,"href":"https:\/\/www.ellensailing.se\/index.php?rest_route=\/wp\/v2\/users\/1"}],"replies":[{"embeddable":true,"href":"https:\/\/www.ellensailing.se\/index.php?rest_route=%2Fwp%2Fv2%2Fcomments&post=3213"}],"version-history":[{"count":1,"href":"https:\/\/www.ellensailing.se\/index.php?rest_route=\/wp\/v2\/posts\/3213\/revisions"}],"predecessor-version":[{"id":3214,"href":"https:\/\/www.ellensailing.se\/index.php?rest_route=\/wp\/v2\/posts\/3213\/revisions\/3214"}],"wp:featuredmedia":[{"embeddable":true,"href":"https:\/\/www.ellensailing.se\/index.php?rest_route=\/wp\/v2\/media\/3217"}],"wp:attachment":[{"href":"https:\/\/www.ellensailing.se\/index.php?rest_route=%2Fwp%2Fv2%2Fmedia&parent=3213"}],"wp:term":[{"taxonomy":"category","embeddable":true,"href":"https:\/\/www.ellensailing.se\/index.php?rest_route=%2Fwp%2Fv2%2Fcategories&post=3213"},{"taxonomy":"post_tag","embeddable":true,"href":"https:\/\/www.ellensailing.se\/index.php?rest_route=%2Fwp%2Fv2%2Ftags&post=3213"}],"curies":[{"name":"wp","href":"https:\/\/api.w.org\/{rel}","templated":true}]}}