{"id":3178,"date":"2021-09-04T15:55:51","date_gmt":"2021-09-04T13:55:51","guid":{"rendered":"https:\/\/www.ellensailing.se\/?p=3178"},"modified":"2021-09-04T15:57:12","modified_gmt":"2021-09-04T13:57:12","slug":"forsta-gangen-pa-sandon","status":"publish","type":"post","link":"https:\/\/www.ellensailing.se\/?p=3178","title":{"rendered":"F\u00f6rsta g\u00e5ngen p\u00e5 Sand\u00f6n."},"content":{"rendered":"\n<p class=\"wp-block-paragraph\">Ig\u00e5r seglade vi ut till Sand\u00f6n som \u00e4r Svinninge Marina Klubbs klubbholme. Vad fint det \u00e4r d\u00e4r och s\u00e5 v\u00e4lordnat. De har alltid en hamnv\u00e4rd d\u00e4r som hj\u00e4lper till n\u00e4r man kommer och talar om vart man skall ligga. Finns b\u00e5de bojar och man kan ocks\u00e5 ligga l\u00e4ngsmed bryggan. Fick en liten rundvisning p\u00e5 \u00f6n samt att vi tog en promenad. P\u00e5 norra sidan ligger Cocapabana som beachen kallas. Riktigt fint faktiskt. Vi kommer nog bli medlemmar till n\u00e4sta \u00e5r f\u00f6r d\u00e5 f\u00e5r man l\u00e5na n\u00e5gon av de tv\u00e5 bastuna som finns. Ligger lagom l\u00e5ngt fr\u00e5n v\u00e5r hemmahamn.<\/p>\n\n\n\n<figure class=\"wp-block-image size-large\"><img data-recalc-dims=\"1\" fetchpriority=\"high\" decoding=\"async\" width=\"840\" height=\"630\" src=\"https:\/\/i0.wp.com\/www.ellensailing.se\/wp-content\/uploads\/2021\/09\/Cocapabana-1.jpg?resize=840%2C630&#038;ssl=1\" alt=\"\" class=\"wp-image-3176\" srcset=\"https:\/\/i0.wp.com\/www.ellensailing.se\/wp-content\/uploads\/2021\/09\/Cocapabana-1.jpg?resize=1024%2C768&amp;ssl=1 1024w, https:\/\/i0.wp.com\/www.ellensailing.se\/wp-content\/uploads\/2021\/09\/Cocapabana-1.jpg?resize=300%2C225&amp;ssl=1 300w, https:\/\/i0.wp.com\/www.ellensailing.se\/wp-content\/uploads\/2021\/09\/Cocapabana-1.jpg?resize=768%2C576&amp;ssl=1 768w, https:\/\/i0.wp.com\/www.ellensailing.se\/wp-content\/uploads\/2021\/09\/Cocapabana-1.jpg?resize=1536%2C1152&amp;ssl=1 1536w, https:\/\/i0.wp.com\/www.ellensailing.se\/wp-content\/uploads\/2021\/09\/Cocapabana-1.jpg?resize=100%2C75&amp;ssl=1 100w, https:\/\/i0.wp.com\/www.ellensailing.se\/wp-content\/uploads\/2021\/09\/Cocapabana-1.jpg?w=2016&amp;ssl=1 2016w, https:\/\/i0.wp.com\/www.ellensailing.se\/wp-content\/uploads\/2021\/09\/Cocapabana-1.jpg?w=1680&amp;ssl=1 1680w\" sizes=\"(max-width: 840px) 100vw, 840px\" \/><figcaption>Jackie p\u00e5 beacen.<\/figcaption><\/figure>\n\n\n\n<p class=\"wp-block-paragraph\">I morse seglade vi vidare s\u00f6derut f\u00f6r att m\u00f6te upp Lasse och Helene samt Mackan och Malla. Det blev lite tokigt f\u00f6r det blev lite l\u00e5ngt och vinden kom och gick. Ibland gjorde vi 8 knop och ibland 2 knop. S\u00e5 vi styrde in mot Gr\u00f6nsk\u00e4r ist\u00e4llet d\u00e4r vi ligger p\u00e5 svaj. Xander \u00e4lskar att ligga p\u00e5 svaj.<\/p>\n\n\n\n<figure class=\"wp-block-image size-large\"><img data-recalc-dims=\"1\" decoding=\"async\" width=\"840\" height=\"630\" src=\"https:\/\/i0.wp.com\/www.ellensailing.se\/wp-content\/uploads\/2021\/09\/Xander.jpg?resize=840%2C630&#038;ssl=1\" alt=\"\" class=\"wp-image-3177\" srcset=\"https:\/\/i0.wp.com\/www.ellensailing.se\/wp-content\/uploads\/2021\/09\/Xander.jpg?resize=1024%2C768&amp;ssl=1 1024w, https:\/\/i0.wp.com\/www.ellensailing.se\/wp-content\/uploads\/2021\/09\/Xander.jpg?resize=300%2C225&amp;ssl=1 300w, https:\/\/i0.wp.com\/www.ellensailing.se\/wp-content\/uploads\/2021\/09\/Xander.jpg?resize=768%2C576&amp;ssl=1 768w, https:\/\/i0.wp.com\/www.ellensailing.se\/wp-content\/uploads\/2021\/09\/Xander.jpg?resize=1536%2C1152&amp;ssl=1 1536w, https:\/\/i0.wp.com\/www.ellensailing.se\/wp-content\/uploads\/2021\/09\/Xander.jpg?resize=100%2C75&amp;ssl=1 100w, https:\/\/i0.wp.com\/www.ellensailing.se\/wp-content\/uploads\/2021\/09\/Xander.jpg?w=2016&amp;ssl=1 2016w, https:\/\/i0.wp.com\/www.ellensailing.se\/wp-content\/uploads\/2021\/09\/Xander.jpg?w=1680&amp;ssl=1 1680w\" sizes=\"(max-width: 840px) 100vw, 840px\" \/><figcaption>Xander h\u00e5ller koll p\u00e5 oss<\/figcaption><\/figure>\n\n\n\n<p class=\"wp-block-paragraph\">Ig\u00e5r kv\u00e4ll s\u00e5 meckade jag om installationen f\u00f6r solcellerna efter jag haft experten p\u00e5 Victron ombord. Skall sl\u00e4nga ut Mastervolt om tv\u00e5 veckor och byta ut allt mot Victron. Det var alltdeles f\u00f6r mycket kabel och laddningsrel\u00e4t skall sitta s\u00e5 n\u00e4ra batteribanken som m\u00f6jligt. Idag s\u00e5 ger solcellerna n\u00e4stan 9 ampere, trots att det \u00e4r molnigt, det har de aldrig gjort f\u00f6rut. Det h\u00e4r kommer nog bli kanon.<\/p>\n\n\n\n<figure class=\"wp-block-image size-large\"><img data-recalc-dims=\"1\" decoding=\"async\" width=\"840\" height=\"630\" src=\"https:\/\/i0.wp.com\/www.ellensailing.se\/wp-content\/uploads\/2021\/09\/Jackie.jpg?resize=840%2C630&#038;ssl=1\" alt=\"\" class=\"wp-image-3175\" srcset=\"https:\/\/i0.wp.com\/www.ellensailing.se\/wp-content\/uploads\/2021\/09\/Jackie.jpg?resize=1024%2C768&amp;ssl=1 1024w, https:\/\/i0.wp.com\/www.ellensailing.se\/wp-content\/uploads\/2021\/09\/Jackie.jpg?resize=300%2C225&amp;ssl=1 300w, https:\/\/i0.wp.com\/www.ellensailing.se\/wp-content\/uploads\/2021\/09\/Jackie.jpg?resize=768%2C576&amp;ssl=1 768w, https:\/\/i0.wp.com\/www.ellensailing.se\/wp-content\/uploads\/2021\/09\/Jackie.jpg?resize=1536%2C1152&amp;ssl=1 1536w, https:\/\/i0.wp.com\/www.ellensailing.se\/wp-content\/uploads\/2021\/09\/Jackie.jpg?resize=100%2C75&amp;ssl=1 100w, https:\/\/i0.wp.com\/www.ellensailing.se\/wp-content\/uploads\/2021\/09\/Jackie.jpg?w=2016&amp;ssl=1 2016w, https:\/\/i0.wp.com\/www.ellensailing.se\/wp-content\/uploads\/2021\/09\/Jackie.jpg?w=1680&amp;ssl=1 1680w\" sizes=\"(max-width: 840px) 100vw, 840px\" \/><figcaption>Jackie tar en tupplur mellan regnskurar och solsken.<\/figcaption><\/figure>\n\n\n\n<figure class=\"wp-block-image size-large\"><img data-recalc-dims=\"1\" loading=\"lazy\" decoding=\"async\" width=\"840\" height=\"630\" src=\"https:\/\/i0.wp.com\/www.ellensailing.se\/wp-content\/uploads\/2021\/09\/Gronskar.jpg?resize=840%2C630&#038;ssl=1\" alt=\"\" class=\"wp-image-3174\" srcset=\"https:\/\/i0.wp.com\/www.ellensailing.se\/wp-content\/uploads\/2021\/09\/Gronskar.jpg?resize=1024%2C768&amp;ssl=1 1024w, https:\/\/i0.wp.com\/www.ellensailing.se\/wp-content\/uploads\/2021\/09\/Gronskar.jpg?resize=300%2C225&amp;ssl=1 300w, https:\/\/i0.wp.com\/www.ellensailing.se\/wp-content\/uploads\/2021\/09\/Gronskar.jpg?resize=768%2C576&amp;ssl=1 768w, https:\/\/i0.wp.com\/www.ellensailing.se\/wp-content\/uploads\/2021\/09\/Gronskar.jpg?resize=1536%2C1152&amp;ssl=1 1536w, https:\/\/i0.wp.com\/www.ellensailing.se\/wp-content\/uploads\/2021\/09\/Gronskar.jpg?resize=100%2C75&amp;ssl=1 100w, https:\/\/i0.wp.com\/www.ellensailing.se\/wp-content\/uploads\/2021\/09\/Gronskar.jpg?w=2016&amp;ssl=1 2016w, https:\/\/i0.wp.com\/www.ellensailing.se\/wp-content\/uploads\/2021\/09\/Gronskar.jpg?w=1680&amp;ssl=1 1680w\" sizes=\"(max-width: 840px) 100vw, 840px\" \/><figcaption>R\u00e4tt m\u00e5nga p\u00e5 svaj i Gr\u00f6nsk\u00e4rsfladen.<\/figcaption><\/figure>\n\n\n\n<p class=\"wp-block-paragraph\"><\/p>\n","protected":false},"excerpt":{"rendered":"<p>Ig\u00e5r seglade vi ut till Sand\u00f6n som \u00e4r Svinninge Marina Klubbs klubbholme. Vad fint det \u00e4r d\u00e4r och s\u00e5 v\u00e4lordnat.[&#8230;]<\/p>\n","protected":false},"author":1,"featured_media":3176,"comment_status":"open","ping_status":"open","sticky":false,"template":"","format":"standard","meta":{"_jetpack_newsletter_access":"","_jetpack_dont_email_post_to_subs":false,"_jetpack_newsletter_tier_id":0,"_jetpack_memberships_contains_paywalled_content":false,"_jetpack_feature_clip_id":0,"_jetpack_memberships_contains_paid_content":false,"footnotes":"","jetpack_publicize_message":"","jetpack_publicize_feature_enabled":true,"jetpack_social_post_already_shared":true,"jetpack_social_options":{"image_generator_settings":{"template":"highway","default_image_id":0,"font":"","enabled":false},"version":2},"jetpack_post_was_ever_published":false},"categories":[28],"tags":[],"class_list":["post-3178","post","type-post","status-publish","format-standard","has-post-thumbnail","hentry","category-segling-2021"],"jetpack_publicize_connections":[],"jetpack_featured_media_url":"https:\/\/i0.wp.com\/www.ellensailing.se\/wp-content\/uploads\/2021\/09\/Cocapabana-1.jpg?fit=2016%2C1512&ssl=1","jetpack_sharing_enabled":true,"jetpack_shortlink":"https:\/\/wp.me\/p5G68R-Pg","jetpack-related-posts":[{"id":3332,"url":"https:\/\/www.ellensailing.se\/?p=3332","url_meta":{"origin":3178,"position":0},"title":"F\u00f6rsta seglingen efter operation","author":"peter@ellensailing.se","date":"19 juni, 2023","format":false,"excerpt":"Nu i helgen var det f\u00f6rsta g\u00e5ngen sedan min h\u00f6ftoperation som vi provade att segla. Det var en underbar helg och vi kryssade ut till Sand\u00f6n och v\u00e5r klubbholme. Det \u00e4r ganska bra d\u00e4r med bryggor och n\u00f6dv\u00e4ndiga faciliteter. Sand\u00f6n var n\u00e4stan helt belagt med b\u00e5tar, gissar att det var\u2026","rel":"","context":"I \u201dSegling 2023\u201d","block_context":{"text":"Segling 2023","link":"https:\/\/www.ellensailing.se\/?cat=31"},"img":{"alt_text":"","src":"https:\/\/i0.wp.com\/www.ellensailing.se\/wp-content\/uploads\/2023\/06\/IMG_2688-scaled.jpg?fit=1200%2C900&ssl=1&resize=350%2C200","width":350,"height":200,"srcset":"https:\/\/i0.wp.com\/www.ellensailing.se\/wp-content\/uploads\/2023\/06\/IMG_2688-scaled.jpg?fit=1200%2C900&ssl=1&resize=350%2C200 1x, https:\/\/i0.wp.com\/www.ellensailing.se\/wp-content\/uploads\/2023\/06\/IMG_2688-scaled.jpg?fit=1200%2C900&ssl=1&resize=525%2C300 1.5x, https:\/\/i0.wp.com\/www.ellensailing.se\/wp-content\/uploads\/2023\/06\/IMG_2688-scaled.jpg?fit=1200%2C900&ssl=1&resize=700%2C400 2x, https:\/\/i0.wp.com\/www.ellensailing.se\/wp-content\/uploads\/2023\/06\/IMG_2688-scaled.jpg?fit=1200%2C900&ssl=1&resize=1050%2C600 3x"},"classes":[]},{"id":3275,"url":"https:\/\/www.ellensailing.se\/?p=3275","url_meta":{"origin":3178,"position":1},"title":"Summering 2022","author":"peter@ellensailing.se","date":"4 april, 2023","format":false,"excerpt":"Usch och fy vad d\u00e5liga vi varit p\u00e5 att uppdatera v\u00e5r blogg. H\u00e4r kommer i alla fall en summering av sommarseglingen f\u00f6rra \u00e5ret. Vi b\u00f6rjade v\u00e5r semester den 8 juli och tog oss ut till Bj\u00f6rksk\u00e4r d\u00e4r allt b\u00f6rjade. Vi tr\u00e4ffad Lasse och Helene med sin Ella (Omega 42). Hade\u2026","rel":"","context":"I \u201dSommar 2022\u201d","block_context":{"text":"Sommar 2022","link":"https:\/\/www.ellensailing.se\/?cat=30"},"img":{"alt_text":"","src":"https:\/\/i0.wp.com\/www.ellensailing.se\/wp-content\/uploads\/2023\/04\/IMG_1721-scaled.jpg?fit=1200%2C900&ssl=1&resize=350%2C200","width":350,"height":200,"srcset":"https:\/\/i0.wp.com\/www.ellensailing.se\/wp-content\/uploads\/2023\/04\/IMG_1721-scaled.jpg?fit=1200%2C900&ssl=1&resize=350%2C200 1x, https:\/\/i0.wp.com\/www.ellensailing.se\/wp-content\/uploads\/2023\/04\/IMG_1721-scaled.jpg?fit=1200%2C900&ssl=1&resize=525%2C300 1.5x, https:\/\/i0.wp.com\/www.ellensailing.se\/wp-content\/uploads\/2023\/04\/IMG_1721-scaled.jpg?fit=1200%2C900&ssl=1&resize=700%2C400 2x, https:\/\/i0.wp.com\/www.ellensailing.se\/wp-content\/uploads\/2023\/04\/IMG_1721-scaled.jpg?fit=1200%2C900&ssl=1&resize=1050%2C600 3x"},"classes":[]},{"id":1986,"url":"https:\/\/www.ellensailing.se\/?p=1986","url_meta":{"origin":3178,"position":2},"title":"St:Vincent f\u00e5r bes\u00f6k f\u00f6r f\u00f6rsta g\u00e5ngen av Ellen","author":"peter@ellensailing.se","date":"25 mars, 2018","format":false,"excerpt":"Vi har idag ankrat p\u00e5 St:Vincent trots att alla rekommenderar att man inte skall g\u00e5 i land h\u00e4r. Anledningen till att vi g\u00f6r det \u00e4r att vi f\u00e5tt s\u00e5 m\u00e5nga rekommendationer av seglare att det finns ett fint st\u00e4lle och det \u00e4r i Keartons Bay och Rock Side Caf\u00e9 som\u2026","rel":"","context":"I \u201dV\u00e4stindien 2017-2018\u201d","block_context":{"text":"V\u00e4stindien 2017-2018","link":"https:\/\/www.ellensailing.se\/?cat=24"},"img":{"alt_text":"","src":"https:\/\/i0.wp.com\/www.ellensailing.se\/wp-content\/uploads\/2018\/03\/D950EE31-66AC-4355-9186-6A65AD5AC60D.jpeg?fit=1200%2C800&ssl=1&resize=350%2C200","width":350,"height":200,"srcset":"https:\/\/i0.wp.com\/www.ellensailing.se\/wp-content\/uploads\/2018\/03\/D950EE31-66AC-4355-9186-6A65AD5AC60D.jpeg?fit=1200%2C800&ssl=1&resize=350%2C200 1x, https:\/\/i0.wp.com\/www.ellensailing.se\/wp-content\/uploads\/2018\/03\/D950EE31-66AC-4355-9186-6A65AD5AC60D.jpeg?fit=1200%2C800&ssl=1&resize=525%2C300 1.5x, https:\/\/i0.wp.com\/www.ellensailing.se\/wp-content\/uploads\/2018\/03\/D950EE31-66AC-4355-9186-6A65AD5AC60D.jpeg?fit=1200%2C800&ssl=1&resize=700%2C400 2x, https:\/\/i0.wp.com\/www.ellensailing.se\/wp-content\/uploads\/2018\/03\/D950EE31-66AC-4355-9186-6A65AD5AC60D.jpeg?fit=1200%2C800&ssl=1&resize=1050%2C600 3x"},"classes":[]},{"id":3312,"url":"https:\/\/www.ellensailing.se\/?p=3312","url_meta":{"origin":3178,"position":3},"title":"Sista april i Sandhamn","author":"peter@ellensailing.se","date":"1 maj, 2023","format":false,"excerpt":"H\u00e4rligt med en l\u00e5nghelg p\u00e5 Ellen. Helgen b\u00f6rjade med att vi gick ut till Sand\u00f6n. Vad k\u00e4kade middag i klubbhuset cg d\u00e4r var det livat! Dagen efter seglade vi ut till Sandhamn. Blev en fin str\u00e4cksegling \u00f6ver Kanan. K\u00e4ndes n\u00e4stan som en Arconatr\u00e4ff f\u00f6r det var 5 Arconor i hamnen.\u2026","rel":"","context":"I \u201dSegling 2023\u201d","block_context":{"text":"Segling 2023","link":"https:\/\/www.ellensailing.se\/?cat=31"},"img":{"alt_text":"","src":"https:\/\/i0.wp.com\/www.ellensailing.se\/wp-content\/uploads\/2023\/05\/img_2598-scaled.jpg?fit=1200%2C900&ssl=1&resize=350%2C200","width":350,"height":200,"srcset":"https:\/\/i0.wp.com\/www.ellensailing.se\/wp-content\/uploads\/2023\/05\/img_2598-scaled.jpg?fit=1200%2C900&ssl=1&resize=350%2C200 1x, https:\/\/i0.wp.com\/www.ellensailing.se\/wp-content\/uploads\/2023\/05\/img_2598-scaled.jpg?fit=1200%2C900&ssl=1&resize=525%2C300 1.5x, https:\/\/i0.wp.com\/www.ellensailing.se\/wp-content\/uploads\/2023\/05\/img_2598-scaled.jpg?fit=1200%2C900&ssl=1&resize=700%2C400 2x, https:\/\/i0.wp.com\/www.ellensailing.se\/wp-content\/uploads\/2023\/05\/img_2598-scaled.jpg?fit=1200%2C900&ssl=1&resize=1050%2C600 3x"},"classes":[]},{"id":2875,"url":"https:\/\/www.ellensailing.se\/?p=2875","url_meta":{"origin":3178,"position":4},"title":"\u00d6land och Kalmar","author":"peter@ellensailing.se","date":"23 juli, 2020","format":false,"excerpt":"Vi fortsatte efter Harstena ner till Bok\u00f6. Ganska kort bit men k\u00e4nde att det var dags att r\u00f6ra oss. Det var lite v\u00e4l mycket b\u00e5tar d\u00e4r. P\u00e5 M\u00f6rk\u00f6 s\u00e5 var det inte m\u00e5nga b\u00e5tar, vilket var sk\u00f6nt. Efter M\u00f6rk\u00f6 s\u00e5 kryssade vi ut p\u00e5 havet och hade en makal\u00f6s fin\u2026","rel":"","context":"I \u201dSegling 2020\u201d","block_context":{"text":"Segling 2020","link":"https:\/\/www.ellensailing.se\/?cat=27"},"img":{"alt_text":"","src":"https:\/\/i0.wp.com\/www.ellensailing.se\/wp-content\/uploads\/2020\/07\/img_0278-13-scaled.jpg?fit=1200%2C900&ssl=1&resize=350%2C200","width":350,"height":200,"srcset":"https:\/\/i0.wp.com\/www.ellensailing.se\/wp-content\/uploads\/2020\/07\/img_0278-13-scaled.jpg?fit=1200%2C900&ssl=1&resize=350%2C200 1x, https:\/\/i0.wp.com\/www.ellensailing.se\/wp-content\/uploads\/2020\/07\/img_0278-13-scaled.jpg?fit=1200%2C900&ssl=1&resize=525%2C300 1.5x, https:\/\/i0.wp.com\/www.ellensailing.se\/wp-content\/uploads\/2020\/07\/img_0278-13-scaled.jpg?fit=1200%2C900&ssl=1&resize=700%2C400 2x, https:\/\/i0.wp.com\/www.ellensailing.se\/wp-content\/uploads\/2020\/07\/img_0278-13-scaled.jpg?fit=1200%2C900&ssl=1&resize=1050%2C600 3x"},"classes":[]},{"id":3401,"url":"https:\/\/www.ellensailing.se\/?p=3401","url_meta":{"origin":3178,"position":5},"title":"Tillbaka i Sverige via \u00c5land.","author":"peter@ellensailing.se","date":"26 juli, 2023","format":false,"excerpt":"Nu b\u00f6rjar det lida mot sitt slut f\u00f6r segelsemestern. Vi gick \u00f6ver till Dag\u00f6, f\u00f6rst till Heltermaa-K\u00e4rdla-Luidja och sedan till K\u00e4rdla Marina. Fr\u00e5n K\u00e4rdla som skota vi f\u00f6r kryss och str\u00e4ckte upp till K\u00f6kar. Det blev en fin dag med ganska j\u00e4mna vindar p\u00e5 ca 11-17 knop. Helt perfekt! Det\u2026","rel":"","context":"I \u201dSegling 2023\u201d","block_context":{"text":"Segling 2023","link":"https:\/\/www.ellensailing.se\/?cat=31"},"img":{"alt_text":"","src":"https:\/\/i0.wp.com\/www.ellensailing.se\/wp-content\/uploads\/2023\/07\/img_1148-scaled.jpg?fit=900%2C1200&ssl=1&resize=350%2C200","width":350,"height":200,"srcset":"https:\/\/i0.wp.com\/www.ellensailing.se\/wp-content\/uploads\/2023\/07\/img_1148-scaled.jpg?fit=900%2C1200&ssl=1&resize=350%2C200 1x, https:\/\/i0.wp.com\/www.ellensailing.se\/wp-content\/uploads\/2023\/07\/img_1148-scaled.jpg?fit=900%2C1200&ssl=1&resize=525%2C300 1.5x, https:\/\/i0.wp.com\/www.ellensailing.se\/wp-content\/uploads\/2023\/07\/img_1148-scaled.jpg?fit=900%2C1200&ssl=1&resize=700%2C400 2x"},"classes":[]}],"jetpack_likes_enabled":false,"_links":{"self":[{"href":"https:\/\/www.ellensailing.se\/index.php?rest_route=\/wp\/v2\/posts\/3178","targetHints":{"allow":["GET"]}}],"collection":[{"href":"https:\/\/www.ellensailing.se\/index.php?rest_route=\/wp\/v2\/posts"}],"about":[{"href":"https:\/\/www.ellensailing.se\/index.php?rest_route=\/wp\/v2\/types\/post"}],"author":[{"embeddable":true,"href":"https:\/\/www.ellensailing.se\/index.php?rest_route=\/wp\/v2\/users\/1"}],"replies":[{"embeddable":true,"href":"https:\/\/www.ellensailing.se\/index.php?rest_route=%2Fwp%2Fv2%2Fcomments&post=3178"}],"version-history":[{"count":2,"href":"https:\/\/www.ellensailing.se\/index.php?rest_route=\/wp\/v2\/posts\/3178\/revisions"}],"predecessor-version":[{"id":3180,"href":"https:\/\/www.ellensailing.se\/index.php?rest_route=\/wp\/v2\/posts\/3178\/revisions\/3180"}],"wp:featuredmedia":[{"embeddable":true,"href":"https:\/\/www.ellensailing.se\/index.php?rest_route=\/wp\/v2\/media\/3176"}],"wp:attachment":[{"href":"https:\/\/www.ellensailing.se\/index.php?rest_route=%2Fwp%2Fv2%2Fmedia&parent=3178"}],"wp:term":[{"taxonomy":"category","embeddable":true,"href":"https:\/\/www.ellensailing.se\/index.php?rest_route=%2Fwp%2Fv2%2Fcategories&post=3178"},{"taxonomy":"post_tag","embeddable":true,"href":"https:\/\/www.ellensailing.se\/index.php?rest_route=%2Fwp%2Fv2%2Ftags&post=3178"}],"curies":[{"name":"wp","href":"https:\/\/api.w.org\/{rel}","templated":true}]}}