{"id":3162,"date":"2021-07-20T16:07:39","date_gmt":"2021-07-20T14:07:39","guid":{"rendered":"https:\/\/www.ellensailing.se\/?p=3162"},"modified":"2021-07-20T16:08:00","modified_gmt":"2021-07-20T14:08:00","slug":"agon-oregrund-och-arholma","status":"publish","type":"post","link":"https:\/\/www.ellensailing.se\/?p=3162","title":{"rendered":"Ag\u00f6n, \u00d6regrund och Arholma"},"content":{"rendered":"\n<p class=\"wp-block-paragraph\">Allt s\u00e5g perfekt ut, en perfekt plan men det \u00e4r inte alltid det blir som man planerat. Efter Mellanfj\u00e4rd seglade vi ner till Ag\u00f6n som skulle vara v\u00e5r utg\u00e5ngsplats f\u00f6r seglingen ner till \u00d6regrund. Ag\u00f6n ligger utanf\u00f6r Hudiksvall och det var h\u00e4r v\u00e5rt drev pajade.<\/p>\n\n\n\n<figure class=\"wp-block-image size-large\"><img data-recalc-dims=\"1\" fetchpriority=\"high\" decoding=\"async\" width=\"840\" height=\"630\" src=\"https:\/\/i0.wp.com\/www.ellensailing.se\/wp-content\/uploads\/2021\/07\/img_0361.jpg?resize=840%2C630&#038;ssl=1\" alt=\"\" class=\"wp-image-3141\" srcset=\"https:\/\/i0.wp.com\/www.ellensailing.se\/wp-content\/uploads\/2021\/07\/img_0361-scaled.jpg?resize=1024%2C768&amp;ssl=1 1024w, https:\/\/i0.wp.com\/www.ellensailing.se\/wp-content\/uploads\/2021\/07\/img_0361-scaled.jpg?resize=300%2C225&amp;ssl=1 300w, https:\/\/i0.wp.com\/www.ellensailing.se\/wp-content\/uploads\/2021\/07\/img_0361-scaled.jpg?resize=768%2C576&amp;ssl=1 768w, https:\/\/i0.wp.com\/www.ellensailing.se\/wp-content\/uploads\/2021\/07\/img_0361-scaled.jpg?resize=1536%2C1152&amp;ssl=1 1536w, https:\/\/i0.wp.com\/www.ellensailing.se\/wp-content\/uploads\/2021\/07\/img_0361-scaled.jpg?resize=2048%2C1536&amp;ssl=1 2048w, https:\/\/i0.wp.com\/www.ellensailing.se\/wp-content\/uploads\/2021\/07\/img_0361-scaled.jpg?resize=100%2C75&amp;ssl=1 100w, https:\/\/i0.wp.com\/www.ellensailing.se\/wp-content\/uploads\/2021\/07\/img_0361-scaled.jpg?w=1680&amp;ssl=1 1680w, https:\/\/i0.wp.com\/www.ellensailing.se\/wp-content\/uploads\/2021\/07\/img_0361-scaled.jpg?w=2520&amp;ssl=1 2520w\" sizes=\"(max-width: 840px) 100vw, 840px\" \/><figcaption>Mellanfj\u00e4rd<\/figcaption><\/figure>\n\n\n\n<p class=\"wp-block-paragraph\">Seglingen ditner var som planerat med kryss och svaga vindar. Det var lite gammal sj\u00f6 men det gick bra. Dagen efter skulle det bl\u00e5sa bra fr\u00e5n Nordv\u00e4st och det skulle vara vindar p\u00e5 drygt 10 m\/s. Perfekt f\u00f6r segling ner till \u00d6regrund. Ag\u00f6ns storhamn var v\u00e4ldigt fin och det var m\u00e5nga b\u00e5tar som skulle in till hamn i Hudiksvall f\u00f6r att b\u00f6rja jobba. En del som vi sett f\u00f6rut.<\/p>\n\n\n\n<figure class=\"wp-block-image size-large\"><img data-recalc-dims=\"1\" decoding=\"async\" width=\"840\" height=\"630\" src=\"https:\/\/i0.wp.com\/www.ellensailing.se\/wp-content\/uploads\/2021\/07\/img_0379.jpg?resize=840%2C630&#038;ssl=1\" alt=\"\" class=\"wp-image-3155\" srcset=\"https:\/\/i0.wp.com\/www.ellensailing.se\/wp-content\/uploads\/2021\/07\/img_0379-scaled.jpg?resize=1024%2C768&amp;ssl=1 1024w, https:\/\/i0.wp.com\/www.ellensailing.se\/wp-content\/uploads\/2021\/07\/img_0379-scaled.jpg?resize=300%2C225&amp;ssl=1 300w, https:\/\/i0.wp.com\/www.ellensailing.se\/wp-content\/uploads\/2021\/07\/img_0379-scaled.jpg?resize=768%2C576&amp;ssl=1 768w, https:\/\/i0.wp.com\/www.ellensailing.se\/wp-content\/uploads\/2021\/07\/img_0379-scaled.jpg?resize=1536%2C1152&amp;ssl=1 1536w, https:\/\/i0.wp.com\/www.ellensailing.se\/wp-content\/uploads\/2021\/07\/img_0379-scaled.jpg?resize=2048%2C1536&amp;ssl=1 2048w, https:\/\/i0.wp.com\/www.ellensailing.se\/wp-content\/uploads\/2021\/07\/img_0379-scaled.jpg?resize=100%2C75&amp;ssl=1 100w, https:\/\/i0.wp.com\/www.ellensailing.se\/wp-content\/uploads\/2021\/07\/img_0379-scaled.jpg?w=1680&amp;ssl=1 1680w, https:\/\/i0.wp.com\/www.ellensailing.se\/wp-content\/uploads\/2021\/07\/img_0379-scaled.jpg?w=2520&amp;ssl=1 2520w\" sizes=\"(max-width: 840px) 100vw, 840px\" \/><figcaption>Xander utforskar vattnet.<\/figcaption><\/figure>\n\n\n\n<p class=\"wp-block-paragraph\">P\u00e5 s\u00f6ndagen gick vi upp klockan halv 5 p\u00e5 morgonen f\u00f6r att segla ner och mycket riktigt s\u00e5 hade det b\u00f6rja bl\u00e5s upp enligt prognos. Nu skall det bl\u00e5sa s\u00e5h\u00e4r enda till klockan tre men d\u00e5 borde vi vara n\u00e4stan framme. Vid 11.30 s\u00e5 h\u00e4nder det som inte f\u00e5r h\u00e4nda, vinden d\u00f6r ut helt och vi g\u00f6ra bara tre knop n\u00e4r vi strax innan l\u00e5g p\u00e5 9,5 -10 knop. Sj\u00f6n var v\u00e4ldigt krabb och h\u00f6g vilket g\u00f6r att seglen bara st\u00e5r och sl\u00e5r, inte bra f\u00f6r rigg, segel eller sj\u00e4len. Det blev att starta j\u00e4rngenuan kl 14.30 och d\u00e5 var vi strax s\u00f6der om Sj\u00f6jungfrun. N\u00e4stan 5 timmar motor i h\u00f6g sj\u00f6, inte s\u00e5 kul.<\/p>\n\n\n\n<p class=\"wp-block-paragraph\">Vi kom i alla fall fram till \u00d6regrund vid 17 tiden och det blev en snabbdusch. D\u00e5 h\u00e4nder n\u00e5got v\u00e4ldigt roligt och det var en av v\u00e5ra trogna f\u00f6ljare som kom och h\u00e4lsade p\u00e5, Johan Sigg men gamla klasspolare. V\u00e4ldigt kul att tr\u00e4ffa dig Johan.<\/p>\n\n\n\n<p class=\"wp-block-paragraph\">Gun, Wille och Elin kom in till \u00d6regrund och det det blev en god m\u00e5ltid p\u00e5 Hummelgrund. Vi somnade v\u00e4ldigt ovaggade p\u00e5 kv\u00e4llen.<\/p>\n\n\n\n<figure class=\"wp-block-image size-large\"><img data-recalc-dims=\"1\" decoding=\"async\" width=\"768\" height=\"1024\" src=\"https:\/\/i0.wp.com\/www.ellensailing.se\/wp-content\/uploads\/2021\/07\/img_0388.jpg?resize=768%2C1024&#038;ssl=1\" alt=\"\" class=\"wp-image-3156\" srcset=\"https:\/\/i0.wp.com\/www.ellensailing.se\/wp-content\/uploads\/2021\/07\/img_0388-scaled.jpg?resize=768%2C1024&amp;ssl=1 768w, https:\/\/i0.wp.com\/www.ellensailing.se\/wp-content\/uploads\/2021\/07\/img_0388-scaled.jpg?resize=225%2C300&amp;ssl=1 225w, https:\/\/i0.wp.com\/www.ellensailing.se\/wp-content\/uploads\/2021\/07\/img_0388-scaled.jpg?resize=1152%2C1536&amp;ssl=1 1152w, https:\/\/i0.wp.com\/www.ellensailing.se\/wp-content\/uploads\/2021\/07\/img_0388-scaled.jpg?resize=1536%2C2048&amp;ssl=1 1536w, https:\/\/i0.wp.com\/www.ellensailing.se\/wp-content\/uploads\/2021\/07\/img_0388-scaled.jpg?w=1920&amp;ssl=1 1920w, https:\/\/i0.wp.com\/www.ellensailing.se\/wp-content\/uploads\/2021\/07\/img_0388-scaled.jpg?w=1680&amp;ssl=1 1680w\" sizes=\"(max-width: 768px) 100vw, 768px\" \/><figcaption>Arholma k\u00e4nda majst\u00e5ng.<\/figcaption><\/figure>\n\n\n\n<p class=\"wp-block-paragraph\">P\u00e5 m\u00e5ndagen s\u00e5 sm\u00e5pysslade vi lite innan vi sl\u00e4ppte f\u00f6rt\u00f6jningarna. Nu b\u00e4r det iv\u00e4g s\u00f6derut p\u00e5 f\u00f6r mig v\u00e4ldigt k\u00e4nda vatten. Vi seglade ner till Arholma, \u00d6sterhamn. En v\u00e4ldigt fin hamn och vi fick plats vilket vi tyckte var konstigt men det dr\u00f6jde inte l\u00e4nge f\u00f6rr\u00e4n hela hamnen var full och knappt n\u00e5gra svajplatser.<\/p>\n\n\n\n<p class=\"wp-block-paragraph\">Vi tog en promenad p\u00e5 Arholma f\u00f6r att se oss omkring och det blev en glass i handelsboden. Det var m\u00e5nga \u00e5r sedan jag var p\u00e5 Arholma. Har kanske varit h\u00e4r n\u00e5gon g\u00e5ng tidigare men har varit h\u00e4r en vecka 1982.<\/p>\n\n\n\n<figure class=\"wp-block-image size-large\"><img data-recalc-dims=\"1\" loading=\"lazy\" decoding=\"async\" width=\"768\" height=\"1024\" src=\"https:\/\/i0.wp.com\/www.ellensailing.se\/wp-content\/uploads\/2021\/07\/img_0386.jpg?resize=768%2C1024&#038;ssl=1\" alt=\"\" class=\"wp-image-3158\" srcset=\"https:\/\/i0.wp.com\/www.ellensailing.se\/wp-content\/uploads\/2021\/07\/img_0386-scaled.jpg?resize=768%2C1024&amp;ssl=1 768w, https:\/\/i0.wp.com\/www.ellensailing.se\/wp-content\/uploads\/2021\/07\/img_0386-scaled.jpg?resize=225%2C300&amp;ssl=1 225w, https:\/\/i0.wp.com\/www.ellensailing.se\/wp-content\/uploads\/2021\/07\/img_0386-scaled.jpg?resize=1152%2C1536&amp;ssl=1 1152w, https:\/\/i0.wp.com\/www.ellensailing.se\/wp-content\/uploads\/2021\/07\/img_0386-scaled.jpg?resize=1536%2C2048&amp;ssl=1 1536w, https:\/\/i0.wp.com\/www.ellensailing.se\/wp-content\/uploads\/2021\/07\/img_0386-scaled.jpg?w=1920&amp;ssl=1 1920w, https:\/\/i0.wp.com\/www.ellensailing.se\/wp-content\/uploads\/2021\/07\/img_0386-scaled.jpg?w=1680&amp;ssl=1 1680w\" sizes=\"(max-width: 768px) 100vw, 768px\" \/><figcaption>Arholma handelsbod<\/figcaption><\/figure>\n\n\n\n<figure class=\"wp-block-image size-large\"><img data-recalc-dims=\"1\" loading=\"lazy\" decoding=\"async\" width=\"840\" height=\"630\" src=\"https:\/\/i0.wp.com\/www.ellensailing.se\/wp-content\/uploads\/2021\/07\/img_0383.jpg?resize=840%2C630&#038;ssl=1\" alt=\"\" class=\"wp-image-3160\" srcset=\"https:\/\/i0.wp.com\/www.ellensailing.se\/wp-content\/uploads\/2021\/07\/img_0383-scaled.jpg?resize=1024%2C768&amp;ssl=1 1024w, https:\/\/i0.wp.com\/www.ellensailing.se\/wp-content\/uploads\/2021\/07\/img_0383-scaled.jpg?resize=300%2C225&amp;ssl=1 300w, https:\/\/i0.wp.com\/www.ellensailing.se\/wp-content\/uploads\/2021\/07\/img_0383-scaled.jpg?resize=768%2C576&amp;ssl=1 768w, https:\/\/i0.wp.com\/www.ellensailing.se\/wp-content\/uploads\/2021\/07\/img_0383-scaled.jpg?resize=1536%2C1152&amp;ssl=1 1536w, https:\/\/i0.wp.com\/www.ellensailing.se\/wp-content\/uploads\/2021\/07\/img_0383-scaled.jpg?resize=2048%2C1536&amp;ssl=1 2048w, https:\/\/i0.wp.com\/www.ellensailing.se\/wp-content\/uploads\/2021\/07\/img_0383-scaled.jpg?resize=100%2C75&amp;ssl=1 100w, https:\/\/i0.wp.com\/www.ellensailing.se\/wp-content\/uploads\/2021\/07\/img_0383-scaled.jpg?w=1680&amp;ssl=1 1680w, https:\/\/i0.wp.com\/www.ellensailing.se\/wp-content\/uploads\/2021\/07\/img_0383-scaled.jpg?w=2520&amp;ssl=1 2520w\" sizes=\"(max-width: 840px) 100vw, 840px\" \/><figcaption>Arholma kyrka<\/figcaption><\/figure>\n\n\n\n<figure class=\"wp-block-image size-large\"><img data-recalc-dims=\"1\" loading=\"lazy\" decoding=\"async\" width=\"840\" height=\"630\" src=\"https:\/\/i0.wp.com\/www.ellensailing.se\/wp-content\/uploads\/2021\/07\/img_0384.jpg?resize=840%2C630&#038;ssl=1\" alt=\"\" class=\"wp-image-3159\" srcset=\"https:\/\/i0.wp.com\/www.ellensailing.se\/wp-content\/uploads\/2021\/07\/img_0384-scaled.jpg?resize=1024%2C768&amp;ssl=1 1024w, https:\/\/i0.wp.com\/www.ellensailing.se\/wp-content\/uploads\/2021\/07\/img_0384-scaled.jpg?resize=300%2C225&amp;ssl=1 300w, https:\/\/i0.wp.com\/www.ellensailing.se\/wp-content\/uploads\/2021\/07\/img_0384-scaled.jpg?resize=768%2C576&amp;ssl=1 768w, https:\/\/i0.wp.com\/www.ellensailing.se\/wp-content\/uploads\/2021\/07\/img_0384-scaled.jpg?resize=1536%2C1152&amp;ssl=1 1536w, https:\/\/i0.wp.com\/www.ellensailing.se\/wp-content\/uploads\/2021\/07\/img_0384-scaled.jpg?resize=2048%2C1536&amp;ssl=1 2048w, https:\/\/i0.wp.com\/www.ellensailing.se\/wp-content\/uploads\/2021\/07\/img_0384-scaled.jpg?resize=100%2C75&amp;ssl=1 100w, https:\/\/i0.wp.com\/www.ellensailing.se\/wp-content\/uploads\/2021\/07\/img_0384-scaled.jpg?w=1680&amp;ssl=1 1680w, https:\/\/i0.wp.com\/www.ellensailing.se\/wp-content\/uploads\/2021\/07\/img_0384-scaled.jpg?w=2520&amp;ssl=1 2520w\" sizes=\"(max-width: 840px) 100vw, 840px\" \/><figcaption>Bild fr\u00e5n insidan av Arholma kyrka<\/figcaption><\/figure>\n\n\n\n<figure class=\"wp-block-image size-large\"><img data-recalc-dims=\"1\" loading=\"lazy\" decoding=\"async\" width=\"840\" height=\"630\" src=\"https:\/\/i0.wp.com\/www.ellensailing.se\/wp-content\/uploads\/2021\/07\/img_0389.jpg?resize=840%2C630&#038;ssl=1\" alt=\"\" class=\"wp-image-3157\" srcset=\"https:\/\/i0.wp.com\/www.ellensailing.se\/wp-content\/uploads\/2021\/07\/img_0389-scaled.jpg?resize=1024%2C768&amp;ssl=1 1024w, https:\/\/i0.wp.com\/www.ellensailing.se\/wp-content\/uploads\/2021\/07\/img_0389-scaled.jpg?resize=300%2C225&amp;ssl=1 300w, https:\/\/i0.wp.com\/www.ellensailing.se\/wp-content\/uploads\/2021\/07\/img_0389-scaled.jpg?resize=768%2C576&amp;ssl=1 768w, https:\/\/i0.wp.com\/www.ellensailing.se\/wp-content\/uploads\/2021\/07\/img_0389-scaled.jpg?resize=1536%2C1152&amp;ssl=1 1536w, https:\/\/i0.wp.com\/www.ellensailing.se\/wp-content\/uploads\/2021\/07\/img_0389-scaled.jpg?resize=2048%2C1536&amp;ssl=1 2048w, https:\/\/i0.wp.com\/www.ellensailing.se\/wp-content\/uploads\/2021\/07\/img_0389-scaled.jpg?resize=100%2C75&amp;ssl=1 100w, https:\/\/i0.wp.com\/www.ellensailing.se\/wp-content\/uploads\/2021\/07\/img_0389-scaled.jpg?w=1680&amp;ssl=1 1680w, https:\/\/i0.wp.com\/www.ellensailing.se\/wp-content\/uploads\/2021\/07\/img_0389-scaled.jpg?w=2520&amp;ssl=1 2520w\" sizes=\"(max-width: 840px) 100vw, 840px\" \/><figcaption>Ett gammalt hus jag k\u00e4nner igen.<\/figcaption><\/figure>\n","protected":false},"excerpt":{"rendered":"<p>Allt s\u00e5g perfekt ut, en perfekt plan men det \u00e4r inte alltid det blir som man planerat. Efter Mellanfj\u00e4rd seglade[&#8230;]<\/p>\n","protected":false},"author":1,"featured_media":3149,"comment_status":"open","ping_status":"open","sticky":false,"template":"","format":"standard","meta":{"_jetpack_newsletter_access":"","_jetpack_dont_email_post_to_subs":false,"_jetpack_newsletter_tier_id":0,"_jetpack_memberships_contains_paywalled_content":false,"_jetpack_feature_clip_id":0,"_jetpack_memberships_contains_paid_content":false,"footnotes":"","jetpack_publicize_message":"","jetpack_publicize_feature_enabled":true,"jetpack_social_post_already_shared":true,"jetpack_social_options":{"image_generator_settings":{"template":"highway","default_image_id":0,"font":"","enabled":false},"version":2},"jetpack_post_was_ever_published":false},"categories":[28],"tags":[],"class_list":["post-3162","post","type-post","status-publish","format-standard","has-post-thumbnail","hentry","category-segling-2021"],"jetpack_publicize_connections":[],"jetpack_featured_media_url":"https:\/\/i0.wp.com\/www.ellensailing.se\/wp-content\/uploads\/2021\/07\/img_0379-1-scaled.jpg?fit=2560%2C1920&ssl=1","jetpack_sharing_enabled":true,"jetpack_shortlink":"https:\/\/wp.me\/p5G68R-P0","jetpack-related-posts":[{"id":3142,"url":"https:\/\/www.ellensailing.se\/?p=3142","url_meta":{"origin":3162,"position":0},"title":"Lasse och Helene har l\u00e4mnat oss!","author":"peter@ellensailing.se","date":"16 juli, 2021","format":false,"excerpt":"P\u00e5 onsdag kv\u00e4ll var det sista natten med g\u00e4nget. Lite bunkring och riktigt bubbel blev vi bjudna p\u00e5 av Lasse och Helene. Bollinger, Jackies favorit. Det har varit superkul att segla ihop igen och det g\u00f6r vi g\u00e4rna igen. Avslutningbubbel! Ellen och Dellen skall g\u00e5 och duscha! Innan vi anl\u00e4nde\u2026","rel":"","context":"I \u201dSegling 2021\u201d","block_context":{"text":"Segling 2021","link":"https:\/\/www.ellensailing.se\/?cat=28"},"img":{"alt_text":"","src":"https:\/\/i0.wp.com\/www.ellensailing.se\/wp-content\/uploads\/2021\/07\/img_0364.jpg?fit=1200%2C1199&ssl=1&resize=350%2C200","width":350,"height":200,"srcset":"https:\/\/i0.wp.com\/www.ellensailing.se\/wp-content\/uploads\/2021\/07\/img_0364.jpg?fit=1200%2C1199&ssl=1&resize=350%2C200 1x, https:\/\/i0.wp.com\/www.ellensailing.se\/wp-content\/uploads\/2021\/07\/img_0364.jpg?fit=1200%2C1199&ssl=1&resize=525%2C300 1.5x, https:\/\/i0.wp.com\/www.ellensailing.se\/wp-content\/uploads\/2021\/07\/img_0364.jpg?fit=1200%2C1199&ssl=1&resize=700%2C400 2x, https:\/\/i0.wp.com\/www.ellensailing.se\/wp-content\/uploads\/2021\/07\/img_0364.jpg?fit=1200%2C1199&ssl=1&resize=1050%2C600 3x"},"classes":[]},{"id":3310,"url":"https:\/\/www.ellensailing.se\/?p=3310","url_meta":{"origin":3162,"position":1},"title":"Premi\u00e4rturen fr\u00e5n \u00d6regrund","author":"peter@ellensailing.se","date":"23 april, 2023","format":false,"excerpt":"Start fr\u00e5n \u00d6regrund D\u00e5 var vi \u00e4ntligen ig\u00e5ng igen! I helgen s\u00e5 seglade vi ner Ellen fr\u00e5n sin hemmahamn \u00f6ver vintern ner till Hundudden. Fredagen bj\u00f6d inte p\u00e5 n\u00e5gon bl\u00e5st s\u00e5 det blev att tuffa motor ner till Grisslehamns yttrehamn. Som vanligt n\u00e4r vi \u00e4r d\u00e4r s\u00e5 \u00e4r vi sj\u00e4lva.\u2026","rel":"","context":"I \u201dSegling 2023\u201d","block_context":{"text":"Segling 2023","link":"https:\/\/www.ellensailing.se\/?cat=31"},"img":{"alt_text":"","src":"https:\/\/i0.wp.com\/www.ellensailing.se\/wp-content\/uploads\/2023\/04\/IMG_2581-scaled.jpg?fit=1200%2C900&ssl=1&resize=350%2C200","width":350,"height":200,"srcset":"https:\/\/i0.wp.com\/www.ellensailing.se\/wp-content\/uploads\/2023\/04\/IMG_2581-scaled.jpg?fit=1200%2C900&ssl=1&resize=350%2C200 1x, https:\/\/i0.wp.com\/www.ellensailing.se\/wp-content\/uploads\/2023\/04\/IMG_2581-scaled.jpg?fit=1200%2C900&ssl=1&resize=525%2C300 1.5x, https:\/\/i0.wp.com\/www.ellensailing.se\/wp-content\/uploads\/2023\/04\/IMG_2581-scaled.jpg?fit=1200%2C900&ssl=1&resize=700%2C400 2x, https:\/\/i0.wp.com\/www.ellensailing.se\/wp-content\/uploads\/2023\/04\/IMG_2581-scaled.jpg?fit=1200%2C900&ssl=1&resize=1050%2C600 3x"},"classes":[]},{"id":3046,"url":"https:\/\/www.ellensailing.se\/?p=3046","url_meta":{"origin":3162,"position":2},"title":"Kaos f\u00f6rsta veckan p\u00e5 semestern!","author":"peter@ellensailing.se","date":"4 juli, 2021","format":false,"excerpt":"P\u00e5 midsommardagen p\u00e5b\u00f6rjade vi v\u00e5r segling. F\u00f6rsta str\u00e4ckan blev inte l\u00e5ng, bara 1,37NM fr\u00e5n Grepen Marin till \u00d6regrundshamn. Vi l\u00e4mnade alla barnen p\u00e5 landet som fick ta hand om allt. F\u00f6rsta kv\u00e4llen var j\u00e4ttemysig och vi gick ut och \u00e5t p\u00e5 Melkers k\u00f6ttbod, supergott. Dagen efter s\u00e5 gick vi fr\u00e5n\u2026","rel":"","context":"I \u201dSegling 2021\u201d","block_context":{"text":"Segling 2021","link":"https:\/\/www.ellensailing.se\/?cat=28"},"img":{"alt_text":"","src":"https:\/\/i0.wp.com\/www.ellensailing.se\/wp-content\/uploads\/2021\/07\/Sjoraddning3.jpg?fit=640%2C480&ssl=1&resize=350%2C200","width":350,"height":200,"srcset":"https:\/\/i0.wp.com\/www.ellensailing.se\/wp-content\/uploads\/2021\/07\/Sjoraddning3.jpg?fit=640%2C480&ssl=1&resize=350%2C200 1x, https:\/\/i0.wp.com\/www.ellensailing.se\/wp-content\/uploads\/2021\/07\/Sjoraddning3.jpg?fit=640%2C480&ssl=1&resize=525%2C300 1.5x"},"classes":[]},{"id":356,"url":"https:\/\/www.ellensailing.se\/?p=356","url_meta":{"origin":3162,"position":3},"title":"Underbar segling \u00f6ver \u00c5lands hav!","author":"peter@ellensailing.se","date":"16 maj, 2015","format":false,"excerpt":"Vi \u00e5kte f\u00f6rst fr\u00e5n \u00d6regrund till K\u00e4rringsund p\u00e5 Ecker\u00f6. Vi var helt ensamma d\u00e4r och kunde ligga l\u00e5ngsides. Inte dumt alls. Provade \u00e4ta mat p\u00e5 Bodegan, det var v\u00e4l helt okej efter en bastu. S\u00e4llskapet slocknade fort. D\u00e4refter s\u00e5 seglade vi ner till Mariehamn. 25 distans avverkades fort. N\u00e4r vi\u2026","rel":"","context":"I \u201dSommar 2015\u201d","block_context":{"text":"Sommar 2015","link":"https:\/\/www.ellensailing.se\/?cat=4"},"img":{"alt_text":"","src":"https:\/\/i0.wp.com\/www.ellensailing.se\/wp-content\/uploads\/2015\/05\/GOPR0250.jpg?fit=1200%2C900&ssl=1&resize=350%2C200","width":350,"height":200,"srcset":"https:\/\/i0.wp.com\/www.ellensailing.se\/wp-content\/uploads\/2015\/05\/GOPR0250.jpg?fit=1200%2C900&ssl=1&resize=350%2C200 1x, https:\/\/i0.wp.com\/www.ellensailing.se\/wp-content\/uploads\/2015\/05\/GOPR0250.jpg?fit=1200%2C900&ssl=1&resize=525%2C300 1.5x, https:\/\/i0.wp.com\/www.ellensailing.se\/wp-content\/uploads\/2015\/05\/GOPR0250.jpg?fit=1200%2C900&ssl=1&resize=700%2C400 2x, https:\/\/i0.wp.com\/www.ellensailing.se\/wp-content\/uploads\/2015\/05\/GOPR0250.jpg?fit=1200%2C900&ssl=1&resize=1050%2C600 3x"},"classes":[]},{"id":3066,"url":"https:\/\/www.ellensailing.se\/?p=3066","url_meta":{"origin":3162,"position":4},"title":"Sk\u00f6nt att vara ig\u00e5ng!","author":"peter@ellensailing.se","date":"5 juli, 2021","format":false,"excerpt":"Det var helt otroligt sk\u00f6nt att l\u00e4mna Hudiksvall i morse men de har varit helt otroliga d\u00e4r. I g\u00e5r kv\u00e4ll s\u00e5 avslutade vi vistelsen i Hudiskvall med att g\u00e5 p\u00e5 Strandpiren och \u00e5t musslor, supertrevlig och v\u00e4ldigt gott. Musslor vid strandpiren. Vi vaknade v\u00e4ldigt tidigt och var iv\u00e4g innan klockan\u2026","rel":"","context":"I \u201dSegling 2021\u201d","block_context":{"text":"Segling 2021","link":"https:\/\/www.ellensailing.se\/?cat=28"},"img":{"alt_text":"","src":"https:\/\/i0.wp.com\/www.ellensailing.se\/wp-content\/uploads\/2021\/07\/Strandpiren-Hudik1.jpg?fit=480%2C640&ssl=1&resize=350%2C200","width":350,"height":200},"classes":[]},{"id":3213,"url":"https:\/\/www.ellensailing.se\/?p=3213","url_meta":{"origin":3162,"position":5},"title":"Gotland Runt 2022","author":"peter@ellensailing.se","date":"16 november, 2022","format":false,"excerpt":"Usch och fy vad d\u00e5liga vi \u00e4r p\u00e5 att uppdatera v\u00e5r blogg. Det f\u00e5r vi r\u00e5da bot p\u00e5 men vi kan i alla fall b\u00f6rja med att s\u00e4songen har varit mycket bra. Vi fick i b\u00e5ten tidigt och avf\u00e4rden fr\u00e5n \u00d6regrund blev redan p\u00e5 p\u00e5skafton s\u00e5 s\u00e4songen har varit l\u00e5ng.\u2026","rel":"","context":"I \u201dSommar 2022\u201d","block_context":{"text":"Sommar 2022","link":"https:\/\/www.ellensailing.se\/?cat=30"},"img":{"alt_text":"","src":"https:\/\/i0.wp.com\/www.ellensailing.se\/wp-content\/uploads\/2022\/11\/IMG_1427-scaled.jpg?fit=1200%2C900&ssl=1&resize=350%2C200","width":350,"height":200,"srcset":"https:\/\/i0.wp.com\/www.ellensailing.se\/wp-content\/uploads\/2022\/11\/IMG_1427-scaled.jpg?fit=1200%2C900&ssl=1&resize=350%2C200 1x, https:\/\/i0.wp.com\/www.ellensailing.se\/wp-content\/uploads\/2022\/11\/IMG_1427-scaled.jpg?fit=1200%2C900&ssl=1&resize=525%2C300 1.5x, https:\/\/i0.wp.com\/www.ellensailing.se\/wp-content\/uploads\/2022\/11\/IMG_1427-scaled.jpg?fit=1200%2C900&ssl=1&resize=700%2C400 2x, https:\/\/i0.wp.com\/www.ellensailing.se\/wp-content\/uploads\/2022\/11\/IMG_1427-scaled.jpg?fit=1200%2C900&ssl=1&resize=1050%2C600 3x"},"classes":[]}],"jetpack_likes_enabled":false,"_links":{"self":[{"href":"https:\/\/www.ellensailing.se\/index.php?rest_route=\/wp\/v2\/posts\/3162","targetHints":{"allow":["GET"]}}],"collection":[{"href":"https:\/\/www.ellensailing.se\/index.php?rest_route=\/wp\/v2\/posts"}],"about":[{"href":"https:\/\/www.ellensailing.se\/index.php?rest_route=\/wp\/v2\/types\/post"}],"author":[{"embeddable":true,"href":"https:\/\/www.ellensailing.se\/index.php?rest_route=\/wp\/v2\/users\/1"}],"replies":[{"embeddable":true,"href":"https:\/\/www.ellensailing.se\/index.php?rest_route=%2Fwp%2Fv2%2Fcomments&post=3162"}],"version-history":[{"count":1,"href":"https:\/\/www.ellensailing.se\/index.php?rest_route=\/wp\/v2\/posts\/3162\/revisions"}],"predecessor-version":[{"id":3163,"href":"https:\/\/www.ellensailing.se\/index.php?rest_route=\/wp\/v2\/posts\/3162\/revisions\/3163"}],"wp:featuredmedia":[{"embeddable":true,"href":"https:\/\/www.ellensailing.se\/index.php?rest_route=\/wp\/v2\/media\/3149"}],"wp:attachment":[{"href":"https:\/\/www.ellensailing.se\/index.php?rest_route=%2Fwp%2Fv2%2Fmedia&parent=3162"}],"wp:term":[{"taxonomy":"category","embeddable":true,"href":"https:\/\/www.ellensailing.se\/index.php?rest_route=%2Fwp%2Fv2%2Fcategories&post=3162"},{"taxonomy":"post_tag","embeddable":true,"href":"https:\/\/www.ellensailing.se\/index.php?rest_route=%2Fwp%2Fv2%2Ftags&post=3162"}],"curies":[{"name":"wp","href":"https:\/\/api.w.org\/{rel}","templated":true}]}}