{"id":315,"date":"2015-04-06T17:15:18","date_gmt":"2015-04-06T15:15:18","guid":{"rendered":"https:\/\/www.ellensailing.se\/?p=315"},"modified":"2015-04-06T17:15:18","modified_gmt":"2015-04-06T15:15:18","slug":"avtackning-av-bat","status":"publish","type":"post","link":"https:\/\/www.ellensailing.se\/?p=315","title":{"rendered":"Avt\u00e4ckning av b\u00e5t!"},"content":{"rendered":"<p>N\u00e4r det \u00e4r dags att ta bort pressen fr\u00e5n b\u00e5ten d\u00e5 sl\u00e5r det aldrig fel. I g\u00e5r morse b\u00f6rjade det sn\u00f6a och regna som bara den. 2 grader varmt och 9 sekundmeter. Det \u00e4r som n\u00e5gon d\u00e4ruppe s\u00e4ger till en att man \u00e4r f\u00f6r tidig, tror aldrig att det sl\u00e5r fel. Fort som tusan ner med allt och in i trailern.<\/p>\n<p>Jackline gjorde j\u00e4ttegoda pannkakor som vi \u00e5t och jag putsade p\u00e5 propellern<span id=\"transmark\"><\/span> f\u00f6r att ha n\u00e5got att g\u00f6ra. Lika glansig som vanligt blev den.<\/p>\n<p>P\u00e5 eftermiddagen blev det fint igen och jag, Jackline och Tobbe kunde jobba med b\u00e5ten p\u00e5 eftermiddagen. K\u00e4nns sk\u00f6nt att n\u00e4sta vara klar med vintern projekt. Alla genomf\u00f6ringar klara, nya antennen till SSB:en \u00e4r p\u00e5 plats och det mesta \u00e4r kopplat. En dag till s\u00e5 \u00e4r allt klart, sedan \u00e4r det bara att putsa s\u00e5 hon blir som ny.<\/p>\n","protected":false},"excerpt":{"rendered":"<p>N\u00e4r det \u00e4r dags att ta bort pressen fr\u00e5n b\u00e5ten d\u00e5 sl\u00e5r det aldrig fel. I g\u00e5r morse b\u00f6rjade det[&#8230;]<\/p>\n","protected":false},"author":1,"featured_media":316,"comment_status":"open","ping_status":"open","sticky":false,"template":"","format":"standard","meta":{"_jetpack_newsletter_access":"","_jetpack_dont_email_post_to_subs":false,"_jetpack_newsletter_tier_id":0,"_jetpack_memberships_contains_paywalled_content":false,"_jetpack_feature_clip_id":0,"_jetpack_memberships_contains_paid_content":false,"footnotes":"","jetpack_publicize_message":"","jetpack_publicize_feature_enabled":true,"jetpack_social_post_already_shared":true,"jetpack_social_options":{"image_generator_settings":{"template":"highway","default_image_id":0,"font":"","enabled":false},"version":2},"jetpack_post_was_ever_published":false},"categories":[3],"tags":[],"class_list":["post-315","post","type-post","status-publish","format-standard","has-post-thumbnail","hentry","category-baten-pa-land"],"jetpack_publicize_connections":[],"jetpack_featured_media_url":"https:\/\/i0.wp.com\/www.ellensailing.se\/wp-content\/uploads\/2015\/04\/IMG_3954.jpg?fit=3264%2C2448&ssl=1","jetpack_sharing_enabled":true,"jetpack_shortlink":"https:\/\/wp.me\/p5G68R-55","jetpack-related-posts":[{"id":1864,"url":"https:\/\/www.ellensailing.se\/?p=1864","url_meta":{"origin":315,"position":0},"title":"Underbara dagar i Antigua","author":"peter@ellensailing.se","date":"2 mars, 2018","format":false,"excerpt":"Efter allt bl\u00e5sande och st\u00f6k som var p\u00e5 Guadeloupe s\u00e5 har vi nu fantastiska dagar p\u00e5 Antigua. K\u00e4nns som man kommit till Karibien igen men med v\u00e4ldigt mycket lyx. Vi ligger l\u00e4ngst in i Tank Bay i English harbour precis utanf\u00f6r Admirals Innn. Ingen i n\u00e4rheten utan helt sj\u00e4lva. Kan\u2026","rel":"","context":"I \u201dV\u00e4stindien 2017-2018\u201d","block_context":{"text":"V\u00e4stindien 2017-2018","link":"https:\/\/www.ellensailing.se\/?cat=24"},"img":{"alt_text":"","src":"https:\/\/i0.wp.com\/www.ellensailing.se\/wp-content\/uploads\/2018\/03\/FC89195C-ADDB-46A4-854B-AC41E238B0C5.jpeg?fit=1200%2C800&ssl=1&resize=350%2C200","width":350,"height":200,"srcset":"https:\/\/i0.wp.com\/www.ellensailing.se\/wp-content\/uploads\/2018\/03\/FC89195C-ADDB-46A4-854B-AC41E238B0C5.jpeg?fit=1200%2C800&ssl=1&resize=350%2C200 1x, https:\/\/i0.wp.com\/www.ellensailing.se\/wp-content\/uploads\/2018\/03\/FC89195C-ADDB-46A4-854B-AC41E238B0C5.jpeg?fit=1200%2C800&ssl=1&resize=525%2C300 1.5x, https:\/\/i0.wp.com\/www.ellensailing.se\/wp-content\/uploads\/2018\/03\/FC89195C-ADDB-46A4-854B-AC41E238B0C5.jpeg?fit=1200%2C800&ssl=1&resize=700%2C400 2x, https:\/\/i0.wp.com\/www.ellensailing.se\/wp-content\/uploads\/2018\/03\/FC89195C-ADDB-46A4-854B-AC41E238B0C5.jpeg?fit=1200%2C800&ssl=1&resize=1050%2C600 3x"},"classes":[]},{"id":1906,"url":"https:\/\/www.ellensailing.se\/?p=1906","url_meta":{"origin":315,"position":1},"title":"Kan inte l\u00e5ta bli att dela med av alla fina stora b\u00e5tar","author":"peter@ellensailing.se","date":"6 mars, 2018","format":false,"excerpt":"De g\u00e5r f\u00f6rbi oss hela tiden h\u00e4r n\u00e4r vi ligger f\u00f6r svaj. Den ena st\u00f6rre \u00e4n den andra. En sak har de gemensamt och det \u00e4r putsen p\u00e5 dem. Helt galet fina.","rel":"","context":"I \u201dV\u00e4stindien 2017-2018\u201d","block_context":{"text":"V\u00e4stindien 2017-2018","link":"https:\/\/www.ellensailing.se\/?cat=24"},"img":{"alt_text":"","src":"https:\/\/i0.wp.com\/www.ellensailing.se\/wp-content\/uploads\/2018\/03\/BCBD1B98-E2D2-4F1B-86E9-467AD095C250.jpeg?fit=1200%2C800&ssl=1&resize=350%2C200","width":350,"height":200,"srcset":"https:\/\/i0.wp.com\/www.ellensailing.se\/wp-content\/uploads\/2018\/03\/BCBD1B98-E2D2-4F1B-86E9-467AD095C250.jpeg?fit=1200%2C800&ssl=1&resize=350%2C200 1x, https:\/\/i0.wp.com\/www.ellensailing.se\/wp-content\/uploads\/2018\/03\/BCBD1B98-E2D2-4F1B-86E9-467AD095C250.jpeg?fit=1200%2C800&ssl=1&resize=525%2C300 1.5x, https:\/\/i0.wp.com\/www.ellensailing.se\/wp-content\/uploads\/2018\/03\/BCBD1B98-E2D2-4F1B-86E9-467AD095C250.jpeg?fit=1200%2C800&ssl=1&resize=700%2C400 2x, https:\/\/i0.wp.com\/www.ellensailing.se\/wp-content\/uploads\/2018\/03\/BCBD1B98-E2D2-4F1B-86E9-467AD095C250.jpeg?fit=1200%2C800&ssl=1&resize=1050%2C600 3x"},"classes":[]},{"id":3401,"url":"https:\/\/www.ellensailing.se\/?p=3401","url_meta":{"origin":315,"position":2},"title":"Tillbaka i Sverige via \u00c5land.","author":"peter@ellensailing.se","date":"26 juli, 2023","format":false,"excerpt":"Nu b\u00f6rjar det lida mot sitt slut f\u00f6r segelsemestern. Vi gick \u00f6ver till Dag\u00f6, f\u00f6rst till Heltermaa-K\u00e4rdla-Luidja och sedan till K\u00e4rdla Marina. Fr\u00e5n K\u00e4rdla som skota vi f\u00f6r kryss och str\u00e4ckte upp till K\u00f6kar. Det blev en fin dag med ganska j\u00e4mna vindar p\u00e5 ca 11-17 knop. Helt perfekt! Det\u2026","rel":"","context":"I \u201dSegling 2023\u201d","block_context":{"text":"Segling 2023","link":"https:\/\/www.ellensailing.se\/?cat=31"},"img":{"alt_text":"","src":"https:\/\/i0.wp.com\/www.ellensailing.se\/wp-content\/uploads\/2023\/07\/img_1148-scaled.jpg?fit=900%2C1200&ssl=1&resize=350%2C200","width":350,"height":200,"srcset":"https:\/\/i0.wp.com\/www.ellensailing.se\/wp-content\/uploads\/2023\/07\/img_1148-scaled.jpg?fit=900%2C1200&ssl=1&resize=350%2C200 1x, https:\/\/i0.wp.com\/www.ellensailing.se\/wp-content\/uploads\/2023\/07\/img_1148-scaled.jpg?fit=900%2C1200&ssl=1&resize=525%2C300 1.5x, https:\/\/i0.wp.com\/www.ellensailing.se\/wp-content\/uploads\/2023\/07\/img_1148-scaled.jpg?fit=900%2C1200&ssl=1&resize=700%2C400 2x"},"classes":[]},{"id":2957,"url":"https:\/\/www.ellensailing.se\/?p=2957","url_meta":{"origin":315,"position":3},"title":"Rundtur p\u00e5 F\u00e5r\u00f6","author":"peter@ellensailing.se","date":"1 augusti, 2020","format":false,"excerpt":"Ig\u00e5r s\u00e5 hyrde vi en bil fr\u00e5n Carinas biluthyrning. Det blev en Toyota Corolla som rullat 29 500 mil, men den gick ganska bra trots allt! Vi kom iv\u00e4g hyfsat tidigt och det var fredag s\u00e5 det var ingen k\u00f6 ut p\u00e5 f\u00e4rjan. Inl\u00e4gget idag blir inte en massa text\u2026","rel":"","context":"I \u201dSegling 2020\u201d","block_context":{"text":"Segling 2020","link":"https:\/\/www.ellensailing.se\/?cat=27"},"img":{"alt_text":"","src":"https:\/\/i0.wp.com\/www.ellensailing.se\/wp-content\/uploads\/2020\/08\/619579CC-AECA-4A0F-AA58-42C263A27E3A-scaled.jpeg?fit=1200%2C900&ssl=1&resize=350%2C200","width":350,"height":200,"srcset":"https:\/\/i0.wp.com\/www.ellensailing.se\/wp-content\/uploads\/2020\/08\/619579CC-AECA-4A0F-AA58-42C263A27E3A-scaled.jpeg?fit=1200%2C900&ssl=1&resize=350%2C200 1x, https:\/\/i0.wp.com\/www.ellensailing.se\/wp-content\/uploads\/2020\/08\/619579CC-AECA-4A0F-AA58-42C263A27E3A-scaled.jpeg?fit=1200%2C900&ssl=1&resize=525%2C300 1.5x, https:\/\/i0.wp.com\/www.ellensailing.se\/wp-content\/uploads\/2020\/08\/619579CC-AECA-4A0F-AA58-42C263A27E3A-scaled.jpeg?fit=1200%2C900&ssl=1&resize=700%2C400 2x, https:\/\/i0.wp.com\/www.ellensailing.se\/wp-content\/uploads\/2020\/08\/619579CC-AECA-4A0F-AA58-42C263A27E3A-scaled.jpeg?fit=1200%2C900&ssl=1&resize=1050%2C600 3x"},"classes":[]},{"id":3332,"url":"https:\/\/www.ellensailing.se\/?p=3332","url_meta":{"origin":315,"position":4},"title":"F\u00f6rsta seglingen efter operation","author":"peter@ellensailing.se","date":"19 juni, 2023","format":false,"excerpt":"Nu i helgen var det f\u00f6rsta g\u00e5ngen sedan min h\u00f6ftoperation som vi provade att segla. Det var en underbar helg och vi kryssade ut till Sand\u00f6n och v\u00e5r klubbholme. Det \u00e4r ganska bra d\u00e4r med bryggor och n\u00f6dv\u00e4ndiga faciliteter. Sand\u00f6n var n\u00e4stan helt belagt med b\u00e5tar, gissar att det var\u2026","rel":"","context":"I \u201dSegling 2023\u201d","block_context":{"text":"Segling 2023","link":"https:\/\/www.ellensailing.se\/?cat=31"},"img":{"alt_text":"","src":"https:\/\/i0.wp.com\/www.ellensailing.se\/wp-content\/uploads\/2023\/06\/IMG_2688-scaled.jpg?fit=1200%2C900&ssl=1&resize=350%2C200","width":350,"height":200,"srcset":"https:\/\/i0.wp.com\/www.ellensailing.se\/wp-content\/uploads\/2023\/06\/IMG_2688-scaled.jpg?fit=1200%2C900&ssl=1&resize=350%2C200 1x, https:\/\/i0.wp.com\/www.ellensailing.se\/wp-content\/uploads\/2023\/06\/IMG_2688-scaled.jpg?fit=1200%2C900&ssl=1&resize=525%2C300 1.5x, https:\/\/i0.wp.com\/www.ellensailing.se\/wp-content\/uploads\/2023\/06\/IMG_2688-scaled.jpg?fit=1200%2C900&ssl=1&resize=700%2C400 2x, https:\/\/i0.wp.com\/www.ellensailing.se\/wp-content\/uploads\/2023\/06\/IMG_2688-scaled.jpg?fit=1200%2C900&ssl=1&resize=1050%2C600 3x"},"classes":[]},{"id":3302,"url":"https:\/\/www.ellensailing.se\/?p=3302","url_meta":{"origin":315,"position":5},"title":"F\u00e4rdig f\u00f6r seglats","author":"peter@ellensailing.se","date":"15 april, 2023","format":false,"excerpt":"Hela dagen har vi h\u00e5llit p\u00e5 med b\u00e5ten. Alla segel \u00e4r p\u00e5 plats. Var en tur uppe i masten f\u00f6r att s\u00e4tta dit windex och vindgivaren. Har ocks\u00e5 servat motor med filter byten och olja. Impellern st\u00f6kade lite f\u00f6r oss s\u00e5 det kom inte n\u00e5got kylvatten. G\u00f6r om och g\u00f6r\u2026","rel":"","context":"I \u201dSegling 2023\u201d","block_context":{"text":"Segling 2023","link":"https:\/\/www.ellensailing.se\/?cat=31"},"img":{"alt_text":"","src":"https:\/\/i0.wp.com\/www.ellensailing.se\/wp-content\/uploads\/2023\/04\/img_2556-scaled.jpg?fit=900%2C1200&ssl=1&resize=350%2C200","width":350,"height":200,"srcset":"https:\/\/i0.wp.com\/www.ellensailing.se\/wp-content\/uploads\/2023\/04\/img_2556-scaled.jpg?fit=900%2C1200&ssl=1&resize=350%2C200 1x, https:\/\/i0.wp.com\/www.ellensailing.se\/wp-content\/uploads\/2023\/04\/img_2556-scaled.jpg?fit=900%2C1200&ssl=1&resize=525%2C300 1.5x, https:\/\/i0.wp.com\/www.ellensailing.se\/wp-content\/uploads\/2023\/04\/img_2556-scaled.jpg?fit=900%2C1200&ssl=1&resize=700%2C400 2x"},"classes":[]}],"jetpack_likes_enabled":false,"_links":{"self":[{"href":"https:\/\/www.ellensailing.se\/index.php?rest_route=\/wp\/v2\/posts\/315","targetHints":{"allow":["GET"]}}],"collection":[{"href":"https:\/\/www.ellensailing.se\/index.php?rest_route=\/wp\/v2\/posts"}],"about":[{"href":"https:\/\/www.ellensailing.se\/index.php?rest_route=\/wp\/v2\/types\/post"}],"author":[{"embeddable":true,"href":"https:\/\/www.ellensailing.se\/index.php?rest_route=\/wp\/v2\/users\/1"}],"replies":[{"embeddable":true,"href":"https:\/\/www.ellensailing.se\/index.php?rest_route=%2Fwp%2Fv2%2Fcomments&post=315"}],"version-history":[{"count":1,"href":"https:\/\/www.ellensailing.se\/index.php?rest_route=\/wp\/v2\/posts\/315\/revisions"}],"predecessor-version":[{"id":317,"href":"https:\/\/www.ellensailing.se\/index.php?rest_route=\/wp\/v2\/posts\/315\/revisions\/317"}],"wp:featuredmedia":[{"embeddable":true,"href":"https:\/\/www.ellensailing.se\/index.php?rest_route=\/wp\/v2\/media\/316"}],"wp:attachment":[{"href":"https:\/\/www.ellensailing.se\/index.php?rest_route=%2Fwp%2Fv2%2Fmedia&parent=315"}],"wp:term":[{"taxonomy":"category","embeddable":true,"href":"https:\/\/www.ellensailing.se\/index.php?rest_route=%2Fwp%2Fv2%2Fcategories&post=315"},{"taxonomy":"post_tag","embeddable":true,"href":"https:\/\/www.ellensailing.se\/index.php?rest_route=%2Fwp%2Fv2%2Ftags&post=315"}],"curies":[{"name":"wp","href":"https:\/\/api.w.org\/{rel}","templated":true}]}}