{"id":3125,"date":"2021-07-12T15:17:17","date_gmt":"2021-07-12T13:17:17","guid":{"rendered":"https:\/\/www.ellensailing.se\/?p=3125"},"modified":"2021-07-12T15:17:17","modified_gmt":"2021-07-12T13:17:17","slug":"vant-vid-o-vik","status":"publish","type":"post","link":"https:\/\/www.ellensailing.se\/?p=3125","title":{"rendered":"V\u00e4nt vid \u00d6-vik."},"content":{"rendered":"\n<p class=\"wp-block-paragraph\">Det var ett tag sedan vi skrev n\u00e5got. En anledning \u00e4r att ingen av oss har Telia som operat\u00f6r och p\u00e5 m\u00e5nga st\u00e4llen fungerar inte de andra operat\u00f6rerna. Den gamla klyschan \u00e4r faktiskt sant. Vi har haft det underbart och efter vi \u00e5kt under H\u00f6gakustenbron s\u00e5 seglade vi upp till F\u00e4llviken. Ganska fint men det var mycket Camping \u00f6ver st\u00e4llet men vackert.<\/p>\n\n\n\n<figure class=\"wp-block-image size-large\"><img data-recalc-dims=\"1\" fetchpriority=\"high\" decoding=\"async\" width=\"640\" height=\"480\" src=\"https:\/\/i0.wp.com\/www.ellensailing.se\/wp-content\/uploads\/2021\/07\/Fallviken.jpg?resize=640%2C480&#038;ssl=1\" alt=\"\" class=\"wp-image-3126\" srcset=\"https:\/\/i0.wp.com\/www.ellensailing.se\/wp-content\/uploads\/2021\/07\/Fallviken.jpg?w=640&amp;ssl=1 640w, https:\/\/i0.wp.com\/www.ellensailing.se\/wp-content\/uploads\/2021\/07\/Fallviken.jpg?resize=300%2C225&amp;ssl=1 300w, https:\/\/i0.wp.com\/www.ellensailing.se\/wp-content\/uploads\/2021\/07\/Fallviken.jpg?resize=100%2C75&amp;ssl=1 100w\" sizes=\"(max-width: 640px) 100vw, 640px\" \/><figcaption>F\u00e4llvikens vackra klippor<\/figcaption><\/figure>\n\n\n\n<p class=\"wp-block-paragraph\">Blev en liten r\u00e4kfrossa d\u00e4r s\u00e5 Xander var n\u00f6jd n\u00e4r vi kom hem med en liten p\u00e5se till honom.<\/p>\n\n\n\n<p class=\"wp-block-paragraph\">Efter F\u00e4llviken seglade vi upp till \u00d6vik f\u00f6r proviantering och att vi skulle h\u00e4mta upp Lasse och Helene som flugit upp dit. De kom p\u00e5 torsdagkv\u00e4llen s\u00e5 det blev en sen middag. Skall bli kul med lite s\u00e4llskap. Lasse och Helene har heller aldrig seglat h\u00e4r uppe.<\/p>\n\n\n\n<figure class=\"wp-block-image size-large\"><img data-recalc-dims=\"1\" decoding=\"async\" width=\"480\" height=\"640\" src=\"https:\/\/i0.wp.com\/www.ellensailing.se\/wp-content\/uploads\/2021\/07\/Ovik.jpg?resize=480%2C640&#038;ssl=1\" alt=\"\" class=\"wp-image-3124\" srcset=\"https:\/\/i0.wp.com\/www.ellensailing.se\/wp-content\/uploads\/2021\/07\/Ovik.jpg?w=480&amp;ssl=1 480w, https:\/\/i0.wp.com\/www.ellensailing.se\/wp-content\/uploads\/2021\/07\/Ovik.jpg?resize=225%2C300&amp;ssl=1 225w\" sizes=\"(max-width: 480px) 100vw, 480px\" \/><\/figure>\n","protected":false},"excerpt":{"rendered":"<p>Det var ett tag sedan vi skrev n\u00e5got. En anledning \u00e4r att ingen av oss har Telia som operat\u00f6r och[&#8230;]<\/p>\n","protected":false},"author":1,"featured_media":3126,"comment_status":"open","ping_status":"open","sticky":false,"template":"","format":"standard","meta":{"_jetpack_newsletter_access":"","_jetpack_dont_email_post_to_subs":false,"_jetpack_newsletter_tier_id":0,"_jetpack_memberships_contains_paywalled_content":false,"_jetpack_feature_clip_id":0,"_jetpack_memberships_contains_paid_content":false,"footnotes":"","jetpack_publicize_message":"","jetpack_publicize_feature_enabled":true,"jetpack_social_post_already_shared":true,"jetpack_social_options":{"image_generator_settings":{"template":"highway","default_image_id":0,"font":"","enabled":false},"version":2},"jetpack_post_was_ever_published":false},"categories":[28],"tags":[],"class_list":["post-3125","post","type-post","status-publish","format-standard","has-post-thumbnail","hentry","category-segling-2021"],"jetpack_publicize_connections":[],"jetpack_featured_media_url":"https:\/\/i0.wp.com\/www.ellensailing.se\/wp-content\/uploads\/2021\/07\/Fallviken.jpg?fit=640%2C480&ssl=1","jetpack_sharing_enabled":true,"jetpack_shortlink":"https:\/\/wp.me\/p5G68R-Op","jetpack-related-posts":[{"id":1370,"url":"https:\/\/www.ellensailing.se\/?p=1370","url_meta":{"origin":3125,"position":0},"title":"Dag1, \u00f6verfart fr\u00e5n Lagos till Isla Graciosa","author":"peter@ellensailing.se","date":"5 oktober, 2017","format":false,"excerpt":"Idag vid 10 tiden s\u00e5 gled vi ut fr\u00e5n hamnen i Lagos. Det tog lite tid d\u00e5 receptionen inte \u00f6ppnade f\u00f6rr\u00e4n 9 och m\u00e5nga vill iv\u00e4g. Ingen seglelb\u00e5t kommer ut f\u00f6r man m\u00e5ste \u00f6ppna en g\u00e5ngbro f\u00f6r att komma ut. Vi passade p\u00e5 att tanka b\u00e5ten f\u00f6r det ser ut\u2026","rel":"","context":"I \u201dH\u00f6st 2017 till Grand Canrias.\u201d","block_context":{"text":"H\u00f6st 2017 till Grand Canrias.","link":"https:\/\/www.ellensailing.se\/?cat=22"},"img":{"alt_text":"","src":"","width":0,"height":0},"classes":[]},{"id":583,"url":"https:\/\/www.ellensailing.se\/?p=583","url_meta":{"origin":3125,"position":1},"title":"En otroligt kul helg med g\u00e4nget!","author":"peter@ellensailing.se","date":"27 juli, 2015","format":false,"excerpt":"\u00a0 Nu kan man s\u00e4ga att semestern \u00e4r slut p\u00e5 riktigt f\u00f6r denna g\u00e5ng. Trots att vi hunnit jobba en vecka s\u00e5 har b\u00e5ten varit kvar p\u00e5 semester i Kalmar. I fredags s\u00e5 fl\u00f6g vi ner till Kalmar f\u00f6r att segla hem. Prognoserna som varit f\u00f6r veckan har verkligen sett\u2026","rel":"","context":"I \u201dSommar 2015\u201d","block_context":{"text":"Sommar 2015","link":"https:\/\/www.ellensailing.se\/?cat=4"},"img":{"alt_text":"","src":"https:\/\/i0.wp.com\/www.ellensailing.se\/wp-content\/uploads\/2015\/07\/DSC_0033.jpg?fit=1200%2C797&ssl=1&resize=350%2C200","width":350,"height":200,"srcset":"https:\/\/i0.wp.com\/www.ellensailing.se\/wp-content\/uploads\/2015\/07\/DSC_0033.jpg?fit=1200%2C797&ssl=1&resize=350%2C200 1x, https:\/\/i0.wp.com\/www.ellensailing.se\/wp-content\/uploads\/2015\/07\/DSC_0033.jpg?fit=1200%2C797&ssl=1&resize=525%2C300 1.5x, https:\/\/i0.wp.com\/www.ellensailing.se\/wp-content\/uploads\/2015\/07\/DSC_0033.jpg?fit=1200%2C797&ssl=1&resize=700%2C400 2x, https:\/\/i0.wp.com\/www.ellensailing.se\/wp-content\/uploads\/2015\/07\/DSC_0033.jpg?fit=1200%2C797&ssl=1&resize=1050%2C600 3x"},"classes":[]},{"id":552,"url":"https:\/\/www.ellensailing.se\/?p=552","url_meta":{"origin":3125,"position":2},"title":"Tillbaka till Sverige och Kalmar!","author":"peter@ellensailing.se","date":"18 juli, 2015","format":false,"excerpt":"Efter en del funderande och studerande av Gribfiler s\u00e5 beslutade vi oss f\u00f6r att l\u00e4mna eskadern f\u00f6r denna g\u00e5ng. Vi s\u00e5g en bra lucka att segla fr\u00e5n Leba till Kalmar. Think Twice och Glittra forts\u00e4tter vidare till Gdansk. De stack p\u00e5 fredag morgon redan vid 7 tiden. Tror de hade\u2026","rel":"","context":"I \u201dSommar 2015\u201d","block_context":{"text":"Sommar 2015","link":"https:\/\/www.ellensailing.se\/?cat=4"},"img":{"alt_text":"","src":"https:\/\/i0.wp.com\/www.ellensailing.se\/wp-content\/uploads\/2015\/07\/DSC_0270.jpg?fit=1200%2C797&ssl=1&resize=350%2C200","width":350,"height":200,"srcset":"https:\/\/i0.wp.com\/www.ellensailing.se\/wp-content\/uploads\/2015\/07\/DSC_0270.jpg?fit=1200%2C797&ssl=1&resize=350%2C200 1x, https:\/\/i0.wp.com\/www.ellensailing.se\/wp-content\/uploads\/2015\/07\/DSC_0270.jpg?fit=1200%2C797&ssl=1&resize=525%2C300 1.5x, https:\/\/i0.wp.com\/www.ellensailing.se\/wp-content\/uploads\/2015\/07\/DSC_0270.jpg?fit=1200%2C797&ssl=1&resize=700%2C400 2x, https:\/\/i0.wp.com\/www.ellensailing.se\/wp-content\/uploads\/2015\/07\/DSC_0270.jpg?fit=1200%2C797&ssl=1&resize=1050%2C600 3x"},"classes":[]},{"id":3128,"url":"https:\/\/www.ellensailing.se\/?p=3128","url_meta":{"origin":3125,"position":3},"title":"Mj\u00e4lt\u00f6n, Sveriges h\u00f6gsta \u00f6!","author":"peter@ellensailing.se","date":"12 juli, 2021","format":false,"excerpt":"P\u00e5 fredagen s\u00e5 seglade vi iv\u00e4g tidigt p\u00e5 morgonen. Vi vill se s\u00e5 mycket som m\u00f6jligt s\u00e5 det blir inte s\u00e5 l\u00e5nga seglingar. Vi b\u00f6rjade med att segla till Mj\u00e4lt\u00f6n, Sveriges h\u00f6gsta \u00f6 som m\u00e4ter 235m\u00f6h. Det \u00e4r mycket fint v\u00e4der och det \u00e4r en otroligt fin liten vik som\u2026","rel":"","context":"I \u201dSegling 2021\u201d","block_context":{"text":"Segling 2021","link":"https:\/\/www.ellensailing.se\/?cat=28"},"img":{"alt_text":"","src":"https:\/\/i0.wp.com\/www.ellensailing.se\/wp-content\/uploads\/2021\/07\/Mjalton3.jpg?fit=640%2C428&ssl=1&resize=350%2C200","width":350,"height":200,"srcset":"https:\/\/i0.wp.com\/www.ellensailing.se\/wp-content\/uploads\/2021\/07\/Mjalton3.jpg?fit=640%2C428&ssl=1&resize=350%2C200 1x, https:\/\/i0.wp.com\/www.ellensailing.se\/wp-content\/uploads\/2021\/07\/Mjalton3.jpg?fit=640%2C428&ssl=1&resize=525%2C300 1.5x"},"classes":[]},{"id":2823,"url":"https:\/\/www.ellensailing.se\/?p=2823","url_meta":{"origin":3125,"position":4},"title":"Segling i \u00d6stersj\u00f6n","author":"peter@ellensailing.se","date":"18 juli, 2020","format":false,"excerpt":"Efter v\u00e5r lilla tour i M\u00e4laren som slussade vi ut p\u00e5 tisdagen. Vi fick v\u00e4nta en hel del i S\u00f6dert\u00e4lje kanal d\u00e5 tv\u00e5 stora b\u00e5tar skulle komma in. Slussen blev helt full s\u00e5 det tog lite tid innan alla kunde checka in. Ellen i slussen, Rolf Gr\u00f6nmark har tagit bilden.\u2026","rel":"","context":"I \u201dSegling 2020\u201d","block_context":{"text":"Segling 2020","link":"https:\/\/www.ellensailing.se\/?cat=27"},"img":{"alt_text":"","src":"https:\/\/i0.wp.com\/www.ellensailing.se\/wp-content\/uploads\/2020\/07\/IMG_0251-scaled.jpg?fit=1200%2C900&ssl=1&resize=350%2C200","width":350,"height":200,"srcset":"https:\/\/i0.wp.com\/www.ellensailing.se\/wp-content\/uploads\/2020\/07\/IMG_0251-scaled.jpg?fit=1200%2C900&ssl=1&resize=350%2C200 1x, https:\/\/i0.wp.com\/www.ellensailing.se\/wp-content\/uploads\/2020\/07\/IMG_0251-scaled.jpg?fit=1200%2C900&ssl=1&resize=525%2C300 1.5x, https:\/\/i0.wp.com\/www.ellensailing.se\/wp-content\/uploads\/2020\/07\/IMG_0251-scaled.jpg?fit=1200%2C900&ssl=1&resize=700%2C400 2x, https:\/\/i0.wp.com\/www.ellensailing.se\/wp-content\/uploads\/2020\/07\/IMG_0251-scaled.jpg?fit=1200%2C900&ssl=1&resize=1050%2C600 3x"},"classes":[]},{"id":2571,"url":"https:\/\/www.ellensailing.se\/?p=2571","url_meta":{"origin":3125,"position":5},"title":"Mad Monkey gjorde det, jorden runt!","author":"peter@ellensailing.se","date":"23 april, 2019","format":false,"excerpt":"Vi \u00e4r tillbaka till Antigua igen som \u00e4r slutdestinationen. N\u00e4r vi kom fram v\u00e4ntade Mark, Helene och Josh fr\u00e5n Mad Monkey. De har precis seglat jorden runt. De stack den 6 januari 2018 och vi vinkade av dem i Rodney Bay, St Lucia. Vi \u00e5kte in till Katerines Bar och\u2026","rel":"","context":"I \u201dV\u00e4stindien 2019\u201d","block_context":{"text":"V\u00e4stindien 2019","link":"https:\/\/www.ellensailing.se\/?cat=25"},"img":{"alt_text":"","src":"https:\/\/i0.wp.com\/www.ellensailing.se\/wp-content\/uploads\/2019\/04\/F0A91BD8-94EA-4461-AD0C-53159EB73406.jpeg?fit=1200%2C900&ssl=1&resize=350%2C200","width":350,"height":200,"srcset":"https:\/\/i0.wp.com\/www.ellensailing.se\/wp-content\/uploads\/2019\/04\/F0A91BD8-94EA-4461-AD0C-53159EB73406.jpeg?fit=1200%2C900&ssl=1&resize=350%2C200 1x, https:\/\/i0.wp.com\/www.ellensailing.se\/wp-content\/uploads\/2019\/04\/F0A91BD8-94EA-4461-AD0C-53159EB73406.jpeg?fit=1200%2C900&ssl=1&resize=525%2C300 1.5x, https:\/\/i0.wp.com\/www.ellensailing.se\/wp-content\/uploads\/2019\/04\/F0A91BD8-94EA-4461-AD0C-53159EB73406.jpeg?fit=1200%2C900&ssl=1&resize=700%2C400 2x, https:\/\/i0.wp.com\/www.ellensailing.se\/wp-content\/uploads\/2019\/04\/F0A91BD8-94EA-4461-AD0C-53159EB73406.jpeg?fit=1200%2C900&ssl=1&resize=1050%2C600 3x"},"classes":[]}],"jetpack_likes_enabled":false,"_links":{"self":[{"href":"https:\/\/www.ellensailing.se\/index.php?rest_route=\/wp\/v2\/posts\/3125","targetHints":{"allow":["GET"]}}],"collection":[{"href":"https:\/\/www.ellensailing.se\/index.php?rest_route=\/wp\/v2\/posts"}],"about":[{"href":"https:\/\/www.ellensailing.se\/index.php?rest_route=\/wp\/v2\/types\/post"}],"author":[{"embeddable":true,"href":"https:\/\/www.ellensailing.se\/index.php?rest_route=\/wp\/v2\/users\/1"}],"replies":[{"embeddable":true,"href":"https:\/\/www.ellensailing.se\/index.php?rest_route=%2Fwp%2Fv2%2Fcomments&post=3125"}],"version-history":[{"count":1,"href":"https:\/\/www.ellensailing.se\/index.php?rest_route=\/wp\/v2\/posts\/3125\/revisions"}],"predecessor-version":[{"id":3127,"href":"https:\/\/www.ellensailing.se\/index.php?rest_route=\/wp\/v2\/posts\/3125\/revisions\/3127"}],"wp:featuredmedia":[{"embeddable":true,"href":"https:\/\/www.ellensailing.se\/index.php?rest_route=\/wp\/v2\/media\/3126"}],"wp:attachment":[{"href":"https:\/\/www.ellensailing.se\/index.php?rest_route=%2Fwp%2Fv2%2Fmedia&parent=3125"}],"wp:term":[{"taxonomy":"category","embeddable":true,"href":"https:\/\/www.ellensailing.se\/index.php?rest_route=%2Fwp%2Fv2%2Fcategories&post=3125"},{"taxonomy":"post_tag","embeddable":true,"href":"https:\/\/www.ellensailing.se\/index.php?rest_route=%2Fwp%2Fv2%2Ftags&post=3125"}],"curies":[{"name":"wp","href":"https:\/\/api.w.org\/{rel}","templated":true}]}}