{"id":3087,"date":"2021-07-07T17:52:00","date_gmt":"2021-07-07T15:52:00","guid":{"rendered":"https:\/\/www.ellensailing.se\/?p=3087"},"modified":"2021-07-07T17:52:00","modified_gmt":"2021-07-07T15:52:00","slug":"hogakusten-varfor-inte-gjort-detta-tidigare","status":"publish","type":"post","link":"https:\/\/www.ellensailing.se\/?p=3087","title":{"rendered":"H\u00f6gakusten! Varf\u00f6r inte gjort detta tidigare."},"content":{"rendered":"\n<p class=\"wp-block-paragraph\">Vi har nu ankrat i Norrf\u00e4llsvikens hamn. Ja, kanske inte vad vi l\u00e4ngtar efter men v\u00e4ldigt fint. Vi delar hamnanl\u00e4ggningen med en Camping med vad det nu inneb\u00e4r, men otroligt fint och v\u00e4ldigt pitoreskt. Vi var ig\u00e5r vid Lustholmen som \u00e4r H\u00e4r\u00f6sands segels\u00e4llskaps klubbholme. Det var otroligt fint och v\u00e4ldigt djupt. <\/p>\n\n\n\n<figure class=\"wp-block-image size-large is-resized\"><img data-recalc-dims=\"1\" fetchpriority=\"high\" decoding=\"async\" src=\"https:\/\/i0.wp.com\/www.ellensailing.se\/wp-content\/uploads\/2021\/07\/DSC_8664.jpg?resize=770%2C514&#038;ssl=1\" alt=\"\" class=\"wp-image-3084\" width=\"770\" height=\"514\" srcset=\"https:\/\/i0.wp.com\/www.ellensailing.se\/wp-content\/uploads\/2021\/07\/DSC_8664-scaled.jpg?resize=1024%2C684&amp;ssl=1 1024w, https:\/\/i0.wp.com\/www.ellensailing.se\/wp-content\/uploads\/2021\/07\/DSC_8664-scaled.jpg?resize=300%2C201&amp;ssl=1 300w, https:\/\/i0.wp.com\/www.ellensailing.se\/wp-content\/uploads\/2021\/07\/DSC_8664-scaled.jpg?resize=768%2C513&amp;ssl=1 768w, https:\/\/i0.wp.com\/www.ellensailing.se\/wp-content\/uploads\/2021\/07\/DSC_8664-scaled.jpg?resize=1536%2C1027&amp;ssl=1 1536w, https:\/\/i0.wp.com\/www.ellensailing.se\/wp-content\/uploads\/2021\/07\/DSC_8664-scaled.jpg?resize=2048%2C1369&amp;ssl=1 2048w, https:\/\/i0.wp.com\/www.ellensailing.se\/wp-content\/uploads\/2021\/07\/DSC_8664-scaled.jpg?w=1680&amp;ssl=1 1680w, https:\/\/i0.wp.com\/www.ellensailing.se\/wp-content\/uploads\/2021\/07\/DSC_8664-scaled.jpg?w=2520&amp;ssl=1 2520w\" sizes=\"(max-width: 770px) 100vw, 770px\" \/><figcaption>Norrf\u00e4llsvikens fiskel\u00e4ger<\/figcaption><\/figure>\n\n\n\n<p class=\"wp-block-paragraph\">Blev en bastu d\u00e4r ocks\u00e5. I morse seglade vi upp p\u00e5 \u00c5ngerman\u00e4lven och passerade H\u00f6gakusten bron f\u00f6r att sedan leta sig ut p\u00e5 havet. Det var det v\u00e4rt och kanske p\u00e5 v\u00e4gen ner s\u00e5 g\u00e5r vi under igen och upp en bit p\u00e5 \u00c5ngerman\u00e4lven. Det var fyra b\u00e5tar varav en fortsatte upp p\u00e5 \u00e4lven. Det \u00e4r v\u00e4ldigt fint och h\u00e4r finns knappt n\u00e5gra grund. Du kan sl\u00e5 n\u00e4r du nuddar klipporna. Helt sjukt.<\/p>\n\n\n\n<figure class=\"wp-block-image size-large\"><img data-recalc-dims=\"1\" decoding=\"async\" width=\"840\" height=\"561\" src=\"https:\/\/i0.wp.com\/www.ellensailing.se\/wp-content\/uploads\/2021\/07\/DSC_8631.jpg?resize=840%2C561&#038;ssl=1\" alt=\"\" class=\"wp-image-3078\" srcset=\"https:\/\/i0.wp.com\/www.ellensailing.se\/wp-content\/uploads\/2021\/07\/DSC_8631-scaled.jpg?resize=1024%2C684&amp;ssl=1 1024w, https:\/\/i0.wp.com\/www.ellensailing.se\/wp-content\/uploads\/2021\/07\/DSC_8631-scaled.jpg?resize=300%2C201&amp;ssl=1 300w, https:\/\/i0.wp.com\/www.ellensailing.se\/wp-content\/uploads\/2021\/07\/DSC_8631-scaled.jpg?resize=768%2C513&amp;ssl=1 768w, https:\/\/i0.wp.com\/www.ellensailing.se\/wp-content\/uploads\/2021\/07\/DSC_8631-scaled.jpg?resize=1536%2C1027&amp;ssl=1 1536w, https:\/\/i0.wp.com\/www.ellensailing.se\/wp-content\/uploads\/2021\/07\/DSC_8631-scaled.jpg?resize=2048%2C1369&amp;ssl=1 2048w, https:\/\/i0.wp.com\/www.ellensailing.se\/wp-content\/uploads\/2021\/07\/DSC_8631-scaled.jpg?w=1680&amp;ssl=1 1680w, https:\/\/i0.wp.com\/www.ellensailing.se\/wp-content\/uploads\/2021\/07\/DSC_8631-scaled.jpg?w=2520&amp;ssl=1 2520w\" sizes=\"(max-width: 840px) 100vw, 840px\" \/><figcaption>Delar av \u00c5ngerman\u00e4lven<\/figcaption><\/figure>\n\n\n\n<p class=\"wp-block-paragraph\">I morgon blir det \u00d6-vik d\u00e5 vi skall h\u00e4mta Helene och Lasse. Lite bunkring sedan b\u00e4r det lite s\u00f6derut igen.<\/p>\n\n\n\n<figure class=\"wp-block-image size-large\"><img data-recalc-dims=\"1\" decoding=\"async\" width=\"840\" height=\"561\" src=\"https:\/\/i0.wp.com\/www.ellensailing.se\/wp-content\/uploads\/2021\/07\/DSC_8655.jpg?resize=840%2C561&#038;ssl=1\" alt=\"\" class=\"wp-image-3083\" srcset=\"https:\/\/i0.wp.com\/www.ellensailing.se\/wp-content\/uploads\/2021\/07\/DSC_8655-scaled.jpg?resize=1024%2C684&amp;ssl=1 1024w, https:\/\/i0.wp.com\/www.ellensailing.se\/wp-content\/uploads\/2021\/07\/DSC_8655-scaled.jpg?resize=300%2C201&amp;ssl=1 300w, https:\/\/i0.wp.com\/www.ellensailing.se\/wp-content\/uploads\/2021\/07\/DSC_8655-scaled.jpg?resize=768%2C513&amp;ssl=1 768w, https:\/\/i0.wp.com\/www.ellensailing.se\/wp-content\/uploads\/2021\/07\/DSC_8655-scaled.jpg?resize=1536%2C1027&amp;ssl=1 1536w, https:\/\/i0.wp.com\/www.ellensailing.se\/wp-content\/uploads\/2021\/07\/DSC_8655-scaled.jpg?resize=2048%2C1369&amp;ssl=1 2048w, https:\/\/i0.wp.com\/www.ellensailing.se\/wp-content\/uploads\/2021\/07\/DSC_8655-scaled.jpg?w=1680&amp;ssl=1 1680w, https:\/\/i0.wp.com\/www.ellensailing.se\/wp-content\/uploads\/2021\/07\/DSC_8655-scaled.jpg?w=2520&amp;ssl=1 2520w\" sizes=\"(max-width: 840px) 100vw, 840px\" \/><figcaption>Swedish Golden Gate bridge<\/figcaption><\/figure>\n\n\n\n<figure class=\"wp-block-image size-large\"><img data-recalc-dims=\"1\" loading=\"lazy\" decoding=\"async\" width=\"840\" height=\"561\" src=\"https:\/\/i0.wp.com\/www.ellensailing.se\/wp-content\/uploads\/2021\/07\/DSC_8626.jpg?resize=840%2C561&#038;ssl=1\" alt=\"\" class=\"wp-image-3076\" srcset=\"https:\/\/i0.wp.com\/www.ellensailing.se\/wp-content\/uploads\/2021\/07\/DSC_8626-scaled.jpg?resize=1024%2C684&amp;ssl=1 1024w, https:\/\/i0.wp.com\/www.ellensailing.se\/wp-content\/uploads\/2021\/07\/DSC_8626-scaled.jpg?resize=300%2C201&amp;ssl=1 300w, https:\/\/i0.wp.com\/www.ellensailing.se\/wp-content\/uploads\/2021\/07\/DSC_8626-scaled.jpg?resize=768%2C513&amp;ssl=1 768w, https:\/\/i0.wp.com\/www.ellensailing.se\/wp-content\/uploads\/2021\/07\/DSC_8626-scaled.jpg?resize=1536%2C1027&amp;ssl=1 1536w, https:\/\/i0.wp.com\/www.ellensailing.se\/wp-content\/uploads\/2021\/07\/DSC_8626-scaled.jpg?resize=2048%2C1369&amp;ssl=1 2048w, https:\/\/i0.wp.com\/www.ellensailing.se\/wp-content\/uploads\/2021\/07\/DSC_8626-scaled.jpg?w=1680&amp;ssl=1 1680w, https:\/\/i0.wp.com\/www.ellensailing.se\/wp-content\/uploads\/2021\/07\/DSC_8626-scaled.jpg?w=2520&amp;ssl=1 2520w\" sizes=\"(max-width: 840px) 100vw, 840px\" \/><figcaption>Xander tittar efter fisk!<\/figcaption><\/figure>\n\n\n\n<figure class=\"wp-block-image size-large\"><img data-recalc-dims=\"1\" loading=\"lazy\" decoding=\"async\" width=\"840\" height=\"561\" src=\"https:\/\/i0.wp.com\/www.ellensailing.se\/wp-content\/uploads\/2021\/07\/DSC_8641.jpg?resize=840%2C561&#038;ssl=1\" alt=\"\" class=\"wp-image-3081\" srcset=\"https:\/\/i0.wp.com\/www.ellensailing.se\/wp-content\/uploads\/2021\/07\/DSC_8641-scaled.jpg?resize=1024%2C684&amp;ssl=1 1024w, https:\/\/i0.wp.com\/www.ellensailing.se\/wp-content\/uploads\/2021\/07\/DSC_8641-scaled.jpg?resize=300%2C201&amp;ssl=1 300w, https:\/\/i0.wp.com\/www.ellensailing.se\/wp-content\/uploads\/2021\/07\/DSC_8641-scaled.jpg?resize=768%2C513&amp;ssl=1 768w, https:\/\/i0.wp.com\/www.ellensailing.se\/wp-content\/uploads\/2021\/07\/DSC_8641-scaled.jpg?resize=1536%2C1027&amp;ssl=1 1536w, https:\/\/i0.wp.com\/www.ellensailing.se\/wp-content\/uploads\/2021\/07\/DSC_8641-scaled.jpg?resize=2048%2C1369&amp;ssl=1 2048w, https:\/\/i0.wp.com\/www.ellensailing.se\/wp-content\/uploads\/2021\/07\/DSC_8641-scaled.jpg?w=1680&amp;ssl=1 1680w, https:\/\/i0.wp.com\/www.ellensailing.se\/wp-content\/uploads\/2021\/07\/DSC_8641-scaled.jpg?w=2520&amp;ssl=1 2520w\" sizes=\"(max-width: 840px) 100vw, 840px\" \/><figcaption>Bra spinnaker bom!<\/figcaption><\/figure>\n\n\n\n<p class=\"wp-block-paragraph\"><\/p>\n","protected":false},"excerpt":{"rendered":"<p>Vi har nu ankrat i Norrf\u00e4llsvikens hamn. Ja, kanske inte vad vi l\u00e4ngtar efter men v\u00e4ldigt fint. Vi delar hamnanl\u00e4ggningen[&#8230;]<\/p>\n","protected":false},"author":1,"featured_media":3086,"comment_status":"open","ping_status":"open","sticky":false,"template":"","format":"standard","meta":{"_jetpack_newsletter_access":"","_jetpack_dont_email_post_to_subs":false,"_jetpack_newsletter_tier_id":0,"_jetpack_memberships_contains_paywalled_content":false,"_jetpack_feature_clip_id":0,"_jetpack_memberships_contains_paid_content":false,"footnotes":"","jetpack_publicize_message":"","jetpack_publicize_feature_enabled":true,"jetpack_social_post_already_shared":true,"jetpack_social_options":{"image_generator_settings":{"template":"highway","default_image_id":0,"font":"","enabled":false},"version":2},"jetpack_post_was_ever_published":false},"categories":[28],"tags":[],"class_list":["post-3087","post","type-post","status-publish","format-standard","has-post-thumbnail","hentry","category-segling-2021"],"jetpack_publicize_connections":[],"jetpack_featured_media_url":"https:\/\/i0.wp.com\/www.ellensailing.se\/wp-content\/uploads\/2021\/07\/Hogakustenbron.jpg?fit=640%2C480&ssl=1","jetpack_sharing_enabled":true,"jetpack_shortlink":"https:\/\/wp.me\/p5G68R-NN","jetpack-related-posts":[{"id":1684,"url":"https:\/\/www.ellensailing.se\/?p=1684","url_meta":{"origin":3087,"position":0},"title":"L\u00e5ngpromenad f\u00f6r att se sk\u00f6ldpaddsodling.","author":"peter@ellensailing.se","date":"23 december, 2017","format":false,"excerpt":"Idag blev det igen en l\u00e5ng promenad f\u00f6r att vi ville se sk\u00f6ldpaddsodlingen. Tyv\u00e4rr s\u00e5 gick vi fel \u00e4ven idag s\u00e5 att promenaden blev v\u00e4ldigt l\u00e5ng. F\u00f6rst gick det uppf\u00f6r och uppf\u00f6r, sedan tog v\u00e4gen slut och vi fick g\u00e5 nedf\u00f6r. Fint var det iaf. Det vi f\u00f6rstod var att\u2026","rel":"","context":"I \u201dV\u00e4stindien 2017-2018\u201d","block_context":{"text":"V\u00e4stindien 2017-2018","link":"https:\/\/www.ellensailing.se\/?cat=24"},"img":{"alt_text":"","src":"https:\/\/i0.wp.com\/www.ellensailing.se\/wp-content\/uploads\/2017\/12\/IMG_0214.jpg?fit=1200%2C800&ssl=1&resize=350%2C200","width":350,"height":200,"srcset":"https:\/\/i0.wp.com\/www.ellensailing.se\/wp-content\/uploads\/2017\/12\/IMG_0214.jpg?fit=1200%2C800&ssl=1&resize=350%2C200 1x, https:\/\/i0.wp.com\/www.ellensailing.se\/wp-content\/uploads\/2017\/12\/IMG_0214.jpg?fit=1200%2C800&ssl=1&resize=525%2C300 1.5x, https:\/\/i0.wp.com\/www.ellensailing.se\/wp-content\/uploads\/2017\/12\/IMG_0214.jpg?fit=1200%2C800&ssl=1&resize=700%2C400 2x, https:\/\/i0.wp.com\/www.ellensailing.se\/wp-content\/uploads\/2017\/12\/IMG_0214.jpg?fit=1200%2C800&ssl=1&resize=1050%2C600 3x"},"classes":[]},{"id":2543,"url":"https:\/\/www.ellensailing.se\/?p=2543","url_meta":{"origin":3087,"position":1},"title":"Med bil runt Anguilla, det \u00e4r inte stort!","author":"peter@ellensailing.se","date":"15 april, 2019","format":false,"excerpt":"I morse s\u00e5 \u00e5kte vi in till Elvis d\u00e4r bilen skulle levereras. Fick v\u00e4nta i en kvart, men vad \u00e4r det i Karibien. Inget \u00e4r p\u00e5 tid s\u00e5 det spelar ingen roll. Fick en pratstund med en av kompanjonerna p\u00e5 Elvis. \u00c5kte f\u00f6rst igenom staden men hade siktet in p\u00e5\u2026","rel":"","context":"I \u201dV\u00e4stindien 2019\u201d","block_context":{"text":"V\u00e4stindien 2019","link":"https:\/\/www.ellensailing.se\/?cat=25"},"img":{"alt_text":"","src":"https:\/\/i0.wp.com\/www.ellensailing.se\/wp-content\/uploads\/2019\/04\/4C439086-0CB2-4288-9263-ABA33BB08BE6.jpeg?fit=1200%2C800&ssl=1&resize=350%2C200","width":350,"height":200,"srcset":"https:\/\/i0.wp.com\/www.ellensailing.se\/wp-content\/uploads\/2019\/04\/4C439086-0CB2-4288-9263-ABA33BB08BE6.jpeg?fit=1200%2C800&ssl=1&resize=350%2C200 1x, https:\/\/i0.wp.com\/www.ellensailing.se\/wp-content\/uploads\/2019\/04\/4C439086-0CB2-4288-9263-ABA33BB08BE6.jpeg?fit=1200%2C800&ssl=1&resize=525%2C300 1.5x, https:\/\/i0.wp.com\/www.ellensailing.se\/wp-content\/uploads\/2019\/04\/4C439086-0CB2-4288-9263-ABA33BB08BE6.jpeg?fit=1200%2C800&ssl=1&resize=700%2C400 2x, https:\/\/i0.wp.com\/www.ellensailing.se\/wp-content\/uploads\/2019\/04\/4C439086-0CB2-4288-9263-ABA33BB08BE6.jpeg?fit=1200%2C800&ssl=1&resize=1050%2C600 3x"},"classes":[]},{"id":3638,"url":"https:\/\/www.ellensailing.se\/?p=3638","url_meta":{"origin":3087,"position":2},"title":"Vi seglar vidare till Tahanea","author":"peter@ellensailing.se","date":"23 april, 2024","format":false,"excerpt":"Det har varit v\u00e4ldigt roligt att se hur Kopra odlarna lever och hur de g\u00f6r men vi m\u00e5ste vidare. Vi motorerar mellan alla bommisar och kommer tillbaka till lilla byn i Makemo. Vi skall fylla p\u00e5 bensin och Ola och Jenny skall h\u00e4mta sin tv\u00e4tt. P\u00e5 s\u00f6ndagen skall Jenny \u00e5ka\u2026","rel":"","context":"I \u201dS\u00f6derhavet\u201d","block_context":{"text":"S\u00f6derhavet","link":"https:\/\/www.ellensailing.se\/?cat=33"},"img":{"alt_text":"","src":"https:\/\/i0.wp.com\/www.ellensailing.se\/wp-content\/uploads\/2024\/04\/img_4210-2-1.jpg?fit=1200%2C900&ssl=1&resize=350%2C200","width":350,"height":200,"srcset":"https:\/\/i0.wp.com\/www.ellensailing.se\/wp-content\/uploads\/2024\/04\/img_4210-2-1.jpg?fit=1200%2C900&ssl=1&resize=350%2C200 1x, https:\/\/i0.wp.com\/www.ellensailing.se\/wp-content\/uploads\/2024\/04\/img_4210-2-1.jpg?fit=1200%2C900&ssl=1&resize=525%2C300 1.5x, https:\/\/i0.wp.com\/www.ellensailing.se\/wp-content\/uploads\/2024\/04\/img_4210-2-1.jpg?fit=1200%2C900&ssl=1&resize=700%2C400 2x, https:\/\/i0.wp.com\/www.ellensailing.se\/wp-content\/uploads\/2024\/04\/img_4210-2-1.jpg?fit=1200%2C900&ssl=1&resize=1050%2C600 3x"},"classes":[]},{"id":3066,"url":"https:\/\/www.ellensailing.se\/?p=3066","url_meta":{"origin":3087,"position":3},"title":"Sk\u00f6nt att vara ig\u00e5ng!","author":"peter@ellensailing.se","date":"5 juli, 2021","format":false,"excerpt":"Det var helt otroligt sk\u00f6nt att l\u00e4mna Hudiksvall i morse men de har varit helt otroliga d\u00e4r. I g\u00e5r kv\u00e4ll s\u00e5 avslutade vi vistelsen i Hudiskvall med att g\u00e5 p\u00e5 Strandpiren och \u00e5t musslor, supertrevlig och v\u00e4ldigt gott. Musslor vid strandpiren. Vi vaknade v\u00e4ldigt tidigt och var iv\u00e4g innan klockan\u2026","rel":"","context":"I \u201dSegling 2021\u201d","block_context":{"text":"Segling 2021","link":"https:\/\/www.ellensailing.se\/?cat=28"},"img":{"alt_text":"","src":"https:\/\/i0.wp.com\/www.ellensailing.se\/wp-content\/uploads\/2021\/07\/Strandpiren-Hudik1.jpg?fit=480%2C640&ssl=1&resize=350%2C200","width":350,"height":200},"classes":[]},{"id":3142,"url":"https:\/\/www.ellensailing.se\/?p=3142","url_meta":{"origin":3087,"position":4},"title":"Lasse och Helene har l\u00e4mnat oss!","author":"peter@ellensailing.se","date":"16 juli, 2021","format":false,"excerpt":"P\u00e5 onsdag kv\u00e4ll var det sista natten med g\u00e4nget. Lite bunkring och riktigt bubbel blev vi bjudna p\u00e5 av Lasse och Helene. Bollinger, Jackies favorit. Det har varit superkul att segla ihop igen och det g\u00f6r vi g\u00e4rna igen. Avslutningbubbel! Ellen och Dellen skall g\u00e5 och duscha! Innan vi anl\u00e4nde\u2026","rel":"","context":"I \u201dSegling 2021\u201d","block_context":{"text":"Segling 2021","link":"https:\/\/www.ellensailing.se\/?cat=28"},"img":{"alt_text":"","src":"https:\/\/i0.wp.com\/www.ellensailing.se\/wp-content\/uploads\/2021\/07\/img_0364.jpg?fit=1200%2C1199&ssl=1&resize=350%2C200","width":350,"height":200,"srcset":"https:\/\/i0.wp.com\/www.ellensailing.se\/wp-content\/uploads\/2021\/07\/img_0364.jpg?fit=1200%2C1199&ssl=1&resize=350%2C200 1x, https:\/\/i0.wp.com\/www.ellensailing.se\/wp-content\/uploads\/2021\/07\/img_0364.jpg?fit=1200%2C1199&ssl=1&resize=525%2C300 1.5x, https:\/\/i0.wp.com\/www.ellensailing.se\/wp-content\/uploads\/2021\/07\/img_0364.jpg?fit=1200%2C1199&ssl=1&resize=700%2C400 2x, https:\/\/i0.wp.com\/www.ellensailing.se\/wp-content\/uploads\/2021\/07\/img_0364.jpg?fit=1200%2C1199&ssl=1&resize=1050%2C600 3x"},"classes":[]},{"id":1442,"url":"https:\/\/www.ellensailing.se\/?p=1442","url_meta":{"origin":3087,"position":5},"title":"Dagsutflykt till Fuerteventura och Isla de Lobos","author":"peter@ellensailing.se","date":"16 oktober, 2017","format":false,"excerpt":"Idag tog vi b\u00e5ten tv\u00e4rs \u00f6ver sundet fr\u00e5n Lanzarote till Fuerteventura och \u00f6n Isla de Lobos. Vi fick tipset fr\u00e5n en Norrman som legat h\u00e4r ett l\u00e4ngre tag. Det var helt klart v\u00e4rt trots att de gick h\u00f6ga dyningar s\u00e5 l\u00e5g man riktigt bra d\u00e4r. Vi tog #Tacacaten till den\u2026","rel":"","context":"I \u201dH\u00f6st 2017 till Grand Canrias.\u201d","block_context":{"text":"H\u00f6st 2017 till Grand Canrias.","link":"https:\/\/www.ellensailing.se\/?cat=22"},"img":{"alt_text":"","src":"https:\/\/i0.wp.com\/www.ellensailing.se\/wp-content\/uploads\/2017\/10\/GOPR0552.jpg?fit=1200%2C900&ssl=1&resize=350%2C200","width":350,"height":200,"srcset":"https:\/\/i0.wp.com\/www.ellensailing.se\/wp-content\/uploads\/2017\/10\/GOPR0552.jpg?fit=1200%2C900&ssl=1&resize=350%2C200 1x, https:\/\/i0.wp.com\/www.ellensailing.se\/wp-content\/uploads\/2017\/10\/GOPR0552.jpg?fit=1200%2C900&ssl=1&resize=525%2C300 1.5x, https:\/\/i0.wp.com\/www.ellensailing.se\/wp-content\/uploads\/2017\/10\/GOPR0552.jpg?fit=1200%2C900&ssl=1&resize=700%2C400 2x, https:\/\/i0.wp.com\/www.ellensailing.se\/wp-content\/uploads\/2017\/10\/GOPR0552.jpg?fit=1200%2C900&ssl=1&resize=1050%2C600 3x"},"classes":[]}],"jetpack_likes_enabled":false,"_links":{"self":[{"href":"https:\/\/www.ellensailing.se\/index.php?rest_route=\/wp\/v2\/posts\/3087","targetHints":{"allow":["GET"]}}],"collection":[{"href":"https:\/\/www.ellensailing.se\/index.php?rest_route=\/wp\/v2\/posts"}],"about":[{"href":"https:\/\/www.ellensailing.se\/index.php?rest_route=\/wp\/v2\/types\/post"}],"author":[{"embeddable":true,"href":"https:\/\/www.ellensailing.se\/index.php?rest_route=\/wp\/v2\/users\/1"}],"replies":[{"embeddable":true,"href":"https:\/\/www.ellensailing.se\/index.php?rest_route=%2Fwp%2Fv2%2Fcomments&post=3087"}],"version-history":[{"count":1,"href":"https:\/\/www.ellensailing.se\/index.php?rest_route=\/wp\/v2\/posts\/3087\/revisions"}],"predecessor-version":[{"id":3088,"href":"https:\/\/www.ellensailing.se\/index.php?rest_route=\/wp\/v2\/posts\/3087\/revisions\/3088"}],"wp:featuredmedia":[{"embeddable":true,"href":"https:\/\/www.ellensailing.se\/index.php?rest_route=\/wp\/v2\/media\/3086"}],"wp:attachment":[{"href":"https:\/\/www.ellensailing.se\/index.php?rest_route=%2Fwp%2Fv2%2Fmedia&parent=3087"}],"wp:term":[{"taxonomy":"category","embeddable":true,"href":"https:\/\/www.ellensailing.se\/index.php?rest_route=%2Fwp%2Fv2%2Fcategories&post=3087"},{"taxonomy":"post_tag","embeddable":true,"href":"https:\/\/www.ellensailing.se\/index.php?rest_route=%2Fwp%2Fv2%2Ftags&post=3087"}],"curies":[{"name":"wp","href":"https:\/\/api.w.org\/{rel}","templated":true}]}}