{"id":3066,"date":"2021-07-05T18:29:27","date_gmt":"2021-07-05T16:29:27","guid":{"rendered":"https:\/\/www.ellensailing.se\/?p=3066"},"modified":"2021-07-05T18:29:27","modified_gmt":"2021-07-05T16:29:27","slug":"skont-att-vara-igang","status":"publish","type":"post","link":"https:\/\/www.ellensailing.se\/?p=3066","title":{"rendered":"Sk\u00f6nt att vara ig\u00e5ng!"},"content":{"rendered":"\n<p class=\"wp-block-paragraph\">Det var helt otroligt sk\u00f6nt att l\u00e4mna Hudiksvall i morse men de har varit helt otroliga d\u00e4r. I g\u00e5r kv\u00e4ll s\u00e5 avslutade vi vistelsen i Hudiskvall med att g\u00e5 p\u00e5 Strandpiren och \u00e5t musslor, supertrevlig och v\u00e4ldigt gott.<\/p>\n\n\n\n<figure class=\"wp-block-image size-large\"><img data-recalc-dims=\"1\" fetchpriority=\"high\" decoding=\"async\" width=\"480\" height=\"640\" src=\"https:\/\/i0.wp.com\/www.ellensailing.se\/wp-content\/uploads\/2021\/07\/Strandpiren-Hudik3.jpg?resize=480%2C640&#038;ssl=1\" alt=\"\" class=\"wp-image-3063\" srcset=\"https:\/\/i0.wp.com\/www.ellensailing.se\/wp-content\/uploads\/2021\/07\/Strandpiren-Hudik3.jpg?w=480&amp;ssl=1 480w, https:\/\/i0.wp.com\/www.ellensailing.se\/wp-content\/uploads\/2021\/07\/Strandpiren-Hudik3.jpg?resize=225%2C300&amp;ssl=1 225w\" sizes=\"(max-width: 480px) 100vw, 480px\" \/><figcaption>Musslor vid strandpiren.<\/figcaption><\/figure>\n\n\n\n<p class=\"wp-block-paragraph\"> Vi vaknade v\u00e4ldigt tidigt och var iv\u00e4g innan klockan 8. Absolut ingen vind och vi hade ungef\u00e4r ca 10Nm innan vi kom ut p\u00e5 havet och kunde hissa p\u00e5. Det b\u00f6rjade med lite kryss men sedan s\u00e5 \u00f6ppnade det upp.<\/p>\n\n\n\n<figure class=\"wp-block-image size-large\"><img data-recalc-dims=\"1\" decoding=\"async\" width=\"640\" height=\"479\" src=\"https:\/\/i0.wp.com\/www.ellensailing.se\/wp-content\/uploads\/2021\/07\/Pa-vag-till-Sundsvall.jpg?resize=640%2C479&#038;ssl=1\" alt=\"\" class=\"wp-image-3065\" srcset=\"https:\/\/i0.wp.com\/www.ellensailing.se\/wp-content\/uploads\/2021\/07\/Pa-vag-till-Sundsvall.jpg?w=640&amp;ssl=1 640w, https:\/\/i0.wp.com\/www.ellensailing.se\/wp-content\/uploads\/2021\/07\/Pa-vag-till-Sundsvall.jpg?resize=300%2C225&amp;ssl=1 300w, https:\/\/i0.wp.com\/www.ellensailing.se\/wp-content\/uploads\/2021\/07\/Pa-vag-till-Sundsvall.jpg?resize=100%2C75&amp;ssl=1 100w\" sizes=\"(max-width: 640px) 100vw, 640px\" \/><figcaption>V\u00e4ldigt sk\u00f6n segling.<\/figcaption><\/figure>\n\n\n\n<p class=\"wp-block-paragraph\">Vi loggade ungef\u00e4r mellan 6-7 knop hela tiden med 3-4 m\/s vind. Vattnet har varit s\u00e5 otroligt platt och n\u00e4stan inga b\u00e5tar. Ett makal\u00f6st fint v\u00e4der har vi. Vi har lagt till vid Lill Lubban som \u00e4r en SXK \u00f6. De h\u00e5ller p\u00e5 att renovera och bygger nya grillplatser etc. Ser v\u00e4ldigt trevligt ut. Vi har bokat bastun efter en finsk familj som skall bada i 1,5 timme. Men f\u00f6rst s\u00e5 blir det lite grill.<\/p>\n\n\n\n<figure class=\"wp-block-image size-large\"><img data-recalc-dims=\"1\" decoding=\"async\" width=\"640\" height=\"479\" src=\"https:\/\/i0.wp.com\/www.ellensailing.se\/wp-content\/uploads\/2021\/07\/Grillplats.jpg?resize=640%2C479&#038;ssl=1\" alt=\"\" class=\"wp-image-3068\" srcset=\"https:\/\/i0.wp.com\/www.ellensailing.se\/wp-content\/uploads\/2021\/07\/Grillplats.jpg?w=640&amp;ssl=1 640w, https:\/\/i0.wp.com\/www.ellensailing.se\/wp-content\/uploads\/2021\/07\/Grillplats.jpg?resize=300%2C225&amp;ssl=1 300w, https:\/\/i0.wp.com\/www.ellensailing.se\/wp-content\/uploads\/2021\/07\/Grillplats.jpg?resize=100%2C75&amp;ssl=1 100w\" sizes=\"(max-width: 640px) 100vw, 640px\" \/><figcaption>Nybyggd grillplats.<\/figcaption><\/figure>\n\n\n\n<figure class=\"wp-block-image size-large\"><img data-recalc-dims=\"1\" loading=\"lazy\" decoding=\"async\" width=\"840\" height=\"630\" src=\"https:\/\/i0.wp.com\/www.ellensailing.se\/wp-content\/uploads\/2021\/07\/uthamn.jpg?resize=840%2C630&#038;ssl=1\" alt=\"\" class=\"wp-image-3070\" srcset=\"https:\/\/i0.wp.com\/www.ellensailing.se\/wp-content\/uploads\/2021\/07\/uthamn-scaled.jpg?resize=1024%2C768&amp;ssl=1 1024w, https:\/\/i0.wp.com\/www.ellensailing.se\/wp-content\/uploads\/2021\/07\/uthamn-scaled.jpg?resize=300%2C225&amp;ssl=1 300w, https:\/\/i0.wp.com\/www.ellensailing.se\/wp-content\/uploads\/2021\/07\/uthamn-scaled.jpg?resize=768%2C576&amp;ssl=1 768w, https:\/\/i0.wp.com\/www.ellensailing.se\/wp-content\/uploads\/2021\/07\/uthamn-scaled.jpg?resize=1536%2C1152&amp;ssl=1 1536w, https:\/\/i0.wp.com\/www.ellensailing.se\/wp-content\/uploads\/2021\/07\/uthamn-scaled.jpg?resize=2048%2C1536&amp;ssl=1 2048w, https:\/\/i0.wp.com\/www.ellensailing.se\/wp-content\/uploads\/2021\/07\/uthamn-scaled.jpg?resize=100%2C75&amp;ssl=1 100w, https:\/\/i0.wp.com\/www.ellensailing.se\/wp-content\/uploads\/2021\/07\/uthamn-scaled.jpg?w=1680&amp;ssl=1 1680w, https:\/\/i0.wp.com\/www.ellensailing.se\/wp-content\/uploads\/2021\/07\/uthamn-scaled.jpg?w=2520&amp;ssl=1 2520w\" sizes=\"(max-width: 840px) 100vw, 840px\" \/><figcaption>Mycket bra med SXK initiativ i sk\u00e4rg\u00e5rden.<\/figcaption><\/figure>\n\n\n\n<p class=\"wp-block-paragraph\">Det ser ut att h\u00e5lla i sig det fina v\u00e4dret h\u00e4r uppe s\u00e5 vi har hum\u00f6ret p\u00e5 topp. Vi har ocks\u00e5 testat nya om modifierade landg\u00e5ngstegen som blev super.<\/p>\n\n\n\n<figure class=\"wp-block-image size-large\"><img data-recalc-dims=\"1\" loading=\"lazy\" decoding=\"async\" width=\"480\" height=\"640\" src=\"https:\/\/i0.wp.com\/www.ellensailing.se\/wp-content\/uploads\/2021\/07\/Stege.jpg?resize=480%2C640&#038;ssl=1\" alt=\"\" class=\"wp-image-3059\" srcset=\"https:\/\/i0.wp.com\/www.ellensailing.se\/wp-content\/uploads\/2021\/07\/Stege.jpg?w=480&amp;ssl=1 480w, https:\/\/i0.wp.com\/www.ellensailing.se\/wp-content\/uploads\/2021\/07\/Stege.jpg?resize=225%2C300&amp;ssl=1 225w\" sizes=\"(max-width: 480px) 100vw, 480px\" \/><figcaption>Ny modifiert stege<\/figcaption><\/figure>\n\n\n\n<p class=\"wp-block-paragraph\"><\/p>\n","protected":false},"excerpt":{"rendered":"<p>Det var helt otroligt sk\u00f6nt att l\u00e4mna Hudiksvall i morse men de har varit helt otroliga d\u00e4r. I g\u00e5r kv\u00e4ll[&#8230;]<\/p>\n","protected":false},"author":1,"featured_media":3061,"comment_status":"open","ping_status":"open","sticky":false,"template":"","format":"standard","meta":{"_jetpack_newsletter_access":"","_jetpack_dont_email_post_to_subs":false,"_jetpack_newsletter_tier_id":0,"_jetpack_memberships_contains_paywalled_content":false,"_jetpack_feature_clip_id":0,"_jetpack_memberships_contains_paid_content":false,"footnotes":"","jetpack_publicize_message":"","jetpack_publicize_feature_enabled":true,"jetpack_social_post_already_shared":true,"jetpack_social_options":{"image_generator_settings":{"template":"highway","default_image_id":0,"font":"","enabled":false},"version":2},"jetpack_post_was_ever_published":false},"categories":[28],"tags":[],"class_list":["post-3066","post","type-post","status-publish","format-standard","has-post-thumbnail","hentry","category-segling-2021"],"jetpack_publicize_connections":[],"jetpack_featured_media_url":"https:\/\/i0.wp.com\/www.ellensailing.se\/wp-content\/uploads\/2021\/07\/Strandpiren-Hudik1.jpg?fit=480%2C640&ssl=1","jetpack_sharing_enabled":true,"jetpack_shortlink":"https:\/\/wp.me\/p5G68R-Ns","jetpack-related-posts":[{"id":3602,"url":"https:\/\/www.ellensailing.se\/?p=3602","url_meta":{"origin":3066,"position":0},"title":"Uppdraget utf\u00f6rt!","author":"peter@ellensailing.se","date":"21 april, 2024","format":false,"excerpt":"Ig\u00e5r n\u00e4r vi var runt och pratade med Kupra odlarna s\u00e5 fick vi ett uppdrag av de och det var att ladda deras telefoner. Det vi fick med oss till b\u00e5ten var fem telefoner. N\u00e4r de jobbar p\u00e5 odlingarna finns ingen el. Som tack f\u00f6r hj\u00e4lpen fick vi fyra kokosn\u00f6tter\u2026","rel":"","context":"I \u201dS\u00f6derhavet\u201d","block_context":{"text":"S\u00f6derhavet","link":"https:\/\/www.ellensailing.se\/?cat=33"},"img":{"alt_text":"","src":"https:\/\/i0.wp.com\/www.ellensailing.se\/wp-content\/uploads\/2024\/04\/img_4128-1.jpg?fit=900%2C1200&ssl=1&resize=350%2C200","width":350,"height":200,"srcset":"https:\/\/i0.wp.com\/www.ellensailing.se\/wp-content\/uploads\/2024\/04\/img_4128-1.jpg?fit=900%2C1200&ssl=1&resize=350%2C200 1x, https:\/\/i0.wp.com\/www.ellensailing.se\/wp-content\/uploads\/2024\/04\/img_4128-1.jpg?fit=900%2C1200&ssl=1&resize=525%2C300 1.5x, https:\/\/i0.wp.com\/www.ellensailing.se\/wp-content\/uploads\/2024\/04\/img_4128-1.jpg?fit=900%2C1200&ssl=1&resize=700%2C400 2x"},"classes":[]},{"id":3579,"url":"https:\/\/www.ellensailing.se\/?p=3579","url_meta":{"origin":3066,"position":1},"title":"Makemo \u00f6stra","author":"peter@ellensailing.se","date":"20 april, 2024","format":false,"excerpt":"Ig\u00e5r p\u00e5 torsdagen var det storhandling i lilla byn. Det var v\u00e4ldigt v\u00e5gigt d\u00e4r s\u00e5 vi beslutade oss f\u00f6r att g\u00e5 upp till \u00f6stra h\u00f6rnet p\u00e5 atollen f\u00f6r att f\u00e5 sj\u00f6l\u00e4. H\u00e4r i \u00f6stra h\u00f6rnet \u00e4r vi p\u00e5 Makemo V\u00e4gen dit var fylld med bommisar (koraller som v\u00e4xer rakt upp).\u2026","rel":"","context":"I \u201dS\u00f6derhavet\u201d","block_context":{"text":"S\u00f6derhavet","link":"https:\/\/www.ellensailing.se\/?cat=33"},"img":{"alt_text":"","src":"https:\/\/i0.wp.com\/www.ellensailing.se\/wp-content\/uploads\/2024\/04\/img_4070-1.jpg?fit=1200%2C900&ssl=1&resize=350%2C200","width":350,"height":200,"srcset":"https:\/\/i0.wp.com\/www.ellensailing.se\/wp-content\/uploads\/2024\/04\/img_4070-1.jpg?fit=1200%2C900&ssl=1&resize=350%2C200 1x, https:\/\/i0.wp.com\/www.ellensailing.se\/wp-content\/uploads\/2024\/04\/img_4070-1.jpg?fit=1200%2C900&ssl=1&resize=525%2C300 1.5x, https:\/\/i0.wp.com\/www.ellensailing.se\/wp-content\/uploads\/2024\/04\/img_4070-1.jpg?fit=1200%2C900&ssl=1&resize=700%2C400 2x, https:\/\/i0.wp.com\/www.ellensailing.se\/wp-content\/uploads\/2024\/04\/img_4070-1.jpg?fit=1200%2C900&ssl=1&resize=1050%2C600 3x"},"classes":[]},{"id":3702,"url":"https:\/\/www.ellensailing.se\/?p=3702","url_meta":{"origin":3066,"position":2},"title":"P\u00e5 v\u00e4g hem!","author":"peter@ellensailing.se","date":"3 maj, 2024","format":false,"excerpt":"Efter dykningen p\u00e5 s\u00f6dra passet seglade vi upp till Hirifa. H\u00e4r var det v\u00e4ldigt m\u00e5nga b\u00e5tar och v\u00e4ldigt fint med mycket sand. Fin korallstr\u00e4der i Hirifa H\u00e4r gick det att promenera l\u00e5gt F\u00f6rutom oss s\u00e5 var det m\u00e5nga fr\u00e5n Oyster Rally som var h\u00e4r. M\u00e5nga fina Oyster att dr\u00e4gla p\u00e5,\u2026","rel":"","context":"I \u201dS\u00f6derhavet\u201d","block_context":{"text":"S\u00f6derhavet","link":"https:\/\/www.ellensailing.se\/?cat=33"},"img":{"alt_text":"","src":"https:\/\/i0.wp.com\/www.ellensailing.se\/wp-content\/uploads\/2024\/05\/img_1173.jpg?fit=1200%2C900&ssl=1&resize=350%2C200","width":350,"height":200,"srcset":"https:\/\/i0.wp.com\/www.ellensailing.se\/wp-content\/uploads\/2024\/05\/img_1173.jpg?fit=1200%2C900&ssl=1&resize=350%2C200 1x, https:\/\/i0.wp.com\/www.ellensailing.se\/wp-content\/uploads\/2024\/05\/img_1173.jpg?fit=1200%2C900&ssl=1&resize=525%2C300 1.5x, https:\/\/i0.wp.com\/www.ellensailing.se\/wp-content\/uploads\/2024\/05\/img_1173.jpg?fit=1200%2C900&ssl=1&resize=700%2C400 2x, https:\/\/i0.wp.com\/www.ellensailing.se\/wp-content\/uploads\/2024\/05\/img_1173.jpg?fit=1200%2C900&ssl=1&resize=1050%2C600 3x"},"classes":[]},{"id":2073,"url":"https:\/\/www.ellensailing.se\/?p=2073","url_meta":{"origin":3066,"position":3},"title":"Nu har det h\u00e4nt!","author":"peter@ellensailing.se","date":"5 april, 2018","format":false,"excerpt":"Nu har det h\u00e4nt! Jag har gjort med f\u00f6rsta dyk p\u00e5 31 \u00e5r. Helt otroligt! Vi var ig\u00e5r p\u00e5 Dive Carriacou och bokade med Gary. Jag visade mitt Padi Open Water och han hade aldrig sett n\u00e5got s\u00e5dant... Kul! M\u00e5ste erk\u00e4nna att jag sov lite d\u00e5ligt i natt! Jag och\u2026","rel":"","context":"I \u201dV\u00e4stindien 2017-2018\u201d","block_context":{"text":"V\u00e4stindien 2017-2018","link":"https:\/\/www.ellensailing.se\/?cat=24"},"img":{"alt_text":"","src":"https:\/\/i0.wp.com\/www.ellensailing.se\/wp-content\/uploads\/2018\/04\/E8199A10-2A79-4EFB-BF68-66ACA8FEF9DE.jpeg?fit=1200%2C900&ssl=1&resize=350%2C200","width":350,"height":200,"srcset":"https:\/\/i0.wp.com\/www.ellensailing.se\/wp-content\/uploads\/2018\/04\/E8199A10-2A79-4EFB-BF68-66ACA8FEF9DE.jpeg?fit=1200%2C900&ssl=1&resize=350%2C200 1x, https:\/\/i0.wp.com\/www.ellensailing.se\/wp-content\/uploads\/2018\/04\/E8199A10-2A79-4EFB-BF68-66ACA8FEF9DE.jpeg?fit=1200%2C900&ssl=1&resize=525%2C300 1.5x, https:\/\/i0.wp.com\/www.ellensailing.se\/wp-content\/uploads\/2018\/04\/E8199A10-2A79-4EFB-BF68-66ACA8FEF9DE.jpeg?fit=1200%2C900&ssl=1&resize=700%2C400 2x, https:\/\/i0.wp.com\/www.ellensailing.se\/wp-content\/uploads\/2018\/04\/E8199A10-2A79-4EFB-BF68-66ACA8FEF9DE.jpeg?fit=1200%2C900&ssl=1&resize=1050%2C600 3x"},"classes":[]},{"id":434,"url":"https:\/\/www.ellensailing.se\/?p=434","url_meta":{"origin":3066,"position":4},"title":"\u00c4nnu mera s\u00e4lar och nu Bornhom!","author":"peter@ellensailing.se","date":"2 juli, 2015","format":false,"excerpt":"Idag blev det tidig avg\u00e5ngt fr\u00e5n Utklippan. Fint v\u00e4der var f\u00f6rutsp\u00e5tt men lite vind. Vi stack fr\u00e5n Utklippan vid 7- tiden och Disel Doris har f\u00e5tt bek\u00e4nna f\u00e4rg idag. Ingen vind \u00f6verhuvudtaget. Kom lite vind n\u00e4r det var 2,6 distans kvar. Sk\u00f6nt och ett otroligt fint v\u00e4der har det varit\u2026","rel":"","context":"I \u201dSommar 2015\u201d","block_context":{"text":"Sommar 2015","link":"https:\/\/www.ellensailing.se\/?cat=4"},"img":{"alt_text":"","src":"https:\/\/i0.wp.com\/www.ellensailing.se\/wp-content\/uploads\/2015\/07\/DSC_02161.jpg?fit=1200%2C797&ssl=1&resize=350%2C200","width":350,"height":200,"srcset":"https:\/\/i0.wp.com\/www.ellensailing.se\/wp-content\/uploads\/2015\/07\/DSC_02161.jpg?fit=1200%2C797&ssl=1&resize=350%2C200 1x, https:\/\/i0.wp.com\/www.ellensailing.se\/wp-content\/uploads\/2015\/07\/DSC_02161.jpg?fit=1200%2C797&ssl=1&resize=525%2C300 1.5x, https:\/\/i0.wp.com\/www.ellensailing.se\/wp-content\/uploads\/2015\/07\/DSC_02161.jpg?fit=1200%2C797&ssl=1&resize=700%2C400 2x, https:\/\/i0.wp.com\/www.ellensailing.se\/wp-content\/uploads\/2015\/07\/DSC_02161.jpg?fit=1200%2C797&ssl=1&resize=1050%2C600 3x"},"classes":[]},{"id":583,"url":"https:\/\/www.ellensailing.se\/?p=583","url_meta":{"origin":3066,"position":5},"title":"En otroligt kul helg med g\u00e4nget!","author":"peter@ellensailing.se","date":"27 juli, 2015","format":false,"excerpt":"\u00a0 Nu kan man s\u00e4ga att semestern \u00e4r slut p\u00e5 riktigt f\u00f6r denna g\u00e5ng. Trots att vi hunnit jobba en vecka s\u00e5 har b\u00e5ten varit kvar p\u00e5 semester i Kalmar. I fredags s\u00e5 fl\u00f6g vi ner till Kalmar f\u00f6r att segla hem. Prognoserna som varit f\u00f6r veckan har verkligen sett\u2026","rel":"","context":"I \u201dSommar 2015\u201d","block_context":{"text":"Sommar 2015","link":"https:\/\/www.ellensailing.se\/?cat=4"},"img":{"alt_text":"","src":"https:\/\/i0.wp.com\/www.ellensailing.se\/wp-content\/uploads\/2015\/07\/DSC_0033.jpg?fit=1200%2C797&ssl=1&resize=350%2C200","width":350,"height":200,"srcset":"https:\/\/i0.wp.com\/www.ellensailing.se\/wp-content\/uploads\/2015\/07\/DSC_0033.jpg?fit=1200%2C797&ssl=1&resize=350%2C200 1x, https:\/\/i0.wp.com\/www.ellensailing.se\/wp-content\/uploads\/2015\/07\/DSC_0033.jpg?fit=1200%2C797&ssl=1&resize=525%2C300 1.5x, https:\/\/i0.wp.com\/www.ellensailing.se\/wp-content\/uploads\/2015\/07\/DSC_0033.jpg?fit=1200%2C797&ssl=1&resize=700%2C400 2x, https:\/\/i0.wp.com\/www.ellensailing.se\/wp-content\/uploads\/2015\/07\/DSC_0033.jpg?fit=1200%2C797&ssl=1&resize=1050%2C600 3x"},"classes":[]}],"jetpack_likes_enabled":false,"_links":{"self":[{"href":"https:\/\/www.ellensailing.se\/index.php?rest_route=\/wp\/v2\/posts\/3066","targetHints":{"allow":["GET"]}}],"collection":[{"href":"https:\/\/www.ellensailing.se\/index.php?rest_route=\/wp\/v2\/posts"}],"about":[{"href":"https:\/\/www.ellensailing.se\/index.php?rest_route=\/wp\/v2\/types\/post"}],"author":[{"embeddable":true,"href":"https:\/\/www.ellensailing.se\/index.php?rest_route=\/wp\/v2\/users\/1"}],"replies":[{"embeddable":true,"href":"https:\/\/www.ellensailing.se\/index.php?rest_route=%2Fwp%2Fv2%2Fcomments&post=3066"}],"version-history":[{"count":2,"href":"https:\/\/www.ellensailing.se\/index.php?rest_route=\/wp\/v2\/posts\/3066\/revisions"}],"predecessor-version":[{"id":3071,"href":"https:\/\/www.ellensailing.se\/index.php?rest_route=\/wp\/v2\/posts\/3066\/revisions\/3071"}],"wp:featuredmedia":[{"embeddable":true,"href":"https:\/\/www.ellensailing.se\/index.php?rest_route=\/wp\/v2\/media\/3061"}],"wp:attachment":[{"href":"https:\/\/www.ellensailing.se\/index.php?rest_route=%2Fwp%2Fv2%2Fmedia&parent=3066"}],"wp:term":[{"taxonomy":"category","embeddable":true,"href":"https:\/\/www.ellensailing.se\/index.php?rest_route=%2Fwp%2Fv2%2Fcategories&post=3066"},{"taxonomy":"post_tag","embeddable":true,"href":"https:\/\/www.ellensailing.se\/index.php?rest_route=%2Fwp%2Fv2%2Ftags&post=3066"}],"curies":[{"name":"wp","href":"https:\/\/api.w.org\/{rel}","templated":true}]}}