{"id":2913,"date":"2020-07-30T23:13:30","date_gmt":"2020-07-30T21:13:30","guid":{"rendered":"https:\/\/www.ellensailing.se\/?p=2913"},"modified":"2020-07-30T23:13:30","modified_gmt":"2020-07-30T21:13:30","slug":"rycka-loss","status":"publish","type":"post","link":"https:\/\/www.ellensailing.se\/?p=2913","title":{"rendered":"Rycka loss!"},"content":{"rendered":"\n<p class=\"wp-block-paragraph\">Segla ifr\u00e5n Visby i morse d\u00e5 v\u00e5r tamp i land, en 18 mm Liros ryckts av klockan 5 p\u00e5 morgonen. Det var sydv\u00e4st rakt in i hamnen och sj\u00f6n var brutal. Vi hade redan best\u00e4mt oss f\u00f6r att segla upp till F\u00e5r\u00f6sund idag f\u00f6r att det var bra vindar fr\u00e5n r\u00e4tt h\u00e5ll. I morgon blir det NV.<\/p>\n\n\n\n<figure class=\"wp-block-image size-large\"><img data-recalc-dims=\"1\" fetchpriority=\"high\" decoding=\"async\" width=\"768\" height=\"1024\" src=\"https:\/\/i0.wp.com\/www.ellensailing.se\/wp-content\/uploads\/2020\/07\/A6B8C97B-663E-405D-8EB2-8D1EF46384E5.jpeg?resize=768%2C1024&#038;ssl=1\" alt=\"\" class=\"wp-image-2904\" srcset=\"https:\/\/i0.wp.com\/www.ellensailing.se\/wp-content\/uploads\/2020\/07\/A6B8C97B-663E-405D-8EB2-8D1EF46384E5-scaled.jpeg?resize=768%2C1024&amp;ssl=1 768w, https:\/\/i0.wp.com\/www.ellensailing.se\/wp-content\/uploads\/2020\/07\/A6B8C97B-663E-405D-8EB2-8D1EF46384E5-scaled.jpeg?resize=225%2C300&amp;ssl=1 225w, https:\/\/i0.wp.com\/www.ellensailing.se\/wp-content\/uploads\/2020\/07\/A6B8C97B-663E-405D-8EB2-8D1EF46384E5-scaled.jpeg?resize=1152%2C1536&amp;ssl=1 1152w, https:\/\/i0.wp.com\/www.ellensailing.se\/wp-content\/uploads\/2020\/07\/A6B8C97B-663E-405D-8EB2-8D1EF46384E5-scaled.jpeg?w=1920&amp;ssl=1 1920w, https:\/\/i0.wp.com\/www.ellensailing.se\/wp-content\/uploads\/2020\/07\/A6B8C97B-663E-405D-8EB2-8D1EF46384E5-scaled.jpeg?w=1680&amp;ssl=1 1680w\" sizes=\"(max-width: 768px) 100vw, 768px\" \/><figcaption>Avryckta Liros tampen.<\/figcaption><\/figure>\n\n\n\n<p class=\"wp-block-paragraph\">Det blev in fin segling d\u00e4r vi logga mellan 8,5-10,5 knop med bara stor och tv\u00e5 rev. Sj\u00f6n var stor men det var inget som avskr\u00e4cker f\u00f6r oss utan bara kul att f\u00e5 surfa lite.<\/p>\n\n\n\n<p class=\"wp-block-paragraph\">Efter Kalmar s\u00e5 seglade vi upp till Borgholm och d\u00e4r m\u00f6tte Niklas och Sofie upp igen. Sofie hade med sig massa kattsaker till Xander. Deras hund Crazy och Xander satt och kollade p\u00e5 varandra. Blev en shoppingtur p\u00e5 stan. P\u00e5 v\u00e4g tillbaka tr\u00e4ffade vi dem p\u00e5 en liten bar och det blev en runda d\u00e4r.<\/p>\n\n\n\n<figure class=\"wp-block-image size-large\"><img data-recalc-dims=\"1\" decoding=\"async\" width=\"840\" height=\"630\" src=\"https:\/\/i0.wp.com\/www.ellensailing.se\/wp-content\/uploads\/2020\/07\/8AED2426-6F35-4179-8A9D-FE2F7B8242CD.jpeg?resize=840%2C630&#038;ssl=1\" alt=\"\" class=\"wp-image-2910\" srcset=\"https:\/\/i0.wp.com\/www.ellensailing.se\/wp-content\/uploads\/2020\/07\/8AED2426-6F35-4179-8A9D-FE2F7B8242CD-scaled.jpeg?resize=1024%2C768&amp;ssl=1 1024w, https:\/\/i0.wp.com\/www.ellensailing.se\/wp-content\/uploads\/2020\/07\/8AED2426-6F35-4179-8A9D-FE2F7B8242CD-scaled.jpeg?resize=300%2C225&amp;ssl=1 300w, https:\/\/i0.wp.com\/www.ellensailing.se\/wp-content\/uploads\/2020\/07\/8AED2426-6F35-4179-8A9D-FE2F7B8242CD-scaled.jpeg?resize=768%2C576&amp;ssl=1 768w, https:\/\/i0.wp.com\/www.ellensailing.se\/wp-content\/uploads\/2020\/07\/8AED2426-6F35-4179-8A9D-FE2F7B8242CD-scaled.jpeg?resize=1536%2C1152&amp;ssl=1 1536w, https:\/\/i0.wp.com\/www.ellensailing.se\/wp-content\/uploads\/2020\/07\/8AED2426-6F35-4179-8A9D-FE2F7B8242CD-scaled.jpeg?w=1680&amp;ssl=1 1680w, https:\/\/i0.wp.com\/www.ellensailing.se\/wp-content\/uploads\/2020\/07\/8AED2426-6F35-4179-8A9D-FE2F7B8242CD-scaled.jpeg?w=2520&amp;ssl=1 2520w\" sizes=\"(max-width: 840px) 100vw, 840px\" \/><figcaption>Niklas och Sofie p\u00e5 baren&#8230;<\/figcaption><\/figure>\n\n\n\n<p class=\"wp-block-paragraph\">Efter Borgholm s\u00e5 seglade vi upp till Grankullaviken som \u00e4r innanf\u00f6r L\u00e5nge Erik (nordligaste viken). Superfin var det men v\u00e4ldigt bl\u00e5sigt. Vi tog dingen in till vandrarhemmet f\u00f6r att ta en dricka. De hade musik Quiz p\u00e5 kv\u00e4llen som de vill att vi skulle vara med p\u00e5 men det var f\u00f6r d\u00e5ligt v\u00e4der med mycket bl\u00e5st och regn. Vi fick s\u00e4llskap av Shadock till viken.<\/p>\n\n\n\n<figure class=\"wp-block-image size-large is-resized\"><img data-recalc-dims=\"1\" decoding=\"async\" src=\"https:\/\/i0.wp.com\/www.ellensailing.se\/wp-content\/uploads\/2020\/07\/ED0F8748-F914-4A84-8B88-D9A8E19CC8C7.jpeg?resize=555%2C416&#038;ssl=1\" alt=\"\" class=\"wp-image-2917\" width=\"555\" height=\"416\" srcset=\"https:\/\/i0.wp.com\/www.ellensailing.se\/wp-content\/uploads\/2020\/07\/ED0F8748-F914-4A84-8B88-D9A8E19CC8C7-scaled.jpeg?resize=1024%2C768&amp;ssl=1 1024w, https:\/\/i0.wp.com\/www.ellensailing.se\/wp-content\/uploads\/2020\/07\/ED0F8748-F914-4A84-8B88-D9A8E19CC8C7-scaled.jpeg?resize=300%2C225&amp;ssl=1 300w, https:\/\/i0.wp.com\/www.ellensailing.se\/wp-content\/uploads\/2020\/07\/ED0F8748-F914-4A84-8B88-D9A8E19CC8C7-scaled.jpeg?resize=768%2C576&amp;ssl=1 768w, https:\/\/i0.wp.com\/www.ellensailing.se\/wp-content\/uploads\/2020\/07\/ED0F8748-F914-4A84-8B88-D9A8E19CC8C7-scaled.jpeg?resize=1536%2C1152&amp;ssl=1 1536w, https:\/\/i0.wp.com\/www.ellensailing.se\/wp-content\/uploads\/2020\/07\/ED0F8748-F914-4A84-8B88-D9A8E19CC8C7-scaled.jpeg?resize=2048%2C1536&amp;ssl=1 2048w, https:\/\/i0.wp.com\/www.ellensailing.se\/wp-content\/uploads\/2020\/07\/ED0F8748-F914-4A84-8B88-D9A8E19CC8C7-scaled.jpeg?resize=100%2C75&amp;ssl=1 100w, https:\/\/i0.wp.com\/www.ellensailing.se\/wp-content\/uploads\/2020\/07\/ED0F8748-F914-4A84-8B88-D9A8E19CC8C7-scaled.jpeg?w=1680&amp;ssl=1 1680w, https:\/\/i0.wp.com\/www.ellensailing.se\/wp-content\/uploads\/2020\/07\/ED0F8748-F914-4A84-8B88-D9A8E19CC8C7-scaled.jpeg?w=2520&amp;ssl=1 2520w\" sizes=\"(max-width: 555px) 100vw, 555px\" \/><figcaption>Shadock af Hundudden<\/figcaption><\/figure>\n\n\n\n<p class=\"wp-block-paragraph\">Dagen efter s\u00e5 gick vi mot Visby, dock nu helt utan vind. Vi seglade i ett par timmar men ins\u00e5g att det skulle ta v\u00e4ldigt l\u00e5ng tid. D\u00e4r motorerade vi n\u00e4stan hela str\u00e4ckan p\u00e5 40 NM. I Visby var det inte mycket b\u00e5tar utan vi fick en bra plats inne i innerhamnen. V\u00e5ra b\u00e5tgrannar var snabbt framme med en kommiframmare. Supertrevliga i sin nyink\u00f6pta Sanner 391.<\/p>\n\n\n\n<figure class=\"wp-block-image size-large is-resized\"><img data-recalc-dims=\"1\" loading=\"lazy\" decoding=\"async\" src=\"https:\/\/i0.wp.com\/www.ellensailing.se\/wp-content\/uploads\/2020\/07\/A0D866D8-EDA4-46FF-BF4C-902F10409718.jpeg?resize=580%2C773&#038;ssl=1\" alt=\"\" class=\"wp-image-2893\" width=\"580\" height=\"773\" srcset=\"https:\/\/i0.wp.com\/www.ellensailing.se\/wp-content\/uploads\/2020\/07\/A0D866D8-EDA4-46FF-BF4C-902F10409718-scaled.jpeg?resize=768%2C1024&amp;ssl=1 768w, https:\/\/i0.wp.com\/www.ellensailing.se\/wp-content\/uploads\/2020\/07\/A0D866D8-EDA4-46FF-BF4C-902F10409718-scaled.jpeg?resize=225%2C300&amp;ssl=1 225w, https:\/\/i0.wp.com\/www.ellensailing.se\/wp-content\/uploads\/2020\/07\/A0D866D8-EDA4-46FF-BF4C-902F10409718-scaled.jpeg?w=1920&amp;ssl=1 1920w, https:\/\/i0.wp.com\/www.ellensailing.se\/wp-content\/uploads\/2020\/07\/A0D866D8-EDA4-46FF-BF4C-902F10409718-scaled.jpeg?w=1680&amp;ssl=1 1680w\" sizes=\"(max-width: 580px) 100vw, 580px\" \/><figcaption>Massor av mat<\/figcaption><\/figure>\n\n\n\n<p class=\"wp-block-paragraph\">Hade en mysig dag d\u00e5 vi gick runt muren runt Visby och \u00e5t en supermiddag p\u00e5 Bad Wolf. Shit vilken mat! Tr\u00f6tta och m\u00e4tta s\u00e5 d\u00f6k Pass\u00e9 och Sanna upp f\u00f6r det hade tagit en spontanare ner till Gotland f\u00f6r att let sommarhus. Vi h\u00e4ngde p\u00e5 dem dagen efter f\u00f6r att \u00e5ka runt lite och kolla. Vilken dag det blev. S\u00f6der till Norr och Jackie fick sin tur f\u00f6r bi Gotland Strumpfabrik&#8230;<\/p>\n\n\n\n<figure class=\"wp-block-image size-large\"><img data-recalc-dims=\"1\" loading=\"lazy\" decoding=\"async\" width=\"840\" height=\"629\" src=\"https:\/\/i0.wp.com\/www.ellensailing.se\/wp-content\/uploads\/2020\/07\/3BD82627-6008-40DC-A335-22D3D173312D.jpeg?resize=840%2C629&#038;ssl=1\" alt=\"\" class=\"wp-image-2901\" srcset=\"https:\/\/i0.wp.com\/www.ellensailing.se\/wp-content\/uploads\/2020\/07\/3BD82627-6008-40DC-A335-22D3D173312D-scaled.jpeg?resize=1024%2C767&amp;ssl=1 1024w, https:\/\/i0.wp.com\/www.ellensailing.se\/wp-content\/uploads\/2020\/07\/3BD82627-6008-40DC-A335-22D3D173312D-scaled.jpeg?resize=300%2C225&amp;ssl=1 300w, https:\/\/i0.wp.com\/www.ellensailing.se\/wp-content\/uploads\/2020\/07\/3BD82627-6008-40DC-A335-22D3D173312D-scaled.jpeg?resize=768%2C576&amp;ssl=1 768w, https:\/\/i0.wp.com\/www.ellensailing.se\/wp-content\/uploads\/2020\/07\/3BD82627-6008-40DC-A335-22D3D173312D-scaled.jpeg?w=1680&amp;ssl=1 1680w, https:\/\/i0.wp.com\/www.ellensailing.se\/wp-content\/uploads\/2020\/07\/3BD82627-6008-40DC-A335-22D3D173312D-scaled.jpeg?w=2520&amp;ssl=1 2520w\" sizes=\"(max-width: 840px) 100vw, 840px\" \/><figcaption>Pass\u00e9, Sann och Jackie<\/figcaption><\/figure>\n\n\n\n<p class=\"wp-block-paragraph\">Vi stannade i Ljungan f\u00f6r att k\u00e4ka lunch p\u00e5 Bruna D\u00f6rren, vilket st\u00e4lle nere vi stranden. K\u00e4ndes som att komma tillbaka till Karibien. J\u00e4ttecoolt och supermat. Vi delade p\u00e5 potatispizza och \u00e4ven p\u00e5 pommes med parmesan, Wow vilken upplevelse.<\/p>\n\n\n\n<figure class=\"wp-block-image size-large is-resized\"><img data-recalc-dims=\"1\" loading=\"lazy\" decoding=\"async\" src=\"https:\/\/i0.wp.com\/www.ellensailing.se\/wp-content\/uploads\/2020\/07\/D441B71A-669D-4E14-9DF8-C3B109BE9308.jpeg?resize=579%2C433&#038;ssl=1\" alt=\"\" class=\"wp-image-2903\" width=\"579\" height=\"433\" srcset=\"https:\/\/i0.wp.com\/www.ellensailing.se\/wp-content\/uploads\/2020\/07\/D441B71A-669D-4E14-9DF8-C3B109BE9308-scaled.jpeg?resize=1024%2C767&amp;ssl=1 1024w, https:\/\/i0.wp.com\/www.ellensailing.se\/wp-content\/uploads\/2020\/07\/D441B71A-669D-4E14-9DF8-C3B109BE9308-scaled.jpeg?resize=300%2C225&amp;ssl=1 300w, https:\/\/i0.wp.com\/www.ellensailing.se\/wp-content\/uploads\/2020\/07\/D441B71A-669D-4E14-9DF8-C3B109BE9308-scaled.jpeg?resize=768%2C576&amp;ssl=1 768w, https:\/\/i0.wp.com\/www.ellensailing.se\/wp-content\/uploads\/2020\/07\/D441B71A-669D-4E14-9DF8-C3B109BE9308-scaled.jpeg?w=1680&amp;ssl=1 1680w, https:\/\/i0.wp.com\/www.ellensailing.se\/wp-content\/uploads\/2020\/07\/D441B71A-669D-4E14-9DF8-C3B109BE9308-scaled.jpeg?w=2520&amp;ssl=1 2520w\" sizes=\"(max-width: 579px) 100vw, 579px\" \/><figcaption>Potatis pizza med massa vitl\u00f6k<\/figcaption><\/figure>\n\n\n\n<figure class=\"wp-block-image size-large\"><img data-recalc-dims=\"1\" loading=\"lazy\" decoding=\"async\" width=\"840\" height=\"630\" src=\"https:\/\/i0.wp.com\/www.ellensailing.se\/wp-content\/uploads\/2020\/07\/D1AD3E7C-33FE-438A-B561-A3B975EA46AA.jpeg?resize=840%2C630&#038;ssl=1\" alt=\"\" class=\"wp-image-2898\" srcset=\"https:\/\/i0.wp.com\/www.ellensailing.se\/wp-content\/uploads\/2020\/07\/D1AD3E7C-33FE-438A-B561-A3B975EA46AA-scaled.jpeg?resize=1024%2C768&amp;ssl=1 1024w, https:\/\/i0.wp.com\/www.ellensailing.se\/wp-content\/uploads\/2020\/07\/D1AD3E7C-33FE-438A-B561-A3B975EA46AA-scaled.jpeg?resize=300%2C225&amp;ssl=1 300w, https:\/\/i0.wp.com\/www.ellensailing.se\/wp-content\/uploads\/2020\/07\/D1AD3E7C-33FE-438A-B561-A3B975EA46AA-scaled.jpeg?resize=768%2C576&amp;ssl=1 768w, https:\/\/i0.wp.com\/www.ellensailing.se\/wp-content\/uploads\/2020\/07\/D1AD3E7C-33FE-438A-B561-A3B975EA46AA-scaled.jpeg?w=1680&amp;ssl=1 1680w, https:\/\/i0.wp.com\/www.ellensailing.se\/wp-content\/uploads\/2020\/07\/D1AD3E7C-33FE-438A-B561-A3B975EA46AA-scaled.jpeg?w=2520&amp;ssl=1 2520w\" sizes=\"(max-width: 840px) 100vw, 840px\" \/><\/figure>\n\n\n\n<figure class=\"wp-block-image size-large\"><img data-recalc-dims=\"1\" loading=\"lazy\" decoding=\"async\" width=\"840\" height=\"630\" src=\"https:\/\/i0.wp.com\/www.ellensailing.se\/wp-content\/uploads\/2020\/07\/698F441D-9F3A-4F57-8586-5EAD444D8ABB.jpeg?resize=840%2C630&#038;ssl=1\" alt=\"\" class=\"wp-image-2905\" srcset=\"https:\/\/i0.wp.com\/www.ellensailing.se\/wp-content\/uploads\/2020\/07\/698F441D-9F3A-4F57-8586-5EAD444D8ABB-scaled.jpeg?resize=1024%2C768&amp;ssl=1 1024w, https:\/\/i0.wp.com\/www.ellensailing.se\/wp-content\/uploads\/2020\/07\/698F441D-9F3A-4F57-8586-5EAD444D8ABB-scaled.jpeg?resize=300%2C225&amp;ssl=1 300w, https:\/\/i0.wp.com\/www.ellensailing.se\/wp-content\/uploads\/2020\/07\/698F441D-9F3A-4F57-8586-5EAD444D8ABB-scaled.jpeg?resize=768%2C576&amp;ssl=1 768w, https:\/\/i0.wp.com\/www.ellensailing.se\/wp-content\/uploads\/2020\/07\/698F441D-9F3A-4F57-8586-5EAD444D8ABB-scaled.jpeg?resize=1536%2C1152&amp;ssl=1 1536w, https:\/\/i0.wp.com\/www.ellensailing.se\/wp-content\/uploads\/2020\/07\/698F441D-9F3A-4F57-8586-5EAD444D8ABB-scaled.jpeg?w=1680&amp;ssl=1 1680w, https:\/\/i0.wp.com\/www.ellensailing.se\/wp-content\/uploads\/2020\/07\/698F441D-9F3A-4F57-8586-5EAD444D8ABB-scaled.jpeg?w=2520&amp;ssl=1 2520w\" sizes=\"(max-width: 840px) 100vw, 840px\" \/><figcaption>Karibien bar med Reggae <\/figcaption><\/figure>\n\n\n\n<p class=\"wp-block-paragraph\">N\u00e4r det \u00e5kt hem s\u00e5 best\u00e4mde vi oss f\u00f6r att segla upp till F\u00e5r\u00f6sund. Vindarna s\u00e5 r\u00e4tt ut f\u00f6r det skall vrida till Nord. Ingen vill g\u00e5 ut i det h\u00e5rda v\u00e4dret men det var helt okej men helt klart en del v\u00e5gor. Det gjorde det hela lite roligare d\u00e5 man kan surfa p\u00e5 dem. Vi loggade 8,5 &#8211; 10,5 hela v\u00e4gen med tv\u00e5 rev och bara stor. J\u00e4ttekul!.<\/p>\n\n\n\n<figure class=\"wp-block-image size-large\"><img data-recalc-dims=\"1\" loading=\"lazy\" decoding=\"async\" width=\"840\" height=\"630\" src=\"https:\/\/i0.wp.com\/www.ellensailing.se\/wp-content\/uploads\/2020\/07\/5AA51FD6-6280-4E04-B920-F44E7DF3669E.jpeg?resize=840%2C630&#038;ssl=1\" alt=\"\" class=\"wp-image-2888\" srcset=\"https:\/\/i0.wp.com\/www.ellensailing.se\/wp-content\/uploads\/2020\/07\/5AA51FD6-6280-4E04-B920-F44E7DF3669E-scaled.jpeg?resize=1024%2C768&amp;ssl=1 1024w, https:\/\/i0.wp.com\/www.ellensailing.se\/wp-content\/uploads\/2020\/07\/5AA51FD6-6280-4E04-B920-F44E7DF3669E-scaled.jpeg?resize=300%2C225&amp;ssl=1 300w, https:\/\/i0.wp.com\/www.ellensailing.se\/wp-content\/uploads\/2020\/07\/5AA51FD6-6280-4E04-B920-F44E7DF3669E-scaled.jpeg?resize=768%2C576&amp;ssl=1 768w, https:\/\/i0.wp.com\/www.ellensailing.se\/wp-content\/uploads\/2020\/07\/5AA51FD6-6280-4E04-B920-F44E7DF3669E-scaled.jpeg?resize=1536%2C1152&amp;ssl=1 1536w, https:\/\/i0.wp.com\/www.ellensailing.se\/wp-content\/uploads\/2020\/07\/5AA51FD6-6280-4E04-B920-F44E7DF3669E-scaled.jpeg?resize=2048%2C1536&amp;ssl=1 2048w, https:\/\/i0.wp.com\/www.ellensailing.se\/wp-content\/uploads\/2020\/07\/5AA51FD6-6280-4E04-B920-F44E7DF3669E-scaled.jpeg?resize=100%2C75&amp;ssl=1 100w, https:\/\/i0.wp.com\/www.ellensailing.se\/wp-content\/uploads\/2020\/07\/5AA51FD6-6280-4E04-B920-F44E7DF3669E-scaled.jpeg?w=1680&amp;ssl=1 1680w, https:\/\/i0.wp.com\/www.ellensailing.se\/wp-content\/uploads\/2020\/07\/5AA51FD6-6280-4E04-B920-F44E7DF3669E-scaled.jpeg?w=2520&amp;ssl=1 2520w\" sizes=\"(max-width: 840px) 100vw, 840px\" \/><figcaption>Jackie p\u00e5 stranden<\/figcaption><\/figure>\n\n\n\n<p class=\"wp-block-paragraph\">I morgon har vi hyrt bil f\u00f6r att ta oss runt p\u00e5 F\u00e5r\u00f6, f\u00e5r lite tanker tillbaka i tiden d\u00e5 vi skulle ta f\u00e4rjan \u00f6ver. \u201d\u00c4r ni helt intelligents befriade\u201d fick vi av en lokalbefolkning n\u00e4r vi tr\u00e4ngde oss i f\u00e4rjek\u00f6n.<\/p>\n","protected":false},"excerpt":{"rendered":"<p>Segla ifr\u00e5n Visby i morse d\u00e5 v\u00e5r tamp i land, en 18 mm Liros ryckts av klockan 5 p\u00e5 morgonen.[&#8230;]<\/p>\n","protected":false},"author":1,"featured_media":2904,"comment_status":"open","ping_status":"open","sticky":false,"template":"","format":"standard","meta":{"_jetpack_newsletter_access":"","_jetpack_dont_email_post_to_subs":false,"_jetpack_newsletter_tier_id":0,"_jetpack_memberships_contains_paywalled_content":false,"_jetpack_feature_clip_id":0,"_jetpack_memberships_contains_paid_content":false,"footnotes":"","jetpack_publicize_message":"","jetpack_publicize_feature_enabled":true,"jetpack_social_post_already_shared":true,"jetpack_social_options":{"image_generator_settings":{"template":"highway","default_image_id":0,"font":"","enabled":false},"version":2},"jetpack_post_was_ever_published":false},"categories":[27],"tags":[],"class_list":["post-2913","post","type-post","status-publish","format-standard","has-post-thumbnail","hentry","category-segling-2020"],"jetpack_publicize_connections":[],"jetpack_featured_media_url":"https:\/\/i0.wp.com\/www.ellensailing.se\/wp-content\/uploads\/2020\/07\/A6B8C97B-663E-405D-8EB2-8D1EF46384E5-scaled.jpeg?fit=1920%2C2560&ssl=1","jetpack_sharing_enabled":true,"jetpack_shortlink":"https:\/\/wp.me\/p5G68R-KZ","jetpack-related-posts":[{"id":2875,"url":"https:\/\/www.ellensailing.se\/?p=2875","url_meta":{"origin":2913,"position":0},"title":"\u00d6land och Kalmar","author":"peter@ellensailing.se","date":"23 juli, 2020","format":false,"excerpt":"Vi fortsatte efter Harstena ner till Bok\u00f6. Ganska kort bit men k\u00e4nde att det var dags att r\u00f6ra oss. Det var lite v\u00e4l mycket b\u00e5tar d\u00e4r. P\u00e5 M\u00f6rk\u00f6 s\u00e5 var det inte m\u00e5nga b\u00e5tar, vilket var sk\u00f6nt. Efter M\u00f6rk\u00f6 s\u00e5 kryssade vi ut p\u00e5 havet och hade en makal\u00f6s fin\u2026","rel":"","context":"I \u201dSegling 2020\u201d","block_context":{"text":"Segling 2020","link":"https:\/\/www.ellensailing.se\/?cat=27"},"img":{"alt_text":"","src":"https:\/\/i0.wp.com\/www.ellensailing.se\/wp-content\/uploads\/2020\/07\/img_0278-13-scaled.jpg?fit=1200%2C900&ssl=1&resize=350%2C200","width":350,"height":200,"srcset":"https:\/\/i0.wp.com\/www.ellensailing.se\/wp-content\/uploads\/2020\/07\/img_0278-13-scaled.jpg?fit=1200%2C900&ssl=1&resize=350%2C200 1x, https:\/\/i0.wp.com\/www.ellensailing.se\/wp-content\/uploads\/2020\/07\/img_0278-13-scaled.jpg?fit=1200%2C900&ssl=1&resize=525%2C300 1.5x, https:\/\/i0.wp.com\/www.ellensailing.se\/wp-content\/uploads\/2020\/07\/img_0278-13-scaled.jpg?fit=1200%2C900&ssl=1&resize=700%2C400 2x, https:\/\/i0.wp.com\/www.ellensailing.se\/wp-content\/uploads\/2020\/07\/img_0278-13-scaled.jpg?fit=1200%2C900&ssl=1&resize=1050%2C600 3x"},"classes":[]},{"id":3162,"url":"https:\/\/www.ellensailing.se\/?p=3162","url_meta":{"origin":2913,"position":1},"title":"Ag\u00f6n, \u00d6regrund och Arholma","author":"peter@ellensailing.se","date":"20 juli, 2021","format":false,"excerpt":"Allt s\u00e5g perfekt ut, en perfekt plan men det \u00e4r inte alltid det blir som man planerat. Efter Mellanfj\u00e4rd seglade vi ner till Ag\u00f6n som skulle vara v\u00e5r utg\u00e5ngsplats f\u00f6r seglingen ner till \u00d6regrund. Ag\u00f6n ligger utanf\u00f6r Hudiksvall och det var h\u00e4r v\u00e5rt drev pajade. Mellanfj\u00e4rd Seglingen ditner var som\u2026","rel":"","context":"I \u201dSegling 2021\u201d","block_context":{"text":"Segling 2021","link":"https:\/\/www.ellensailing.se\/?cat=28"},"img":{"alt_text":"","src":"https:\/\/i0.wp.com\/www.ellensailing.se\/wp-content\/uploads\/2021\/07\/img_0379-1-scaled.jpg?fit=1200%2C900&ssl=1&resize=350%2C200","width":350,"height":200,"srcset":"https:\/\/i0.wp.com\/www.ellensailing.se\/wp-content\/uploads\/2021\/07\/img_0379-1-scaled.jpg?fit=1200%2C900&ssl=1&resize=350%2C200 1x, https:\/\/i0.wp.com\/www.ellensailing.se\/wp-content\/uploads\/2021\/07\/img_0379-1-scaled.jpg?fit=1200%2C900&ssl=1&resize=525%2C300 1.5x, https:\/\/i0.wp.com\/www.ellensailing.se\/wp-content\/uploads\/2021\/07\/img_0379-1-scaled.jpg?fit=1200%2C900&ssl=1&resize=700%2C400 2x, https:\/\/i0.wp.com\/www.ellensailing.se\/wp-content\/uploads\/2021\/07\/img_0379-1-scaled.jpg?fit=1200%2C900&ssl=1&resize=1050%2C600 3x"},"classes":[]},{"id":2823,"url":"https:\/\/www.ellensailing.se\/?p=2823","url_meta":{"origin":2913,"position":2},"title":"Segling i \u00d6stersj\u00f6n","author":"peter@ellensailing.se","date":"18 juli, 2020","format":false,"excerpt":"Efter v\u00e5r lilla tour i M\u00e4laren som slussade vi ut p\u00e5 tisdagen. Vi fick v\u00e4nta en hel del i S\u00f6dert\u00e4lje kanal d\u00e5 tv\u00e5 stora b\u00e5tar skulle komma in. Slussen blev helt full s\u00e5 det tog lite tid innan alla kunde checka in. Ellen i slussen, Rolf Gr\u00f6nmark har tagit bilden.\u2026","rel":"","context":"I \u201dSegling 2020\u201d","block_context":{"text":"Segling 2020","link":"https:\/\/www.ellensailing.se\/?cat=27"},"img":{"alt_text":"","src":"https:\/\/i0.wp.com\/www.ellensailing.se\/wp-content\/uploads\/2020\/07\/IMG_0251-scaled.jpg?fit=1200%2C900&ssl=1&resize=350%2C200","width":350,"height":200,"srcset":"https:\/\/i0.wp.com\/www.ellensailing.se\/wp-content\/uploads\/2020\/07\/IMG_0251-scaled.jpg?fit=1200%2C900&ssl=1&resize=350%2C200 1x, https:\/\/i0.wp.com\/www.ellensailing.se\/wp-content\/uploads\/2020\/07\/IMG_0251-scaled.jpg?fit=1200%2C900&ssl=1&resize=525%2C300 1.5x, https:\/\/i0.wp.com\/www.ellensailing.se\/wp-content\/uploads\/2020\/07\/IMG_0251-scaled.jpg?fit=1200%2C900&ssl=1&resize=700%2C400 2x, https:\/\/i0.wp.com\/www.ellensailing.se\/wp-content\/uploads\/2020\/07\/IMG_0251-scaled.jpg?fit=1200%2C900&ssl=1&resize=1050%2C600 3x"},"classes":[]},{"id":3310,"url":"https:\/\/www.ellensailing.se\/?p=3310","url_meta":{"origin":2913,"position":3},"title":"Premi\u00e4rturen fr\u00e5n \u00d6regrund","author":"peter@ellensailing.se","date":"23 april, 2023","format":false,"excerpt":"Start fr\u00e5n \u00d6regrund D\u00e5 var vi \u00e4ntligen ig\u00e5ng igen! I helgen s\u00e5 seglade vi ner Ellen fr\u00e5n sin hemmahamn \u00f6ver vintern ner till Hundudden. Fredagen bj\u00f6d inte p\u00e5 n\u00e5gon bl\u00e5st s\u00e5 det blev att tuffa motor ner till Grisslehamns yttrehamn. Som vanligt n\u00e4r vi \u00e4r d\u00e4r s\u00e5 \u00e4r vi sj\u00e4lva.\u2026","rel":"","context":"I \u201dSegling 2023\u201d","block_context":{"text":"Segling 2023","link":"https:\/\/www.ellensailing.se\/?cat=31"},"img":{"alt_text":"","src":"https:\/\/i0.wp.com\/www.ellensailing.se\/wp-content\/uploads\/2023\/04\/IMG_2581-scaled.jpg?fit=1200%2C900&ssl=1&resize=350%2C200","width":350,"height":200,"srcset":"https:\/\/i0.wp.com\/www.ellensailing.se\/wp-content\/uploads\/2023\/04\/IMG_2581-scaled.jpg?fit=1200%2C900&ssl=1&resize=350%2C200 1x, https:\/\/i0.wp.com\/www.ellensailing.se\/wp-content\/uploads\/2023\/04\/IMG_2581-scaled.jpg?fit=1200%2C900&ssl=1&resize=525%2C300 1.5x, https:\/\/i0.wp.com\/www.ellensailing.se\/wp-content\/uploads\/2023\/04\/IMG_2581-scaled.jpg?fit=1200%2C900&ssl=1&resize=700%2C400 2x, https:\/\/i0.wp.com\/www.ellensailing.se\/wp-content\/uploads\/2023\/04\/IMG_2581-scaled.jpg?fit=1200%2C900&ssl=1&resize=1050%2C600 3x"},"classes":[]},{"id":2758,"url":"https:\/\/www.ellensailing.se\/?p=2758","url_meta":{"origin":2913,"position":4},"title":"Nu b\u00f6rjar \u00e4ntligen semestern","author":"peter@ellensailing.se","date":"10 juli, 2020","format":false,"excerpt":"S\u00e5 sk\u00f6nt efter denna v\u00e5r att f\u00e5 semester. Allt som h\u00e4nt med pandemi och jobb hemifr\u00e5n \u00e4r det sk\u00f6nt att komma till sitt andra hem, Ellen. Inga planer \u00e4r best\u00e4mda vart vi skall n\u00e5gonstans f\u00f6rutom att vi i morgon skall till Kungs\u00e4ngen och h\u00e4lsa p\u00e5 Ultimo som varit ute och\u2026","rel":"","context":"I \u201dSegling 2020\u201d","block_context":{"text":"Segling 2020","link":"https:\/\/www.ellensailing.se\/?cat=27"},"img":{"alt_text":"","src":"https:\/\/i0.wp.com\/www.ellensailing.se\/wp-content\/uploads\/2020\/07\/IMG_3796-rotated.jpg?fit=1200%2C900&ssl=1&resize=350%2C200","width":350,"height":200,"srcset":"https:\/\/i0.wp.com\/www.ellensailing.se\/wp-content\/uploads\/2020\/07\/IMG_3796-rotated.jpg?fit=1200%2C900&ssl=1&resize=350%2C200 1x, https:\/\/i0.wp.com\/www.ellensailing.se\/wp-content\/uploads\/2020\/07\/IMG_3796-rotated.jpg?fit=1200%2C900&ssl=1&resize=525%2C300 1.5x, https:\/\/i0.wp.com\/www.ellensailing.se\/wp-content\/uploads\/2020\/07\/IMG_3796-rotated.jpg?fit=1200%2C900&ssl=1&resize=700%2C400 2x, https:\/\/i0.wp.com\/www.ellensailing.se\/wp-content\/uploads\/2020\/07\/IMG_3796-rotated.jpg?fit=1200%2C900&ssl=1&resize=1050%2C600 3x"},"classes":[]},{"id":3087,"url":"https:\/\/www.ellensailing.se\/?p=3087","url_meta":{"origin":2913,"position":5},"title":"H\u00f6gakusten! Varf\u00f6r inte gjort detta tidigare.","author":"peter@ellensailing.se","date":"7 juli, 2021","format":false,"excerpt":"Vi har nu ankrat i Norrf\u00e4llsvikens hamn. Ja, kanske inte vad vi l\u00e4ngtar efter men v\u00e4ldigt fint. Vi delar hamnanl\u00e4ggningen med en Camping med vad det nu inneb\u00e4r, men otroligt fint och v\u00e4ldigt pitoreskt. Vi var ig\u00e5r vid Lustholmen som \u00e4r H\u00e4r\u00f6sands segels\u00e4llskaps klubbholme. Det var otroligt fint och v\u00e4ldigt\u2026","rel":"","context":"I \u201dSegling 2021\u201d","block_context":{"text":"Segling 2021","link":"https:\/\/www.ellensailing.se\/?cat=28"},"img":{"alt_text":"","src":"https:\/\/i0.wp.com\/www.ellensailing.se\/wp-content\/uploads\/2021\/07\/Hogakustenbron.jpg?fit=640%2C480&ssl=1&resize=350%2C200","width":350,"height":200,"srcset":"https:\/\/i0.wp.com\/www.ellensailing.se\/wp-content\/uploads\/2021\/07\/Hogakustenbron.jpg?fit=640%2C480&ssl=1&resize=350%2C200 1x, https:\/\/i0.wp.com\/www.ellensailing.se\/wp-content\/uploads\/2021\/07\/Hogakustenbron.jpg?fit=640%2C480&ssl=1&resize=525%2C300 1.5x"},"classes":[]}],"jetpack_likes_enabled":false,"_links":{"self":[{"href":"https:\/\/www.ellensailing.se\/index.php?rest_route=\/wp\/v2\/posts\/2913","targetHints":{"allow":["GET"]}}],"collection":[{"href":"https:\/\/www.ellensailing.se\/index.php?rest_route=\/wp\/v2\/posts"}],"about":[{"href":"https:\/\/www.ellensailing.se\/index.php?rest_route=\/wp\/v2\/types\/post"}],"author":[{"embeddable":true,"href":"https:\/\/www.ellensailing.se\/index.php?rest_route=\/wp\/v2\/users\/1"}],"replies":[{"embeddable":true,"href":"https:\/\/www.ellensailing.se\/index.php?rest_route=%2Fwp%2Fv2%2Fcomments&post=2913"}],"version-history":[{"count":5,"href":"https:\/\/www.ellensailing.se\/index.php?rest_route=\/wp\/v2\/posts\/2913\/revisions"}],"predecessor-version":[{"id":2920,"href":"https:\/\/www.ellensailing.se\/index.php?rest_route=\/wp\/v2\/posts\/2913\/revisions\/2920"}],"wp:featuredmedia":[{"embeddable":true,"href":"https:\/\/www.ellensailing.se\/index.php?rest_route=\/wp\/v2\/media\/2904"}],"wp:attachment":[{"href":"https:\/\/www.ellensailing.se\/index.php?rest_route=%2Fwp%2Fv2%2Fmedia&parent=2913"}],"wp:term":[{"taxonomy":"category","embeddable":true,"href":"https:\/\/www.ellensailing.se\/index.php?rest_route=%2Fwp%2Fv2%2Fcategories&post=2913"},{"taxonomy":"post_tag","embeddable":true,"href":"https:\/\/www.ellensailing.se\/index.php?rest_route=%2Fwp%2Fv2%2Ftags&post=2913"}],"curies":[{"name":"wp","href":"https:\/\/api.w.org\/{rel}","templated":true}]}}