{"id":288,"date":"2015-03-21T23:24:48","date_gmt":"2015-03-21T22:24:48","guid":{"rendered":"https:\/\/www.ellensailing.se\/?p=288"},"modified":"2015-03-22T08:17:28","modified_gmt":"2015-03-22T07:17:28","slug":"livflotteovning-i-akersberga","status":"publish","type":"post","link":"https:\/\/www.ellensailing.se\/?p=288","title":{"rendered":"Livflotte\u00f6vning i \u00c5kersberga"},"content":{"rendered":"<p>Ytterligare en nyttig \u00f6vning med Oceanseglingsklubben. Denna g\u00e5ng handlade om att kunna hantera en n\u00f6dsituation och kunna hantera livflotten. Har haft livflotte i m\u00e5nga \u00e5r men aldrig anv\u00e4nt den, vilket \u00e4r bra i och f\u00f6r sig. Men om n\u00e5got h\u00e4nder vad g\u00f6r man d\u00e5 och hur ser det ut inne i flotten. Hur tar man sig upp?<\/p>\n<p>M\u00e5nga svar fick vi idag. Man skall dock komma ih\u00e5g att det \u00e4r bas\u00e4ng med inga v\u00e5gor. Hur sv\u00e5rt blir det i 4 meters v\u00e5gor? S\u00e4kert betydligt v\u00e4rre, men man har nog lite adrenalinp\u00e5lsag d\u00e5. Det h\u00e4r borda alla g\u00f6ra som seglar p\u00e5 v\u00e5ra hav, \u00e4ven f\u00f6r de som bara seglar i \u00d6stersj\u00f6n. Linan som gick fr\u00e5n botten p\u00e5 flotten som man kunde dra sig upp med var perfekt att tas sig upp med.<\/p>\n<p>Bra ocks\u00e5 att man f\u00e5r tips om hur man tar upp en medvetsl\u00f6s person med hj\u00e4lp av tep\u00e5se metoden. Det funkade ju riktigt bra, se slutet av filmen (kommer snart n\u00e4r jag har kommit p\u00e5 hur man g\u00f6r med WordPress).<span id=\"transmark\"><\/span><\/p>\n<p><span class=\"embed-youtube\" style=\"text-align:center; display: block;\"><iframe class=\"youtube-player\" width=\"840\" height=\"473\" src=\"https:\/\/www.youtube.com\/embed\/zOnenFzppzY?version=3&#038;rel=1&#038;showsearch=0&#038;showinfo=1&#038;iv_load_policy=1&#038;fs=1&#038;hl=sv-SE&#038;autohide=2&#038;wmode=transparent\" allowfullscreen=\"true\" style=\"border:0;\" sandbox=\"allow-scripts allow-same-origin allow-popups allow-presentation allow-popups-to-escape-sandbox\"><\/iframe><\/span><\/p>\n<figure id=\"attachment_292\" aria-describedby=\"caption-attachment-292\" style=\"width: 680px\" class=\"wp-caption alignleft\"><a href=\"https:\/\/i0.wp.com\/www.ellensailing.se\/wp-content\/uploads\/2015\/03\/GOPR0044.jpg?ssl=1\"><img data-recalc-dims=\"1\" fetchpriority=\"high\" decoding=\"async\" class=\"wp-image-292 size-large\" src=\"https:\/\/i0.wp.com\/www.ellensailing.se\/wp-content\/uploads\/2015\/03\/GOPR0044.jpg?resize=680%2C510&#038;ssl=1\" alt=\"DCIM100GOPRO\" width=\"680\" height=\"510\" srcset=\"https:\/\/i0.wp.com\/www.ellensailing.se\/wp-content\/uploads\/2015\/03\/GOPR0044.jpg?resize=1024%2C768&amp;ssl=1 1024w, https:\/\/i0.wp.com\/www.ellensailing.se\/wp-content\/uploads\/2015\/03\/GOPR0044.jpg?resize=300%2C225&amp;ssl=1 300w, https:\/\/i0.wp.com\/www.ellensailing.se\/wp-content\/uploads\/2015\/03\/GOPR0044.jpg?w=1680&amp;ssl=1 1680w, https:\/\/i0.wp.com\/www.ellensailing.se\/wp-content\/uploads\/2015\/03\/GOPR0044.jpg?w=2520&amp;ssl=1 2520w\" sizes=\"(max-width: 680px) 100vw, 680px\" \/><\/a><figcaption id=\"caption-attachment-292\" class=\"wp-caption-text\">Det ser ut att vara kallt, men Hans, det \u00e4r 27 grader&#8230;<\/figcaption><\/figure>\n<figure id=\"attachment_291\" aria-describedby=\"caption-attachment-291\" style=\"width: 680px\" class=\"wp-caption alignleft\"><a href=\"https:\/\/i0.wp.com\/www.ellensailing.se\/wp-content\/uploads\/2015\/03\/GOPR0038.jpg?ssl=1\"><img data-recalc-dims=\"1\" decoding=\"async\" class=\"wp-image-291 size-large\" src=\"https:\/\/i0.wp.com\/www.ellensailing.se\/wp-content\/uploads\/2015\/03\/GOPR0038.jpg?resize=680%2C510&#038;ssl=1\" alt=\"DCIM100GOPRO\" width=\"680\" height=\"510\" srcset=\"https:\/\/i0.wp.com\/www.ellensailing.se\/wp-content\/uploads\/2015\/03\/GOPR0038.jpg?resize=1024%2C768&amp;ssl=1 1024w, https:\/\/i0.wp.com\/www.ellensailing.se\/wp-content\/uploads\/2015\/03\/GOPR0038.jpg?resize=300%2C225&amp;ssl=1 300w, https:\/\/i0.wp.com\/www.ellensailing.se\/wp-content\/uploads\/2015\/03\/GOPR0038.jpg?w=1680&amp;ssl=1 1680w, https:\/\/i0.wp.com\/www.ellensailing.se\/wp-content\/uploads\/2015\/03\/GOPR0038.jpg?w=2520&amp;ssl=1 2520w\" sizes=\"(max-width: 680px) 100vw, 680px\" \/><\/a><figcaption id=\"caption-attachment-291\" class=\"wp-caption-text\">Skulle vara bra med grenband!<\/figcaption><\/figure>\n<p>&nbsp;<\/p>\n<figure id=\"attachment_293\" aria-describedby=\"caption-attachment-293\" style=\"width: 680px\" class=\"wp-caption alignleft\"><a href=\"https:\/\/i0.wp.com\/www.ellensailing.se\/wp-content\/uploads\/2015\/03\/GOPR0039-e1426976432706.jpg?ssl=1\"><img data-recalc-dims=\"1\" decoding=\"async\" class=\"wp-image-293 size-large\" src=\"https:\/\/i0.wp.com\/www.ellensailing.se\/wp-content\/uploads\/2015\/03\/GOPR0039-e1426976432706-768x1024.jpg?resize=680%2C907&#038;ssl=1\" alt=\"Molle v\u00e4st funkade!\" width=\"680\" height=\"907\" srcset=\"https:\/\/i0.wp.com\/www.ellensailing.se\/wp-content\/uploads\/2015\/03\/GOPR0039-e1426976432706.jpg?resize=768%2C1024&amp;ssl=1 768w, https:\/\/i0.wp.com\/www.ellensailing.se\/wp-content\/uploads\/2015\/03\/GOPR0039-e1426976432706.jpg?resize=225%2C300&amp;ssl=1 225w, https:\/\/i0.wp.com\/www.ellensailing.se\/wp-content\/uploads\/2015\/03\/GOPR0039-e1426976432706.jpg?w=1680&amp;ssl=1 1680w, https:\/\/i0.wp.com\/www.ellensailing.se\/wp-content\/uploads\/2015\/03\/GOPR0039-e1426976432706.jpg?w=2520&amp;ssl=1 2520w\" sizes=\"(max-width: 680px) 100vw, 680px\" \/><\/a><figcaption id=\"caption-attachment-293\" class=\"wp-caption-text\">Molle v\u00e4st funkade!<\/figcaption><\/figure>\n<p>&nbsp;<\/p>\n","protected":false},"excerpt":{"rendered":"<p>Ytterligare en nyttig \u00f6vning med Oceanseglingsklubben. Denna g\u00e5ng handlade om att kunna hantera en n\u00f6dsituation och kunna hantera livflotten. Har[&#8230;]<\/p>\n","protected":false},"author":1,"featured_media":289,"comment_status":"open","ping_status":"open","sticky":false,"template":"","format":"standard","meta":{"_jetpack_newsletter_access":"","_jetpack_dont_email_post_to_subs":false,"_jetpack_newsletter_tier_id":0,"_jetpack_memberships_contains_paywalled_content":false,"_jetpack_feature_clip_id":0,"_jetpack_memberships_contains_paid_content":false,"footnotes":"","jetpack_publicize_message":"","jetpack_publicize_feature_enabled":true,"jetpack_social_post_already_shared":true,"jetpack_social_options":{"image_generator_settings":{"template":"highway","default_image_id":0,"font":"","enabled":false},"version":2},"jetpack_post_was_ever_published":false},"categories":[7],"tags":[],"class_list":["post-288","post","type-post","status-publish","format-standard","has-post-thumbnail","hentry","category-oceanseglarkurs"],"jetpack_publicize_connections":[],"jetpack_featured_media_url":"https:\/\/i0.wp.com\/www.ellensailing.se\/wp-content\/uploads\/2015\/03\/GOPR0041.jpg?fit=4000%2C3000&ssl=1","jetpack_sharing_enabled":true,"jetpack_shortlink":"https:\/\/wp.me\/p5G68R-4E","jetpack-related-posts":[{"id":668,"url":"https:\/\/www.ellensailing.se\/?p=668","url_meta":{"origin":288,"position":0},"title":"Arconatr\u00e4ff i Norrviken!","author":"peter@ellensailing.se","date":"30 augusti, 2015","format":false,"excerpt":"I helgen s\u00e5 var det d\u00e5 dags f\u00f6r den \u00e5rliga Arcona tr\u00e4ffen. Alltid lika kul att tr\u00e4ffa s\u00e5 h\u00e4rliga m\u00e4nniskor som \u00e4lskar att segla och \u00e4ven p\u00e5 de b\u00e4sta b\u00e5tarna. Vi m\u00f6ttes upp p\u00e5 fredag kv\u00e4ll f\u00f6r att p\u00e5 l\u00f6rdagen avg\u00f6ra vem som seglar snabbast med sin Arcona. Det \u00e4r\u2026","rel":"","context":"I \u201dSommar 2015\u201d","block_context":{"text":"Sommar 2015","link":"https:\/\/www.ellensailing.se\/?cat=4"},"img":{"alt_text":"","src":"https:\/\/i0.wp.com\/www.ellensailing.se\/wp-content\/uploads\/2015\/08\/IMG_4478.jpg?fit=640%2C480&ssl=1&resize=350%2C200","width":350,"height":200,"srcset":"https:\/\/i0.wp.com\/www.ellensailing.se\/wp-content\/uploads\/2015\/08\/IMG_4478.jpg?fit=640%2C480&ssl=1&resize=350%2C200 1x, https:\/\/i0.wp.com\/www.ellensailing.se\/wp-content\/uploads\/2015\/08\/IMG_4478.jpg?fit=640%2C480&ssl=1&resize=525%2C300 1.5x"},"classes":[]},{"id":3275,"url":"https:\/\/www.ellensailing.se\/?p=3275","url_meta":{"origin":288,"position":1},"title":"Summering 2022","author":"peter@ellensailing.se","date":"4 april, 2023","format":false,"excerpt":"Usch och fy vad d\u00e5liga vi varit p\u00e5 att uppdatera v\u00e5r blogg. H\u00e4r kommer i alla fall en summering av sommarseglingen f\u00f6rra \u00e5ret. Vi b\u00f6rjade v\u00e5r semester den 8 juli och tog oss ut till Bj\u00f6rksk\u00e4r d\u00e4r allt b\u00f6rjade. Vi tr\u00e4ffad Lasse och Helene med sin Ella (Omega 42). Hade\u2026","rel":"","context":"I \u201dSommar 2022\u201d","block_context":{"text":"Sommar 2022","link":"https:\/\/www.ellensailing.se\/?cat=30"},"img":{"alt_text":"","src":"https:\/\/i0.wp.com\/www.ellensailing.se\/wp-content\/uploads\/2023\/04\/IMG_1721-scaled.jpg?fit=1200%2C900&ssl=1&resize=350%2C200","width":350,"height":200,"srcset":"https:\/\/i0.wp.com\/www.ellensailing.se\/wp-content\/uploads\/2023\/04\/IMG_1721-scaled.jpg?fit=1200%2C900&ssl=1&resize=350%2C200 1x, https:\/\/i0.wp.com\/www.ellensailing.se\/wp-content\/uploads\/2023\/04\/IMG_1721-scaled.jpg?fit=1200%2C900&ssl=1&resize=525%2C300 1.5x, https:\/\/i0.wp.com\/www.ellensailing.se\/wp-content\/uploads\/2023\/04\/IMG_1721-scaled.jpg?fit=1200%2C900&ssl=1&resize=700%2C400 2x, https:\/\/i0.wp.com\/www.ellensailing.se\/wp-content\/uploads\/2023\/04\/IMG_1721-scaled.jpg?fit=1200%2C900&ssl=1&resize=1050%2C600 3x"},"classes":[]},{"id":3541,"url":"https:\/\/www.ellensailing.se\/?p=3541","url_meta":{"origin":288,"position":2},"title":"Ellen m\u00f6ter Stella Horizon","author":"peter@ellensailing.se","date":"17 april, 2024","format":false,"excerpt":"Som vi l\u00e4ngtat f\u00f6r att f\u00e5 segla i S\u00f6derhavet. Jag och Jackie tr\u00e4ffade Ola och Jenny under skidresan \u201dLa Dolce Vita\u201d vecka 5 i \u00d6sterrike. Det \u00e4r m\u00e5nga seglare med p\u00e5 dessa skidresor. Vi pratade mycket om S\u00f6derhavet d\u00e5 och dr\u00f6mmar uppst\u00e5r ofta av olika samtal. Mycket vatten har runnit\u2026","rel":"","context":"I \u201dS\u00f6derhavet\u201d","block_context":{"text":"S\u00f6derhavet","link":"https:\/\/www.ellensailing.se\/?cat=33"},"img":{"alt_text":"","src":"https:\/\/i0.wp.com\/www.ellensailing.se\/wp-content\/uploads\/2024\/04\/img_3895-1.jpg?fit=900%2C1200&ssl=1&resize=350%2C200","width":350,"height":200,"srcset":"https:\/\/i0.wp.com\/www.ellensailing.se\/wp-content\/uploads\/2024\/04\/img_3895-1.jpg?fit=900%2C1200&ssl=1&resize=350%2C200 1x, https:\/\/i0.wp.com\/www.ellensailing.se\/wp-content\/uploads\/2024\/04\/img_3895-1.jpg?fit=900%2C1200&ssl=1&resize=525%2C300 1.5x, https:\/\/i0.wp.com\/www.ellensailing.se\/wp-content\/uploads\/2024\/04\/img_3895-1.jpg?fit=900%2C1200&ssl=1&resize=700%2C400 2x"},"classes":[]},{"id":1741,"url":"https:\/\/www.ellensailing.se\/?p=1741","url_meta":{"origin":288,"position":3},"title":"Martinique bjuder p\u00e5 mycket","author":"peter@ellensailing.se","date":"20 januari, 2018","format":false,"excerpt":"Vi seglade till Martinique efter vi vinkat av World ARC en. Det var en fin segling men inte s\u00e5 l\u00e5ngt. Vi har legat b\u00e5de i Le Marin och utanf\u00f6r p\u00e5 ett st\u00e4lle som heter St:Anne. Ute p\u00e5 St:Anne kan man bada och g\u00f6ra vatten s\u00e5 det \u00e4r bra. Vi hyrde\u2026","rel":"","context":"I \u201dV\u00e4stindien 2017-2018\u201d","block_context":{"text":"V\u00e4stindien 2017-2018","link":"https:\/\/www.ellensailing.se\/?cat=24"},"img":{"alt_text":"","src":"https:\/\/i0.wp.com\/www.ellensailing.se\/wp-content\/uploads\/2018\/01\/DSC6057.jpg?fit=1200%2C802&ssl=1&resize=350%2C200","width":350,"height":200,"srcset":"https:\/\/i0.wp.com\/www.ellensailing.se\/wp-content\/uploads\/2018\/01\/DSC6057.jpg?fit=1200%2C802&ssl=1&resize=350%2C200 1x, https:\/\/i0.wp.com\/www.ellensailing.se\/wp-content\/uploads\/2018\/01\/DSC6057.jpg?fit=1200%2C802&ssl=1&resize=525%2C300 1.5x, https:\/\/i0.wp.com\/www.ellensailing.se\/wp-content\/uploads\/2018\/01\/DSC6057.jpg?fit=1200%2C802&ssl=1&resize=700%2C400 2x, https:\/\/i0.wp.com\/www.ellensailing.se\/wp-content\/uploads\/2018\/01\/DSC6057.jpg?fit=1200%2C802&ssl=1&resize=1050%2C600 3x"},"classes":[]},{"id":3046,"url":"https:\/\/www.ellensailing.se\/?p=3046","url_meta":{"origin":288,"position":4},"title":"Kaos f\u00f6rsta veckan p\u00e5 semestern!","author":"peter@ellensailing.se","date":"4 juli, 2021","format":false,"excerpt":"P\u00e5 midsommardagen p\u00e5b\u00f6rjade vi v\u00e5r segling. F\u00f6rsta str\u00e4ckan blev inte l\u00e5ng, bara 1,37NM fr\u00e5n Grepen Marin till \u00d6regrundshamn. Vi l\u00e4mnade alla barnen p\u00e5 landet som fick ta hand om allt. F\u00f6rsta kv\u00e4llen var j\u00e4ttemysig och vi gick ut och \u00e5t p\u00e5 Melkers k\u00f6ttbod, supergott. Dagen efter s\u00e5 gick vi fr\u00e5n\u2026","rel":"","context":"I \u201dSegling 2021\u201d","block_context":{"text":"Segling 2021","link":"https:\/\/www.ellensailing.se\/?cat=28"},"img":{"alt_text":"","src":"https:\/\/i0.wp.com\/www.ellensailing.se\/wp-content\/uploads\/2021\/07\/Sjoraddning3.jpg?fit=640%2C480&ssl=1&resize=350%2C200","width":350,"height":200,"srcset":"https:\/\/i0.wp.com\/www.ellensailing.se\/wp-content\/uploads\/2021\/07\/Sjoraddning3.jpg?fit=640%2C480&ssl=1&resize=350%2C200 1x, https:\/\/i0.wp.com\/www.ellensailing.se\/wp-content\/uploads\/2021\/07\/Sjoraddning3.jpg?fit=640%2C480&ssl=1&resize=525%2C300 1.5x"},"classes":[]},{"id":1805,"url":"https:\/\/www.ellensailing.se\/?p=1805","url_meta":{"origin":288,"position":5},"title":"Dominica, \u00f6n med f\u00f6redetta regnskogar","author":"peter@ellensailing.se","date":"7 februari, 2018","format":false,"excerpt":"Dominica brukar kallas den gr\u00f6na \u00f6n f\u00f6r det regnar och man har en bra jord som n\u00e4stan allt v\u00e4xer p\u00e5. Dominica hetta fr\u00e5n b\u00f6rjan Kubuli innan Columbus anl\u00e4nde p\u00e5 sin andra segling. Han kom en s\u00f6ndag morgon och p\u00e5 latin heter s\u00f6ndag Dominica eller herrens dag, som blev det nya\u2026","rel":"","context":"I \u201dV\u00e4stindien 2017-2018\u201d","block_context":{"text":"V\u00e4stindien 2017-2018","link":"https:\/\/www.ellensailing.se\/?cat=24"},"img":{"alt_text":"","src":"https:\/\/i0.wp.com\/www.ellensailing.se\/wp-content\/uploads\/2018\/02\/51194068-9190-4FFE-8F6C-C476AFCF7C8A.jpeg?fit=1200%2C800&ssl=1&resize=350%2C200","width":350,"height":200,"srcset":"https:\/\/i0.wp.com\/www.ellensailing.se\/wp-content\/uploads\/2018\/02\/51194068-9190-4FFE-8F6C-C476AFCF7C8A.jpeg?fit=1200%2C800&ssl=1&resize=350%2C200 1x, https:\/\/i0.wp.com\/www.ellensailing.se\/wp-content\/uploads\/2018\/02\/51194068-9190-4FFE-8F6C-C476AFCF7C8A.jpeg?fit=1200%2C800&ssl=1&resize=525%2C300 1.5x, https:\/\/i0.wp.com\/www.ellensailing.se\/wp-content\/uploads\/2018\/02\/51194068-9190-4FFE-8F6C-C476AFCF7C8A.jpeg?fit=1200%2C800&ssl=1&resize=700%2C400 2x, https:\/\/i0.wp.com\/www.ellensailing.se\/wp-content\/uploads\/2018\/02\/51194068-9190-4FFE-8F6C-C476AFCF7C8A.jpeg?fit=1200%2C800&ssl=1&resize=1050%2C600 3x"},"classes":[]}],"jetpack_likes_enabled":false,"_links":{"self":[{"href":"https:\/\/www.ellensailing.se\/index.php?rest_route=\/wp\/v2\/posts\/288","targetHints":{"allow":["GET"]}}],"collection":[{"href":"https:\/\/www.ellensailing.se\/index.php?rest_route=\/wp\/v2\/posts"}],"about":[{"href":"https:\/\/www.ellensailing.se\/index.php?rest_route=\/wp\/v2\/types\/post"}],"author":[{"embeddable":true,"href":"https:\/\/www.ellensailing.se\/index.php?rest_route=\/wp\/v2\/users\/1"}],"replies":[{"embeddable":true,"href":"https:\/\/www.ellensailing.se\/index.php?rest_route=%2Fwp%2Fv2%2Fcomments&post=288"}],"version-history":[{"count":5,"href":"https:\/\/www.ellensailing.se\/index.php?rest_route=\/wp\/v2\/posts\/288\/revisions"}],"predecessor-version":[{"id":297,"href":"https:\/\/www.ellensailing.se\/index.php?rest_route=\/wp\/v2\/posts\/288\/revisions\/297"}],"wp:featuredmedia":[{"embeddable":true,"href":"https:\/\/www.ellensailing.se\/index.php?rest_route=\/wp\/v2\/media\/289"}],"wp:attachment":[{"href":"https:\/\/www.ellensailing.se\/index.php?rest_route=%2Fwp%2Fv2%2Fmedia&parent=288"}],"wp:term":[{"taxonomy":"category","embeddable":true,"href":"https:\/\/www.ellensailing.se\/index.php?rest_route=%2Fwp%2Fv2%2Fcategories&post=288"},{"taxonomy":"post_tag","embeddable":true,"href":"https:\/\/www.ellensailing.se\/index.php?rest_route=%2Fwp%2Fv2%2Ftags&post=288"}],"curies":[{"name":"wp","href":"https:\/\/api.w.org\/{rel}","templated":true}]}}