{"id":2875,"date":"2020-07-23T17:21:19","date_gmt":"2020-07-23T15:21:19","guid":{"rendered":"https:\/\/www.ellensailing.se\/?p=2875"},"modified":"2020-07-23T17:21:19","modified_gmt":"2020-07-23T15:21:19","slug":"oland-och-kalmar","status":"publish","type":"post","link":"https:\/\/www.ellensailing.se\/?p=2875","title":{"rendered":"\u00d6land och Kalmar"},"content":{"rendered":"\n<p class=\"wp-block-paragraph\">Vi fortsatte efter Harstena ner till Bok\u00f6. Ganska kort bit men k\u00e4nde att det var dags att r\u00f6ra oss. Det var lite v\u00e4l mycket b\u00e5tar d\u00e4r. P\u00e5 M\u00f6rk\u00f6 s\u00e5 var det inte m\u00e5nga b\u00e5tar, vilket var sk\u00f6nt.<\/p>\n\n\n\n<p class=\"wp-block-paragraph\">Efter M\u00f6rk\u00f6 s\u00e5 kryssade vi ut p\u00e5 havet och hade en makal\u00f6s fin krysstag med varmt v\u00e4der och lagom med vind. Vi seglade ner till V\u00e4stervik. I V\u00e4stervik hade de byggt v\u00e4ldigt fint fast de var inte klara riktigt med nya hamnen som det var t\u00e4nkt i och med Corona. Det kommer nog bli helt fantastiskt n\u00e4r allt blir klart. Vi \u00e5t en mycket god middag p\u00e5 Smugglaren, supergott! Var kvar en dag i V\u00e4stervik f\u00f6r att bunkra lite p\u00e5 gr\u00f6na skylten och p\u00e5 Hemk\u00f6p.<\/p>\n\n\n\n<figure class=\"wp-block-image size-large\"><img data-recalc-dims=\"1\" fetchpriority=\"high\" decoding=\"async\" width=\"840\" height=\"630\" src=\"https:\/\/i0.wp.com\/www.ellensailing.se\/wp-content\/uploads\/2020\/07\/img_0264-16.jpg?resize=840%2C630&#038;ssl=1\" alt=\"\" class=\"wp-image-2877\" srcset=\"https:\/\/i0.wp.com\/www.ellensailing.se\/wp-content\/uploads\/2020\/07\/img_0264-16-scaled.jpg?resize=1024%2C768&amp;ssl=1 1024w, https:\/\/i0.wp.com\/www.ellensailing.se\/wp-content\/uploads\/2020\/07\/img_0264-16-scaled.jpg?resize=300%2C225&amp;ssl=1 300w, https:\/\/i0.wp.com\/www.ellensailing.se\/wp-content\/uploads\/2020\/07\/img_0264-16-scaled.jpg?resize=768%2C576&amp;ssl=1 768w, https:\/\/i0.wp.com\/www.ellensailing.se\/wp-content\/uploads\/2020\/07\/img_0264-16-scaled.jpg?resize=1536%2C1152&amp;ssl=1 1536w, https:\/\/i0.wp.com\/www.ellensailing.se\/wp-content\/uploads\/2020\/07\/img_0264-16-scaled.jpg?w=1680&amp;ssl=1 1680w, https:\/\/i0.wp.com\/www.ellensailing.se\/wp-content\/uploads\/2020\/07\/img_0264-16-scaled.jpg?w=2520&amp;ssl=1 2520w\" sizes=\"(max-width: 840px) 100vw, 840px\" \/><figcaption>Xel\u00e4ns af Vind\u00f6<\/figcaption><\/figure>\n\n\n\n<p class=\"wp-block-paragraph\">Vi tr\u00e4ffade Xel\u00e4ns af Vind\u00f6 (fd Bl\u00e5d\u00e5ren) i V\u00e4stervik och de vill race lite ute p\u00e5 havet. Lite or\u00e4ttvist men de har bra fart i 465:an. De blev ocks\u00e5 medlemmar i Sarc.<\/p>\n\n\n\n<figure class=\"wp-block-image size-large\"><img data-recalc-dims=\"1\" decoding=\"async\" width=\"840\" height=\"630\" src=\"https:\/\/i0.wp.com\/www.ellensailing.se\/wp-content\/uploads\/2020\/07\/E55FC8AE-D6F5-482B-AB5B-6E16B73BB6E5.jpeg?resize=840%2C630&#038;ssl=1\" alt=\"\" class=\"wp-image-2851\" srcset=\"https:\/\/i0.wp.com\/www.ellensailing.se\/wp-content\/uploads\/2020\/07\/E55FC8AE-D6F5-482B-AB5B-6E16B73BB6E5-scaled.jpeg?resize=1024%2C768&amp;ssl=1 1024w, https:\/\/i0.wp.com\/www.ellensailing.se\/wp-content\/uploads\/2020\/07\/E55FC8AE-D6F5-482B-AB5B-6E16B73BB6E5-scaled.jpeg?resize=300%2C225&amp;ssl=1 300w, https:\/\/i0.wp.com\/www.ellensailing.se\/wp-content\/uploads\/2020\/07\/E55FC8AE-D6F5-482B-AB5B-6E16B73BB6E5-scaled.jpeg?resize=768%2C576&amp;ssl=1 768w, https:\/\/i0.wp.com\/www.ellensailing.se\/wp-content\/uploads\/2020\/07\/E55FC8AE-D6F5-482B-AB5B-6E16B73BB6E5-scaled.jpeg?resize=1536%2C1152&amp;ssl=1 1536w, https:\/\/i0.wp.com\/www.ellensailing.se\/wp-content\/uploads\/2020\/07\/E55FC8AE-D6F5-482B-AB5B-6E16B73BB6E5-scaled.jpeg?resize=2048%2C1536&amp;ssl=1 2048w, https:\/\/i0.wp.com\/www.ellensailing.se\/wp-content\/uploads\/2020\/07\/E55FC8AE-D6F5-482B-AB5B-6E16B73BB6E5-scaled.jpeg?resize=100%2C75&amp;ssl=1 100w, https:\/\/i0.wp.com\/www.ellensailing.se\/wp-content\/uploads\/2020\/07\/E55FC8AE-D6F5-482B-AB5B-6E16B73BB6E5-scaled.jpeg?w=1680&amp;ssl=1 1680w, https:\/\/i0.wp.com\/www.ellensailing.se\/wp-content\/uploads\/2020\/07\/E55FC8AE-D6F5-482B-AB5B-6E16B73BB6E5-scaled.jpeg?w=2520&amp;ssl=1 2520w\" sizes=\"(max-width: 840px) 100vw, 840px\" \/><figcaption>Xander gillar att segla<br><\/figcaption><\/figure>\n\n\n\n<p class=\"wp-block-paragraph\">Fr\u00e5n V\u00e4stervik seglade vi ner till \u00d6land och till Sandvik. Ingen bra hamn att ligga i n\u00e4r det bl\u00e5ser v\u00e4st eller Nordv\u00e4st. Guppigt som tusan och vi fick l\u00e4gga om b\u00e5ten n\u00e5gra g\u00e5nger innan det slutade rycka i b\u00e5ten. I Sandvik har det ocks\u00e5 en mycket fin lite gatukrog med fisk d\u00e4r \u00e4ven kungabarnen brukar h\u00e4mta mat.<\/p>\n\n\n\n<figure class=\"wp-block-image size-large\"><img data-recalc-dims=\"1\" decoding=\"async\" width=\"840\" height=\"630\" src=\"https:\/\/i0.wp.com\/www.ellensailing.se\/wp-content\/uploads\/2020\/07\/img_0278-3.jpg?resize=840%2C630&#038;ssl=1\" alt=\"\" class=\"wp-image-2857\" srcset=\"https:\/\/i0.wp.com\/www.ellensailing.se\/wp-content\/uploads\/2020\/07\/img_0278-3-scaled.jpg?resize=1024%2C768&amp;ssl=1 1024w, https:\/\/i0.wp.com\/www.ellensailing.se\/wp-content\/uploads\/2020\/07\/img_0278-3-scaled.jpg?resize=300%2C225&amp;ssl=1 300w, https:\/\/i0.wp.com\/www.ellensailing.se\/wp-content\/uploads\/2020\/07\/img_0278-3-scaled.jpg?resize=768%2C576&amp;ssl=1 768w, https:\/\/i0.wp.com\/www.ellensailing.se\/wp-content\/uploads\/2020\/07\/img_0278-3-scaled.jpg?resize=1536%2C1152&amp;ssl=1 1536w, https:\/\/i0.wp.com\/www.ellensailing.se\/wp-content\/uploads\/2020\/07\/img_0278-3-scaled.jpg?w=1680&amp;ssl=1 1680w, https:\/\/i0.wp.com\/www.ellensailing.se\/wp-content\/uploads\/2020\/07\/img_0278-3-scaled.jpg?w=2520&amp;ssl=1 2520w\" sizes=\"(max-width: 840px) 100vw, 840px\" \/><figcaption>Piren i Sandvik<\/figcaption><\/figure>\n\n\n\n<figure class=\"wp-block-image size-large\"><img data-recalc-dims=\"1\" loading=\"lazy\" decoding=\"async\" width=\"840\" height=\"630\" src=\"https:\/\/i0.wp.com\/www.ellensailing.se\/wp-content\/uploads\/2020\/07\/img_0267-1.jpg?resize=840%2C630&#038;ssl=1\" alt=\"\" class=\"wp-image-2847\" srcset=\"https:\/\/i0.wp.com\/www.ellensailing.se\/wp-content\/uploads\/2020\/07\/img_0267-1-scaled.jpg?resize=1024%2C768&amp;ssl=1 1024w, https:\/\/i0.wp.com\/www.ellensailing.se\/wp-content\/uploads\/2020\/07\/img_0267-1-scaled.jpg?resize=300%2C225&amp;ssl=1 300w, https:\/\/i0.wp.com\/www.ellensailing.se\/wp-content\/uploads\/2020\/07\/img_0267-1-scaled.jpg?resize=768%2C576&amp;ssl=1 768w, https:\/\/i0.wp.com\/www.ellensailing.se\/wp-content\/uploads\/2020\/07\/img_0267-1-scaled.jpg?resize=1536%2C1152&amp;ssl=1 1536w, https:\/\/i0.wp.com\/www.ellensailing.se\/wp-content\/uploads\/2020\/07\/img_0267-1-scaled.jpg?w=1680&amp;ssl=1 1680w, https:\/\/i0.wp.com\/www.ellensailing.se\/wp-content\/uploads\/2020\/07\/img_0267-1-scaled.jpg?w=2520&amp;ssl=1 2520w\" sizes=\"(max-width: 840px) 100vw, 840px\" \/><figcaption>Hovleverant\u00f6ren i Sandvik<\/figcaption><\/figure>\n\n\n\n<p class=\"wp-block-paragraph\">Efter Sandvik seglade vi ner till Kalmar och ligger nu utanp\u00e5 Shaddock, v\u00e5ra kompisar fr\u00e5n OSK. Niklas och Sofie kom p\u00e5 middag vilket var mycket trevligt. Blev mycket snack och trevligt.<\/p>\n\n\n\n<figure class=\"wp-block-image size-large\"><img data-recalc-dims=\"1\" loading=\"lazy\" decoding=\"async\" width=\"840\" height=\"630\" src=\"https:\/\/i0.wp.com\/www.ellensailing.se\/wp-content\/uploads\/2020\/07\/6C34DD50-470C-4267-97AE-8F60268C5497.jpeg?resize=840%2C630&#038;ssl=1\" alt=\"\" class=\"wp-image-2849\" srcset=\"https:\/\/i0.wp.com\/www.ellensailing.se\/wp-content\/uploads\/2020\/07\/6C34DD50-470C-4267-97AE-8F60268C5497-scaled.jpeg?resize=1024%2C768&amp;ssl=1 1024w, https:\/\/i0.wp.com\/www.ellensailing.se\/wp-content\/uploads\/2020\/07\/6C34DD50-470C-4267-97AE-8F60268C5497-scaled.jpeg?resize=300%2C225&amp;ssl=1 300w, https:\/\/i0.wp.com\/www.ellensailing.se\/wp-content\/uploads\/2020\/07\/6C34DD50-470C-4267-97AE-8F60268C5497-scaled.jpeg?resize=768%2C576&amp;ssl=1 768w, https:\/\/i0.wp.com\/www.ellensailing.se\/wp-content\/uploads\/2020\/07\/6C34DD50-470C-4267-97AE-8F60268C5497-scaled.jpeg?resize=1536%2C1152&amp;ssl=1 1536w, https:\/\/i0.wp.com\/www.ellensailing.se\/wp-content\/uploads\/2020\/07\/6C34DD50-470C-4267-97AE-8F60268C5497-scaled.jpeg?resize=2048%2C1536&amp;ssl=1 2048w, https:\/\/i0.wp.com\/www.ellensailing.se\/wp-content\/uploads\/2020\/07\/6C34DD50-470C-4267-97AE-8F60268C5497-scaled.jpeg?resize=100%2C75&amp;ssl=1 100w, https:\/\/i0.wp.com\/www.ellensailing.se\/wp-content\/uploads\/2020\/07\/6C34DD50-470C-4267-97AE-8F60268C5497-scaled.jpeg?w=1680&amp;ssl=1 1680w, https:\/\/i0.wp.com\/www.ellensailing.se\/wp-content\/uploads\/2020\/07\/6C34DD50-470C-4267-97AE-8F60268C5497-scaled.jpeg?w=2520&amp;ssl=1 2520w\" sizes=\"(max-width: 840px) 100vw, 840px\" \/><figcaption>Gamla chunten som nu \u00e4r utbytt!<\/figcaption><\/figure>\n\n\n\n<p class=\"wp-block-paragraph\">Idag \u00e4r det min f\u00f6delsedag och f\u00e5r tacka f\u00f6r att grattis man f\u00e5r fr\u00e5n alla h\u00e5ll. Har meckat lite b\u00e5t idag f\u00f6r vi har haft problem med att batteribanken inte visat r\u00e4tt % tal i displayen. Ringde till Mastervolt som trodde det var chunten som var galen. Jag och Stefan tog deras Bromton cyklar och cyklade till Thermoprodukter som hade en ny hemma. Monterade den nya och vips s\u00e5 fick vi r\u00e4tt v\u00e4rden. K\u00e4nns sk\u00f6nt d\u00e5 vi brottats med detta problem l\u00e4nge. M\u00e5ste s\u00e4ga att Martin p\u00e5 Mastervolt var v\u00e4ldigt hj\u00e4lpsam, tack f\u00f6r det.<\/p>\n","protected":false},"excerpt":{"rendered":"<p>Vi fortsatte efter Harstena ner till Bok\u00f6. Ganska kort bit men k\u00e4nde att det var dags att r\u00f6ra oss. Det[&#8230;]<\/p>\n","protected":false},"author":1,"featured_media":2878,"comment_status":"open","ping_status":"open","sticky":false,"template":"","format":"standard","meta":{"_jetpack_newsletter_access":"","_jetpack_dont_email_post_to_subs":false,"_jetpack_newsletter_tier_id":0,"_jetpack_memberships_contains_paywalled_content":false,"_jetpack_feature_clip_id":0,"_jetpack_memberships_contains_paid_content":false,"footnotes":"","jetpack_publicize_message":"","jetpack_publicize_feature_enabled":true,"jetpack_social_post_already_shared":true,"jetpack_social_options":{"image_generator_settings":{"template":"highway","default_image_id":0,"font":"","enabled":false},"version":2},"jetpack_post_was_ever_published":false},"categories":[27],"tags":[],"class_list":["post-2875","post","type-post","status-publish","format-standard","has-post-thumbnail","hentry","category-segling-2020"],"jetpack_publicize_connections":[],"jetpack_featured_media_url":"https:\/\/i0.wp.com\/www.ellensailing.se\/wp-content\/uploads\/2020\/07\/img_0278-13-scaled.jpg?fit=2560%2C1920&ssl=1","jetpack_sharing_enabled":true,"jetpack_shortlink":"https:\/\/wp.me\/p5G68R-Kn","jetpack-related-posts":[{"id":2913,"url":"https:\/\/www.ellensailing.se\/?p=2913","url_meta":{"origin":2875,"position":0},"title":"Rycka loss!","author":"peter@ellensailing.se","date":"30 juli, 2020","format":false,"excerpt":"Segla ifr\u00e5n Visby i morse d\u00e5 v\u00e5r tamp i land, en 18 mm Liros ryckts av klockan 5 p\u00e5 morgonen. Det var sydv\u00e4st rakt in i hamnen och sj\u00f6n var brutal. Vi hade redan best\u00e4mt oss f\u00f6r att segla upp till F\u00e5r\u00f6sund idag f\u00f6r att det var bra vindar fr\u00e5n\u2026","rel":"","context":"I \u201dSegling 2020\u201d","block_context":{"text":"Segling 2020","link":"https:\/\/www.ellensailing.se\/?cat=27"},"img":{"alt_text":"","src":"https:\/\/i0.wp.com\/www.ellensailing.se\/wp-content\/uploads\/2020\/07\/A6B8C97B-663E-405D-8EB2-8D1EF46384E5-scaled.jpeg?fit=900%2C1200&ssl=1&resize=350%2C200","width":350,"height":200,"srcset":"https:\/\/i0.wp.com\/www.ellensailing.se\/wp-content\/uploads\/2020\/07\/A6B8C97B-663E-405D-8EB2-8D1EF46384E5-scaled.jpeg?fit=900%2C1200&ssl=1&resize=350%2C200 1x, https:\/\/i0.wp.com\/www.ellensailing.se\/wp-content\/uploads\/2020\/07\/A6B8C97B-663E-405D-8EB2-8D1EF46384E5-scaled.jpeg?fit=900%2C1200&ssl=1&resize=525%2C300 1.5x, https:\/\/i0.wp.com\/www.ellensailing.se\/wp-content\/uploads\/2020\/07\/A6B8C97B-663E-405D-8EB2-8D1EF46384E5-scaled.jpeg?fit=900%2C1200&ssl=1&resize=700%2C400 2x"},"classes":[]},{"id":2823,"url":"https:\/\/www.ellensailing.se\/?p=2823","url_meta":{"origin":2875,"position":1},"title":"Segling i \u00d6stersj\u00f6n","author":"peter@ellensailing.se","date":"18 juli, 2020","format":false,"excerpt":"Efter v\u00e5r lilla tour i M\u00e4laren som slussade vi ut p\u00e5 tisdagen. Vi fick v\u00e4nta en hel del i S\u00f6dert\u00e4lje kanal d\u00e5 tv\u00e5 stora b\u00e5tar skulle komma in. Slussen blev helt full s\u00e5 det tog lite tid innan alla kunde checka in. Ellen i slussen, Rolf Gr\u00f6nmark har tagit bilden.\u2026","rel":"","context":"I \u201dSegling 2020\u201d","block_context":{"text":"Segling 2020","link":"https:\/\/www.ellensailing.se\/?cat=27"},"img":{"alt_text":"","src":"https:\/\/i0.wp.com\/www.ellensailing.se\/wp-content\/uploads\/2020\/07\/IMG_0251-scaled.jpg?fit=1200%2C900&ssl=1&resize=350%2C200","width":350,"height":200,"srcset":"https:\/\/i0.wp.com\/www.ellensailing.se\/wp-content\/uploads\/2020\/07\/IMG_0251-scaled.jpg?fit=1200%2C900&ssl=1&resize=350%2C200 1x, https:\/\/i0.wp.com\/www.ellensailing.se\/wp-content\/uploads\/2020\/07\/IMG_0251-scaled.jpg?fit=1200%2C900&ssl=1&resize=525%2C300 1.5x, https:\/\/i0.wp.com\/www.ellensailing.se\/wp-content\/uploads\/2020\/07\/IMG_0251-scaled.jpg?fit=1200%2C900&ssl=1&resize=700%2C400 2x, https:\/\/i0.wp.com\/www.ellensailing.se\/wp-content\/uploads\/2020\/07\/IMG_0251-scaled.jpg?fit=1200%2C900&ssl=1&resize=1050%2C600 3x"},"classes":[]},{"id":1576,"url":"https:\/\/www.ellensailing.se\/?p=1576","url_meta":{"origin":2875,"position":2},"title":"Nu \u00e4r vi p\u00e5 v\u00e4g","author":"peter@ellensailing.se","date":"19 november, 2017","format":false,"excerpt":"Gjorde en ganska bra start och satte upp Code1 vilket beh\u00f6vs i dessa l\u00e4tta vindar. Ligger i framkant av Crusingklassen och b\u00f6rjar n\u00e4rma oss katamaranerna. Om ni vill f\u00f6lja oss s\u00e5 ladda ner YB Races till padda eller telefon och ta ner ARC 2017. D\u00e4r ser ni alla b\u00e5tar \u00f6ver\u2026","rel":"","context":"I \u201dARC 2017\u201d","block_context":{"text":"ARC 2017","link":"https:\/\/www.ellensailing.se\/?cat=23"},"img":{"alt_text":"","src":"https:\/\/i0.wp.com\/www.ellensailing.se\/wp-content\/uploads\/2017\/11\/IMG_0163.png?fit=1200%2C900&ssl=1&resize=350%2C200","width":350,"height":200,"srcset":"https:\/\/i0.wp.com\/www.ellensailing.se\/wp-content\/uploads\/2017\/11\/IMG_0163.png?fit=1200%2C900&ssl=1&resize=350%2C200 1x, https:\/\/i0.wp.com\/www.ellensailing.se\/wp-content\/uploads\/2017\/11\/IMG_0163.png?fit=1200%2C900&ssl=1&resize=525%2C300 1.5x, https:\/\/i0.wp.com\/www.ellensailing.se\/wp-content\/uploads\/2017\/11\/IMG_0163.png?fit=1200%2C900&ssl=1&resize=700%2C400 2x, https:\/\/i0.wp.com\/www.ellensailing.se\/wp-content\/uploads\/2017\/11\/IMG_0163.png?fit=1200%2C900&ssl=1&resize=1050%2C600 3x"},"classes":[]},{"id":1875,"url":"https:\/\/www.ellensailing.se\/?p=1875","url_meta":{"origin":2875,"position":3},"title":"P\u00e5 g\u00e5ng med konstiga vindar och svall fr\u00e5n Nord!","author":"peter@ellensailing.se","date":"4 mars, 2018","format":false,"excerpt":"Vi har haft det kanon i English Harbour ett par dagar och vi verkligen tveksam om vi skulle flytta oss, men vi beh\u00f6vde g\u00f6ra vatten och t\u00f6mma tankar s\u00e5 vi begav oss iv\u00e4g i morse. Anledningen till att vi var tveksamma \u00e4r att vinden skall g\u00f6ra en 360 med sydliga,\u2026","rel":"","context":"I \u201dV\u00e4stindien 2017-2018\u201d","block_context":{"text":"V\u00e4stindien 2017-2018","link":"https:\/\/www.ellensailing.se\/?cat=24"},"img":{"alt_text":"","src":"https:\/\/i0.wp.com\/www.ellensailing.se\/wp-content\/uploads\/2018\/03\/D957C22C-5892-4FCF-90A0-B40520182026.jpeg?fit=1200%2C900&ssl=1&resize=350%2C200","width":350,"height":200,"srcset":"https:\/\/i0.wp.com\/www.ellensailing.se\/wp-content\/uploads\/2018\/03\/D957C22C-5892-4FCF-90A0-B40520182026.jpeg?fit=1200%2C900&ssl=1&resize=350%2C200 1x, https:\/\/i0.wp.com\/www.ellensailing.se\/wp-content\/uploads\/2018\/03\/D957C22C-5892-4FCF-90A0-B40520182026.jpeg?fit=1200%2C900&ssl=1&resize=525%2C300 1.5x, https:\/\/i0.wp.com\/www.ellensailing.se\/wp-content\/uploads\/2018\/03\/D957C22C-5892-4FCF-90A0-B40520182026.jpeg?fit=1200%2C900&ssl=1&resize=700%2C400 2x, https:\/\/i0.wp.com\/www.ellensailing.se\/wp-content\/uploads\/2018\/03\/D957C22C-5892-4FCF-90A0-B40520182026.jpeg?fit=1200%2C900&ssl=1&resize=1050%2C600 3x"},"classes":[]},{"id":649,"url":"https:\/\/www.ellensailing.se\/?p=649","url_meta":{"origin":2875,"position":4},"title":"Fantastik trevlig OSK tr\u00e4ff i helgen!","author":"peter@ellensailing.se","date":"16 augusti, 2015","format":false,"excerpt":"I helgen har vi haft f\u00f6rm\u00e5nen att vara hemma hos Christer och Annika och haft Oceanseglarnas sensommartr\u00e4ff. De \u00e4r s\u00e5 gener\u00f6sa att de st\u00e4ller upp med sitt fina hus och allt jobb som de l\u00e4gger ner med mat etc. Det \u00e4r s\u00e5 kul att tr\u00e4ffa likasinnade som har eller skall\u2026","rel":"","context":"I \u201dSommar 2015\u201d","block_context":{"text":"Sommar 2015","link":"https:\/\/www.ellensailing.se\/?cat=4"},"img":{"alt_text":"","src":"https:\/\/i0.wp.com\/www.ellensailing.se\/wp-content\/uploads\/2015\/08\/DSC_0119.jpg?fit=1200%2C797&ssl=1&resize=350%2C200","width":350,"height":200,"srcset":"https:\/\/i0.wp.com\/www.ellensailing.se\/wp-content\/uploads\/2015\/08\/DSC_0119.jpg?fit=1200%2C797&ssl=1&resize=350%2C200 1x, https:\/\/i0.wp.com\/www.ellensailing.se\/wp-content\/uploads\/2015\/08\/DSC_0119.jpg?fit=1200%2C797&ssl=1&resize=525%2C300 1.5x, https:\/\/i0.wp.com\/www.ellensailing.se\/wp-content\/uploads\/2015\/08\/DSC_0119.jpg?fit=1200%2C797&ssl=1&resize=700%2C400 2x, https:\/\/i0.wp.com\/www.ellensailing.se\/wp-content\/uploads\/2015\/08\/DSC_0119.jpg?fit=1200%2C797&ssl=1&resize=1050%2C600 3x"},"classes":[]},{"id":3310,"url":"https:\/\/www.ellensailing.se\/?p=3310","url_meta":{"origin":2875,"position":5},"title":"Premi\u00e4rturen fr\u00e5n \u00d6regrund","author":"peter@ellensailing.se","date":"23 april, 2023","format":false,"excerpt":"Start fr\u00e5n \u00d6regrund D\u00e5 var vi \u00e4ntligen ig\u00e5ng igen! I helgen s\u00e5 seglade vi ner Ellen fr\u00e5n sin hemmahamn \u00f6ver vintern ner till Hundudden. Fredagen bj\u00f6d inte p\u00e5 n\u00e5gon bl\u00e5st s\u00e5 det blev att tuffa motor ner till Grisslehamns yttrehamn. Som vanligt n\u00e4r vi \u00e4r d\u00e4r s\u00e5 \u00e4r vi sj\u00e4lva.\u2026","rel":"","context":"I \u201dSegling 2023\u201d","block_context":{"text":"Segling 2023","link":"https:\/\/www.ellensailing.se\/?cat=31"},"img":{"alt_text":"","src":"https:\/\/i0.wp.com\/www.ellensailing.se\/wp-content\/uploads\/2023\/04\/IMG_2581-scaled.jpg?fit=1200%2C900&ssl=1&resize=350%2C200","width":350,"height":200,"srcset":"https:\/\/i0.wp.com\/www.ellensailing.se\/wp-content\/uploads\/2023\/04\/IMG_2581-scaled.jpg?fit=1200%2C900&ssl=1&resize=350%2C200 1x, https:\/\/i0.wp.com\/www.ellensailing.se\/wp-content\/uploads\/2023\/04\/IMG_2581-scaled.jpg?fit=1200%2C900&ssl=1&resize=525%2C300 1.5x, https:\/\/i0.wp.com\/www.ellensailing.se\/wp-content\/uploads\/2023\/04\/IMG_2581-scaled.jpg?fit=1200%2C900&ssl=1&resize=700%2C400 2x, https:\/\/i0.wp.com\/www.ellensailing.se\/wp-content\/uploads\/2023\/04\/IMG_2581-scaled.jpg?fit=1200%2C900&ssl=1&resize=1050%2C600 3x"},"classes":[]}],"jetpack_likes_enabled":false,"_links":{"self":[{"href":"https:\/\/www.ellensailing.se\/index.php?rest_route=\/wp\/v2\/posts\/2875","targetHints":{"allow":["GET"]}}],"collection":[{"href":"https:\/\/www.ellensailing.se\/index.php?rest_route=\/wp\/v2\/posts"}],"about":[{"href":"https:\/\/www.ellensailing.se\/index.php?rest_route=\/wp\/v2\/types\/post"}],"author":[{"embeddable":true,"href":"https:\/\/www.ellensailing.se\/index.php?rest_route=\/wp\/v2\/users\/1"}],"replies":[{"embeddable":true,"href":"https:\/\/www.ellensailing.se\/index.php?rest_route=%2Fwp%2Fv2%2Fcomments&post=2875"}],"version-history":[{"count":1,"href":"https:\/\/www.ellensailing.se\/index.php?rest_route=\/wp\/v2\/posts\/2875\/revisions"}],"predecessor-version":[{"id":2880,"href":"https:\/\/www.ellensailing.se\/index.php?rest_route=\/wp\/v2\/posts\/2875\/revisions\/2880"}],"wp:featuredmedia":[{"embeddable":true,"href":"https:\/\/www.ellensailing.se\/index.php?rest_route=\/wp\/v2\/media\/2878"}],"wp:attachment":[{"href":"https:\/\/www.ellensailing.se\/index.php?rest_route=%2Fwp%2Fv2%2Fmedia&parent=2875"}],"wp:term":[{"taxonomy":"category","embeddable":true,"href":"https:\/\/www.ellensailing.se\/index.php?rest_route=%2Fwp%2Fv2%2Fcategories&post=2875"},{"taxonomy":"post_tag","embeddable":true,"href":"https:\/\/www.ellensailing.se\/index.php?rest_route=%2Fwp%2Fv2%2Ftags&post=2875"}],"curies":[{"name":"wp","href":"https:\/\/api.w.org\/{rel}","templated":true}]}}