{"id":284,"date":"2015-03-15T22:39:39","date_gmt":"2015-03-15T21:39:39","guid":{"rendered":"https:\/\/www.ellensailing.se\/?p=284"},"modified":"2015-03-15T22:39:39","modified_gmt":"2015-03-15T21:39:39","slug":"budda-ar-med-oss","status":"publish","type":"post","link":"https:\/\/www.ellensailing.se\/?p=284","title":{"rendered":"Budda \u00e4r med oss!"},"content":{"rendered":"<p>Jackline k\u00f6pte en Budda amulett i Thailnad p\u00e5 templet i Phuket. I och med att vi g\u00f6r genomf\u00f6ringarna tycker hon det \u00e4r viktigt att de skall h\u00e5lla och Budda skall \u00e4ven skydda oss fr\u00e5n att &#8221;sjunka&#8221;.<\/p>\n<p>Det b\u00f6rjar bli mycket udda saker i v\u00e5r b\u00e5t nu&#8230;<\/p>\n","protected":false},"excerpt":{"rendered":"<p>Jackline k\u00f6pte en Budda amulett i Thailnad p\u00e5 templet i Phuket. I och med att vi g\u00f6r genomf\u00f6ringarna tycker hon[&#8230;]<\/p>\n","protected":false},"author":1,"featured_media":285,"comment_status":"open","ping_status":"open","sticky":false,"template":"","format":"standard","meta":{"_jetpack_newsletter_access":"","_jetpack_dont_email_post_to_subs":false,"_jetpack_newsletter_tier_id":0,"_jetpack_memberships_contains_paywalled_content":false,"_jetpack_feature_clip_id":0,"_jetpack_memberships_contains_paid_content":false,"footnotes":"","jetpack_publicize_message":"","jetpack_publicize_feature_enabled":true,"jetpack_social_post_already_shared":true,"jetpack_social_options":{"image_generator_settings":{"template":"highway","default_image_id":0,"font":"","enabled":false},"version":2},"jetpack_post_was_ever_published":false},"categories":[3],"tags":[],"class_list":["post-284","post","type-post","status-publish","format-standard","has-post-thumbnail","hentry","category-baten-pa-land"],"jetpack_publicize_connections":[],"jetpack_featured_media_url":"https:\/\/i0.wp.com\/www.ellensailing.se\/wp-content\/uploads\/2015\/03\/image1-e1426455496281.jpg?fit=1224%2C1631&ssl=1","jetpack_sharing_enabled":true,"jetpack_shortlink":"https:\/\/wp.me\/p5G68R-4A","jetpack-related-posts":[{"id":3564,"url":"https:\/\/www.ellensailing.se\/?p=3564","url_meta":{"origin":284,"position":0},"title":"Framme p\u00e5 b\u00e5ten","author":"peter@ellensailing.se","date":"18 april, 2024","format":false,"excerpt":"Efter 4 dagar p\u00e5 Tahiti s\u00e5 var det dags att ta det lilla planet ut till en atoll. Vid incheckning s\u00e5g hon lite f\u00f6rbryllad ut f\u00f6r hon undrade nog vad en utb\u00f6ling skulle g\u00f6ra d\u00e4r ( f\u00f6r utb\u00f6ling \u00e4r vi ju h\u00e4r). Faaite Vi hade tv\u00e5 mellanlandningar innan vi var\u2026","rel":"","context":"I \u201dS\u00f6derhavet\u201d","block_context":{"text":"S\u00f6derhavet","link":"https:\/\/www.ellensailing.se\/?cat=33"},"img":{"alt_text":"","src":"https:\/\/i0.wp.com\/www.ellensailing.se\/wp-content\/uploads\/2024\/04\/img_3983-1.jpg?fit=1200%2C900&ssl=1&resize=350%2C200","width":350,"height":200,"srcset":"https:\/\/i0.wp.com\/www.ellensailing.se\/wp-content\/uploads\/2024\/04\/img_3983-1.jpg?fit=1200%2C900&ssl=1&resize=350%2C200 1x, https:\/\/i0.wp.com\/www.ellensailing.se\/wp-content\/uploads\/2024\/04\/img_3983-1.jpg?fit=1200%2C900&ssl=1&resize=525%2C300 1.5x, https:\/\/i0.wp.com\/www.ellensailing.se\/wp-content\/uploads\/2024\/04\/img_3983-1.jpg?fit=1200%2C900&ssl=1&resize=700%2C400 2x, https:\/\/i0.wp.com\/www.ellensailing.se\/wp-content\/uploads\/2024\/04\/img_3983-1.jpg?fit=1200%2C900&ssl=1&resize=1050%2C600 3x"},"classes":[]},{"id":2011,"url":"https:\/\/www.ellensailing.se\/?p=2011","url_meta":{"origin":284,"position":1},"title":"Bequia 2.0","author":"peter@ellensailing.se","date":"28 mars, 2018","format":false,"excerpt":"Efter en lyckad och trevlig kv\u00e4ll p\u00e5 Rock Side Caf\u00e9 seglade vi vidare till Bequia. Det var mindre b\u00e5tar h\u00e4r \u00e4n vid Jul men \u00e4nd\u00e5 mycket. Det fylldes dessutom p\u00e5 med m\u00e5nga b\u00e5tar f\u00f6r att p\u00e5 torsdag b\u00f6rjar Bequia Regatta. S\u00e5 m\u00e5nga segelb\u00e5tar \u00e4r d\u00e4r och har b\u00f6rjat tr\u00e4na lite.\u2026","rel":"","context":"I \u201dV\u00e4stindien 2017-2018\u201d","block_context":{"text":"V\u00e4stindien 2017-2018","link":"https:\/\/www.ellensailing.se\/?cat=24"},"img":{"alt_text":"","src":"https:\/\/i0.wp.com\/www.ellensailing.se\/wp-content\/uploads\/2018\/03\/C0857F0E-8F7D-40D0-96A4-00CC85657BCC-e1522266346775.jpeg?fit=1200%2C900&ssl=1&resize=350%2C200","width":350,"height":200,"srcset":"https:\/\/i0.wp.com\/www.ellensailing.se\/wp-content\/uploads\/2018\/03\/C0857F0E-8F7D-40D0-96A4-00CC85657BCC-e1522266346775.jpeg?fit=1200%2C900&ssl=1&resize=350%2C200 1x, https:\/\/i0.wp.com\/www.ellensailing.se\/wp-content\/uploads\/2018\/03\/C0857F0E-8F7D-40D0-96A4-00CC85657BCC-e1522266346775.jpeg?fit=1200%2C900&ssl=1&resize=525%2C300 1.5x, https:\/\/i0.wp.com\/www.ellensailing.se\/wp-content\/uploads\/2018\/03\/C0857F0E-8F7D-40D0-96A4-00CC85657BCC-e1522266346775.jpeg?fit=1200%2C900&ssl=1&resize=700%2C400 2x, https:\/\/i0.wp.com\/www.ellensailing.se\/wp-content\/uploads\/2018\/03\/C0857F0E-8F7D-40D0-96A4-00CC85657BCC-e1522266346775.jpeg?fit=1200%2C900&ssl=1&resize=1050%2C600 3x"},"classes":[]},{"id":334,"url":"https:\/\/www.ellensailing.se\/?p=334","url_meta":{"origin":284,"position":2},"title":"Nu \u00e4r det n\u00e4ra. Allt klart och p\u00e5 fredag \u00e5ker hon i!","author":"peter@ellensailing.se","date":"3 maj, 2015","format":false,"excerpt":"Efter mycket pyssel under hela vintern \u00e4r hon \u00e4ntligen klar f\u00f6r sj\u00f6s\u00e4ttning. Aprilv\u00e4der \u00e4r ingen h\u00f6jdare. Klart som tusen s\u00e5 skall det b\u00f6rja regna n\u00e4r man skall polera b\u00e5ten och dessutom 5 grader varmt och Nordavinden p\u00e5 det. Inte kul, men skam den som ger sig. Idag s\u00f6ndag var det\u2026","rel":"","context":"I \u201dB\u00e5ten p\u00e5 land\u201d","block_context":{"text":"B\u00e5ten p\u00e5 land","link":"https:\/\/www.ellensailing.se\/?cat=3"},"img":{"alt_text":"","src":"https:\/\/i0.wp.com\/www.ellensailing.se\/wp-content\/uploads\/2015\/05\/IMG_4146-e1430676168982.jpg?fit=900%2C1200&ssl=1&resize=350%2C200","width":350,"height":200,"srcset":"https:\/\/i0.wp.com\/www.ellensailing.se\/wp-content\/uploads\/2015\/05\/IMG_4146-e1430676168982.jpg?fit=900%2C1200&ssl=1&resize=350%2C200 1x, https:\/\/i0.wp.com\/www.ellensailing.se\/wp-content\/uploads\/2015\/05\/IMG_4146-e1430676168982.jpg?fit=900%2C1200&ssl=1&resize=525%2C300 1.5x, https:\/\/i0.wp.com\/www.ellensailing.se\/wp-content\/uploads\/2015\/05\/IMG_4146-e1430676168982.jpg?fit=900%2C1200&ssl=1&resize=700%2C400 2x"},"classes":[]},{"id":2018,"url":"https:\/\/www.ellensailing.se\/?p=2018","url_meta":{"origin":284,"position":3},"title":"En h\u00e4rlig kryss ut till Mustique","author":"peter@ellensailing.se","date":"28 mars, 2018","format":false,"excerpt":"Idag har vi kryssat fr\u00e5n Bequia till Mustique som ligger n\u00e4sta \u00f6sterut fr\u00e5n Bequia. Det bl\u00e5ste runt 13 knop och ingen sj\u00f6 alls, s\u00e5 det var som att segla hemma. Ikv\u00e4ll skall vi g\u00e5 musikkv\u00e4ll p\u00e5 Basil Bar eller som den heter nu New Basil Bar. Hela baren och restaurangen\u2026","rel":"","context":"I \u201dV\u00e4stindien 2017-2018\u201d","block_context":{"text":"V\u00e4stindien 2017-2018","link":"https:\/\/www.ellensailing.se\/?cat=24"},"img":{"alt_text":"","src":"https:\/\/i0.wp.com\/www.ellensailing.se\/wp-content\/uploads\/2018\/03\/DCD426E4-0C32-492D-BB53-E06E54C74D73.jpeg?fit=1200%2C900&ssl=1&resize=350%2C200","width":350,"height":200,"srcset":"https:\/\/i0.wp.com\/www.ellensailing.se\/wp-content\/uploads\/2018\/03\/DCD426E4-0C32-492D-BB53-E06E54C74D73.jpeg?fit=1200%2C900&ssl=1&resize=350%2C200 1x, https:\/\/i0.wp.com\/www.ellensailing.se\/wp-content\/uploads\/2018\/03\/DCD426E4-0C32-492D-BB53-E06E54C74D73.jpeg?fit=1200%2C900&ssl=1&resize=525%2C300 1.5x, https:\/\/i0.wp.com\/www.ellensailing.se\/wp-content\/uploads\/2018\/03\/DCD426E4-0C32-492D-BB53-E06E54C74D73.jpeg?fit=1200%2C900&ssl=1&resize=700%2C400 2x, https:\/\/i0.wp.com\/www.ellensailing.se\/wp-content\/uploads\/2018\/03\/DCD426E4-0C32-492D-BB53-E06E54C74D73.jpeg?fit=1200%2C900&ssl=1&resize=1050%2C600 3x"},"classes":[]},{"id":1123,"url":"https:\/\/www.ellensailing.se\/?p=1123","url_meta":{"origin":284,"position":4},"title":"Rallyhandboken har anl\u00e4nt.","author":"peter@ellensailing.se","date":"23 april, 2017","format":false,"excerpt":"Idag h\u00e4mtade vi ut paketet fr\u00e5n posten som inneh\u00f6ll Rallyhandboken med alla instruktioner, s\u00e4kerhetsf\u00f6reskrifter och en massa tips. Blir mycket att l\u00e4sa fram\u00f6ver. Ficka ocks\u00e5 flagga som skall b\u00e4ras p\u00e5 v\u00e4gen ner som ger rabatter p\u00e5 hamnar och att man enkelt hittar andra b\u00e5tar som skall segla \u00f6ver Atlanten. I\u2026","rel":"","context":"I \u201dB\u00e5ten p\u00e5 land\u201d","block_context":{"text":"B\u00e5ten p\u00e5 land","link":"https:\/\/www.ellensailing.se\/?cat=3"},"img":{"alt_text":"","src":"https:\/\/i0.wp.com\/www.ellensailing.se\/wp-content\/uploads\/2017\/04\/IMG_5898-e1492972672894.jpg?fit=480%2C640&ssl=1&resize=350%2C200","width":350,"height":200},"classes":[]},{"id":280,"url":"https:\/\/www.ellensailing.se\/?p=280","url_meta":{"origin":284,"position":5},"title":"\u00c4ntligen har monteringen p\u00e5b\u00f6rjats","author":"peter@ellensailing.se","date":"15 mars, 2015","format":false,"excerpt":"Efter mycket inpassande har vi b\u00f6rjat att montera tillbaka alla genomf\u00f6ringar. I helgen har vi monterat 7 stycken\u00a0och f\u00e5tt p\u00e5 massa med nya slangar. Nu kommer det lukta lite godare i b\u00e5ten framf\u00f6rallt i fr\u00e4mre toan som inte hade gast\u00e4ta slangar. Vi trodde det l\u00e5g en d\u00f6d r\u00e5tta d\u00e4r framme\u2026","rel":"","context":"I \u201dB\u00e5ten p\u00e5 land\u201d","block_context":{"text":"B\u00e5ten p\u00e5 land","link":"https:\/\/www.ellensailing.se\/?cat=3"},"img":{"alt_text":"","src":"https:\/\/i0.wp.com\/www.ellensailing.se\/wp-content\/uploads\/2015\/03\/IMG_3912-e1426454852837.jpg?fit=1200%2C963&ssl=1&resize=350%2C200","width":350,"height":200,"srcset":"https:\/\/i0.wp.com\/www.ellensailing.se\/wp-content\/uploads\/2015\/03\/IMG_3912-e1426454852837.jpg?fit=1200%2C963&ssl=1&resize=350%2C200 1x, https:\/\/i0.wp.com\/www.ellensailing.se\/wp-content\/uploads\/2015\/03\/IMG_3912-e1426454852837.jpg?fit=1200%2C963&ssl=1&resize=525%2C300 1.5x, https:\/\/i0.wp.com\/www.ellensailing.se\/wp-content\/uploads\/2015\/03\/IMG_3912-e1426454852837.jpg?fit=1200%2C963&ssl=1&resize=700%2C400 2x, https:\/\/i0.wp.com\/www.ellensailing.se\/wp-content\/uploads\/2015\/03\/IMG_3912-e1426454852837.jpg?fit=1200%2C963&ssl=1&resize=1050%2C600 3x"},"classes":[]}],"jetpack_likes_enabled":false,"_links":{"self":[{"href":"https:\/\/www.ellensailing.se\/index.php?rest_route=\/wp\/v2\/posts\/284","targetHints":{"allow":["GET"]}}],"collection":[{"href":"https:\/\/www.ellensailing.se\/index.php?rest_route=\/wp\/v2\/posts"}],"about":[{"href":"https:\/\/www.ellensailing.se\/index.php?rest_route=\/wp\/v2\/types\/post"}],"author":[{"embeddable":true,"href":"https:\/\/www.ellensailing.se\/index.php?rest_route=\/wp\/v2\/users\/1"}],"replies":[{"embeddable":true,"href":"https:\/\/www.ellensailing.se\/index.php?rest_route=%2Fwp%2Fv2%2Fcomments&post=284"}],"version-history":[{"count":1,"href":"https:\/\/www.ellensailing.se\/index.php?rest_route=\/wp\/v2\/posts\/284\/revisions"}],"predecessor-version":[{"id":286,"href":"https:\/\/www.ellensailing.se\/index.php?rest_route=\/wp\/v2\/posts\/284\/revisions\/286"}],"wp:featuredmedia":[{"embeddable":true,"href":"https:\/\/www.ellensailing.se\/index.php?rest_route=\/wp\/v2\/media\/285"}],"wp:attachment":[{"href":"https:\/\/www.ellensailing.se\/index.php?rest_route=%2Fwp%2Fv2%2Fmedia&parent=284"}],"wp:term":[{"taxonomy":"category","embeddable":true,"href":"https:\/\/www.ellensailing.se\/index.php?rest_route=%2Fwp%2Fv2%2Fcategories&post=284"},{"taxonomy":"post_tag","embeddable":true,"href":"https:\/\/www.ellensailing.se\/index.php?rest_route=%2Fwp%2Fv2%2Ftags&post=284"}],"curies":[{"name":"wp","href":"https:\/\/api.w.org\/{rel}","templated":true}]}}