{"id":280,"date":"2015-03-15T22:30:00","date_gmt":"2015-03-15T21:30:00","guid":{"rendered":"https:\/\/www.ellensailing.se\/?p=280"},"modified":"2015-03-15T22:30:00","modified_gmt":"2015-03-15T21:30:00","slug":"antligen-har-monteringen-paborjats","status":"publish","type":"post","link":"https:\/\/www.ellensailing.se\/?p=280","title":{"rendered":"\u00c4ntligen har monteringen p\u00e5b\u00f6rjats"},"content":{"rendered":"<p>Efter mycket inpassande har vi b\u00f6rjat att montera tillbaka alla genomf\u00f6ringar. I helgen har vi monterat 7 stycken\u00a0och f\u00e5tt p\u00e5 massa med nya slangar. Nu kommer det lukta lite godare i b\u00e5ten framf\u00f6rallt i fr\u00e4mre toan som inte hade gast\u00e4ta slangar. Vi trodde det l\u00e5g en d\u00f6d r\u00e5tta d\u00e4r framme n\u00e5gonstans, men s\u00e5 var det inte.<\/p>\n<p>Konstigt att saker f\u00f6rsvinner ibland, en slangkl\u00e4mma \u00e4r bara borta och ni som vet hur det skall vara, bli inte oroliga det skall p\u00e5 en till.<\/p>\n<p>Wille har ocks\u00e5 monterat det nya ekolodet, det blir nog bra.<\/p>\n<p>M\u00e5ste s\u00e4ga att det blev riktigt bra, hoppas hon flyter bara n\u00e4r vi sj\u00f6s\u00e4tter&#8230;<\/p>\n","protected":false},"excerpt":{"rendered":"<p>Efter mycket inpassande har vi b\u00f6rjat att montera tillbaka alla genomf\u00f6ringar. I helgen har vi monterat 7 stycken\u00a0och f\u00e5tt p\u00e5[&#8230;]<\/p>\n","protected":false},"author":1,"featured_media":281,"comment_status":"open","ping_status":"open","sticky":false,"template":"","format":"standard","meta":{"_jetpack_newsletter_access":"","_jetpack_dont_email_post_to_subs":false,"_jetpack_newsletter_tier_id":0,"_jetpack_memberships_contains_paywalled_content":false,"_jetpack_feature_clip_id":0,"_jetpack_memberships_contains_paid_content":false,"footnotes":"","jetpack_publicize_message":"","jetpack_publicize_feature_enabled":true,"jetpack_social_post_already_shared":true,"jetpack_social_options":{"image_generator_settings":{"template":"highway","default_image_id":0,"font":"","enabled":false},"version":2},"jetpack_post_was_ever_published":false},"categories":[3],"tags":[],"class_list":["post-280","post","type-post","status-publish","format-standard","has-post-thumbnail","hentry","category-baten-pa-land"],"jetpack_publicize_connections":[],"jetpack_featured_media_url":"https:\/\/i0.wp.com\/www.ellensailing.se\/wp-content\/uploads\/2015\/03\/IMG_3912-e1426454852837.jpg?fit=1219%2C978&ssl=1","jetpack_sharing_enabled":true,"jetpack_shortlink":"https:\/\/wp.me\/p5G68R-4w","jetpack-related-posts":[{"id":190,"url":"https:\/\/www.ellensailing.se\/?p=190","url_meta":{"origin":280,"position":0},"title":"Nya toaslangar \u00e4r monterade","author":"peter@ellensailing.se","date":"31 januari, 2015","format":false,"excerpt":"Nu har jag m\u00e5lat med topcoat s\u00e5 det skall vara fr\u00e4scht under vasken. Monterat nya slangar till toan som \u00e4ven de \u00e4r nya. True Design kommer vi montera som genomf\u00f6ringar. Kommer nog bli ganska bra. Man blir bla bl\u00f6t n\u00e4r sn\u00f6n faller tungt och vinden viner i riggen. Man blir\u2026","rel":"","context":"I \u201dB\u00e5ten p\u00e5 land\u201d","block_context":{"text":"B\u00e5ten p\u00e5 land","link":"https:\/\/www.ellensailing.se\/?cat=3"},"img":{"alt_text":"","src":"https:\/\/i0.wp.com\/www.ellensailing.se\/wp-content\/uploads\/2015\/01\/IMG_3823-e1422716284549.jpg?fit=900%2C1200&ssl=1&resize=350%2C200","width":350,"height":200,"srcset":"https:\/\/i0.wp.com\/www.ellensailing.se\/wp-content\/uploads\/2015\/01\/IMG_3823-e1422716284549.jpg?fit=900%2C1200&ssl=1&resize=350%2C200 1x, https:\/\/i0.wp.com\/www.ellensailing.se\/wp-content\/uploads\/2015\/01\/IMG_3823-e1422716284549.jpg?fit=900%2C1200&ssl=1&resize=525%2C300 1.5x, https:\/\/i0.wp.com\/www.ellensailing.se\/wp-content\/uploads\/2015\/01\/IMG_3823-e1422716284549.jpg?fit=900%2C1200&ssl=1&resize=700%2C400 2x"},"classes":[]},{"id":59,"url":"https:\/\/www.ellensailing.se\/?p=59","url_meta":{"origin":280,"position":1},"title":"B\u00e5tmeckande i Januari","author":"peter@ellensailing.se","date":"18 januari, 2015","format":false,"excerpt":"Har varit en sk\u00f6n helg p\u00e5 landet med en del meckande med b\u00e5ten. SSB och Pactor modemet \u00e4r monterad av frun. Sj\u00e4lv har jag jobbat med genomf\u00f6ringarna och provmonterat alla genomf\u00f6ringar. Ser mycket bra ut tycker jag. Skall topcoata n\u00e4sta vecka s\u00e5 det blir bra. Vissa slangar var inte avsedda\u2026","rel":"","context":"I \u201dB\u00e5ten p\u00e5 land\u201d","block_context":{"text":"B\u00e5ten p\u00e5 land","link":"https:\/\/www.ellensailing.se\/?cat=3"},"img":{"alt_text":"Nya toan","src":"https:\/\/i0.wp.com\/www.ellensailing.se\/wp-content\/uploads\/2015\/01\/IMG_3798-e1421595522288-768x1024.jpg?resize=350%2C200&ssl=1","width":350,"height":200},"classes":[]},{"id":781,"url":"https:\/\/www.ellensailing.se\/?p=781","url_meta":{"origin":280,"position":2},"title":"Underbar b\u00e5tmeckar helg!","author":"peter@ellensailing.se","date":"13 mars, 2016","format":false,"excerpt":"Nu \u00e4r v\u00e5ren \u00e4ntligen h\u00e4r i alla fall. Det har varit helt underbart ute vid varvet. Vi satt mot husv\u00e4ggen och \u00e5t lunch ute f\u00f6r f\u00f6rsta g\u00e5ngen i \u00e5r. I helgen har vi meckat dit nya gasolboxen som rymmer tv\u00e5 PC5:or. Det blev riktigt bra. Passade p\u00e5 att Topcoata om\u2026","rel":"","context":"I \u201dB\u00e5ten p\u00e5 land\u201d","block_context":{"text":"B\u00e5ten p\u00e5 land","link":"https:\/\/www.ellensailing.se\/?cat=3"},"img":{"alt_text":"","src":"https:\/\/i0.wp.com\/www.ellensailing.se\/wp-content\/uploads\/2016\/03\/IMG_5072.jpg?fit=1200%2C900&ssl=1&resize=350%2C200","width":350,"height":200,"srcset":"https:\/\/i0.wp.com\/www.ellensailing.se\/wp-content\/uploads\/2016\/03\/IMG_5072.jpg?fit=1200%2C900&ssl=1&resize=350%2C200 1x, https:\/\/i0.wp.com\/www.ellensailing.se\/wp-content\/uploads\/2016\/03\/IMG_5072.jpg?fit=1200%2C900&ssl=1&resize=525%2C300 1.5x, https:\/\/i0.wp.com\/www.ellensailing.se\/wp-content\/uploads\/2016\/03\/IMG_5072.jpg?fit=1200%2C900&ssl=1&resize=700%2C400 2x, https:\/\/i0.wp.com\/www.ellensailing.se\/wp-content\/uploads\/2016\/03\/IMG_5072.jpg?fit=1200%2C900&ssl=1&resize=1050%2C600 3x"},"classes":[]},{"id":2875,"url":"https:\/\/www.ellensailing.se\/?p=2875","url_meta":{"origin":280,"position":3},"title":"\u00d6land och Kalmar","author":"peter@ellensailing.se","date":"23 juli, 2020","format":false,"excerpt":"Vi fortsatte efter Harstena ner till Bok\u00f6. Ganska kort bit men k\u00e4nde att det var dags att r\u00f6ra oss. Det var lite v\u00e4l mycket b\u00e5tar d\u00e4r. P\u00e5 M\u00f6rk\u00f6 s\u00e5 var det inte m\u00e5nga b\u00e5tar, vilket var sk\u00f6nt. Efter M\u00f6rk\u00f6 s\u00e5 kryssade vi ut p\u00e5 havet och hade en makal\u00f6s fin\u2026","rel":"","context":"I \u201dSegling 2020\u201d","block_context":{"text":"Segling 2020","link":"https:\/\/www.ellensailing.se\/?cat=27"},"img":{"alt_text":"","src":"https:\/\/i0.wp.com\/www.ellensailing.se\/wp-content\/uploads\/2020\/07\/img_0278-13-scaled.jpg?fit=1200%2C900&ssl=1&resize=350%2C200","width":350,"height":200,"srcset":"https:\/\/i0.wp.com\/www.ellensailing.se\/wp-content\/uploads\/2020\/07\/img_0278-13-scaled.jpg?fit=1200%2C900&ssl=1&resize=350%2C200 1x, https:\/\/i0.wp.com\/www.ellensailing.se\/wp-content\/uploads\/2020\/07\/img_0278-13-scaled.jpg?fit=1200%2C900&ssl=1&resize=525%2C300 1.5x, https:\/\/i0.wp.com\/www.ellensailing.se\/wp-content\/uploads\/2020\/07\/img_0278-13-scaled.jpg?fit=1200%2C900&ssl=1&resize=700%2C400 2x, https:\/\/i0.wp.com\/www.ellensailing.se\/wp-content\/uploads\/2020\/07\/img_0278-13-scaled.jpg?fit=1200%2C900&ssl=1&resize=1050%2C600 3x"},"classes":[]},{"id":1584,"url":"https:\/\/www.ellensailing.se\/?p=1584","url_meta":{"origin":280,"position":4},"title":"Dygn 2 &#8211; Fina fisken och h\u00e4rlig segling","author":"peter@ellensailing.se","date":"21 november, 2017","format":false,"excerpt":"Ig\u00e5r efter blogginl\u00e4gget s\u00e5 fick vi upp en fin Maui-Maui p\u00e5 ca tre kilo. Den fick bli till lunch och fil\u00e9ades upp och stektes med ris och Canary Chili s\u00e5s. Mycket gott och f\u00e4rskare kan det inte bli. Vi har seglat SW med Code 1 hela dagen och hela natten.\u2026","rel":"","context":"I \u201dARC 2017\u201d","block_context":{"text":"ARC 2017","link":"https:\/\/www.ellensailing.se\/?cat=23"},"img":{"alt_text":"","src":"","width":0,"height":0},"classes":[]},{"id":1198,"url":"https:\/\/www.ellensailing.se\/?p=1198","url_meta":{"origin":280,"position":5},"title":"Biscaya avklarat och v\u00e5rt f\u00f6rsta tonfisk f\u00e5ngad!","author":"peter@ellensailing.se","date":"7 september, 2017","format":false,"excerpt":"Nu har vi \u00e4ntligen klarat av att korsa Biscaya! Ingen av oss har gjort det f\u00f6rut och det \u00e4r en skr\u00e4ckblandad f\u00f6rtjusning att passera. Har aldrig varit med om att det kan vara s\u00e5 branta klippor mellan 4000 meter djupt till 150 meter p\u00e5 olika st\u00e4llen. F\u00f6rst\u00e5r att det kan\u2026","rel":"","context":"I \u201dH\u00f6st 2017 till Grand Canrias.\u201d","block_context":{"text":"H\u00f6st 2017 till Grand Canrias.","link":"https:\/\/www.ellensailing.se\/?cat=22"},"img":{"alt_text":"","src":"https:\/\/i0.wp.com\/www.ellensailing.se\/wp-content\/uploads\/2017\/09\/DSC2200-e1504768850168.jpg?fit=802%2C1200&ssl=1&resize=350%2C200","width":350,"height":200,"srcset":"https:\/\/i0.wp.com\/www.ellensailing.se\/wp-content\/uploads\/2017\/09\/DSC2200-e1504768850168.jpg?fit=802%2C1200&ssl=1&resize=350%2C200 1x, https:\/\/i0.wp.com\/www.ellensailing.se\/wp-content\/uploads\/2017\/09\/DSC2200-e1504768850168.jpg?fit=802%2C1200&ssl=1&resize=525%2C300 1.5x, https:\/\/i0.wp.com\/www.ellensailing.se\/wp-content\/uploads\/2017\/09\/DSC2200-e1504768850168.jpg?fit=802%2C1200&ssl=1&resize=700%2C400 2x"},"classes":[]}],"jetpack_likes_enabled":false,"_links":{"self":[{"href":"https:\/\/www.ellensailing.se\/index.php?rest_route=\/wp\/v2\/posts\/280","targetHints":{"allow":["GET"]}}],"collection":[{"href":"https:\/\/www.ellensailing.se\/index.php?rest_route=\/wp\/v2\/posts"}],"about":[{"href":"https:\/\/www.ellensailing.se\/index.php?rest_route=\/wp\/v2\/types\/post"}],"author":[{"embeddable":true,"href":"https:\/\/www.ellensailing.se\/index.php?rest_route=\/wp\/v2\/users\/1"}],"replies":[{"embeddable":true,"href":"https:\/\/www.ellensailing.se\/index.php?rest_route=%2Fwp%2Fv2%2Fcomments&post=280"}],"version-history":[{"count":2,"href":"https:\/\/www.ellensailing.se\/index.php?rest_route=\/wp\/v2\/posts\/280\/revisions"}],"predecessor-version":[{"id":283,"href":"https:\/\/www.ellensailing.se\/index.php?rest_route=\/wp\/v2\/posts\/280\/revisions\/283"}],"wp:featuredmedia":[{"embeddable":true,"href":"https:\/\/www.ellensailing.se\/index.php?rest_route=\/wp\/v2\/media\/281"}],"wp:attachment":[{"href":"https:\/\/www.ellensailing.se\/index.php?rest_route=%2Fwp%2Fv2%2Fmedia&parent=280"}],"wp:term":[{"taxonomy":"category","embeddable":true,"href":"https:\/\/www.ellensailing.se\/index.php?rest_route=%2Fwp%2Fv2%2Fcategories&post=280"},{"taxonomy":"post_tag","embeddable":true,"href":"https:\/\/www.ellensailing.se\/index.php?rest_route=%2Fwp%2Fv2%2Ftags&post=280"}],"curies":[{"name":"wp","href":"https:\/\/api.w.org\/{rel}","templated":true}]}}