{"id":2758,"date":"2020-07-10T21:50:19","date_gmt":"2020-07-10T19:50:19","guid":{"rendered":"https:\/\/www.ellensailing.se\/?p=2758"},"modified":"2020-07-10T21:50:19","modified_gmt":"2020-07-10T19:50:19","slug":"nu-borjar-antligen-semestern","status":"publish","type":"post","link":"https:\/\/www.ellensailing.se\/?p=2758","title":{"rendered":"Nu b\u00f6rjar \u00e4ntligen semestern"},"content":{"rendered":"\n<p class=\"wp-block-paragraph\">S\u00e5 sk\u00f6nt efter denna v\u00e5r att f\u00e5 semester. Allt som h\u00e4nt med pandemi och jobb hemifr\u00e5n \u00e4r det sk\u00f6nt att komma till sitt andra hem, Ellen. Inga planer \u00e4r best\u00e4mda vart vi skall n\u00e5gonstans f\u00f6rutom att vi i morgon skall till Kungs\u00e4ngen och h\u00e4lsa p\u00e5 Ultimo som varit ute och seglat i 5 \u00e5r. D\u00e4refter s\u00e5 kommer vi segla ner till Stefan och Vivvi. Efter det s\u00e5 blir det s\u00f6derut genom S\u00f6dert\u00e4lje kanal.<\/p>\n\n\n\n<figure class=\"wp-block-image size-large\"><img data-recalc-dims=\"1\" fetchpriority=\"high\" decoding=\"async\" width=\"840\" height=\"630\" src=\"https:\/\/i0.wp.com\/www.ellensailing.se\/wp-content\/uploads\/2020\/07\/IMG_3796.jpg?resize=840%2C630&#038;ssl=1\" alt=\"\" class=\"wp-image-2761\" srcset=\"https:\/\/i0.wp.com\/www.ellensailing.se\/wp-content\/uploads\/2020\/07\/IMG_3796-rotated.jpg?resize=1024%2C768&amp;ssl=1 1024w, https:\/\/i0.wp.com\/www.ellensailing.se\/wp-content\/uploads\/2020\/07\/IMG_3796-rotated.jpg?resize=300%2C225&amp;ssl=1 300w, https:\/\/i0.wp.com\/www.ellensailing.se\/wp-content\/uploads\/2020\/07\/IMG_3796-rotated.jpg?resize=768%2C576&amp;ssl=1 768w, https:\/\/i0.wp.com\/www.ellensailing.se\/wp-content\/uploads\/2020\/07\/IMG_3796-rotated.jpg?resize=100%2C75&amp;ssl=1 100w, https:\/\/i0.wp.com\/www.ellensailing.se\/wp-content\/uploads\/2020\/07\/IMG_3796-rotated.jpg?w=1280&amp;ssl=1 1280w\" sizes=\"(max-width: 840px) 100vw, 840px\" \/><\/figure>\n\n\n\n<p class=\"wp-block-paragraph\">F\u00f6rsta kv\u00e4llen b\u00f6rjade som vi brukar med lite r\u00e4kor s\u00e5 Xander blir n\u00f6jd och k\u00e4nner sig trygg p\u00e5 b\u00e5ten. Liten muta p\u00e5 en fredagkv\u00e4ll \u00e4r inte dumt. Vi ligger kvar p\u00e5 Hundudden ikv\u00e4ll f\u00f6r det var ingen id\u00e9 att g\u00e5 bort mot broar och slussar d\u00e5 de har sp\u00e4rrtider p\u00e5 vardagseftermiddagar.<\/p>\n\n\n\n<figure class=\"wp-block-image size-large\"><img data-recalc-dims=\"1\" decoding=\"async\" width=\"640\" height=\"480\" src=\"https:\/\/i0.wp.com\/www.ellensailing.se\/wp-content\/uploads\/2020\/07\/IMG_3793.jpg?resize=640%2C480&#038;ssl=1\" alt=\"\" class=\"wp-image-2759\" srcset=\"https:\/\/i0.wp.com\/www.ellensailing.se\/wp-content\/uploads\/2020\/07\/IMG_3793.jpg?w=640&amp;ssl=1 640w, https:\/\/i0.wp.com\/www.ellensailing.se\/wp-content\/uploads\/2020\/07\/IMG_3793.jpg?resize=300%2C225&amp;ssl=1 300w, https:\/\/i0.wp.com\/www.ellensailing.se\/wp-content\/uploads\/2020\/07\/IMG_3793.jpg?resize=100%2C75&amp;ssl=1 100w\" sizes=\"(max-width: 640px) 100vw, 640px\" \/><figcaption>R\u00e4kor \u00e4r gott tycker Xander.<\/figcaption><\/figure>\n\n\n\n<p class=\"wp-block-paragraph\">Vart det b\u00e4r av vet vi inte riktigt nu och allt beror p\u00e5 v\u00e4der och vind. Lite ostadigt s\u00e5 h\u00e4r i b\u00f6rjan men det ser ut att kunna bli str\u00e4ckbog s\u00f6der\u00f6ver i slutet av veckan. F\u00e5r se om vi tar n\u00e5gra l\u00e5ngpass eller inte.<\/p>\n\n\n\n<p class=\"wp-block-paragraph\">Det blir bra ocks\u00e5 att vi har passning av huset av Tobbe som \u00e4r hemma och jobbar. D\u00e5 kan b\u00e5de blommor och Ulla (gr\u00e4sklipparen) f\u00e5 lite passning.<\/p>\n\n\n\n<p class=\"wp-block-paragraph\">K\u00e4nns lite kul att komma ig\u00e5ng att blogga lite igen och ni som f\u00f6ljt oss f\u00f6rut kanske ser av vi har \u00e4ndrat layout p\u00e5 hemsidan, hoppas ni tycker det ser bra ut. Sj\u00e4lv tycker jag det \u00e4r b\u00e4ttre med korta notiser \u00e4n att det blir en l\u00e5ng radda av inl\u00e4gg bara.<\/p>\n\n\n\n<figure class=\"wp-block-image size-large\"><img data-recalc-dims=\"1\" decoding=\"async\" width=\"640\" height=\"480\" src=\"https:\/\/i0.wp.com\/www.ellensailing.se\/wp-content\/uploads\/2020\/07\/IMG_3795.jpg?resize=640%2C480&#038;ssl=1\" alt=\"\" class=\"wp-image-2760\" srcset=\"https:\/\/i0.wp.com\/www.ellensailing.se\/wp-content\/uploads\/2020\/07\/IMG_3795.jpg?w=640&amp;ssl=1 640w, https:\/\/i0.wp.com\/www.ellensailing.se\/wp-content\/uploads\/2020\/07\/IMG_3795.jpg?resize=300%2C225&amp;ssl=1 300w, https:\/\/i0.wp.com\/www.ellensailing.se\/wp-content\/uploads\/2020\/07\/IMG_3795.jpg?resize=100%2C75&amp;ssl=1 100w\" sizes=\"(max-width: 640px) 100vw, 640px\" \/><figcaption>Xander \u00e4r proppm\u00e4tt!<\/figcaption><\/figure>\n","protected":false},"excerpt":{"rendered":"<p>S\u00e5 sk\u00f6nt efter denna v\u00e5r att f\u00e5 semester. Allt som h\u00e4nt med pandemi och jobb hemifr\u00e5n \u00e4r det sk\u00f6nt att[&#8230;]<\/p>\n","protected":false},"author":1,"featured_media":2761,"comment_status":"open","ping_status":"open","sticky":false,"template":"","format":"standard","meta":{"_jetpack_newsletter_access":"","_jetpack_dont_email_post_to_subs":false,"_jetpack_newsletter_tier_id":0,"_jetpack_memberships_contains_paywalled_content":false,"_jetpack_feature_clip_id":0,"_jetpack_memberships_contains_paid_content":false,"footnotes":"","jetpack_publicize_message":"","jetpack_publicize_feature_enabled":true,"jetpack_social_post_already_shared":true,"jetpack_social_options":{"image_generator_settings":{"template":"highway","default_image_id":0,"font":"","enabled":false},"version":2},"jetpack_post_was_ever_published":false},"categories":[27],"tags":[],"class_list":["post-2758","post","type-post","status-publish","format-standard","has-post-thumbnail","hentry","category-segling-2020"],"jetpack_publicize_connections":[],"jetpack_featured_media_url":"https:\/\/i0.wp.com\/www.ellensailing.se\/wp-content\/uploads\/2020\/07\/IMG_3796-rotated.jpg?fit=1280%2C960&ssl=1","jetpack_sharing_enabled":true,"jetpack_shortlink":"https:\/\/wp.me\/p5G68R-Iu","jetpack-related-posts":[{"id":583,"url":"https:\/\/www.ellensailing.se\/?p=583","url_meta":{"origin":2758,"position":0},"title":"En otroligt kul helg med g\u00e4nget!","author":"peter@ellensailing.se","date":"27 juli, 2015","format":false,"excerpt":"\u00a0 Nu kan man s\u00e4ga att semestern \u00e4r slut p\u00e5 riktigt f\u00f6r denna g\u00e5ng. Trots att vi hunnit jobba en vecka s\u00e5 har b\u00e5ten varit kvar p\u00e5 semester i Kalmar. I fredags s\u00e5 fl\u00f6g vi ner till Kalmar f\u00f6r att segla hem. Prognoserna som varit f\u00f6r veckan har verkligen sett\u2026","rel":"","context":"I \u201dSommar 2015\u201d","block_context":{"text":"Sommar 2015","link":"https:\/\/www.ellensailing.se\/?cat=4"},"img":{"alt_text":"","src":"https:\/\/i0.wp.com\/www.ellensailing.se\/wp-content\/uploads\/2015\/07\/DSC_0033.jpg?fit=1200%2C797&ssl=1&resize=350%2C200","width":350,"height":200,"srcset":"https:\/\/i0.wp.com\/www.ellensailing.se\/wp-content\/uploads\/2015\/07\/DSC_0033.jpg?fit=1200%2C797&ssl=1&resize=350%2C200 1x, https:\/\/i0.wp.com\/www.ellensailing.se\/wp-content\/uploads\/2015\/07\/DSC_0033.jpg?fit=1200%2C797&ssl=1&resize=525%2C300 1.5x, https:\/\/i0.wp.com\/www.ellensailing.se\/wp-content\/uploads\/2015\/07\/DSC_0033.jpg?fit=1200%2C797&ssl=1&resize=700%2C400 2x, https:\/\/i0.wp.com\/www.ellensailing.se\/wp-content\/uploads\/2015\/07\/DSC_0033.jpg?fit=1200%2C797&ssl=1&resize=1050%2C600 3x"},"classes":[]},{"id":3275,"url":"https:\/\/www.ellensailing.se\/?p=3275","url_meta":{"origin":2758,"position":1},"title":"Summering 2022","author":"peter@ellensailing.se","date":"4 april, 2023","format":false,"excerpt":"Usch och fy vad d\u00e5liga vi varit p\u00e5 att uppdatera v\u00e5r blogg. H\u00e4r kommer i alla fall en summering av sommarseglingen f\u00f6rra \u00e5ret. Vi b\u00f6rjade v\u00e5r semester den 8 juli och tog oss ut till Bj\u00f6rksk\u00e4r d\u00e4r allt b\u00f6rjade. Vi tr\u00e4ffad Lasse och Helene med sin Ella (Omega 42). Hade\u2026","rel":"","context":"I \u201dSommar 2022\u201d","block_context":{"text":"Sommar 2022","link":"https:\/\/www.ellensailing.se\/?cat=30"},"img":{"alt_text":"","src":"https:\/\/i0.wp.com\/www.ellensailing.se\/wp-content\/uploads\/2023\/04\/IMG_1721-scaled.jpg?fit=1200%2C900&ssl=1&resize=350%2C200","width":350,"height":200,"srcset":"https:\/\/i0.wp.com\/www.ellensailing.se\/wp-content\/uploads\/2023\/04\/IMG_1721-scaled.jpg?fit=1200%2C900&ssl=1&resize=350%2C200 1x, https:\/\/i0.wp.com\/www.ellensailing.se\/wp-content\/uploads\/2023\/04\/IMG_1721-scaled.jpg?fit=1200%2C900&ssl=1&resize=525%2C300 1.5x, https:\/\/i0.wp.com\/www.ellensailing.se\/wp-content\/uploads\/2023\/04\/IMG_1721-scaled.jpg?fit=1200%2C900&ssl=1&resize=700%2C400 2x, https:\/\/i0.wp.com\/www.ellensailing.se\/wp-content\/uploads\/2023\/04\/IMG_1721-scaled.jpg?fit=1200%2C900&ssl=1&resize=1050%2C600 3x"},"classes":[]},{"id":3842,"url":"https:\/\/www.ellensailing.se\/?p=3842","url_meta":{"origin":2758,"position":2},"title":"Semester igen","author":"peter@ellensailing.se","date":"14 juli, 2025","format":false,"excerpt":"Har varit d\u00e5lig p\u00e5 att l\u00e4gga ut men skall b\u00e4ttra oss. Vi har nu varit ute i en och en halv vecka. Vi gick \u00f6ver fr\u00e5n N\u00e5ttar\u00f6 f\u00f6rra torsdagen till Lickershamn. Vi hade det bl\u00e5sit d\u00e4r och l\u00e5g l\u00e5ngsides men det ryckte en del. J\u00e4tte h\u00e4rlig kv\u00e4ll med solnedg\u00e5ng i\u2026","rel":"","context":"I \u201dSegling 2025\u201d","block_context":{"text":"Segling 2025","link":"https:\/\/www.ellensailing.se\/?cat=34"},"img":{"alt_text":"","src":"https:\/\/i0.wp.com\/www.ellensailing.se\/wp-content\/uploads\/2025\/07\/IMG_1501-scaled.jpg?fit=1200%2C900&ssl=1&resize=350%2C200","width":350,"height":200,"srcset":"https:\/\/i0.wp.com\/www.ellensailing.se\/wp-content\/uploads\/2025\/07\/IMG_1501-scaled.jpg?fit=1200%2C900&ssl=1&resize=350%2C200 1x, https:\/\/i0.wp.com\/www.ellensailing.se\/wp-content\/uploads\/2025\/07\/IMG_1501-scaled.jpg?fit=1200%2C900&ssl=1&resize=525%2C300 1.5x, https:\/\/i0.wp.com\/www.ellensailing.se\/wp-content\/uploads\/2025\/07\/IMG_1501-scaled.jpg?fit=1200%2C900&ssl=1&resize=700%2C400 2x, https:\/\/i0.wp.com\/www.ellensailing.se\/wp-content\/uploads\/2025\/07\/IMG_1501-scaled.jpg?fit=1200%2C900&ssl=1&resize=1050%2C600 3x"},"classes":[]},{"id":1597,"url":"https:\/\/www.ellensailing.se\/?p=1597","url_meta":{"origin":2758,"position":3},"title":"Dygn 11, Varmt och sk\u00f6nt","author":"peter@ellensailing.se","date":"30 november, 2017","format":false,"excerpt":"Men med v\u00e4ldigt lite vind. Det bl\u00e5ser ca 8 knop rakt bakifr\u00e5n. Vi seglar med enbart spinnaker s\u00e5 vi kan g\u00e5 s\u00e5 r\u00e4tt p\u00e5 m\u00e5let som m\u00f6jligt. Ikv\u00e4ll skall vinden komma och fylla p\u00e5 lite mer ett antal dagar fram\u00e5t. Skall bli sk\u00f6nt att f\u00e5 str\u00e4cka ut lite. Natten var\u2026","rel":"","context":"I \u201dARC 2017\u201d","block_context":{"text":"ARC 2017","link":"https:\/\/www.ellensailing.se\/?cat=23"},"img":{"alt_text":"","src":"","width":0,"height":0},"classes":[]},{"id":3656,"url":"https:\/\/www.ellensailing.se\/?p=3656","url_meta":{"origin":2758,"position":4},"title":"Nattsegling till Fakarava","author":"peter@ellensailing.se","date":"27 april, 2024","format":false,"excerpt":"Vi gick ut fr\u00e5n Tahanea vid 4 tiden. Det \u00e4r bara 50 Nm till Fakarava s\u00e5 det g\u00e4ller att segla l\u00e5ngsamt. Det \u00e4r inte alltid l\u00e4tt. Passet var ganska str\u00f6mt, runt 3 knop men det var inga problem. V\u00e4l ute satte vi genuan och seglade med vinden. N\u00e4r vi b\u00f6rjade\u2026","rel":"","context":"I \u201dS\u00f6derhavet\u201d","block_context":{"text":"S\u00f6derhavet","link":"https:\/\/www.ellensailing.se\/?cat=33"},"img":{"alt_text":"","src":"https:\/\/i0.wp.com\/www.ellensailing.se\/wp-content\/uploads\/2024\/04\/gptempdownload-26-1.jpg?fit=1200%2C900&ssl=1&resize=350%2C200","width":350,"height":200,"srcset":"https:\/\/i0.wp.com\/www.ellensailing.se\/wp-content\/uploads\/2024\/04\/gptempdownload-26-1.jpg?fit=1200%2C900&ssl=1&resize=350%2C200 1x, https:\/\/i0.wp.com\/www.ellensailing.se\/wp-content\/uploads\/2024\/04\/gptempdownload-26-1.jpg?fit=1200%2C900&ssl=1&resize=525%2C300 1.5x, https:\/\/i0.wp.com\/www.ellensailing.se\/wp-content\/uploads\/2024\/04\/gptempdownload-26-1.jpg?fit=1200%2C900&ssl=1&resize=700%2C400 2x, https:\/\/i0.wp.com\/www.ellensailing.se\/wp-content\/uploads\/2024\/04\/gptempdownload-26-1.jpg?fit=1200%2C900&ssl=1&resize=1050%2C600 3x"},"classes":[]},{"id":1364,"url":"https:\/\/www.ellensailing.se\/?p=1364","url_meta":{"origin":2758,"position":5},"title":"H\u00e4rliga dagar i Lagos och Portmao!","author":"peter@ellensailing.se","date":"4 oktober, 2017","format":false,"excerpt":"\u00c4ntligen s\u00e5 har vi uppn\u00e5tt v\u00e5rt uppdrag att f\u00e5 Ellen klar p\u00e5 alla punkter. Vi har haft kontakt med Bluewater marin som skulle fixa v\u00e5r Watermaker. M\u00e5nga mejl och jagande av delar \u00f6ver hela v\u00e4rlden s\u00e5 anl\u00e4nde i alla fall allt till Portmano i tisdags. Det vi inte visste var\u2026","rel":"","context":"I \u201dH\u00f6st 2017 till Grand Canrias.\u201d","block_context":{"text":"H\u00f6st 2017 till Grand Canrias.","link":"https:\/\/www.ellensailing.se\/?cat=22"},"img":{"alt_text":"","src":"https:\/\/i0.wp.com\/www.ellensailing.se\/wp-content\/uploads\/2017\/10\/IMG_6146.jpg?fit=480%2C640&ssl=1&resize=350%2C200","width":350,"height":200},"classes":[]}],"jetpack_likes_enabled":false,"_links":{"self":[{"href":"https:\/\/www.ellensailing.se\/index.php?rest_route=\/wp\/v2\/posts\/2758","targetHints":{"allow":["GET"]}}],"collection":[{"href":"https:\/\/www.ellensailing.se\/index.php?rest_route=\/wp\/v2\/posts"}],"about":[{"href":"https:\/\/www.ellensailing.se\/index.php?rest_route=\/wp\/v2\/types\/post"}],"author":[{"embeddable":true,"href":"https:\/\/www.ellensailing.se\/index.php?rest_route=\/wp\/v2\/users\/1"}],"replies":[{"embeddable":true,"href":"https:\/\/www.ellensailing.se\/index.php?rest_route=%2Fwp%2Fv2%2Fcomments&post=2758"}],"version-history":[{"count":2,"href":"https:\/\/www.ellensailing.se\/index.php?rest_route=\/wp\/v2\/posts\/2758\/revisions"}],"predecessor-version":[{"id":2763,"href":"https:\/\/www.ellensailing.se\/index.php?rest_route=\/wp\/v2\/posts\/2758\/revisions\/2763"}],"wp:featuredmedia":[{"embeddable":true,"href":"https:\/\/www.ellensailing.se\/index.php?rest_route=\/wp\/v2\/media\/2761"}],"wp:attachment":[{"href":"https:\/\/www.ellensailing.se\/index.php?rest_route=%2Fwp%2Fv2%2Fmedia&parent=2758"}],"wp:term":[{"taxonomy":"category","embeddable":true,"href":"https:\/\/www.ellensailing.se\/index.php?rest_route=%2Fwp%2Fv2%2Fcategories&post=2758"},{"taxonomy":"post_tag","embeddable":true,"href":"https:\/\/www.ellensailing.se\/index.php?rest_route=%2Fwp%2Fv2%2Ftags&post=2758"}],"curies":[{"name":"wp","href":"https:\/\/api.w.org\/{rel}","templated":true}]}}