{"id":271,"date":"2015-03-03T19:26:52","date_gmt":"2015-03-03T18:26:52","guid":{"rendered":"https:\/\/www.ellensailing.se\/?p=271"},"modified":"2015-03-06T17:45:40","modified_gmt":"2015-03-06T16:45:40","slug":"oceanseglingsklubben-pa-bat-massan","status":"publish","type":"post","link":"https:\/\/www.ellensailing.se\/?p=271","title":{"rendered":"Oceanseglingsklubben p\u00e5 b\u00e5t m\u00e4ssan!"},"content":{"rendered":"<p>Lars H\u00e4ssler och jag representerar Oceanseglingsklubben p\u00e5 b\u00e5tm\u00e4ssan. Ganska lite folk men vi har tagit in en del medlemmar. Vi har dock mycket folk i montern som vill prata om hans alla eskapader runt jorden. 195 000 distansminuter har han seglat. Har varit jordenruntseglare sedan 1988. Under tiden har han skrivit 8 b\u00f6cker.<\/p>\n<p>Mycket intressant att prata med Lars p\u00e5 tu man hand.<\/p>\n<p>&nbsp;<\/p>\n<p>&nbsp;<\/p>\n","protected":false},"excerpt":{"rendered":"<p>Lars H\u00e4ssler och jag representerar Oceanseglingsklubben p\u00e5 b\u00e5tm\u00e4ssan. Ganska lite folk men vi har tagit in en del medlemmar. Vi[&#8230;]<\/p>\n","protected":false},"author":1,"featured_media":270,"comment_status":"open","ping_status":"open","sticky":false,"template":"","format":"standard","meta":{"_jetpack_newsletter_access":"","_jetpack_dont_email_post_to_subs":false,"_jetpack_newsletter_tier_id":0,"_jetpack_memberships_contains_paywalled_content":false,"_jetpack_feature_clip_id":0,"_jetpack_memberships_contains_paid_content":false,"footnotes":"","jetpack_publicize_message":"","jetpack_publicize_feature_enabled":true,"jetpack_social_post_already_shared":true,"jetpack_social_options":{"image_generator_settings":{"template":"highway","default_image_id":0,"font":"","enabled":false},"version":2},"jetpack_post_was_ever_published":false},"categories":[3],"tags":[],"class_list":["post-271","post","type-post","status-publish","format-standard","has-post-thumbnail","hentry","category-baten-pa-land"],"jetpack_publicize_connections":[],"jetpack_featured_media_url":"https:\/\/i0.wp.com\/www.ellensailing.se\/wp-content\/uploads\/2015\/03\/IMG_3895.jpg?fit=3000%2C2250&ssl=1","jetpack_sharing_enabled":true,"jetpack_shortlink":"https:\/\/wp.me\/p5G68R-4n","jetpack-related-posts":[{"id":288,"url":"https:\/\/www.ellensailing.se\/?p=288","url_meta":{"origin":271,"position":0},"title":"Livflotte\u00f6vning i \u00c5kersberga","author":"peter@ellensailing.se","date":"21 mars, 2015","format":false,"excerpt":"Ytterligare en nyttig \u00f6vning med Oceanseglingsklubben. Denna g\u00e5ng handlade om att kunna hantera en n\u00f6dsituation och kunna hantera livflotten. Har haft livflotte i m\u00e5nga \u00e5r men aldrig anv\u00e4nt den, vilket \u00e4r bra i och f\u00f6r sig. Men om n\u00e5got h\u00e4nder vad g\u00f6r man d\u00e5 och hur ser det ut inne\u2026","rel":"","context":"I \u201dOceanseglarkurs\u201d","block_context":{"text":"Oceanseglarkurs","link":"https:\/\/www.ellensailing.se\/?cat=7"},"img":{"alt_text":"","src":"https:\/\/i0.wp.com\/www.ellensailing.se\/wp-content\/uploads\/2015\/03\/GOPR0041.jpg?fit=1200%2C900&ssl=1&resize=350%2C200","width":350,"height":200,"srcset":"https:\/\/i0.wp.com\/www.ellensailing.se\/wp-content\/uploads\/2015\/03\/GOPR0041.jpg?fit=1200%2C900&ssl=1&resize=350%2C200 1x, https:\/\/i0.wp.com\/www.ellensailing.se\/wp-content\/uploads\/2015\/03\/GOPR0041.jpg?fit=1200%2C900&ssl=1&resize=525%2C300 1.5x, https:\/\/i0.wp.com\/www.ellensailing.se\/wp-content\/uploads\/2015\/03\/GOPR0041.jpg?fit=1200%2C900&ssl=1&resize=700%2C400 2x, https:\/\/i0.wp.com\/www.ellensailing.se\/wp-content\/uploads\/2015\/03\/GOPR0041.jpg?fit=1200%2C900&ssl=1&resize=1050%2C600 3x"},"classes":[]},{"id":2769,"url":"https:\/\/www.ellensailing.se\/?p=2769","url_meta":{"origin":271,"position":1},"title":"K\u00e4rt \u00e5terseende!","author":"peter@ellensailing.se","date":"12 juli, 2020","format":false,"excerpt":"S\u00e5 roligt att f\u00e5 tr\u00e4ffa Conny och Carina p\u00e5 Ultimo efter s\u00e5 m\u00e5nga \u00e5r som de varit borta p\u00e5 de sju haven. Nu \u00e4r de tillbaka i Kungs\u00e4ngen och numer f\u00e5r Ultimo vara i s\u00f6tvatten. Vi har ocks\u00e5 valt att g\u00e5 in i grodhavet (M\u00e4laren) f\u00f6r att tr\u00e4ffa dem. Det\u2026","rel":"","context":"I \u201dSegling 2020\u201d","block_context":{"text":"Segling 2020","link":"https:\/\/www.ellensailing.se\/?cat=27"},"img":{"alt_text":"","src":"https:\/\/i0.wp.com\/www.ellensailing.se\/wp-content\/uploads\/2020\/07\/IMG_8180-rotated.jpg?fit=640%2C481&ssl=1&resize=350%2C200","width":350,"height":200,"srcset":"https:\/\/i0.wp.com\/www.ellensailing.se\/wp-content\/uploads\/2020\/07\/IMG_8180-rotated.jpg?fit=640%2C481&ssl=1&resize=350%2C200 1x, https:\/\/i0.wp.com\/www.ellensailing.se\/wp-content\/uploads\/2020\/07\/IMG_8180-rotated.jpg?fit=640%2C481&ssl=1&resize=525%2C300 1.5x"},"classes":[]},{"id":1408,"url":"https:\/\/www.ellensailing.se\/?p=1408","url_meta":{"origin":271,"position":2},"title":"Fina dagar p\u00e5 Graciosa, nu v\u00e4ntar Arrecife","author":"peter@ellensailing.se","date":"11 oktober, 2017","format":false,"excerpt":"Det har har varit sk\u00f6na dagar p\u00e5 Isla Graciosa. Alla man pratat med tycker det \u00e4r en p\u00e4rla p\u00e5 jorden och det \u00e4r bara att inst\u00e4mma. Sk\u00f6n st\u00e4mning p\u00e5 \u00f6n mellan b\u00e5tarna. Synd bara att det kommer in b\u00e5tar med badande g\u00e4ster men som tur \u00e4r serveras lunch vid tv\u00e5\u2026","rel":"","context":"I \u201dH\u00f6st 2017 till Grand Canrias.\u201d","block_context":{"text":"H\u00f6st 2017 till Grand Canrias.","link":"https:\/\/www.ellensailing.se\/?cat=22"},"img":{"alt_text":"","src":"https:\/\/i0.wp.com\/www.ellensailing.se\/wp-content\/uploads\/2017\/10\/IMG_0110.jpg?fit=1200%2C900&ssl=1&resize=350%2C200","width":350,"height":200,"srcset":"https:\/\/i0.wp.com\/www.ellensailing.se\/wp-content\/uploads\/2017\/10\/IMG_0110.jpg?fit=1200%2C900&ssl=1&resize=350%2C200 1x, https:\/\/i0.wp.com\/www.ellensailing.se\/wp-content\/uploads\/2017\/10\/IMG_0110.jpg?fit=1200%2C900&ssl=1&resize=525%2C300 1.5x, https:\/\/i0.wp.com\/www.ellensailing.se\/wp-content\/uploads\/2017\/10\/IMG_0110.jpg?fit=1200%2C900&ssl=1&resize=700%2C400 2x, https:\/\/i0.wp.com\/www.ellensailing.se\/wp-content\/uploads\/2017\/10\/IMG_0110.jpg?fit=1200%2C900&ssl=1&resize=1050%2C600 3x"},"classes":[]},{"id":2039,"url":"https:\/\/www.ellensailing.se\/?p=2039","url_meta":{"origin":271,"position":3},"title":"Tobago Keys rockar loss!","author":"peter@ellensailing.se","date":"1 april, 2018","format":false,"excerpt":"Det rockar p\u00e5 Tobago Keys! N\u00e4r vi angjort idag och b\u00f6rjade snorkla s\u00e5 kom det en rocka under b\u00e5ten. I morse s\u00e5g vi en p\u00e5 Mustique och nu en. F\u00f6rsta g\u00e5ngen i Karibien. H\u00e4ftigt var de r\u00f6r sig. Det \u00e4r skillnad p\u00e5 Tobago Keys nu mot i Julas. D\u00e5 bl\u00e5set\u2026","rel":"","context":"I \u201dV\u00e4stindien 2017-2018\u201d","block_context":{"text":"V\u00e4stindien 2017-2018","link":"https:\/\/www.ellensailing.se\/?cat=24"},"img":{"alt_text":"","src":"https:\/\/i0.wp.com\/www.ellensailing.se\/wp-content\/uploads\/2018\/04\/AD160096-91B4-4FCC-B682-B7A7BCC883F6.jpeg?fit=1200%2C900&ssl=1&resize=350%2C200","width":350,"height":200,"srcset":"https:\/\/i0.wp.com\/www.ellensailing.se\/wp-content\/uploads\/2018\/04\/AD160096-91B4-4FCC-B682-B7A7BCC883F6.jpeg?fit=1200%2C900&ssl=1&resize=350%2C200 1x, https:\/\/i0.wp.com\/www.ellensailing.se\/wp-content\/uploads\/2018\/04\/AD160096-91B4-4FCC-B682-B7A7BCC883F6.jpeg?fit=1200%2C900&ssl=1&resize=525%2C300 1.5x, https:\/\/i0.wp.com\/www.ellensailing.se\/wp-content\/uploads\/2018\/04\/AD160096-91B4-4FCC-B682-B7A7BCC883F6.jpeg?fit=1200%2C900&ssl=1&resize=700%2C400 2x, https:\/\/i0.wp.com\/www.ellensailing.se\/wp-content\/uploads\/2018\/04\/AD160096-91B4-4FCC-B682-B7A7BCC883F6.jpeg?fit=1200%2C900&ssl=1&resize=1050%2C600 3x"},"classes":[]},{"id":499,"url":"https:\/\/www.ellensailing.se\/?p=499","url_meta":{"origin":271,"position":4},"title":"Stillaliggardag i Darlowo","author":"peter@ellensailing.se","date":"13 juli, 2015","format":false,"excerpt":"Det var ett tag sedan vi bloggade men det har varit full rulle. Vi seglade fr\u00e5n Swinoujscie till Kolberg! Inte s\u00e4rkilt mycket vind men det puffade p\u00e5 en d\u00e5. Det var ca 30 Nm dit. N\u00e4r vi kom dit s\u00e5 ins\u00e5g vi att hamnen var mycket tr\u00e5ng. Ellen hittade d\u00e5\u2026","rel":"","context":"I \u201dSommar 2015\u201d","block_context":{"text":"Sommar 2015","link":"https:\/\/www.ellensailing.se\/?cat=4"},"img":{"alt_text":"","src":"https:\/\/i0.wp.com\/www.ellensailing.se\/wp-content\/uploads\/2015\/07\/DSC_0109-e1436803049868.jpg?fit=797%2C1200&ssl=1&resize=350%2C200","width":350,"height":200,"srcset":"https:\/\/i0.wp.com\/www.ellensailing.se\/wp-content\/uploads\/2015\/07\/DSC_0109-e1436803049868.jpg?fit=797%2C1200&ssl=1&resize=350%2C200 1x, https:\/\/i0.wp.com\/www.ellensailing.se\/wp-content\/uploads\/2015\/07\/DSC_0109-e1436803049868.jpg?fit=797%2C1200&ssl=1&resize=525%2C300 1.5x, https:\/\/i0.wp.com\/www.ellensailing.se\/wp-content\/uploads\/2015\/07\/DSC_0109-e1436803049868.jpg?fit=797%2C1200&ssl=1&resize=700%2C400 2x"},"classes":[]},{"id":3579,"url":"https:\/\/www.ellensailing.se\/?p=3579","url_meta":{"origin":271,"position":5},"title":"Makemo \u00f6stra","author":"peter@ellensailing.se","date":"20 april, 2024","format":false,"excerpt":"Ig\u00e5r p\u00e5 torsdagen var det storhandling i lilla byn. Det var v\u00e4ldigt v\u00e5gigt d\u00e4r s\u00e5 vi beslutade oss f\u00f6r att g\u00e5 upp till \u00f6stra h\u00f6rnet p\u00e5 atollen f\u00f6r att f\u00e5 sj\u00f6l\u00e4. H\u00e4r i \u00f6stra h\u00f6rnet \u00e4r vi p\u00e5 Makemo V\u00e4gen dit var fylld med bommisar (koraller som v\u00e4xer rakt upp).\u2026","rel":"","context":"I \u201dS\u00f6derhavet\u201d","block_context":{"text":"S\u00f6derhavet","link":"https:\/\/www.ellensailing.se\/?cat=33"},"img":{"alt_text":"","src":"https:\/\/i0.wp.com\/www.ellensailing.se\/wp-content\/uploads\/2024\/04\/img_4070-1.jpg?fit=1200%2C900&ssl=1&resize=350%2C200","width":350,"height":200,"srcset":"https:\/\/i0.wp.com\/www.ellensailing.se\/wp-content\/uploads\/2024\/04\/img_4070-1.jpg?fit=1200%2C900&ssl=1&resize=350%2C200 1x, https:\/\/i0.wp.com\/www.ellensailing.se\/wp-content\/uploads\/2024\/04\/img_4070-1.jpg?fit=1200%2C900&ssl=1&resize=525%2C300 1.5x, https:\/\/i0.wp.com\/www.ellensailing.se\/wp-content\/uploads\/2024\/04\/img_4070-1.jpg?fit=1200%2C900&ssl=1&resize=700%2C400 2x, https:\/\/i0.wp.com\/www.ellensailing.se\/wp-content\/uploads\/2024\/04\/img_4070-1.jpg?fit=1200%2C900&ssl=1&resize=1050%2C600 3x"},"classes":[]}],"jetpack_likes_enabled":false,"_links":{"self":[{"href":"https:\/\/www.ellensailing.se\/index.php?rest_route=\/wp\/v2\/posts\/271","targetHints":{"allow":["GET"]}}],"collection":[{"href":"https:\/\/www.ellensailing.se\/index.php?rest_route=\/wp\/v2\/posts"}],"about":[{"href":"https:\/\/www.ellensailing.se\/index.php?rest_route=\/wp\/v2\/types\/post"}],"author":[{"embeddable":true,"href":"https:\/\/www.ellensailing.se\/index.php?rest_route=\/wp\/v2\/users\/1"}],"replies":[{"embeddable":true,"href":"https:\/\/www.ellensailing.se\/index.php?rest_route=%2Fwp%2Fv2%2Fcomments&post=271"}],"version-history":[{"count":3,"href":"https:\/\/www.ellensailing.se\/index.php?rest_route=\/wp\/v2\/posts\/271\/revisions"}],"predecessor-version":[{"id":278,"href":"https:\/\/www.ellensailing.se\/index.php?rest_route=\/wp\/v2\/posts\/271\/revisions\/278"}],"wp:featuredmedia":[{"embeddable":true,"href":"https:\/\/www.ellensailing.se\/index.php?rest_route=\/wp\/v2\/media\/270"}],"wp:attachment":[{"href":"https:\/\/www.ellensailing.se\/index.php?rest_route=%2Fwp%2Fv2%2Fmedia&parent=271"}],"wp:term":[{"taxonomy":"category","embeddable":true,"href":"https:\/\/www.ellensailing.se\/index.php?rest_route=%2Fwp%2Fv2%2Fcategories&post=271"},{"taxonomy":"post_tag","embeddable":true,"href":"https:\/\/www.ellensailing.se\/index.php?rest_route=%2Fwp%2Fv2%2Ftags&post=271"}],"curies":[{"name":"wp","href":"https:\/\/api.w.org\/{rel}","templated":true}]}}