{"id":2594,"date":"2019-05-04T16:05:17","date_gmt":"2019-05-04T14:05:17","guid":{"rendered":"https:\/\/www.ellensailing.se\/?p=2594"},"modified":"2019-05-04T16:05:27","modified_gmt":"2019-05-04T14:05:27","slug":"det-draller-av-arconor-i-antiqua","status":"publish","type":"post","link":"https:\/\/www.ellensailing.se\/?p=2594","title":{"rendered":"Det dr\u00e4ller av Arconor i Antiqua!"},"content":{"rendered":"\n<p class=\"wp-block-paragraph\">Kanske inte d\u00e5 men i allafall tv\u00e5 stycken. Kul att se Grace 2 igen. De \u00e4r ute p\u00e5 sin sista vecka av segling f\u00f6r denna s\u00e4song. <\/p>\n\n\n\n<p class=\"wp-block-paragraph\">F\u00f6r oss ocks\u00e5 s\u00e5 \u00e4r det packning som g\u00e4ller idag. Vi har varit i Antiqua sedan den 23 april och det \u00e4r v\u00e4ldigt fint och trevligt h\u00e4r. Senaste dagarna har vi varit med Engla och en amerikansk b\u00e5t och en kanadensisk b\u00e5t. <\/p>\n\n\n\n<p class=\"wp-block-paragraph\">Ig\u00e5r kv\u00e4ll var vi ute och \u00e5t en sista m\u00e5ltid tillsammans innan vi \u00e5ker. Engla st\u00e5r p\u00e5 land och skall f\u00e5 ny f\u00e4rg p\u00e5 sig innan hon seglar till Europa.<\/p>\n\n\n\n<figure class=\"wp-block-image\"><img data-recalc-dims=\"1\" fetchpriority=\"high\" decoding=\"async\" width=\"840\" height=\"630\" src=\"https:\/\/i0.wp.com\/www.ellensailing.se\/wp-content\/uploads\/2019\/05\/5D9EECA0-F8CD-4446-BA30-2E04E985CF15.jpeg?resize=840%2C630&#038;ssl=1\" alt=\"\" class=\"wp-image-2600\" srcset=\"https:\/\/i0.wp.com\/www.ellensailing.se\/wp-content\/uploads\/2019\/05\/5D9EECA0-F8CD-4446-BA30-2E04E985CF15.jpeg?resize=1024%2C768&amp;ssl=1 1024w, https:\/\/i0.wp.com\/www.ellensailing.se\/wp-content\/uploads\/2019\/05\/5D9EECA0-F8CD-4446-BA30-2E04E985CF15.jpeg?resize=300%2C225&amp;ssl=1 300w, https:\/\/i0.wp.com\/www.ellensailing.se\/wp-content\/uploads\/2019\/05\/5D9EECA0-F8CD-4446-BA30-2E04E985CF15.jpeg?resize=768%2C576&amp;ssl=1 768w, https:\/\/i0.wp.com\/www.ellensailing.se\/wp-content\/uploads\/2019\/05\/5D9EECA0-F8CD-4446-BA30-2E04E985CF15.jpeg?w=1680&amp;ssl=1 1680w, https:\/\/i0.wp.com\/www.ellensailing.se\/wp-content\/uploads\/2019\/05\/5D9EECA0-F8CD-4446-BA30-2E04E985CF15.jpeg?w=2520&amp;ssl=1 2520w\" sizes=\"(max-width: 840px) 100vw, 840px\" \/><figcaption>Jackline, Anne, Peter, June, Kess och Scott<\/figcaption><\/figure>\n\n\n\n<figure class=\"wp-block-image\"><img data-recalc-dims=\"1\" decoding=\"async\" width=\"840\" height=\"630\" src=\"https:\/\/i0.wp.com\/www.ellensailing.se\/wp-content\/uploads\/2019\/05\/17E66BD0-5F9F-42C9-82B2-9A816D382AEF.jpeg?resize=840%2C630&#038;ssl=1\" alt=\"\" class=\"wp-image-2601\" srcset=\"https:\/\/i0.wp.com\/www.ellensailing.se\/wp-content\/uploads\/2019\/05\/17E66BD0-5F9F-42C9-82B2-9A816D382AEF.jpeg?resize=1024%2C768&amp;ssl=1 1024w, https:\/\/i0.wp.com\/www.ellensailing.se\/wp-content\/uploads\/2019\/05\/17E66BD0-5F9F-42C9-82B2-9A816D382AEF.jpeg?resize=300%2C225&amp;ssl=1 300w, https:\/\/i0.wp.com\/www.ellensailing.se\/wp-content\/uploads\/2019\/05\/17E66BD0-5F9F-42C9-82B2-9A816D382AEF.jpeg?resize=768%2C576&amp;ssl=1 768w, https:\/\/i0.wp.com\/www.ellensailing.se\/wp-content\/uploads\/2019\/05\/17E66BD0-5F9F-42C9-82B2-9A816D382AEF.jpeg?w=1680&amp;ssl=1 1680w, https:\/\/i0.wp.com\/www.ellensailing.se\/wp-content\/uploads\/2019\/05\/17E66BD0-5F9F-42C9-82B2-9A816D382AEF.jpeg?w=2520&amp;ssl=1 2520w\" sizes=\"(max-width: 840px) 100vw, 840px\" \/><figcaption>Glada tjejer i baren<\/figcaption><\/figure>\n\n\n\n<p class=\"wp-block-paragraph\">Vi tog en lokalbuss till Falmouth Harbour f\u00f6r att se alla festligheter runt Antiqua Race week. Det var mycket folk p\u00e5 bussen.<\/p>\n\n\n\n<figure class=\"wp-block-image\"><img data-recalc-dims=\"1\" decoding=\"async\" width=\"768\" height=\"1024\" src=\"https:\/\/i0.wp.com\/www.ellensailing.se\/wp-content\/uploads\/2019\/05\/57FF22E3-2BD6-4D1B-869E-1F7F2F595B4F-e1556978193889-768x1024.jpeg?resize=768%2C1024&#038;ssl=1\" alt=\"\" class=\"wp-image-2597\" srcset=\"https:\/\/i0.wp.com\/www.ellensailing.se\/wp-content\/uploads\/2019\/05\/57FF22E3-2BD6-4D1B-869E-1F7F2F595B4F-e1556978193889.jpeg?resize=768%2C1024&amp;ssl=1 768w, https:\/\/i0.wp.com\/www.ellensailing.se\/wp-content\/uploads\/2019\/05\/57FF22E3-2BD6-4D1B-869E-1F7F2F595B4F-e1556978193889.jpeg?resize=225%2C300&amp;ssl=1 225w, https:\/\/i0.wp.com\/www.ellensailing.se\/wp-content\/uploads\/2019\/05\/57FF22E3-2BD6-4D1B-869E-1F7F2F595B4F-e1556978193889.jpeg?w=1680&amp;ssl=1 1680w\" sizes=\"(max-width: 768px) 100vw, 768px\" \/><figcaption>Tr\u00e5ngt p\u00e5 bussen<\/figcaption><\/figure>\n\n\n\n<figure class=\"wp-block-image\"><img data-recalc-dims=\"1\" loading=\"lazy\" decoding=\"async\" width=\"840\" height=\"630\" src=\"https:\/\/i0.wp.com\/www.ellensailing.se\/wp-content\/uploads\/2019\/05\/17BBD2E4-F32A-4FB4-A36F-7DA2999177C4-e1556978211510-1024x768.jpeg?resize=840%2C630&#038;ssl=1\" alt=\"\" class=\"wp-image-2599\" srcset=\"https:\/\/i0.wp.com\/www.ellensailing.se\/wp-content\/uploads\/2019\/05\/17BBD2E4-F32A-4FB4-A36F-7DA2999177C4-e1556978211510.jpeg?resize=1024%2C768&amp;ssl=1 1024w, https:\/\/i0.wp.com\/www.ellensailing.se\/wp-content\/uploads\/2019\/05\/17BBD2E4-F32A-4FB4-A36F-7DA2999177C4-e1556978211510.jpeg?resize=300%2C225&amp;ssl=1 300w, https:\/\/i0.wp.com\/www.ellensailing.se\/wp-content\/uploads\/2019\/05\/17BBD2E4-F32A-4FB4-A36F-7DA2999177C4-e1556978211510.jpeg?resize=768%2C576&amp;ssl=1 768w, https:\/\/i0.wp.com\/www.ellensailing.se\/wp-content\/uploads\/2019\/05\/17BBD2E4-F32A-4FB4-A36F-7DA2999177C4-e1556978211510.jpeg?w=1680&amp;ssl=1 1680w, https:\/\/i0.wp.com\/www.ellensailing.se\/wp-content\/uploads\/2019\/05\/17BBD2E4-F32A-4FB4-A36F-7DA2999177C4-e1556978211510.jpeg?w=2520&amp;ssl=1 2520w\" sizes=\"(max-width: 840px) 100vw, 840px\" \/><figcaption>Ellen f\u00f6r ankar i Deep Bay<\/figcaption><\/figure>\n\n\n\n<p class=\"wp-block-paragraph\">Lite fakta om v\u00e5r segling i Karibien i \u00e5r \u00e4r att vi har seglat 674 Nm, vi har g\u00e5tt motor i 35 timmar. Vi har producerat 3504 liter vatten (146 timmar med watermaker, 1314Ah) och vi har k\u00f6rt elverket i 51 timmar.<\/p>\n","protected":false},"excerpt":{"rendered":"<p>Kanske inte d\u00e5 men i allafall tv\u00e5 stycken. Kul att se Grace 2 igen. De \u00e4r ute p\u00e5 sin sista[&#8230;]<\/p>\n","protected":false},"author":1,"featured_media":2598,"comment_status":"open","ping_status":"open","sticky":false,"template":"","format":"standard","meta":{"_jetpack_newsletter_access":"","_jetpack_dont_email_post_to_subs":false,"_jetpack_newsletter_tier_id":0,"_jetpack_memberships_contains_paywalled_content":false,"_jetpack_feature_clip_id":0,"_jetpack_memberships_contains_paid_content":false,"footnotes":"","jetpack_publicize_message":"","jetpack_publicize_feature_enabled":true,"jetpack_social_post_already_shared":true,"jetpack_social_options":{"image_generator_settings":{"template":"highway","default_image_id":0,"font":"","enabled":false},"version":2},"jetpack_post_was_ever_published":false},"categories":[25],"tags":[],"class_list":["post-2594","post","type-post","status-publish","format-standard","has-post-thumbnail","hentry","category-vastindien-2019"],"jetpack_publicize_connections":[],"jetpack_featured_media_url":"https:\/\/i0.wp.com\/www.ellensailing.se\/wp-content\/uploads\/2019\/05\/49AC9354-0A0F-4E92-806A-D880CF291EA8.jpeg?fit=3264%2C2448&ssl=1","jetpack_sharing_enabled":true,"jetpack_shortlink":"https:\/\/wp.me\/p5G68R-FQ","jetpack-related-posts":[{"id":2585,"url":"https:\/\/www.ellensailing.se\/?p=2585","url_meta":{"origin":2594,"position":0},"title":"Segling runt Antiqua","author":"peter@ellensailing.se","date":"27 april, 2019","format":false,"excerpt":"Efter det Mad Monkey seglat iv\u00e4g mot St.Barth s\u00e5 seglade vi vidare runt Antiqua. Vi gick in i kanalen SW om Antiqua som heter Goat Neck Chanel. Det var fint men r\u00e4tt sp\u00e4nnande att navigera runt reven och det \u00e4r inte djupt d\u00e4r. En h\u00e4rlig solnedg\u00e5ng igen, men ingen green\u2026","rel":"","context":"I \u201dV\u00e4stindien 2019\u201d","block_context":{"text":"V\u00e4stindien 2019","link":"https:\/\/www.ellensailing.se\/?cat=25"},"img":{"alt_text":"","src":"https:\/\/i0.wp.com\/www.ellensailing.se\/wp-content\/uploads\/2019\/04\/6C910D11-62AB-43FA-89E1-6B68CF907CC1.jpeg?fit=1200%2C675&ssl=1&resize=350%2C200","width":350,"height":200,"srcset":"https:\/\/i0.wp.com\/www.ellensailing.se\/wp-content\/uploads\/2019\/04\/6C910D11-62AB-43FA-89E1-6B68CF907CC1.jpeg?fit=1200%2C675&ssl=1&resize=350%2C200 1x, https:\/\/i0.wp.com\/www.ellensailing.se\/wp-content\/uploads\/2019\/04\/6C910D11-62AB-43FA-89E1-6B68CF907CC1.jpeg?fit=1200%2C675&ssl=1&resize=525%2C300 1.5x, https:\/\/i0.wp.com\/www.ellensailing.se\/wp-content\/uploads\/2019\/04\/6C910D11-62AB-43FA-89E1-6B68CF907CC1.jpeg?fit=1200%2C675&ssl=1&resize=700%2C400 2x, https:\/\/i0.wp.com\/www.ellensailing.se\/wp-content\/uploads\/2019\/04\/6C910D11-62AB-43FA-89E1-6B68CF907CC1.jpeg?fit=1200%2C675&ssl=1&resize=1050%2C600 3x"},"classes":[]},{"id":1454,"url":"https:\/\/www.ellensailing.se\/?p=1454","url_meta":{"origin":2594,"position":1},"title":"Nytt bes\u00f6k p\u00e5 b\u00e5ten!","author":"peter@ellensailing.se","date":"20 oktober, 2017","format":false,"excerpt":"H\u00e4rom dagen fick vi bes\u00f6k av Anders S\u00f6derberg p\u00e5 b\u00e5ten. Han fl\u00f6g till Teneriffa och h\u00e4mtades upp i Santa Cruz. Det blev ett dygn i huvudstaden. Kul att tr\u00e4ffa Think Twice och Engla. Vi hade lite SOS i Think Twice och efter middag gick vi alla till en bar och\u2026","rel":"","context":"I \u201dH\u00f6st 2017 till Grand Canrias.\u201d","block_context":{"text":"H\u00f6st 2017 till Grand Canrias.","link":"https:\/\/www.ellensailing.se\/?cat=22"},"img":{"alt_text":"","src":"https:\/\/i0.wp.com\/www.ellensailing.se\/wp-content\/uploads\/2017\/10\/IMG_6197.jpg?fit=480%2C640&ssl=1&resize=350%2C200","width":350,"height":200},"classes":[]},{"id":2571,"url":"https:\/\/www.ellensailing.se\/?p=2571","url_meta":{"origin":2594,"position":2},"title":"Mad Monkey gjorde det, jorden runt!","author":"peter@ellensailing.se","date":"23 april, 2019","format":false,"excerpt":"Vi \u00e4r tillbaka till Antigua igen som \u00e4r slutdestinationen. N\u00e4r vi kom fram v\u00e4ntade Mark, Helene och Josh fr\u00e5n Mad Monkey. De har precis seglat jorden runt. De stack den 6 januari 2018 och vi vinkade av dem i Rodney Bay, St Lucia. Vi \u00e5kte in till Katerines Bar och\u2026","rel":"","context":"I \u201dV\u00e4stindien 2019\u201d","block_context":{"text":"V\u00e4stindien 2019","link":"https:\/\/www.ellensailing.se\/?cat=25"},"img":{"alt_text":"","src":"https:\/\/i0.wp.com\/www.ellensailing.se\/wp-content\/uploads\/2019\/04\/F0A91BD8-94EA-4461-AD0C-53159EB73406.jpeg?fit=1200%2C900&ssl=1&resize=350%2C200","width":350,"height":200,"srcset":"https:\/\/i0.wp.com\/www.ellensailing.se\/wp-content\/uploads\/2019\/04\/F0A91BD8-94EA-4461-AD0C-53159EB73406.jpeg?fit=1200%2C900&ssl=1&resize=350%2C200 1x, https:\/\/i0.wp.com\/www.ellensailing.se\/wp-content\/uploads\/2019\/04\/F0A91BD8-94EA-4461-AD0C-53159EB73406.jpeg?fit=1200%2C900&ssl=1&resize=525%2C300 1.5x, https:\/\/i0.wp.com\/www.ellensailing.se\/wp-content\/uploads\/2019\/04\/F0A91BD8-94EA-4461-AD0C-53159EB73406.jpeg?fit=1200%2C900&ssl=1&resize=700%2C400 2x, https:\/\/i0.wp.com\/www.ellensailing.se\/wp-content\/uploads\/2019\/04\/F0A91BD8-94EA-4461-AD0C-53159EB73406.jpeg?fit=1200%2C900&ssl=1&resize=1050%2C600 3x"},"classes":[]},{"id":1563,"url":"https:\/\/www.ellensailing.se\/?p=1563","url_meta":{"origin":2594,"position":3},"title":"Vi \u00e4r redo f\u00f6r Atlanten!","author":"peter@ellensailing.se","date":"18 november, 2017","format":false,"excerpt":"Nu \u00e4r i princip allt inhandlat till avf\u00e4rden i morgon. Det sista in nu \u00e4r frukt och gr\u00f6nt. F\u00f6r att inte f\u00e5 in kackerlackor m\u00e5ste allt sk\u00f6ljas noga. Det tar sin lilla stund och alla b\u00e5tar h\u00e5ller p\u00e5 samtidigt. V\u00e4ldigt kul att se. Idag s\u00e5 blir det skepparm\u00f6te kl. 12\u2026","rel":"","context":"I \u201dARC 2017\u201d","block_context":{"text":"ARC 2017","link":"https:\/\/www.ellensailing.se\/?cat=23"},"img":{"alt_text":"","src":"https:\/\/i0.wp.com\/www.ellensailing.se\/wp-content\/uploads\/2017\/11\/IMG_6342-e1511001620571.jpg?fit=900%2C1200&ssl=1&resize=350%2C200","width":350,"height":200,"srcset":"https:\/\/i0.wp.com\/www.ellensailing.se\/wp-content\/uploads\/2017\/11\/IMG_6342-e1511001620571.jpg?fit=900%2C1200&ssl=1&resize=350%2C200 1x, https:\/\/i0.wp.com\/www.ellensailing.se\/wp-content\/uploads\/2017\/11\/IMG_6342-e1511001620571.jpg?fit=900%2C1200&ssl=1&resize=525%2C300 1.5x, https:\/\/i0.wp.com\/www.ellensailing.se\/wp-content\/uploads\/2017\/11\/IMG_6342-e1511001620571.jpg?fit=900%2C1200&ssl=1&resize=700%2C400 2x"},"classes":[]},{"id":1670,"url":"https:\/\/www.ellensailing.se\/?p=1670","url_meta":{"origin":2594,"position":4},"title":"L\u00e5ngpromenad uppf\u00f6r h\u00f6gsta berget p\u00e5 Bequia!","author":"peter@ellensailing.se","date":"22 december, 2017","format":false,"excerpt":"Ig\u00e5r samlades m\u00e5nga b\u00e5tar fr\u00e5n OSK f\u00f6r att g\u00f6ra ett litet \u00e4ventyr. Det var vi p\u00e5 Ellen, Think Twice och Engla. Vi hade h\u00f6rt att man kunde g\u00e5 fr\u00e5n Lower Bay men att det kunde vara sv\u00e5rt att hitta. Trots vi fr\u00e5gade fick vi avbryta. Som tur var kom en\u2026","rel":"","context":"I \u201dV\u00e4stindien 2017-2018\u201d","block_context":{"text":"V\u00e4stindien 2017-2018","link":"https:\/\/www.ellensailing.se\/?cat=24"},"img":{"alt_text":"","src":"https:\/\/i0.wp.com\/www.ellensailing.se\/wp-content\/uploads\/2017\/12\/IMG_0995.jpg?fit=1200%2C900&ssl=1&resize=350%2C200","width":350,"height":200,"srcset":"https:\/\/i0.wp.com\/www.ellensailing.se\/wp-content\/uploads\/2017\/12\/IMG_0995.jpg?fit=1200%2C900&ssl=1&resize=350%2C200 1x, https:\/\/i0.wp.com\/www.ellensailing.se\/wp-content\/uploads\/2017\/12\/IMG_0995.jpg?fit=1200%2C900&ssl=1&resize=525%2C300 1.5x, https:\/\/i0.wp.com\/www.ellensailing.se\/wp-content\/uploads\/2017\/12\/IMG_0995.jpg?fit=1200%2C900&ssl=1&resize=700%2C400 2x, https:\/\/i0.wp.com\/www.ellensailing.se\/wp-content\/uploads\/2017\/12\/IMG_0995.jpg?fit=1200%2C900&ssl=1&resize=1050%2C600 3x"},"classes":[]},{"id":1476,"url":"https:\/\/www.ellensailing.se\/?p=1476","url_meta":{"origin":2594,"position":5},"title":"La Gomera, vilken \u00f6!","author":"peter@ellensailing.se","date":"28 oktober, 2017","format":false,"excerpt":"Nu var det ett tags sedan jag skrev n\u00e5got och kommentarerna haglar att man vill ha mer, och det gl\u00e4djer mig s\u00e5klart. Efter vi sett alla valar s\u00e5 kom vi till La Gomera och som vid hamnen innan s\u00e5 tar vi upp en tonfisk s\u00e5klart. Det blir den sjunde f\u00f6r\u2026","rel":"","context":"I \u201dH\u00f6st 2017 till Grand Canrias.\u201d","block_context":{"text":"H\u00f6st 2017 till Grand Canrias.","link":"https:\/\/www.ellensailing.se\/?cat=22"},"img":{"alt_text":"","src":"https:\/\/i0.wp.com\/www.ellensailing.se\/wp-content\/uploads\/2017\/10\/DSC4152.jpg?fit=1200%2C802&ssl=1&resize=350%2C200","width":350,"height":200,"srcset":"https:\/\/i0.wp.com\/www.ellensailing.se\/wp-content\/uploads\/2017\/10\/DSC4152.jpg?fit=1200%2C802&ssl=1&resize=350%2C200 1x, https:\/\/i0.wp.com\/www.ellensailing.se\/wp-content\/uploads\/2017\/10\/DSC4152.jpg?fit=1200%2C802&ssl=1&resize=525%2C300 1.5x, https:\/\/i0.wp.com\/www.ellensailing.se\/wp-content\/uploads\/2017\/10\/DSC4152.jpg?fit=1200%2C802&ssl=1&resize=700%2C400 2x, https:\/\/i0.wp.com\/www.ellensailing.se\/wp-content\/uploads\/2017\/10\/DSC4152.jpg?fit=1200%2C802&ssl=1&resize=1050%2C600 3x"},"classes":[]}],"jetpack_likes_enabled":false,"_links":{"self":[{"href":"https:\/\/www.ellensailing.se\/index.php?rest_route=\/wp\/v2\/posts\/2594","targetHints":{"allow":["GET"]}}],"collection":[{"href":"https:\/\/www.ellensailing.se\/index.php?rest_route=\/wp\/v2\/posts"}],"about":[{"href":"https:\/\/www.ellensailing.se\/index.php?rest_route=\/wp\/v2\/types\/post"}],"author":[{"embeddable":true,"href":"https:\/\/www.ellensailing.se\/index.php?rest_route=\/wp\/v2\/users\/1"}],"replies":[{"embeddable":true,"href":"https:\/\/www.ellensailing.se\/index.php?rest_route=%2Fwp%2Fv2%2Fcomments&post=2594"}],"version-history":[{"count":2,"href":"https:\/\/www.ellensailing.se\/index.php?rest_route=\/wp\/v2\/posts\/2594\/revisions"}],"predecessor-version":[{"id":2602,"href":"https:\/\/www.ellensailing.se\/index.php?rest_route=\/wp\/v2\/posts\/2594\/revisions\/2602"}],"wp:featuredmedia":[{"embeddable":true,"href":"https:\/\/www.ellensailing.se\/index.php?rest_route=\/wp\/v2\/media\/2598"}],"wp:attachment":[{"href":"https:\/\/www.ellensailing.se\/index.php?rest_route=%2Fwp%2Fv2%2Fmedia&parent=2594"}],"wp:term":[{"taxonomy":"category","embeddable":true,"href":"https:\/\/www.ellensailing.se\/index.php?rest_route=%2Fwp%2Fv2%2Fcategories&post=2594"},{"taxonomy":"post_tag","embeddable":true,"href":"https:\/\/www.ellensailing.se\/index.php?rest_route=%2Fwp%2Fv2%2Ftags&post=2594"}],"curies":[{"name":"wp","href":"https:\/\/api.w.org\/{rel}","templated":true}]}}