{"id":2561,"date":"2019-04-23T17:51:07","date_gmt":"2019-04-23T15:51:07","guid":{"rendered":"https:\/\/www.ellensailing.se\/?p=2561"},"modified":"2019-04-23T17:51:15","modified_gmt":"2019-04-23T15:51:15","slug":"pa-vag-soderover-igen","status":"publish","type":"post","link":"https:\/\/www.ellensailing.se\/?p=2561","title":{"rendered":"P\u00e5 v\u00e4g s\u00f6der\u00f6ver igen"},"content":{"rendered":"\n<p class=\"wp-block-paragraph\">Efter Alcudia s\u00e5 seglade vi norr om Anguilla  och ner till St: Barths d\u00e4r en regatta h\u00f6ll p\u00e5. Mycket b\u00e5tar och h\u00e4rlig st\u00e4mning f\u00f6r att inte tala om alla stora b\u00e5tar. Vi var i St: Barth i tre dagar och d\u00e4refter seglade vi ner till St: Nevis. Fick ocks\u00e5 n\u00f6jet att tr\u00e4ffa Bliss i Colombier som \u00e4r en h\u00e4rligt st\u00e4lle p\u00e5 norra St:Barth<\/p>\n\n\n\n<figure class=\"wp-block-image\"><img data-recalc-dims=\"1\" fetchpriority=\"high\" decoding=\"async\" width=\"840\" height=\"630\" src=\"https:\/\/i0.wp.com\/www.ellensailing.se\/wp-content\/uploads\/2019\/04\/4FBD8A96-B240-461F-8080-B8269DA014DC.jpeg?resize=840%2C630&#038;ssl=1\" alt=\"\" class=\"wp-image-2570\" srcset=\"https:\/\/i0.wp.com\/www.ellensailing.se\/wp-content\/uploads\/2019\/04\/4FBD8A96-B240-461F-8080-B8269DA014DC.jpeg?resize=1024%2C768&amp;ssl=1 1024w, https:\/\/i0.wp.com\/www.ellensailing.se\/wp-content\/uploads\/2019\/04\/4FBD8A96-B240-461F-8080-B8269DA014DC.jpeg?resize=300%2C225&amp;ssl=1 300w, https:\/\/i0.wp.com\/www.ellensailing.se\/wp-content\/uploads\/2019\/04\/4FBD8A96-B240-461F-8080-B8269DA014DC.jpeg?resize=768%2C576&amp;ssl=1 768w, https:\/\/i0.wp.com\/www.ellensailing.se\/wp-content\/uploads\/2019\/04\/4FBD8A96-B240-461F-8080-B8269DA014DC.jpeg?w=1680&amp;ssl=1 1680w, https:\/\/i0.wp.com\/www.ellensailing.se\/wp-content\/uploads\/2019\/04\/4FBD8A96-B240-461F-8080-B8269DA014DC.jpeg?w=2520&amp;ssl=1 2520w\" sizes=\"(max-width: 840px) 100vw, 840px\" \/><figcaption>H\u00e4rlig entr\u00e9 fr\u00e5n stranden.<\/figcaption><\/figure>\n\n\n\n<figure class=\"wp-block-image\"><img data-recalc-dims=\"1\" decoding=\"async\" width=\"840\" height=\"630\" src=\"https:\/\/i0.wp.com\/www.ellensailing.se\/wp-content\/uploads\/2019\/04\/D7C71F80-6264-4E1B-A7D7-8CC35A2FE219.jpeg?resize=840%2C630&#038;ssl=1\" alt=\"\" class=\"wp-image-2569\" srcset=\"https:\/\/i0.wp.com\/www.ellensailing.se\/wp-content\/uploads\/2019\/04\/D7C71F80-6264-4E1B-A7D7-8CC35A2FE219.jpeg?resize=1024%2C768&amp;ssl=1 1024w, https:\/\/i0.wp.com\/www.ellensailing.se\/wp-content\/uploads\/2019\/04\/D7C71F80-6264-4E1B-A7D7-8CC35A2FE219.jpeg?resize=300%2C225&amp;ssl=1 300w, https:\/\/i0.wp.com\/www.ellensailing.se\/wp-content\/uploads\/2019\/04\/D7C71F80-6264-4E1B-A7D7-8CC35A2FE219.jpeg?resize=768%2C576&amp;ssl=1 768w, https:\/\/i0.wp.com\/www.ellensailing.se\/wp-content\/uploads\/2019\/04\/D7C71F80-6264-4E1B-A7D7-8CC35A2FE219.jpeg?w=1680&amp;ssl=1 1680w, https:\/\/i0.wp.com\/www.ellensailing.se\/wp-content\/uploads\/2019\/04\/D7C71F80-6264-4E1B-A7D7-8CC35A2FE219.jpeg?w=2520&amp;ssl=1 2520w\" sizes=\"(max-width: 840px) 100vw, 840px\" \/><figcaption>Sunshine har funnits sedan 70 talet, en riktig klassiker.<\/figcaption><\/figure>\n\n\n\n<p class=\"wp-block-paragraph\">P\u00e5 v\u00e4g ner till St:Nevis hade vi en underbar segling. Vi h\u00f6ll p\u00e5 att bli omseglade men det r\u00e4ckte inte. Det var en 142 fots b\u00e5t som seglade i 12,5 knop men Jackie h\u00f6ll bra \u00e5nga p\u00e5 Ellen f\u00f6r vi gjorde 10 knop. <\/p>\n\n\n\n<figure class=\"wp-block-image\"><img data-recalc-dims=\"1\" decoding=\"async\" width=\"840\" height=\"630\" src=\"https:\/\/i0.wp.com\/www.ellensailing.se\/wp-content\/uploads\/2019\/04\/F5A6495B-6F4B-42A4-8A1E-2CC71ACB4348.jpeg?resize=840%2C630&#038;ssl=1\" alt=\"\" class=\"wp-image-2564\" srcset=\"https:\/\/i0.wp.com\/www.ellensailing.se\/wp-content\/uploads\/2019\/04\/F5A6495B-6F4B-42A4-8A1E-2CC71ACB4348.jpeg?resize=1024%2C768&amp;ssl=1 1024w, https:\/\/i0.wp.com\/www.ellensailing.se\/wp-content\/uploads\/2019\/04\/F5A6495B-6F4B-42A4-8A1E-2CC71ACB4348.jpeg?resize=300%2C225&amp;ssl=1 300w, https:\/\/i0.wp.com\/www.ellensailing.se\/wp-content\/uploads\/2019\/04\/F5A6495B-6F4B-42A4-8A1E-2CC71ACB4348.jpeg?resize=768%2C576&amp;ssl=1 768w, https:\/\/i0.wp.com\/www.ellensailing.se\/wp-content\/uploads\/2019\/04\/F5A6495B-6F4B-42A4-8A1E-2CC71ACB4348.jpeg?w=1680&amp;ssl=1 1680w, https:\/\/i0.wp.com\/www.ellensailing.se\/wp-content\/uploads\/2019\/04\/F5A6495B-6F4B-42A4-8A1E-2CC71ACB4348.jpeg?w=2520&amp;ssl=1 2520w\" sizes=\"(max-width: 840px) 100vw, 840px\" \/><figcaption>Sunshine stinger bee<\/figcaption><\/figure>\n\n\n\n<p class=\"wp-block-paragraph\">I St.Nevis var det p\u00e5skfirande och full fart. K\u00e4nns \u00e5terigen att kommit tillbaka till Karibien. Lite reggae och massor av folk p\u00e5 stranden. Sj\u00e4lvklart var vi hos den k\u00e4nda baren Sunshine och d\u00e4r var det full rulle.<\/p>\n\n\n\n<figure class=\"wp-block-image\"><img data-recalc-dims=\"1\" loading=\"lazy\" decoding=\"async\" width=\"840\" height=\"630\" src=\"https:\/\/i0.wp.com\/www.ellensailing.se\/wp-content\/uploads\/2019\/04\/C7917E9C-2262-41FE-A20D-FCAF0CE4C05C.jpeg?resize=840%2C630&#038;ssl=1\" alt=\"\" class=\"wp-image-2566\" srcset=\"https:\/\/i0.wp.com\/www.ellensailing.se\/wp-content\/uploads\/2019\/04\/C7917E9C-2262-41FE-A20D-FCAF0CE4C05C.jpeg?resize=1024%2C768&amp;ssl=1 1024w, https:\/\/i0.wp.com\/www.ellensailing.se\/wp-content\/uploads\/2019\/04\/C7917E9C-2262-41FE-A20D-FCAF0CE4C05C.jpeg?resize=300%2C225&amp;ssl=1 300w, https:\/\/i0.wp.com\/www.ellensailing.se\/wp-content\/uploads\/2019\/04\/C7917E9C-2262-41FE-A20D-FCAF0CE4C05C.jpeg?resize=768%2C576&amp;ssl=1 768w, https:\/\/i0.wp.com\/www.ellensailing.se\/wp-content\/uploads\/2019\/04\/C7917E9C-2262-41FE-A20D-FCAF0CE4C05C.jpeg?w=1680&amp;ssl=1 1680w, https:\/\/i0.wp.com\/www.ellensailing.se\/wp-content\/uploads\/2019\/04\/C7917E9C-2262-41FE-A20D-FCAF0CE4C05C.jpeg?w=2520&amp;ssl=1 2520w\" sizes=\"(max-width: 840px) 100vw, 840px\" \/><figcaption>F\u00f6delsedagsfest hos Sunshine<\/figcaption><\/figure>\n","protected":false},"excerpt":{"rendered":"<p>Efter Alcudia s\u00e5 seglade vi norr om Anguilla och ner till St: Barths d\u00e4r en regatta h\u00f6ll p\u00e5. Mycket b\u00e5tar[&#8230;]<\/p>\n","protected":false},"author":1,"featured_media":2563,"comment_status":"open","ping_status":"open","sticky":false,"template":"","format":"standard","meta":{"_jetpack_newsletter_access":"","_jetpack_dont_email_post_to_subs":false,"_jetpack_newsletter_tier_id":0,"_jetpack_memberships_contains_paywalled_content":false,"_jetpack_feature_clip_id":0,"_jetpack_memberships_contains_paid_content":false,"footnotes":"","jetpack_publicize_message":"","jetpack_publicize_feature_enabled":true,"jetpack_social_post_already_shared":true,"jetpack_social_options":{"image_generator_settings":{"template":"highway","default_image_id":0,"font":"","enabled":false},"version":2},"jetpack_post_was_ever_published":false},"categories":[25],"tags":[],"class_list":["post-2561","post","type-post","status-publish","format-standard","has-post-thumbnail","hentry","category-vastindien-2019"],"jetpack_publicize_connections":[],"jetpack_featured_media_url":"https:\/\/i0.wp.com\/www.ellensailing.se\/wp-content\/uploads\/2019\/04\/EDD0FFCE-FC69-42E4-AD6F-A9873EF82DEE.jpeg?fit=3008%2C2256&ssl=1","jetpack_sharing_enabled":true,"jetpack_shortlink":"https:\/\/wp.me\/p5G68R-Fj","jetpack-related-posts":[{"id":2495,"url":"https:\/\/www.ellensailing.se\/?p=2495","url_meta":{"origin":2561,"position":0},"title":"St: Barth, lyx\u00f6n i Karibien","author":"peter@ellensailing.se","date":"9 april, 2019","format":false,"excerpt":"Det var l\u00e4nge sedan vi skrev n\u00e5got inl\u00e4gg, har varit lite d\u00e5 med n\u00e4t ett tag, eller s\u00e5 har vi haft f\u00f6r mycket att g\u00f6ra. Efter Barbuda hade vi en fin segling till St: Barth. V\u00e4l d\u00e4r kommer Mike fr\u00e5n Chasseur och har fixat en moring f\u00f6r oss. V\u00e4ldigt gener\u00f6st\u2026","rel":"","context":"I \u201dV\u00e4stindien 2017-2018\u201d","block_context":{"text":"V\u00e4stindien 2017-2018","link":"https:\/\/www.ellensailing.se\/?cat=24"},"img":{"alt_text":"","src":"https:\/\/i0.wp.com\/www.ellensailing.se\/wp-content\/uploads\/2019\/04\/31EB608B-37E0-4081-A954-0FCB4E4801E2.jpeg?fit=1200%2C900&ssl=1&resize=350%2C200","width":350,"height":200,"srcset":"https:\/\/i0.wp.com\/www.ellensailing.se\/wp-content\/uploads\/2019\/04\/31EB608B-37E0-4081-A954-0FCB4E4801E2.jpeg?fit=1200%2C900&ssl=1&resize=350%2C200 1x, https:\/\/i0.wp.com\/www.ellensailing.se\/wp-content\/uploads\/2019\/04\/31EB608B-37E0-4081-A954-0FCB4E4801E2.jpeg?fit=1200%2C900&ssl=1&resize=525%2C300 1.5x, https:\/\/i0.wp.com\/www.ellensailing.se\/wp-content\/uploads\/2019\/04\/31EB608B-37E0-4081-A954-0FCB4E4801E2.jpeg?fit=1200%2C900&ssl=1&resize=700%2C400 2x, https:\/\/i0.wp.com\/www.ellensailing.se\/wp-content\/uploads\/2019\/04\/31EB608B-37E0-4081-A954-0FCB4E4801E2.jpeg?fit=1200%2C900&ssl=1&resize=1050%2C600 3x"},"classes":[]},{"id":2543,"url":"https:\/\/www.ellensailing.se\/?p=2543","url_meta":{"origin":2561,"position":1},"title":"Med bil runt Anguilla, det \u00e4r inte stort!","author":"peter@ellensailing.se","date":"15 april, 2019","format":false,"excerpt":"I morse s\u00e5 \u00e5kte vi in till Elvis d\u00e4r bilen skulle levereras. Fick v\u00e4nta i en kvart, men vad \u00e4r det i Karibien. Inget \u00e4r p\u00e5 tid s\u00e5 det spelar ingen roll. Fick en pratstund med en av kompanjonerna p\u00e5 Elvis. \u00c5kte f\u00f6rst igenom staden men hade siktet in p\u00e5\u2026","rel":"","context":"I \u201dV\u00e4stindien 2019\u201d","block_context":{"text":"V\u00e4stindien 2019","link":"https:\/\/www.ellensailing.se\/?cat=25"},"img":{"alt_text":"","src":"https:\/\/i0.wp.com\/www.ellensailing.se\/wp-content\/uploads\/2019\/04\/4C439086-0CB2-4288-9263-ABA33BB08BE6.jpeg?fit=1200%2C800&ssl=1&resize=350%2C200","width":350,"height":200,"srcset":"https:\/\/i0.wp.com\/www.ellensailing.se\/wp-content\/uploads\/2019\/04\/4C439086-0CB2-4288-9263-ABA33BB08BE6.jpeg?fit=1200%2C800&ssl=1&resize=350%2C200 1x, https:\/\/i0.wp.com\/www.ellensailing.se\/wp-content\/uploads\/2019\/04\/4C439086-0CB2-4288-9263-ABA33BB08BE6.jpeg?fit=1200%2C800&ssl=1&resize=525%2C300 1.5x, https:\/\/i0.wp.com\/www.ellensailing.se\/wp-content\/uploads\/2019\/04\/4C439086-0CB2-4288-9263-ABA33BB08BE6.jpeg?fit=1200%2C800&ssl=1&resize=700%2C400 2x, https:\/\/i0.wp.com\/www.ellensailing.se\/wp-content\/uploads\/2019\/04\/4C439086-0CB2-4288-9263-ABA33BB08BE6.jpeg?fit=1200%2C800&ssl=1&resize=1050%2C600 3x"},"classes":[]},{"id":2509,"url":"https:\/\/www.ellensailing.se\/?p=2509","url_meta":{"origin":2561,"position":2},"title":"123, klubbad. \u00c4ntligen \u00e4r Takacaten borta.","author":"peter@ellensailing.se","date":"10 april, 2019","format":false,"excerpt":"Vi seglade iv\u00e4g p\u00e5 fredagen till St: Martin som \u00e4r ganska n\u00e4ra fr\u00e5n St: Barth. Anledning var att George sa att det var loppis p\u00e5 l\u00f6rdagen i St: Martin. P\u00e5 fredagkv\u00e4llen kom vi p\u00e5 att mecka p\u00e5 hans 8hk p\u00e5 v\u00e5r Takacat som har ny botten. Det blev en del\u2026","rel":"","context":"I \u201dV\u00e4stindien 2019\u201d","block_context":{"text":"V\u00e4stindien 2019","link":"https:\/\/www.ellensailing.se\/?cat=25"},"img":{"alt_text":"","src":"https:\/\/i0.wp.com\/www.ellensailing.se\/wp-content\/uploads\/2019\/04\/B55C0625-A746-4C0A-9E40-3EFC36C39BBB.jpeg?fit=1200%2C675&ssl=1&resize=350%2C200","width":350,"height":200,"srcset":"https:\/\/i0.wp.com\/www.ellensailing.se\/wp-content\/uploads\/2019\/04\/B55C0625-A746-4C0A-9E40-3EFC36C39BBB.jpeg?fit=1200%2C675&ssl=1&resize=350%2C200 1x, https:\/\/i0.wp.com\/www.ellensailing.se\/wp-content\/uploads\/2019\/04\/B55C0625-A746-4C0A-9E40-3EFC36C39BBB.jpeg?fit=1200%2C675&ssl=1&resize=525%2C300 1.5x, https:\/\/i0.wp.com\/www.ellensailing.se\/wp-content\/uploads\/2019\/04\/B55C0625-A746-4C0A-9E40-3EFC36C39BBB.jpeg?fit=1200%2C675&ssl=1&resize=700%2C400 2x, https:\/\/i0.wp.com\/www.ellensailing.se\/wp-content\/uploads\/2019\/04\/B55C0625-A746-4C0A-9E40-3EFC36C39BBB.jpeg?fit=1200%2C675&ssl=1&resize=1050%2C600 3x"},"classes":[]},{"id":2177,"url":"https:\/\/www.ellensailing.se\/?p=2177","url_meta":{"origin":2561,"position":3},"title":"Great Baracuda p\u00e5 v\u00e4g till Grenada","author":"peter@ellensailing.se","date":"15 april, 2018","format":false,"excerpt":"I morse seglade vi till Grenada och strax utanf\u00f6r Carriacou fick vi en mega Baracuda, s\u00e4kert 15 kg tung. Vi fick g\u00e5 upp i vind f\u00f6r att minska farten och trots det h\u00f6ll jag p\u00e5 en halvtimme innan vi fick upp den luringen. Vilka t\u00e4nder de har. Infinity B hade\u2026","rel":"","context":"I \u201dV\u00e4stindien 2017-2018\u201d","block_context":{"text":"V\u00e4stindien 2017-2018","link":"https:\/\/www.ellensailing.se\/?cat=24"},"img":{"alt_text":"","src":"https:\/\/i0.wp.com\/www.ellensailing.se\/wp-content\/uploads\/2018\/04\/05610405-3054-4843-A45E-BE0928EFAA7A.jpeg?fit=1200%2C800&ssl=1&resize=350%2C200","width":350,"height":200,"srcset":"https:\/\/i0.wp.com\/www.ellensailing.se\/wp-content\/uploads\/2018\/04\/05610405-3054-4843-A45E-BE0928EFAA7A.jpeg?fit=1200%2C800&ssl=1&resize=350%2C200 1x, https:\/\/i0.wp.com\/www.ellensailing.se\/wp-content\/uploads\/2018\/04\/05610405-3054-4843-A45E-BE0928EFAA7A.jpeg?fit=1200%2C800&ssl=1&resize=525%2C300 1.5x, https:\/\/i0.wp.com\/www.ellensailing.se\/wp-content\/uploads\/2018\/04\/05610405-3054-4843-A45E-BE0928EFAA7A.jpeg?fit=1200%2C800&ssl=1&resize=700%2C400 2x, https:\/\/i0.wp.com\/www.ellensailing.se\/wp-content\/uploads\/2018\/04\/05610405-3054-4843-A45E-BE0928EFAA7A.jpeg?fit=1200%2C800&ssl=1&resize=1050%2C600 3x"},"classes":[]},{"id":2476,"url":"https:\/\/www.ellensailing.se\/?p=2476","url_meta":{"origin":2561,"position":4},"title":"Utflykt p\u00e5 Barbuda!","author":"peter@ellensailing.se","date":"31 mars, 2019","format":false,"excerpt":"Idag har det varit ganska risigt v\u00e4der. Tror faktiskt inte det varit s\u00e5 regnigt n\u00e5gon natt och morgon, men efter 10 s\u00e5 har det blivit b\u00e4ttre. Vi \u00e5kte med ett engelsk par p\u00e5 v\u00e5r utflykt f\u00f6r att se Fregattf\u00e5glar. Fregattf\u00e5glarna har st\u00f6rsta vingbredd relaterat till deras vikt. Den h\u00e4r kolonin\u2026","rel":"","context":"I \u201dV\u00e4stindien 2019\u201d","block_context":{"text":"V\u00e4stindien 2019","link":"https:\/\/www.ellensailing.se\/?cat=25"},"img":{"alt_text":"","src":"https:\/\/i0.wp.com\/www.ellensailing.se\/wp-content\/uploads\/2019\/03\/AF95B626-AEB8-46B8-A37E-1EF8BE78A9F7.jpeg?fit=1200%2C800&ssl=1&resize=350%2C200","width":350,"height":200,"srcset":"https:\/\/i0.wp.com\/www.ellensailing.se\/wp-content\/uploads\/2019\/03\/AF95B626-AEB8-46B8-A37E-1EF8BE78A9F7.jpeg?fit=1200%2C800&ssl=1&resize=350%2C200 1x, https:\/\/i0.wp.com\/www.ellensailing.se\/wp-content\/uploads\/2019\/03\/AF95B626-AEB8-46B8-A37E-1EF8BE78A9F7.jpeg?fit=1200%2C800&ssl=1&resize=525%2C300 1.5x, https:\/\/i0.wp.com\/www.ellensailing.se\/wp-content\/uploads\/2019\/03\/AF95B626-AEB8-46B8-A37E-1EF8BE78A9F7.jpeg?fit=1200%2C800&ssl=1&resize=700%2C400 2x, https:\/\/i0.wp.com\/www.ellensailing.se\/wp-content\/uploads\/2019\/03\/AF95B626-AEB8-46B8-A37E-1EF8BE78A9F7.jpeg?fit=1200%2C800&ssl=1&resize=1050%2C600 3x"},"classes":[]},{"id":1961,"url":"https:\/\/www.ellensailing.se\/?p=1961","url_meta":{"origin":2561,"position":5},"title":"Vilket v\u00e4deromslag det \u00e4r.","author":"peter@ellensailing.se","date":"19 mars, 2018","format":false,"excerpt":"Det har blivit s\u00e5 sk\u00f6nt i Karibien med h\u00e4rlig v\u00e4rme och inget regn. Det \u00e4r till och med att man \u00f6nskar sig regn s\u00e5 b\u00e5ten blir av med allt salt. P\u00e5 L\u00f6rdagen den 17 mars l\u00e4mnade vi Dominica efter vi f\u00e5tt v\u00e5r glasflaska fylld av en av PAYS killarna. Kostade\u2026","rel":"","context":"I \u201dV\u00e4stindien 2017-2018\u201d","block_context":{"text":"V\u00e4stindien 2017-2018","link":"https:\/\/www.ellensailing.se\/?cat=24"},"img":{"alt_text":"","src":"https:\/\/i0.wp.com\/www.ellensailing.se\/wp-content\/uploads\/2018\/03\/image.jpg?fit=1200%2C900&ssl=1&resize=350%2C200","width":350,"height":200,"srcset":"https:\/\/i0.wp.com\/www.ellensailing.se\/wp-content\/uploads\/2018\/03\/image.jpg?fit=1200%2C900&ssl=1&resize=350%2C200 1x, https:\/\/i0.wp.com\/www.ellensailing.se\/wp-content\/uploads\/2018\/03\/image.jpg?fit=1200%2C900&ssl=1&resize=525%2C300 1.5x, https:\/\/i0.wp.com\/www.ellensailing.se\/wp-content\/uploads\/2018\/03\/image.jpg?fit=1200%2C900&ssl=1&resize=700%2C400 2x, https:\/\/i0.wp.com\/www.ellensailing.se\/wp-content\/uploads\/2018\/03\/image.jpg?fit=1200%2C900&ssl=1&resize=1050%2C600 3x"},"classes":[]}],"jetpack_likes_enabled":false,"_links":{"self":[{"href":"https:\/\/www.ellensailing.se\/index.php?rest_route=\/wp\/v2\/posts\/2561","targetHints":{"allow":["GET"]}}],"collection":[{"href":"https:\/\/www.ellensailing.se\/index.php?rest_route=\/wp\/v2\/posts"}],"about":[{"href":"https:\/\/www.ellensailing.se\/index.php?rest_route=\/wp\/v2\/types\/post"}],"author":[{"embeddable":true,"href":"https:\/\/www.ellensailing.se\/index.php?rest_route=\/wp\/v2\/users\/1"}],"replies":[{"embeddable":true,"href":"https:\/\/www.ellensailing.se\/index.php?rest_route=%2Fwp%2Fv2%2Fcomments&post=2561"}],"version-history":[{"count":3,"href":"https:\/\/www.ellensailing.se\/index.php?rest_route=\/wp\/v2\/posts\/2561\/revisions"}],"predecessor-version":[{"id":2576,"href":"https:\/\/www.ellensailing.se\/index.php?rest_route=\/wp\/v2\/posts\/2561\/revisions\/2576"}],"wp:featuredmedia":[{"embeddable":true,"href":"https:\/\/www.ellensailing.se\/index.php?rest_route=\/wp\/v2\/media\/2563"}],"wp:attachment":[{"href":"https:\/\/www.ellensailing.se\/index.php?rest_route=%2Fwp%2Fv2%2Fmedia&parent=2561"}],"wp:term":[{"taxonomy":"category","embeddable":true,"href":"https:\/\/www.ellensailing.se\/index.php?rest_route=%2Fwp%2Fv2%2Fcategories&post=2561"},{"taxonomy":"post_tag","embeddable":true,"href":"https:\/\/www.ellensailing.se\/index.php?rest_route=%2Fwp%2Fv2%2Ftags&post=2561"}],"curies":[{"name":"wp","href":"https:\/\/api.w.org\/{rel}","templated":true}]}}