{"id":2525,"date":"2019-04-13T03:05:30","date_gmt":"2019-04-13T01:05:30","guid":{"rendered":"https:\/\/www.ellensailing.se\/?p=2525"},"modified":"2019-04-13T03:25:50","modified_gmt":"2019-04-13T01:25:50","slug":"anguilla-en-riktig-parla","status":"publish","type":"post","link":"https:\/\/www.ellensailing.se\/?p=2525","title":{"rendered":"Anguilla, en riktig p\u00e4rla!"},"content":{"rendered":"\n<p class=\"wp-block-paragraph\">Efter vi har varit i 6 dagar i St. Martin s\u00e5 bar det av norrut till den nordligaste \u00f6n i p\u00e4rlbandet f\u00f6r Karibien om man bortser f\u00f6r Bahamas och de delarna. En ganska kort tripp p\u00e5 13 NM.<\/p>\n\n\n\n<p class=\"wp-block-paragraph\">Innan vi gav och iv\u00e4g s\u00e5 sa vi hejd\u00e5 till Mike och Nancy som skulle segla upp till Newport. Det gjordes en stormiddag av George och June p\u00e5 deras b\u00e5t Fanthom This.  Glittra fick tr\u00e4ffa dem och som ocks\u00e5 skall g\u00e5 den v\u00e4gen s\u00e5 det var v\u00e4l bra att de fick byta erfarenheter med dem.<\/p>\n\n\n\n<figure class=\"wp-block-image\"><img data-recalc-dims=\"1\" fetchpriority=\"high\" decoding=\"async\" width=\"840\" height=\"630\" src=\"https:\/\/i0.wp.com\/www.ellensailing.se\/wp-content\/uploads\/2019\/04\/331FC813-E929-4D40-844C-88ED91A93A63.jpeg?resize=840%2C630&#038;ssl=1\" alt=\"\" class=\"wp-image-2526\" srcset=\"https:\/\/i0.wp.com\/www.ellensailing.se\/wp-content\/uploads\/2019\/04\/331FC813-E929-4D40-844C-88ED91A93A63.jpeg?resize=1024%2C768&amp;ssl=1 1024w, https:\/\/i0.wp.com\/www.ellensailing.se\/wp-content\/uploads\/2019\/04\/331FC813-E929-4D40-844C-88ED91A93A63.jpeg?resize=300%2C225&amp;ssl=1 300w, https:\/\/i0.wp.com\/www.ellensailing.se\/wp-content\/uploads\/2019\/04\/331FC813-E929-4D40-844C-88ED91A93A63.jpeg?resize=768%2C576&amp;ssl=1 768w, https:\/\/i0.wp.com\/www.ellensailing.se\/wp-content\/uploads\/2019\/04\/331FC813-E929-4D40-844C-88ED91A93A63.jpeg?w=1680&amp;ssl=1 1680w, https:\/\/i0.wp.com\/www.ellensailing.se\/wp-content\/uploads\/2019\/04\/331FC813-E929-4D40-844C-88ED91A93A63.jpeg?w=2520&amp;ssl=1 2520w\" sizes=\"(max-width: 840px) 100vw, 840px\" \/><figcaption>Avslutningsmiddag f\u00f6r Mike och Nancy.<\/figcaption><\/figure>\n\n\n\n<p class=\"wp-block-paragraph\">M\u00e5nga l\u00e5ngseglare tycker inte om Anguilla f\u00f6r att segla runt h\u00e4r \u00e4r r\u00e4tt dyrt. Alla m\u00e5ste g\u00e5 til Road Bay som \u00e4r incheckningsviken. Men h\u00e4r \u00e4r det v\u00e4ligt fint  med bra vatten och trevliga m\u00e4nniskor. Vi har tr\u00e4ffat n\u00e5gra Amerikaner som tycker detta \u00e4r det b\u00e4sta i Karibien.<\/p>\n\n\n\n<p class=\"wp-block-paragraph\">I kv\u00e4ll s\u00e5 \u00e5t vi mat hos Elvis som \u00e4r en av de 5 b\u00e4sta resturanger och barer i Karibien om man nu skall tro en Amerikansk tidning. G\u00e5tt var det och v\u00e4ldigt trevlig. <\/p>\n\n\n\n<figure class=\"wp-block-image\"><img data-recalc-dims=\"1\" decoding=\"async\" width=\"768\" height=\"1024\" src=\"https:\/\/i0.wp.com\/www.ellensailing.se\/wp-content\/uploads\/2019\/04\/38FC0E76-ADA9-4C8B-B034-709CDED9D35F.jpeg?resize=768%2C1024&#038;ssl=1\" alt=\"\" class=\"wp-image-2531\" srcset=\"https:\/\/i0.wp.com\/www.ellensailing.se\/wp-content\/uploads\/2019\/04\/38FC0E76-ADA9-4C8B-B034-709CDED9D35F.jpeg?resize=768%2C1024&amp;ssl=1 768w, https:\/\/i0.wp.com\/www.ellensailing.se\/wp-content\/uploads\/2019\/04\/38FC0E76-ADA9-4C8B-B034-709CDED9D35F.jpeg?resize=225%2C300&amp;ssl=1 225w, https:\/\/i0.wp.com\/www.ellensailing.se\/wp-content\/uploads\/2019\/04\/38FC0E76-ADA9-4C8B-B034-709CDED9D35F.jpeg?w=1680&amp;ssl=1 1680w\" sizes=\"(max-width: 768px) 100vw, 768px\" \/><figcaption>Elvis, legenden med mig och Jackie i baren.<\/figcaption><\/figure>\n\n\n\n<figure class=\"wp-block-image\"><img data-recalc-dims=\"1\" decoding=\"async\" width=\"840\" height=\"630\" src=\"https:\/\/i0.wp.com\/www.ellensailing.se\/wp-content\/uploads\/2019\/04\/A0C7A4DB-57D0-49D3-957F-AF5F4A03F5FF.jpeg?resize=840%2C630&#038;ssl=1\" alt=\"\" class=\"wp-image-2529\" srcset=\"https:\/\/i0.wp.com\/www.ellensailing.se\/wp-content\/uploads\/2019\/04\/A0C7A4DB-57D0-49D3-957F-AF5F4A03F5FF.jpeg?resize=1024%2C768&amp;ssl=1 1024w, https:\/\/i0.wp.com\/www.ellensailing.se\/wp-content\/uploads\/2019\/04\/A0C7A4DB-57D0-49D3-957F-AF5F4A03F5FF.jpeg?resize=300%2C225&amp;ssl=1 300w, https:\/\/i0.wp.com\/www.ellensailing.se\/wp-content\/uploads\/2019\/04\/A0C7A4DB-57D0-49D3-957F-AF5F4A03F5FF.jpeg?resize=768%2C576&amp;ssl=1 768w, https:\/\/i0.wp.com\/www.ellensailing.se\/wp-content\/uploads\/2019\/04\/A0C7A4DB-57D0-49D3-957F-AF5F4A03F5FF.jpeg?w=1680&amp;ssl=1 1680w, https:\/\/i0.wp.com\/www.ellensailing.se\/wp-content\/uploads\/2019\/04\/A0C7A4DB-57D0-49D3-957F-AF5F4A03F5FF.jpeg?w=2520&amp;ssl=1 2520w\" sizes=\"(max-width: 840px) 100vw, 840px\" \/><figcaption>Nyduschad Jackie som anv\u00e4nt de lokala fria duscharna.<\/figcaption><\/figure>\n\n\n\n<p class=\"wp-block-paragraph\">Fick kolla p\u00e5 Masters p\u00e5 storbilds-tv p\u00e5 stranden. P\u00e5 s\u00f6ndag n\u00e4r finalrundan avg\u00f6rs \u00e4r jag bokad h\u00e4r. Skall bli kul.<\/p>\n\n\n\n<figure class=\"wp-block-image\"><img data-recalc-dims=\"1\" loading=\"lazy\" decoding=\"async\" width=\"840\" height=\"630\" src=\"https:\/\/i0.wp.com\/www.ellensailing.se\/wp-content\/uploads\/2019\/04\/A7BE62EA-410D-42C4-8BD1-882F43398D3E.jpeg?resize=840%2C630&#038;ssl=1\" alt=\"\" class=\"wp-image-2527\" srcset=\"https:\/\/i0.wp.com\/www.ellensailing.se\/wp-content\/uploads\/2019\/04\/A7BE62EA-410D-42C4-8BD1-882F43398D3E.jpeg?resize=1024%2C768&amp;ssl=1 1024w, https:\/\/i0.wp.com\/www.ellensailing.se\/wp-content\/uploads\/2019\/04\/A7BE62EA-410D-42C4-8BD1-882F43398D3E.jpeg?resize=300%2C225&amp;ssl=1 300w, https:\/\/i0.wp.com\/www.ellensailing.se\/wp-content\/uploads\/2019\/04\/A7BE62EA-410D-42C4-8BD1-882F43398D3E.jpeg?resize=768%2C576&amp;ssl=1 768w, https:\/\/i0.wp.com\/www.ellensailing.se\/wp-content\/uploads\/2019\/04\/A7BE62EA-410D-42C4-8BD1-882F43398D3E.jpeg?w=1680&amp;ssl=1 1680w, https:\/\/i0.wp.com\/www.ellensailing.se\/wp-content\/uploads\/2019\/04\/A7BE62EA-410D-42C4-8BD1-882F43398D3E.jpeg?w=2520&amp;ssl=1 2520w\" sizes=\"(max-width: 840px) 100vw, 840px\" \/><figcaption>Masters p\u00e5 stranden, kan det bli b\u00e4ttre. P\u00e5 s\u00f6ndag \u00e4r jag bokad h\u00e4r.<\/figcaption><\/figure>\n\n\n\n<p class=\"wp-block-paragraph\"><\/p>\n\n\n\n<p class=\"wp-block-paragraph\"><\/p>\n","protected":false},"excerpt":{"rendered":"<p>Efter vi har varit i 6 dagar i St. Martin s\u00e5 bar det av norrut till den nordligaste \u00f6n i[&#8230;]<\/p>\n","protected":false},"author":1,"featured_media":2530,"comment_status":"open","ping_status":"open","sticky":false,"template":"","format":"standard","meta":{"_jetpack_newsletter_access":"","_jetpack_dont_email_post_to_subs":false,"_jetpack_newsletter_tier_id":0,"_jetpack_memberships_contains_paywalled_content":false,"_jetpack_feature_clip_id":0,"_jetpack_memberships_contains_paid_content":false,"footnotes":"","jetpack_publicize_message":"","jetpack_publicize_feature_enabled":true,"jetpack_social_post_already_shared":true,"jetpack_social_options":{"image_generator_settings":{"template":"highway","default_image_id":0,"font":"","enabled":false},"version":2},"jetpack_post_was_ever_published":false},"categories":[25],"tags":[],"class_list":["post-2525","post","type-post","status-publish","format-standard","has-post-thumbnail","hentry","category-vastindien-2019"],"jetpack_publicize_connections":[],"jetpack_featured_media_url":"https:\/\/i0.wp.com\/www.ellensailing.se\/wp-content\/uploads\/2019\/04\/4DD6F8EC-7C5B-4177-B94B-AB16298510C6.jpeg?fit=3264%2C2448&ssl=1","jetpack_sharing_enabled":true,"jetpack_shortlink":"https:\/\/wp.me\/p5G68R-EJ","jetpack-related-posts":[{"id":2467,"url":"https:\/\/www.ellensailing.se\/?p=2467","url_meta":{"origin":2525,"position":0},"title":"Till Barbuda, vilken segling","author":"peter@ellensailing.se","date":"30 mars, 2019","format":false,"excerpt":"Efter vi l\u00e4mnat Torgny och Ewa s\u00e5 \u00e5kte vi norrut mot Antigua. Vi hade n\u00e5gra dagar i Falmouth d\u00e4r vi tr\u00e4ffade Mike och Nancy. Sk\u00f6nt par som seglat mer \u00e4n de flesta. De var ansvariga f\u00f6r Nirvana under alla \u00e5r och Mike hade ett varv i Newport. Idag s\u00e5 seglade\u2026","rel":"","context":"I \u201dV\u00e4stindien 2019\u201d","block_context":{"text":"V\u00e4stindien 2019","link":"https:\/\/www.ellensailing.se\/?cat=25"},"img":{"alt_text":"","src":"https:\/\/i0.wp.com\/www.ellensailing.se\/wp-content\/uploads\/2019\/03\/71DD7C30-01FE-4C89-962A-DCDC7FEDBD4A.jpeg?fit=1200%2C800&ssl=1&resize=350%2C200","width":350,"height":200,"srcset":"https:\/\/i0.wp.com\/www.ellensailing.se\/wp-content\/uploads\/2019\/03\/71DD7C30-01FE-4C89-962A-DCDC7FEDBD4A.jpeg?fit=1200%2C800&ssl=1&resize=350%2C200 1x, https:\/\/i0.wp.com\/www.ellensailing.se\/wp-content\/uploads\/2019\/03\/71DD7C30-01FE-4C89-962A-DCDC7FEDBD4A.jpeg?fit=1200%2C800&ssl=1&resize=525%2C300 1.5x, https:\/\/i0.wp.com\/www.ellensailing.se\/wp-content\/uploads\/2019\/03\/71DD7C30-01FE-4C89-962A-DCDC7FEDBD4A.jpeg?fit=1200%2C800&ssl=1&resize=700%2C400 2x, https:\/\/i0.wp.com\/www.ellensailing.se\/wp-content\/uploads\/2019\/03\/71DD7C30-01FE-4C89-962A-DCDC7FEDBD4A.jpeg?fit=1200%2C800&ssl=1&resize=1050%2C600 3x"},"classes":[]},{"id":2495,"url":"https:\/\/www.ellensailing.se\/?p=2495","url_meta":{"origin":2525,"position":1},"title":"St: Barth, lyx\u00f6n i Karibien","author":"peter@ellensailing.se","date":"9 april, 2019","format":false,"excerpt":"Det var l\u00e4nge sedan vi skrev n\u00e5got inl\u00e4gg, har varit lite d\u00e5 med n\u00e4t ett tag, eller s\u00e5 har vi haft f\u00f6r mycket att g\u00f6ra. Efter Barbuda hade vi en fin segling till St: Barth. V\u00e4l d\u00e4r kommer Mike fr\u00e5n Chasseur och har fixat en moring f\u00f6r oss. V\u00e4ldigt gener\u00f6st\u2026","rel":"","context":"I \u201dV\u00e4stindien 2017-2018\u201d","block_context":{"text":"V\u00e4stindien 2017-2018","link":"https:\/\/www.ellensailing.se\/?cat=24"},"img":{"alt_text":"","src":"https:\/\/i0.wp.com\/www.ellensailing.se\/wp-content\/uploads\/2019\/04\/31EB608B-37E0-4081-A954-0FCB4E4801E2.jpeg?fit=1200%2C900&ssl=1&resize=350%2C200","width":350,"height":200,"srcset":"https:\/\/i0.wp.com\/www.ellensailing.se\/wp-content\/uploads\/2019\/04\/31EB608B-37E0-4081-A954-0FCB4E4801E2.jpeg?fit=1200%2C900&ssl=1&resize=350%2C200 1x, https:\/\/i0.wp.com\/www.ellensailing.se\/wp-content\/uploads\/2019\/04\/31EB608B-37E0-4081-A954-0FCB4E4801E2.jpeg?fit=1200%2C900&ssl=1&resize=525%2C300 1.5x, https:\/\/i0.wp.com\/www.ellensailing.se\/wp-content\/uploads\/2019\/04\/31EB608B-37E0-4081-A954-0FCB4E4801E2.jpeg?fit=1200%2C900&ssl=1&resize=700%2C400 2x, https:\/\/i0.wp.com\/www.ellensailing.se\/wp-content\/uploads\/2019\/04\/31EB608B-37E0-4081-A954-0FCB4E4801E2.jpeg?fit=1200%2C900&ssl=1&resize=1050%2C600 3x"},"classes":[]},{"id":2509,"url":"https:\/\/www.ellensailing.se\/?p=2509","url_meta":{"origin":2525,"position":2},"title":"123, klubbad. \u00c4ntligen \u00e4r Takacaten borta.","author":"peter@ellensailing.se","date":"10 april, 2019","format":false,"excerpt":"Vi seglade iv\u00e4g p\u00e5 fredagen till St: Martin som \u00e4r ganska n\u00e4ra fr\u00e5n St: Barth. Anledning var att George sa att det var loppis p\u00e5 l\u00f6rdagen i St: Martin. P\u00e5 fredagkv\u00e4llen kom vi p\u00e5 att mecka p\u00e5 hans 8hk p\u00e5 v\u00e5r Takacat som har ny botten. Det blev en del\u2026","rel":"","context":"I \u201dV\u00e4stindien 2019\u201d","block_context":{"text":"V\u00e4stindien 2019","link":"https:\/\/www.ellensailing.se\/?cat=25"},"img":{"alt_text":"","src":"https:\/\/i0.wp.com\/www.ellensailing.se\/wp-content\/uploads\/2019\/04\/B55C0625-A746-4C0A-9E40-3EFC36C39BBB.jpeg?fit=1200%2C675&ssl=1&resize=350%2C200","width":350,"height":200,"srcset":"https:\/\/i0.wp.com\/www.ellensailing.se\/wp-content\/uploads\/2019\/04\/B55C0625-A746-4C0A-9E40-3EFC36C39BBB.jpeg?fit=1200%2C675&ssl=1&resize=350%2C200 1x, https:\/\/i0.wp.com\/www.ellensailing.se\/wp-content\/uploads\/2019\/04\/B55C0625-A746-4C0A-9E40-3EFC36C39BBB.jpeg?fit=1200%2C675&ssl=1&resize=525%2C300 1.5x, https:\/\/i0.wp.com\/www.ellensailing.se\/wp-content\/uploads\/2019\/04\/B55C0625-A746-4C0A-9E40-3EFC36C39BBB.jpeg?fit=1200%2C675&ssl=1&resize=700%2C400 2x, https:\/\/i0.wp.com\/www.ellensailing.se\/wp-content\/uploads\/2019\/04\/B55C0625-A746-4C0A-9E40-3EFC36C39BBB.jpeg?fit=1200%2C675&ssl=1&resize=1050%2C600 3x"},"classes":[]},{"id":3275,"url":"https:\/\/www.ellensailing.se\/?p=3275","url_meta":{"origin":2525,"position":3},"title":"Summering 2022","author":"peter@ellensailing.se","date":"4 april, 2023","format":false,"excerpt":"Usch och fy vad d\u00e5liga vi varit p\u00e5 att uppdatera v\u00e5r blogg. H\u00e4r kommer i alla fall en summering av sommarseglingen f\u00f6rra \u00e5ret. Vi b\u00f6rjade v\u00e5r semester den 8 juli och tog oss ut till Bj\u00f6rksk\u00e4r d\u00e4r allt b\u00f6rjade. Vi tr\u00e4ffad Lasse och Helene med sin Ella (Omega 42). Hade\u2026","rel":"","context":"I \u201dSommar 2022\u201d","block_context":{"text":"Sommar 2022","link":"https:\/\/www.ellensailing.se\/?cat=30"},"img":{"alt_text":"","src":"https:\/\/i0.wp.com\/www.ellensailing.se\/wp-content\/uploads\/2023\/04\/IMG_1721-scaled.jpg?fit=1200%2C900&ssl=1&resize=350%2C200","width":350,"height":200,"srcset":"https:\/\/i0.wp.com\/www.ellensailing.se\/wp-content\/uploads\/2023\/04\/IMG_1721-scaled.jpg?fit=1200%2C900&ssl=1&resize=350%2C200 1x, https:\/\/i0.wp.com\/www.ellensailing.se\/wp-content\/uploads\/2023\/04\/IMG_1721-scaled.jpg?fit=1200%2C900&ssl=1&resize=525%2C300 1.5x, https:\/\/i0.wp.com\/www.ellensailing.se\/wp-content\/uploads\/2023\/04\/IMG_1721-scaled.jpg?fit=1200%2C900&ssl=1&resize=700%2C400 2x, https:\/\/i0.wp.com\/www.ellensailing.se\/wp-content\/uploads\/2023\/04\/IMG_1721-scaled.jpg?fit=1200%2C900&ssl=1&resize=1050%2C600 3x"},"classes":[]},{"id":3046,"url":"https:\/\/www.ellensailing.se\/?p=3046","url_meta":{"origin":2525,"position":4},"title":"Kaos f\u00f6rsta veckan p\u00e5 semestern!","author":"peter@ellensailing.se","date":"4 juli, 2021","format":false,"excerpt":"P\u00e5 midsommardagen p\u00e5b\u00f6rjade vi v\u00e5r segling. F\u00f6rsta str\u00e4ckan blev inte l\u00e5ng, bara 1,37NM fr\u00e5n Grepen Marin till \u00d6regrundshamn. Vi l\u00e4mnade alla barnen p\u00e5 landet som fick ta hand om allt. F\u00f6rsta kv\u00e4llen var j\u00e4ttemysig och vi gick ut och \u00e5t p\u00e5 Melkers k\u00f6ttbod, supergott. Dagen efter s\u00e5 gick vi fr\u00e5n\u2026","rel":"","context":"I \u201dSegling 2021\u201d","block_context":{"text":"Segling 2021","link":"https:\/\/www.ellensailing.se\/?cat=28"},"img":{"alt_text":"","src":"https:\/\/i0.wp.com\/www.ellensailing.se\/wp-content\/uploads\/2021\/07\/Sjoraddning3.jpg?fit=640%2C480&ssl=1&resize=350%2C200","width":350,"height":200,"srcset":"https:\/\/i0.wp.com\/www.ellensailing.se\/wp-content\/uploads\/2021\/07\/Sjoraddning3.jpg?fit=640%2C480&ssl=1&resize=350%2C200 1x, https:\/\/i0.wp.com\/www.ellensailing.se\/wp-content\/uploads\/2021\/07\/Sjoraddning3.jpg?fit=640%2C480&ssl=1&resize=525%2C300 1.5x"},"classes":[]},{"id":1729,"url":"https:\/\/www.ellensailing.se\/?p=1729","url_meta":{"origin":2525,"position":5},"title":"Vinkat hejd\u00e5 till World ARCen och seglat till Martinique","author":"peter@ellensailing.se","date":"7 januari, 2018","format":false,"excerpt":"Ig\u00e5r var det dags f\u00f6r de 45 b\u00e5tarna som skall segla jorden runt. De startade i hellregn fr\u00e5n Rodney Bay vid 12 tiden. Redan dagen innan s\u00e5 blev vi bjudna p\u00e5 en farv\u00e4l drink av Mad Monkey som \u00e4r en av b\u00e5tarna. Vi fick ocks\u00e5 deras egna vin som det\u2026","rel":"","context":"I \u201dV\u00e4stindien 2017-2018\u201d","block_context":{"text":"V\u00e4stindien 2017-2018","link":"https:\/\/www.ellensailing.se\/?cat=24"},"img":{"alt_text":"","src":"https:\/\/i0.wp.com\/www.ellensailing.se\/wp-content\/uploads\/2018\/01\/IMG_0790.jpg?fit=1200%2C800&ssl=1&resize=350%2C200","width":350,"height":200,"srcset":"https:\/\/i0.wp.com\/www.ellensailing.se\/wp-content\/uploads\/2018\/01\/IMG_0790.jpg?fit=1200%2C800&ssl=1&resize=350%2C200 1x, https:\/\/i0.wp.com\/www.ellensailing.se\/wp-content\/uploads\/2018\/01\/IMG_0790.jpg?fit=1200%2C800&ssl=1&resize=525%2C300 1.5x, https:\/\/i0.wp.com\/www.ellensailing.se\/wp-content\/uploads\/2018\/01\/IMG_0790.jpg?fit=1200%2C800&ssl=1&resize=700%2C400 2x, https:\/\/i0.wp.com\/www.ellensailing.se\/wp-content\/uploads\/2018\/01\/IMG_0790.jpg?fit=1200%2C800&ssl=1&resize=1050%2C600 3x"},"classes":[]}],"jetpack_likes_enabled":false,"_links":{"self":[{"href":"https:\/\/www.ellensailing.se\/index.php?rest_route=\/wp\/v2\/posts\/2525","targetHints":{"allow":["GET"]}}],"collection":[{"href":"https:\/\/www.ellensailing.se\/index.php?rest_route=\/wp\/v2\/posts"}],"about":[{"href":"https:\/\/www.ellensailing.se\/index.php?rest_route=\/wp\/v2\/types\/post"}],"author":[{"embeddable":true,"href":"https:\/\/www.ellensailing.se\/index.php?rest_route=\/wp\/v2\/users\/1"}],"replies":[{"embeddable":true,"href":"https:\/\/www.ellensailing.se\/index.php?rest_route=%2Fwp%2Fv2%2Fcomments&post=2525"}],"version-history":[{"count":2,"href":"https:\/\/www.ellensailing.se\/index.php?rest_route=\/wp\/v2\/posts\/2525\/revisions"}],"predecessor-version":[{"id":2535,"href":"https:\/\/www.ellensailing.se\/index.php?rest_route=\/wp\/v2\/posts\/2525\/revisions\/2535"}],"wp:featuredmedia":[{"embeddable":true,"href":"https:\/\/www.ellensailing.se\/index.php?rest_route=\/wp\/v2\/media\/2530"}],"wp:attachment":[{"href":"https:\/\/www.ellensailing.se\/index.php?rest_route=%2Fwp%2Fv2%2Fmedia&parent=2525"}],"wp:term":[{"taxonomy":"category","embeddable":true,"href":"https:\/\/www.ellensailing.se\/index.php?rest_route=%2Fwp%2Fv2%2Fcategories&post=2525"},{"taxonomy":"post_tag","embeddable":true,"href":"https:\/\/www.ellensailing.se\/index.php?rest_route=%2Fwp%2Fv2%2Ftags&post=2525"}],"curies":[{"name":"wp","href":"https:\/\/api.w.org\/{rel}","templated":true}]}}