{"id":2495,"date":"2019-04-09T23:36:16","date_gmt":"2019-04-09T21:36:16","guid":{"rendered":"https:\/\/www.ellensailing.se\/?p=2495"},"modified":"2019-04-09T23:36:24","modified_gmt":"2019-04-09T21:36:24","slug":"st-barth-lyxon-i-karibien","status":"publish","type":"post","link":"https:\/\/www.ellensailing.se\/?p=2495","title":{"rendered":"St: Barth, lyx\u00f6n i Karibien"},"content":{"rendered":"\n<p class=\"wp-block-paragraph\">Det var l\u00e4nge sedan vi skrev n\u00e5got inl\u00e4gg, har varit lite d\u00e5 med n\u00e4t ett tag, eller s\u00e5 har vi haft f\u00f6r mycket att g\u00f6ra. Efter Barbuda hade vi en fin segling till St: Barth. V\u00e4l d\u00e4r kommer Mike fr\u00e5n Chasseur och har fixat en moring f\u00f6r oss. V\u00e4ldigt gener\u00f6st och trevligt. <\/p>\n\n\n\n<p class=\"wp-block-paragraph\">St: Barth har varit Svenskt en g\u00e5ng i tiden och v\u00e4garna \u00e4r namngivna efter svenska gator. R\u00e4tt kul. Finns ett Svenskt konsulat h\u00e4r ocks\u00e5. D\u00e4remot skiljer sig \u00f6n fr\u00e5n alla andra. H\u00e4r finns alla lyxbutiker och j\u00e4ttem\u00e5nga stora b\u00e5tar och fina resturanger.<\/p>\n\n\n\n<figure class=\"wp-block-image\"><img fetchpriority=\"high\" decoding=\"async\" width=\"3264\" height=\"2448\" src=\"https:\/\/i0.wp.com\/www.ellensailing.se\/wp-content\/uploads\/2019\/04\/AAC5DACB-D560-4248-84AB-B9328C777D99.jpeg?fit=525%2C394&amp;ssl=1\" alt=\"\" class=\"wp-image-2503\" srcset=\"https:\/\/i0.wp.com\/www.ellensailing.se\/wp-content\/uploads\/2019\/04\/AAC5DACB-D560-4248-84AB-B9328C777D99.jpeg?w=3264&amp;ssl=1 3264w, https:\/\/i0.wp.com\/www.ellensailing.se\/wp-content\/uploads\/2019\/04\/AAC5DACB-D560-4248-84AB-B9328C777D99.jpeg?resize=300%2C225&amp;ssl=1 300w, https:\/\/i0.wp.com\/www.ellensailing.se\/wp-content\/uploads\/2019\/04\/AAC5DACB-D560-4248-84AB-B9328C777D99.jpeg?resize=768%2C576&amp;ssl=1 768w, https:\/\/i0.wp.com\/www.ellensailing.se\/wp-content\/uploads\/2019\/04\/AAC5DACB-D560-4248-84AB-B9328C777D99.jpeg?resize=1024%2C768&amp;ssl=1 1024w, https:\/\/i0.wp.com\/www.ellensailing.se\/wp-content\/uploads\/2019\/04\/AAC5DACB-D560-4248-84AB-B9328C777D99.jpeg?w=1680&amp;ssl=1 1680w, https:\/\/i0.wp.com\/www.ellensailing.se\/wp-content\/uploads\/2019\/04\/AAC5DACB-D560-4248-84AB-B9328C777D99.jpeg?w=2520&amp;ssl=1 2520w\" sizes=\"(max-width: 840px) 100vw, 840px\" \/><figcaption>Coolt med Svenska namn p\u00e5 gatorna.<\/figcaption><\/figure>\n\n\n\n<figure class=\"wp-block-image\"><img decoding=\"async\" width=\"3264\" height=\"2448\" src=\"https:\/\/i2.wp.com\/www.ellensailing.se\/wp-content\/uploads\/2019\/04\/DFBDDC35-F941-433E-BF60-5AF88549526C.jpeg?fit=525%2C394&amp;ssl=1\" alt=\"\" class=\"wp-image-2501\" srcset=\"https:\/\/i0.wp.com\/www.ellensailing.se\/wp-content\/uploads\/2019\/04\/DFBDDC35-F941-433E-BF60-5AF88549526C.jpeg?w=3264&amp;ssl=1 3264w, https:\/\/i0.wp.com\/www.ellensailing.se\/wp-content\/uploads\/2019\/04\/DFBDDC35-F941-433E-BF60-5AF88549526C.jpeg?resize=300%2C225&amp;ssl=1 300w, https:\/\/i0.wp.com\/www.ellensailing.se\/wp-content\/uploads\/2019\/04\/DFBDDC35-F941-433E-BF60-5AF88549526C.jpeg?resize=768%2C576&amp;ssl=1 768w, https:\/\/i0.wp.com\/www.ellensailing.se\/wp-content\/uploads\/2019\/04\/DFBDDC35-F941-433E-BF60-5AF88549526C.jpeg?resize=1024%2C768&amp;ssl=1 1024w, https:\/\/i0.wp.com\/www.ellensailing.se\/wp-content\/uploads\/2019\/04\/DFBDDC35-F941-433E-BF60-5AF88549526C.jpeg?w=1680&amp;ssl=1 1680w, https:\/\/i0.wp.com\/www.ellensailing.se\/wp-content\/uploads\/2019\/04\/DFBDDC35-F941-433E-BF60-5AF88549526C.jpeg?w=2520&amp;ssl=1 2520w\" sizes=\"(max-width: 840px) 100vw, 840px\" \/><figcaption>Jackie p\u00e5 toppen av Fort Carl<\/figcaption><\/figure>\n\n\n\n<figure class=\"wp-block-image\"><img decoding=\"async\" width=\"3264\" height=\"2448\" src=\"https:\/\/i2.wp.com\/www.ellensailing.se\/wp-content\/uploads\/2019\/04\/331EB95F-21A7-4C3B-A67E-1A4088D42FDC.jpeg?fit=525%2C394&amp;ssl=1\" alt=\"\" class=\"wp-image-2505\" srcset=\"https:\/\/i0.wp.com\/www.ellensailing.se\/wp-content\/uploads\/2019\/04\/331EB95F-21A7-4C3B-A67E-1A4088D42FDC.jpeg?w=3264&amp;ssl=1 3264w, https:\/\/i0.wp.com\/www.ellensailing.se\/wp-content\/uploads\/2019\/04\/331EB95F-21A7-4C3B-A67E-1A4088D42FDC.jpeg?resize=300%2C225&amp;ssl=1 300w, https:\/\/i0.wp.com\/www.ellensailing.se\/wp-content\/uploads\/2019\/04\/331EB95F-21A7-4C3B-A67E-1A4088D42FDC.jpeg?resize=768%2C576&amp;ssl=1 768w, https:\/\/i0.wp.com\/www.ellensailing.se\/wp-content\/uploads\/2019\/04\/331EB95F-21A7-4C3B-A67E-1A4088D42FDC.jpeg?resize=1024%2C768&amp;ssl=1 1024w, https:\/\/i0.wp.com\/www.ellensailing.se\/wp-content\/uploads\/2019\/04\/331EB95F-21A7-4C3B-A67E-1A4088D42FDC.jpeg?w=1680&amp;ssl=1 1680w, https:\/\/i0.wp.com\/www.ellensailing.se\/wp-content\/uploads\/2019\/04\/331EB95F-21A7-4C3B-A67E-1A4088D42FDC.jpeg?w=2520&amp;ssl=1 2520w\" sizes=\"(max-width: 840px) 100vw, 840px\" \/><figcaption>St: Barths hamn med alla lyxaff\u00e4rer<\/figcaption><\/figure>\n\n\n\n<figure class=\"wp-block-image\"><img loading=\"lazy\" decoding=\"async\" width=\"3264\" height=\"2448\" src=\"https:\/\/i1.wp.com\/www.ellensailing.se\/wp-content\/uploads\/2019\/04\/43DC912C-BAF6-4483-A7B3-060ECD42315F.jpeg?fit=525%2C394&amp;ssl=1\" alt=\"\" class=\"wp-image-2506\" srcset=\"https:\/\/i0.wp.com\/www.ellensailing.se\/wp-content\/uploads\/2019\/04\/43DC912C-BAF6-4483-A7B3-060ECD42315F.jpeg?w=3264&amp;ssl=1 3264w, https:\/\/i0.wp.com\/www.ellensailing.se\/wp-content\/uploads\/2019\/04\/43DC912C-BAF6-4483-A7B3-060ECD42315F.jpeg?resize=300%2C225&amp;ssl=1 300w, https:\/\/i0.wp.com\/www.ellensailing.se\/wp-content\/uploads\/2019\/04\/43DC912C-BAF6-4483-A7B3-060ECD42315F.jpeg?resize=768%2C576&amp;ssl=1 768w, https:\/\/i0.wp.com\/www.ellensailing.se\/wp-content\/uploads\/2019\/04\/43DC912C-BAF6-4483-A7B3-060ECD42315F.jpeg?resize=1024%2C768&amp;ssl=1 1024w, https:\/\/i0.wp.com\/www.ellensailing.se\/wp-content\/uploads\/2019\/04\/43DC912C-BAF6-4483-A7B3-060ECD42315F.jpeg?w=1680&amp;ssl=1 1680w, https:\/\/i0.wp.com\/www.ellensailing.se\/wp-content\/uploads\/2019\/04\/43DC912C-BAF6-4483-A7B3-060ECD42315F.jpeg?w=2520&amp;ssl=1 2520w\" sizes=\"(max-width: 840px) 100vw, 840px\" \/><figcaption>V\u00e4ldigt fin by med gulliga gr\u00e4nder<\/figcaption><\/figure>\n\n\n\n<figure class=\"wp-block-image is-resized\"><img loading=\"lazy\" decoding=\"async\" src=\"https:\/\/i1.wp.com\/www.ellensailing.se\/wp-content\/uploads\/2019\/04\/64A816EC-C081-4EB6-B943-4278F4B64DBE.jpeg?fit=525%2C394&amp;ssl=1\" alt=\"\" class=\"wp-image-2507\" width=\"470\" height=\"352\" srcset=\"https:\/\/i0.wp.com\/www.ellensailing.se\/wp-content\/uploads\/2019\/04\/64A816EC-C081-4EB6-B943-4278F4B64DBE.jpeg?w=3264&amp;ssl=1 3264w, https:\/\/i0.wp.com\/www.ellensailing.se\/wp-content\/uploads\/2019\/04\/64A816EC-C081-4EB6-B943-4278F4B64DBE.jpeg?resize=300%2C225&amp;ssl=1 300w, https:\/\/i0.wp.com\/www.ellensailing.se\/wp-content\/uploads\/2019\/04\/64A816EC-C081-4EB6-B943-4278F4B64DBE.jpeg?resize=768%2C576&amp;ssl=1 768w, https:\/\/i0.wp.com\/www.ellensailing.se\/wp-content\/uploads\/2019\/04\/64A816EC-C081-4EB6-B943-4278F4B64DBE.jpeg?resize=1024%2C768&amp;ssl=1 1024w, https:\/\/i0.wp.com\/www.ellensailing.se\/wp-content\/uploads\/2019\/04\/64A816EC-C081-4EB6-B943-4278F4B64DBE.jpeg?w=1680&amp;ssl=1 1680w, https:\/\/i0.wp.com\/www.ellensailing.se\/wp-content\/uploads\/2019\/04\/64A816EC-C081-4EB6-B943-4278F4B64DBE.jpeg?w=2520&amp;ssl=1 2520w\" sizes=\"(max-width: 470px) 100vw, 470px\" \/><figcaption>H\u00e4r finns pengar s\u00e5 det mesta \u00e4r fixat efter orkanen f\u00f6r 1,5 \u00e5r sedan<\/figcaption><\/figure>\n\n\n\n<figure class=\"wp-block-image\"><img loading=\"lazy\" decoding=\"async\" width=\"3264\" height=\"2448\" src=\"https:\/\/i0.wp.com\/www.ellensailing.se\/wp-content\/uploads\/2019\/04\/14C208E2-5B1B-45C9-BA61-3798D6BC1042.jpeg?fit=525%2C394&amp;ssl=1\" alt=\"\" class=\"wp-image-2504\" srcset=\"https:\/\/i0.wp.com\/www.ellensailing.se\/wp-content\/uploads\/2019\/04\/14C208E2-5B1B-45C9-BA61-3798D6BC1042.jpeg?w=3264&amp;ssl=1 3264w, https:\/\/i0.wp.com\/www.ellensailing.se\/wp-content\/uploads\/2019\/04\/14C208E2-5B1B-45C9-BA61-3798D6BC1042.jpeg?resize=300%2C225&amp;ssl=1 300w, https:\/\/i0.wp.com\/www.ellensailing.se\/wp-content\/uploads\/2019\/04\/14C208E2-5B1B-45C9-BA61-3798D6BC1042.jpeg?resize=768%2C576&amp;ssl=1 768w, https:\/\/i0.wp.com\/www.ellensailing.se\/wp-content\/uploads\/2019\/04\/14C208E2-5B1B-45C9-BA61-3798D6BC1042.jpeg?resize=1024%2C768&amp;ssl=1 1024w, https:\/\/i0.wp.com\/www.ellensailing.se\/wp-content\/uploads\/2019\/04\/14C208E2-5B1B-45C9-BA61-3798D6BC1042.jpeg?w=1680&amp;ssl=1 1680w, https:\/\/i0.wp.com\/www.ellensailing.se\/wp-content\/uploads\/2019\/04\/14C208E2-5B1B-45C9-BA61-3798D6BC1042.jpeg?w=2520&amp;ssl=1 2520w\" sizes=\"(max-width: 840px) 100vw, 840px\" \/><figcaption>Shell Bay kommer du l\u00e4tt til fr\u00e5n staden.d<\/figcaption><\/figure>\n\n\n\n<p class=\"wp-block-paragraph\">Det var ganska rulligt h\u00e4r s\u00e5 vi var h\u00e4r i 3 dagar och efter det gick vi till Columbier som \u00e4r en vik p\u00e5 norra St:Barth. Dit har ocks\u00e5 Mike och Nancy seglat och vi har haft v\u00e4ldigt trevligt med den. P\u00e5 kv\u00e4llskvisten kommer en b\u00e5t som har lite sv\u00e5rt med Moringen s\u00e5 jag tar jollen och skall hj\u00e4lpa till, d\u00e5 \u00e4r det George och June p\u00e5 Fathom This som vi tr\u00e4ffade f\u00f6rra \u00e5ret.<\/p>\n\n\n\n<p class=\"wp-block-paragraph\">Nancy ordnade d\u00e5 en middag f\u00f6r alla f\u00f6r det visade sig att de k\u00e4nde varandra v\u00e4ldigt v\u00e4l. V\u00e4rlden \u00e4r bra liten.<\/p>\n\n\n\n<figure class=\"wp-block-image\"><img decoding=\"async\" src=\"blob:https:\/\/www.ellensailing.se\/2217ca91-88db-40c8-ae3a-fccd92dee254\" alt=\"\"\/><\/figure>\n\n\n\n<figure class=\"wp-block-image\"><img loading=\"lazy\" decoding=\"async\" width=\"1620\" height=\"1080\" src=\"https:\/\/i2.wp.com\/www.ellensailing.se\/wp-content\/uploads\/2019\/04\/7513114C-009F-4E5B-9349-C13C41A3B75A.jpeg?fit=525%2C350&amp;ssl=1\" alt=\"\" class=\"wp-image-2498\" srcset=\"https:\/\/i0.wp.com\/www.ellensailing.se\/wp-content\/uploads\/2019\/04\/7513114C-009F-4E5B-9349-C13C41A3B75A.jpeg?w=1620&amp;ssl=1 1620w, https:\/\/i0.wp.com\/www.ellensailing.se\/wp-content\/uploads\/2019\/04\/7513114C-009F-4E5B-9349-C13C41A3B75A.jpeg?resize=300%2C200&amp;ssl=1 300w, https:\/\/i0.wp.com\/www.ellensailing.se\/wp-content\/uploads\/2019\/04\/7513114C-009F-4E5B-9349-C13C41A3B75A.jpeg?resize=768%2C512&amp;ssl=1 768w, https:\/\/i0.wp.com\/www.ellensailing.se\/wp-content\/uploads\/2019\/04\/7513114C-009F-4E5B-9349-C13C41A3B75A.jpeg?resize=1024%2C683&amp;ssl=1 1024w\" sizes=\"(max-width: 840px) 100vw, 840px\" \/><figcaption>Kaptenen sj\u00e4lv p\u00e5 Columbier Bay<\/figcaption><\/figure>\n\n\n\n<figure class=\"wp-block-image\"><img loading=\"lazy\" decoding=\"async\" width=\"1620\" height=\"1080\" src=\"https:\/\/i1.wp.com\/www.ellensailing.se\/wp-content\/uploads\/2019\/04\/AE5021EE-1B41-48B0-AEBA-C54B8D5D3404.jpeg?fit=525%2C350&amp;ssl=1\" alt=\"\" class=\"wp-image-2499\" srcset=\"https:\/\/i0.wp.com\/www.ellensailing.se\/wp-content\/uploads\/2019\/04\/AE5021EE-1B41-48B0-AEBA-C54B8D5D3404.jpeg?w=1620&amp;ssl=1 1620w, https:\/\/i0.wp.com\/www.ellensailing.se\/wp-content\/uploads\/2019\/04\/AE5021EE-1B41-48B0-AEBA-C54B8D5D3404.jpeg?resize=300%2C200&amp;ssl=1 300w, https:\/\/i0.wp.com\/www.ellensailing.se\/wp-content\/uploads\/2019\/04\/AE5021EE-1B41-48B0-AEBA-C54B8D5D3404.jpeg?resize=768%2C512&amp;ssl=1 768w, https:\/\/i0.wp.com\/www.ellensailing.se\/wp-content\/uploads\/2019\/04\/AE5021EE-1B41-48B0-AEBA-C54B8D5D3404.jpeg?resize=1024%2C683&amp;ssl=1 1024w\" sizes=\"(max-width: 840px) 100vw, 840px\" \/><figcaption>P\u00e5minner mycket om Chatham Bay p\u00e5 Union Island, v\u00e4ldigt fint och bra moring.<\/figcaption><\/figure>\n\n\n\n<figure class=\"wp-block-image\"><img loading=\"lazy\" decoding=\"async\" width=\"3264\" height=\"2448\" src=\"https:\/\/i0.wp.com\/www.ellensailing.se\/wp-content\/uploads\/2019\/04\/31EB608B-37E0-4081-A954-0FCB4E4801E2.jpeg?fit=525%2C394&amp;ssl=1\" alt=\"\" class=\"wp-image-2502\" srcset=\"https:\/\/i0.wp.com\/www.ellensailing.se\/wp-content\/uploads\/2019\/04\/31EB608B-37E0-4081-A954-0FCB4E4801E2.jpeg?w=3264&amp;ssl=1 3264w, https:\/\/i0.wp.com\/www.ellensailing.se\/wp-content\/uploads\/2019\/04\/31EB608B-37E0-4081-A954-0FCB4E4801E2.jpeg?resize=300%2C225&amp;ssl=1 300w, https:\/\/i0.wp.com\/www.ellensailing.se\/wp-content\/uploads\/2019\/04\/31EB608B-37E0-4081-A954-0FCB4E4801E2.jpeg?resize=768%2C576&amp;ssl=1 768w, https:\/\/i0.wp.com\/www.ellensailing.se\/wp-content\/uploads\/2019\/04\/31EB608B-37E0-4081-A954-0FCB4E4801E2.jpeg?resize=1024%2C768&amp;ssl=1 1024w, https:\/\/i0.wp.com\/www.ellensailing.se\/wp-content\/uploads\/2019\/04\/31EB608B-37E0-4081-A954-0FCB4E4801E2.jpeg?w=1680&amp;ssl=1 1680w, https:\/\/i0.wp.com\/www.ellensailing.se\/wp-content\/uploads\/2019\/04\/31EB608B-37E0-4081-A954-0FCB4E4801E2.jpeg?w=2520&amp;ssl=1 2520w\" sizes=\"(max-width: 840px) 100vw, 840px\" \/><figcaption>Sk\u00f6na dagar p\u00e5 havet.<\/figcaption><\/figure>\n","protected":false},"excerpt":{"rendered":"<p>Det var l\u00e4nge sedan vi skrev n\u00e5got inl\u00e4gg, har varit lite d\u00e5 med n\u00e4t ett tag, eller s\u00e5 har vi[&#8230;]<\/p>\n","protected":false},"author":1,"featured_media":2502,"comment_status":"open","ping_status":"open","sticky":false,"template":"","format":"standard","meta":{"_jetpack_newsletter_access":"","_jetpack_dont_email_post_to_subs":false,"_jetpack_newsletter_tier_id":0,"_jetpack_memberships_contains_paywalled_content":false,"_jetpack_feature_clip_id":0,"_jetpack_memberships_contains_paid_content":false,"footnotes":"","jetpack_publicize_message":"","jetpack_publicize_feature_enabled":true,"jetpack_social_post_already_shared":true,"jetpack_social_options":{"image_generator_settings":{"template":"highway","default_image_id":0,"font":"","enabled":false},"version":2},"jetpack_post_was_ever_published":false},"categories":[24],"tags":[],"class_list":["post-2495","post","type-post","status-publish","format-standard","has-post-thumbnail","hentry","category-vastindien-2017-2018"],"jetpack_publicize_connections":[],"jetpack_featured_media_url":"https:\/\/i0.wp.com\/www.ellensailing.se\/wp-content\/uploads\/2019\/04\/31EB608B-37E0-4081-A954-0FCB4E4801E2.jpeg?fit=3264%2C2448&ssl=1","jetpack_sharing_enabled":true,"jetpack_shortlink":"https:\/\/wp.me\/p5G68R-Ef","jetpack-related-posts":[{"id":2561,"url":"https:\/\/www.ellensailing.se\/?p=2561","url_meta":{"origin":2495,"position":0},"title":"P\u00e5 v\u00e4g s\u00f6der\u00f6ver igen","author":"peter@ellensailing.se","date":"23 april, 2019","format":false,"excerpt":"Efter Alcudia s\u00e5 seglade vi norr om Anguilla och ner till St: Barths d\u00e4r en regatta h\u00f6ll p\u00e5. Mycket b\u00e5tar och h\u00e4rlig st\u00e4mning f\u00f6r att inte tala om alla stora b\u00e5tar. Vi var i St: Barth i tre dagar och d\u00e4refter seglade vi ner till St: Nevis. Fick ocks\u00e5 n\u00f6jet\u2026","rel":"","context":"I \u201dV\u00e4stindien 2019\u201d","block_context":{"text":"V\u00e4stindien 2019","link":"https:\/\/www.ellensailing.se\/?cat=25"},"img":{"alt_text":"","src":"https:\/\/i0.wp.com\/www.ellensailing.se\/wp-content\/uploads\/2019\/04\/EDD0FFCE-FC69-42E4-AD6F-A9873EF82DEE.jpeg?fit=1200%2C900&ssl=1&resize=350%2C200","width":350,"height":200,"srcset":"https:\/\/i0.wp.com\/www.ellensailing.se\/wp-content\/uploads\/2019\/04\/EDD0FFCE-FC69-42E4-AD6F-A9873EF82DEE.jpeg?fit=1200%2C900&ssl=1&resize=350%2C200 1x, https:\/\/i0.wp.com\/www.ellensailing.se\/wp-content\/uploads\/2019\/04\/EDD0FFCE-FC69-42E4-AD6F-A9873EF82DEE.jpeg?fit=1200%2C900&ssl=1&resize=525%2C300 1.5x, https:\/\/i0.wp.com\/www.ellensailing.se\/wp-content\/uploads\/2019\/04\/EDD0FFCE-FC69-42E4-AD6F-A9873EF82DEE.jpeg?fit=1200%2C900&ssl=1&resize=700%2C400 2x, https:\/\/i0.wp.com\/www.ellensailing.se\/wp-content\/uploads\/2019\/04\/EDD0FFCE-FC69-42E4-AD6F-A9873EF82DEE.jpeg?fit=1200%2C900&ssl=1&resize=1050%2C600 3x"},"classes":[]},{"id":2509,"url":"https:\/\/www.ellensailing.se\/?p=2509","url_meta":{"origin":2495,"position":1},"title":"123, klubbad. \u00c4ntligen \u00e4r Takacaten borta.","author":"peter@ellensailing.se","date":"10 april, 2019","format":false,"excerpt":"Vi seglade iv\u00e4g p\u00e5 fredagen till St: Martin som \u00e4r ganska n\u00e4ra fr\u00e5n St: Barth. Anledning var att George sa att det var loppis p\u00e5 l\u00f6rdagen i St: Martin. P\u00e5 fredagkv\u00e4llen kom vi p\u00e5 att mecka p\u00e5 hans 8hk p\u00e5 v\u00e5r Takacat som har ny botten. Det blev en del\u2026","rel":"","context":"I \u201dV\u00e4stindien 2019\u201d","block_context":{"text":"V\u00e4stindien 2019","link":"https:\/\/www.ellensailing.se\/?cat=25"},"img":{"alt_text":"","src":"https:\/\/i0.wp.com\/www.ellensailing.se\/wp-content\/uploads\/2019\/04\/B55C0625-A746-4C0A-9E40-3EFC36C39BBB.jpeg?fit=1200%2C675&ssl=1&resize=350%2C200","width":350,"height":200,"srcset":"https:\/\/i0.wp.com\/www.ellensailing.se\/wp-content\/uploads\/2019\/04\/B55C0625-A746-4C0A-9E40-3EFC36C39BBB.jpeg?fit=1200%2C675&ssl=1&resize=350%2C200 1x, https:\/\/i0.wp.com\/www.ellensailing.se\/wp-content\/uploads\/2019\/04\/B55C0625-A746-4C0A-9E40-3EFC36C39BBB.jpeg?fit=1200%2C675&ssl=1&resize=525%2C300 1.5x, https:\/\/i0.wp.com\/www.ellensailing.se\/wp-content\/uploads\/2019\/04\/B55C0625-A746-4C0A-9E40-3EFC36C39BBB.jpeg?fit=1200%2C675&ssl=1&resize=700%2C400 2x, https:\/\/i0.wp.com\/www.ellensailing.se\/wp-content\/uploads\/2019\/04\/B55C0625-A746-4C0A-9E40-3EFC36C39BBB.jpeg?fit=1200%2C675&ssl=1&resize=1050%2C600 3x"},"classes":[]},{"id":2543,"url":"https:\/\/www.ellensailing.se\/?p=2543","url_meta":{"origin":2495,"position":2},"title":"Med bil runt Anguilla, det \u00e4r inte stort!","author":"peter@ellensailing.se","date":"15 april, 2019","format":false,"excerpt":"I morse s\u00e5 \u00e5kte vi in till Elvis d\u00e4r bilen skulle levereras. Fick v\u00e4nta i en kvart, men vad \u00e4r det i Karibien. Inget \u00e4r p\u00e5 tid s\u00e5 det spelar ingen roll. Fick en pratstund med en av kompanjonerna p\u00e5 Elvis. \u00c5kte f\u00f6rst igenom staden men hade siktet in p\u00e5\u2026","rel":"","context":"I \u201dV\u00e4stindien 2019\u201d","block_context":{"text":"V\u00e4stindien 2019","link":"https:\/\/www.ellensailing.se\/?cat=25"},"img":{"alt_text":"","src":"https:\/\/i0.wp.com\/www.ellensailing.se\/wp-content\/uploads\/2019\/04\/4C439086-0CB2-4288-9263-ABA33BB08BE6.jpeg?fit=1200%2C800&ssl=1&resize=350%2C200","width":350,"height":200,"srcset":"https:\/\/i0.wp.com\/www.ellensailing.se\/wp-content\/uploads\/2019\/04\/4C439086-0CB2-4288-9263-ABA33BB08BE6.jpeg?fit=1200%2C800&ssl=1&resize=350%2C200 1x, https:\/\/i0.wp.com\/www.ellensailing.se\/wp-content\/uploads\/2019\/04\/4C439086-0CB2-4288-9263-ABA33BB08BE6.jpeg?fit=1200%2C800&ssl=1&resize=525%2C300 1.5x, https:\/\/i0.wp.com\/www.ellensailing.se\/wp-content\/uploads\/2019\/04\/4C439086-0CB2-4288-9263-ABA33BB08BE6.jpeg?fit=1200%2C800&ssl=1&resize=700%2C400 2x, https:\/\/i0.wp.com\/www.ellensailing.se\/wp-content\/uploads\/2019\/04\/4C439086-0CB2-4288-9263-ABA33BB08BE6.jpeg?fit=1200%2C800&ssl=1&resize=1050%2C600 3x"},"classes":[]},{"id":2476,"url":"https:\/\/www.ellensailing.se\/?p=2476","url_meta":{"origin":2495,"position":3},"title":"Utflykt p\u00e5 Barbuda!","author":"peter@ellensailing.se","date":"31 mars, 2019","format":false,"excerpt":"Idag har det varit ganska risigt v\u00e4der. Tror faktiskt inte det varit s\u00e5 regnigt n\u00e5gon natt och morgon, men efter 10 s\u00e5 har det blivit b\u00e4ttre. Vi \u00e5kte med ett engelsk par p\u00e5 v\u00e5r utflykt f\u00f6r att se Fregattf\u00e5glar. Fregattf\u00e5glarna har st\u00f6rsta vingbredd relaterat till deras vikt. Den h\u00e4r kolonin\u2026","rel":"","context":"I \u201dV\u00e4stindien 2019\u201d","block_context":{"text":"V\u00e4stindien 2019","link":"https:\/\/www.ellensailing.se\/?cat=25"},"img":{"alt_text":"","src":"https:\/\/i0.wp.com\/www.ellensailing.se\/wp-content\/uploads\/2019\/03\/AF95B626-AEB8-46B8-A37E-1EF8BE78A9F7.jpeg?fit=1200%2C800&ssl=1&resize=350%2C200","width":350,"height":200,"srcset":"https:\/\/i0.wp.com\/www.ellensailing.se\/wp-content\/uploads\/2019\/03\/AF95B626-AEB8-46B8-A37E-1EF8BE78A9F7.jpeg?fit=1200%2C800&ssl=1&resize=350%2C200 1x, https:\/\/i0.wp.com\/www.ellensailing.se\/wp-content\/uploads\/2019\/03\/AF95B626-AEB8-46B8-A37E-1EF8BE78A9F7.jpeg?fit=1200%2C800&ssl=1&resize=525%2C300 1.5x, https:\/\/i0.wp.com\/www.ellensailing.se\/wp-content\/uploads\/2019\/03\/AF95B626-AEB8-46B8-A37E-1EF8BE78A9F7.jpeg?fit=1200%2C800&ssl=1&resize=700%2C400 2x, https:\/\/i0.wp.com\/www.ellensailing.se\/wp-content\/uploads\/2019\/03\/AF95B626-AEB8-46B8-A37E-1EF8BE78A9F7.jpeg?fit=1200%2C800&ssl=1&resize=1050%2C600 3x"},"classes":[]},{"id":2169,"url":"https:\/\/www.ellensailing.se\/?p=2169","url_meta":{"origin":2495,"position":4},"title":"Tagit oss \u00f6ver viken till Petit Martinique.","author":"peter@ellensailing.se","date":"13 april, 2018","format":false,"excerpt":"Vilken skillnad det \u00e4r bara ett stenkast h\u00e4rifr\u00e5n. H\u00e4r p\u00e5 Petit Martinique som tillh\u00f6r Grenada \u00e4r det inga b\u00e5tar alls. Det \u00e4r vi och en Kanadensare som \u00e4r h\u00e4r. Vi \u00e4r troligtvis de enda turisterna h\u00e4r. Ser vi \u00f6ver viken s\u00e5 \u00e4r det 10 katamaraner och en monohull. Det verkar\u2026","rel":"","context":"I \u201dV\u00e4stindien 2017-2018\u201d","block_context":{"text":"V\u00e4stindien 2017-2018","link":"https:\/\/www.ellensailing.se\/?cat=24"},"img":{"alt_text":"","src":"https:\/\/i0.wp.com\/www.ellensailing.se\/wp-content\/uploads\/2018\/04\/7B9987C3-807E-42FD-B417-7FED6ECDDF14.jpeg?fit=1200%2C900&ssl=1&resize=350%2C200","width":350,"height":200,"srcset":"https:\/\/i0.wp.com\/www.ellensailing.se\/wp-content\/uploads\/2018\/04\/7B9987C3-807E-42FD-B417-7FED6ECDDF14.jpeg?fit=1200%2C900&ssl=1&resize=350%2C200 1x, https:\/\/i0.wp.com\/www.ellensailing.se\/wp-content\/uploads\/2018\/04\/7B9987C3-807E-42FD-B417-7FED6ECDDF14.jpeg?fit=1200%2C900&ssl=1&resize=525%2C300 1.5x, https:\/\/i0.wp.com\/www.ellensailing.se\/wp-content\/uploads\/2018\/04\/7B9987C3-807E-42FD-B417-7FED6ECDDF14.jpeg?fit=1200%2C900&ssl=1&resize=700%2C400 2x, https:\/\/i0.wp.com\/www.ellensailing.se\/wp-content\/uploads\/2018\/04\/7B9987C3-807E-42FD-B417-7FED6ECDDF14.jpeg?fit=1200%2C900&ssl=1&resize=1050%2C600 3x"},"classes":[]},{"id":2152,"url":"https:\/\/www.ellensailing.se\/?p=2152","url_meta":{"origin":2495,"position":5},"title":"Onsadags tur p\u00e5 Carriacou och segling till Petit St:Vincent","author":"peter@ellensailing.se","date":"13 april, 2018","format":false,"excerpt":"Ig\u00e5r avslutade vi v\u00e5r tid p\u00e5 Carriacou med en l\u00e5ngpromenad runt hela norra halv\u00f6n. 16000 steg blev det. B\u00f6rjade vi b\u00e5tbyggeriet p\u00e5 Windward side f\u00f6r att g\u00e5 norrut och runt hela \u00f6n. Avslutade med en lunch p\u00e5 Round House. Helt magiskt gott och billigt. Carriacou \u00e4r s\u00e5 billigt och det\u2026","rel":"","context":"I \u201dV\u00e4stindien 2017-2018\u201d","block_context":{"text":"V\u00e4stindien 2017-2018","link":"https:\/\/www.ellensailing.se\/?cat=24"},"img":{"alt_text":"","src":"https:\/\/i0.wp.com\/www.ellensailing.se\/wp-content\/uploads\/2018\/04\/E03877F9-0CCB-4D0E-8848-65D598AEB157.jpeg?fit=1200%2C800&ssl=1&resize=350%2C200","width":350,"height":200,"srcset":"https:\/\/i0.wp.com\/www.ellensailing.se\/wp-content\/uploads\/2018\/04\/E03877F9-0CCB-4D0E-8848-65D598AEB157.jpeg?fit=1200%2C800&ssl=1&resize=350%2C200 1x, https:\/\/i0.wp.com\/www.ellensailing.se\/wp-content\/uploads\/2018\/04\/E03877F9-0CCB-4D0E-8848-65D598AEB157.jpeg?fit=1200%2C800&ssl=1&resize=525%2C300 1.5x, https:\/\/i0.wp.com\/www.ellensailing.se\/wp-content\/uploads\/2018\/04\/E03877F9-0CCB-4D0E-8848-65D598AEB157.jpeg?fit=1200%2C800&ssl=1&resize=700%2C400 2x, https:\/\/i0.wp.com\/www.ellensailing.se\/wp-content\/uploads\/2018\/04\/E03877F9-0CCB-4D0E-8848-65D598AEB157.jpeg?fit=1200%2C800&ssl=1&resize=1050%2C600 3x"},"classes":[]}],"jetpack_likes_enabled":false,"_links":{"self":[{"href":"https:\/\/www.ellensailing.se\/index.php?rest_route=\/wp\/v2\/posts\/2495","targetHints":{"allow":["GET"]}}],"collection":[{"href":"https:\/\/www.ellensailing.se\/index.php?rest_route=\/wp\/v2\/posts"}],"about":[{"href":"https:\/\/www.ellensailing.se\/index.php?rest_route=\/wp\/v2\/types\/post"}],"author":[{"embeddable":true,"href":"https:\/\/www.ellensailing.se\/index.php?rest_route=\/wp\/v2\/users\/1"}],"replies":[{"embeddable":true,"href":"https:\/\/www.ellensailing.se\/index.php?rest_route=%2Fwp%2Fv2%2Fcomments&post=2495"}],"version-history":[{"count":3,"href":"https:\/\/www.ellensailing.se\/index.php?rest_route=\/wp\/v2\/posts\/2495\/revisions"}],"predecessor-version":[{"id":2508,"href":"https:\/\/www.ellensailing.se\/index.php?rest_route=\/wp\/v2\/posts\/2495\/revisions\/2508"}],"wp:featuredmedia":[{"embeddable":true,"href":"https:\/\/www.ellensailing.se\/index.php?rest_route=\/wp\/v2\/media\/2502"}],"wp:attachment":[{"href":"https:\/\/www.ellensailing.se\/index.php?rest_route=%2Fwp%2Fv2%2Fmedia&parent=2495"}],"wp:term":[{"taxonomy":"category","embeddable":true,"href":"https:\/\/www.ellensailing.se\/index.php?rest_route=%2Fwp%2Fv2%2Fcategories&post=2495"},{"taxonomy":"post_tag","embeddable":true,"href":"https:\/\/www.ellensailing.se\/index.php?rest_route=%2Fwp%2Fv2%2Ftags&post=2495"}],"curies":[{"name":"wp","href":"https:\/\/api.w.org\/{rel}","templated":true}]}}