{"id":2476,"date":"2019-03-31T23:44:46","date_gmt":"2019-03-31T21:44:46","guid":{"rendered":"https:\/\/www.ellensailing.se\/?p=2476"},"modified":"2019-03-31T23:55:02","modified_gmt":"2019-03-31T21:55:02","slug":"pa-utflykt-pa-barbuda","status":"publish","type":"post","link":"https:\/\/www.ellensailing.se\/?p=2476","title":{"rendered":"Utflykt p\u00e5 Barbuda!"},"content":{"rendered":"\n<p class=\"wp-block-paragraph\">Idag har det varit ganska risigt v\u00e4der. Tror faktiskt inte det varit s\u00e5 regnigt n\u00e5gon natt och morgon, men efter 10 s\u00e5 har det blivit b\u00e4ttre. Vi \u00e5kte med ett engelsk par p\u00e5 v\u00e5r utflykt f\u00f6r att se Fregattf\u00e5glar.<\/p>\n\n\n\n<figure class=\"wp-block-image\"><img fetchpriority=\"high\" decoding=\"async\" width=\"1620\" height=\"1080\" src=\"https:\/\/i2.wp.com\/www.ellensailing.se\/wp-content\/uploads\/2019\/03\/FC41E6E0-E9AD-46D4-B07C-B9EC66D99043.jpeg?fit=525%2C350&amp;ssl=1\" alt=\"\" class=\"wp-image-2477\" srcset=\"https:\/\/i0.wp.com\/www.ellensailing.se\/wp-content\/uploads\/2019\/03\/FC41E6E0-E9AD-46D4-B07C-B9EC66D99043.jpeg?w=1620&amp;ssl=1 1620w, https:\/\/i0.wp.com\/www.ellensailing.se\/wp-content\/uploads\/2019\/03\/FC41E6E0-E9AD-46D4-B07C-B9EC66D99043.jpeg?resize=300%2C200&amp;ssl=1 300w, https:\/\/i0.wp.com\/www.ellensailing.se\/wp-content\/uploads\/2019\/03\/FC41E6E0-E9AD-46D4-B07C-B9EC66D99043.jpeg?resize=768%2C512&amp;ssl=1 768w, https:\/\/i0.wp.com\/www.ellensailing.se\/wp-content\/uploads\/2019\/03\/FC41E6E0-E9AD-46D4-B07C-B9EC66D99043.jpeg?resize=1024%2C683&amp;ssl=1 1024w\" sizes=\"(max-width: 840px) 100vw, 840px\" \/><figcaption>Fregattf\u00e5glarna har st\u00f6rsta vingbredd relaterat till deras vikt.<\/figcaption><\/figure>\n\n\n\n<p class=\"wp-block-paragraph\">Den h\u00e4r kolonin \u00e4r den st\u00f6rsta i v\u00e4rlden (ca 20 000 stycken) och den enda i Karibien, men \u00e4nd\u00e5 kan man se f\u00e5glarna i hela Karibien. De kan inte landa i vatten men lever \u00e4nd\u00e5 p\u00e5 fisk, typ flugfisk och fr\u00e5n andra f\u00e5glar som de tar av.<\/p>\n\n\n\n<figure class=\"wp-block-image\"><img decoding=\"async\" width=\"1620\" height=\"1080\" src=\"https:\/\/i2.wp.com\/www.ellensailing.se\/wp-content\/uploads\/2019\/03\/A0DDCCE5-8446-4FD5-9EF8-5473EAC795C3.jpeg?fit=525%2C350&amp;ssl=1\" alt=\"\" class=\"wp-image-2478\" srcset=\"https:\/\/i0.wp.com\/www.ellensailing.se\/wp-content\/uploads\/2019\/03\/A0DDCCE5-8446-4FD5-9EF8-5473EAC795C3.jpeg?w=1620&amp;ssl=1 1620w, https:\/\/i0.wp.com\/www.ellensailing.se\/wp-content\/uploads\/2019\/03\/A0DDCCE5-8446-4FD5-9EF8-5473EAC795C3.jpeg?resize=300%2C200&amp;ssl=1 300w, https:\/\/i0.wp.com\/www.ellensailing.se\/wp-content\/uploads\/2019\/03\/A0DDCCE5-8446-4FD5-9EF8-5473EAC795C3.jpeg?resize=768%2C512&amp;ssl=1 768w, https:\/\/i0.wp.com\/www.ellensailing.se\/wp-content\/uploads\/2019\/03\/A0DDCCE5-8446-4FD5-9EF8-5473EAC795C3.jpeg?resize=1024%2C683&amp;ssl=1 1024w\" sizes=\"(max-width: 840px) 100vw, 840px\" \/><figcaption>Hanen v\u00e4ntar p\u00e5 en hona och. Bl\u00e5ser upp sin strupe till en stor r\u00f6d ballong. Han verkar inte ha n\u00e5gon tur f\u00f6r s\u00e4songen \u00e4r snart slut.<\/figcaption><\/figure>\n\n\n\n<figure class=\"wp-block-image\"><img decoding=\"async\" width=\"1620\" height=\"1080\" src=\"https:\/\/i1.wp.com\/www.ellensailing.se\/wp-content\/uploads\/2019\/03\/290DF66D-1F12-47B5-975B-F7FF36DCDFC6.jpeg?fit=525%2C350&amp;ssl=1\" alt=\"\" class=\"wp-image-2479\" srcset=\"https:\/\/i0.wp.com\/www.ellensailing.se\/wp-content\/uploads\/2019\/03\/290DF66D-1F12-47B5-975B-F7FF36DCDFC6.jpeg?w=1620&amp;ssl=1 1620w, https:\/\/i0.wp.com\/www.ellensailing.se\/wp-content\/uploads\/2019\/03\/290DF66D-1F12-47B5-975B-F7FF36DCDFC6.jpeg?resize=300%2C200&amp;ssl=1 300w, https:\/\/i0.wp.com\/www.ellensailing.se\/wp-content\/uploads\/2019\/03\/290DF66D-1F12-47B5-975B-F7FF36DCDFC6.jpeg?resize=768%2C512&amp;ssl=1 768w, https:\/\/i0.wp.com\/www.ellensailing.se\/wp-content\/uploads\/2019\/03\/290DF66D-1F12-47B5-975B-F7FF36DCDFC6.jpeg?resize=1024%2C683&amp;ssl=1 1024w\" sizes=\"(max-width: 840px) 100vw, 840px\" \/><figcaption>De lever i mangrove tr\u00e4sket som \u00e4r j\u00e4ttestort, men ocks\u00e5 ganska f\u00f6rst\u00f6rt efter orkanen Irma.<\/figcaption><\/figure>\n\n\n\n<p class=\"wp-block-paragraph\">Passade p\u00e5 att idag ocks\u00e5 ang\u00f6ra stranden med andan i halsgropen d\u00e5 det g\u00e5r h\u00f6ga v\u00e5gor in. In gick bra men en vattenfylld dinge tog vi oss ut.<\/p>\n\n\n\n<p class=\"wp-block-paragraph\">Resten av eftermiddagen har vi putsat sittbrunnen och l\u00e4st lite bok. Nu \u00e4r v\u00e4dret bra igen och i morgon g\u00e5r vi till St: Barth.<\/p>\n\n\n\n<figure class=\"wp-block-image\"><img loading=\"lazy\" decoding=\"async\" width=\"1620\" height=\"1080\" src=\"https:\/\/i2.wp.com\/www.ellensailing.se\/wp-content\/uploads\/2019\/03\/C33C229C-024B-40E1-989B-B696EF0C3B93.jpeg?fit=525%2C350&amp;ssl=1\" alt=\"\" class=\"wp-image-2480\" srcset=\"https:\/\/i0.wp.com\/www.ellensailing.se\/wp-content\/uploads\/2019\/03\/C33C229C-024B-40E1-989B-B696EF0C3B93.jpeg?w=1620&amp;ssl=1 1620w, https:\/\/i0.wp.com\/www.ellensailing.se\/wp-content\/uploads\/2019\/03\/C33C229C-024B-40E1-989B-B696EF0C3B93.jpeg?resize=300%2C200&amp;ssl=1 300w, https:\/\/i0.wp.com\/www.ellensailing.se\/wp-content\/uploads\/2019\/03\/C33C229C-024B-40E1-989B-B696EF0C3B93.jpeg?resize=768%2C512&amp;ssl=1 768w, https:\/\/i0.wp.com\/www.ellensailing.se\/wp-content\/uploads\/2019\/03\/C33C229C-024B-40E1-989B-B696EF0C3B93.jpeg?resize=1024%2C683&amp;ssl=1 1024w\" sizes=\"(max-width: 840px) 100vw, 840px\" \/><figcaption>Jackie p\u00e5 en av de j\u00e4ttel\u00e5nga beacherna p\u00e5 Lower Bay.<\/figcaption><\/figure>\n\n\n\n<figure class=\"wp-block-image\"><img loading=\"lazy\" decoding=\"async\" width=\"1620\" height=\"1080\" src=\"https:\/\/i0.wp.com\/www.ellensailing.se\/wp-content\/uploads\/2019\/03\/874C3F0E-47C7-4091-A7DE-D73778C9B89D.jpeg?fit=525%2C350&amp;ssl=1\" alt=\"\" class=\"wp-image-2481\" srcset=\"https:\/\/i0.wp.com\/www.ellensailing.se\/wp-content\/uploads\/2019\/03\/874C3F0E-47C7-4091-A7DE-D73778C9B89D.jpeg?w=1620&amp;ssl=1 1620w, https:\/\/i0.wp.com\/www.ellensailing.se\/wp-content\/uploads\/2019\/03\/874C3F0E-47C7-4091-A7DE-D73778C9B89D.jpeg?resize=300%2C200&amp;ssl=1 300w, https:\/\/i0.wp.com\/www.ellensailing.se\/wp-content\/uploads\/2019\/03\/874C3F0E-47C7-4091-A7DE-D73778C9B89D.jpeg?resize=768%2C512&amp;ssl=1 768w, https:\/\/i0.wp.com\/www.ellensailing.se\/wp-content\/uploads\/2019\/03\/874C3F0E-47C7-4091-A7DE-D73778C9B89D.jpeg?resize=1024%2C683&amp;ssl=1 1024w\" sizes=\"(max-width: 840px) 100vw, 840px\" \/><figcaption>Ett litet fint konstverk.<\/figcaption><\/figure>\n","protected":false},"excerpt":{"rendered":"<p>Idag har det varit ganska risigt v\u00e4der. Tror faktiskt inte det varit s\u00e5 regnigt n\u00e5gon natt och morgon, men efter[&#8230;]<\/p>\n","protected":false},"author":1,"featured_media":2482,"comment_status":"open","ping_status":"open","sticky":false,"template":"","format":"standard","meta":{"_jetpack_newsletter_access":"","_jetpack_dont_email_post_to_subs":false,"_jetpack_newsletter_tier_id":0,"_jetpack_memberships_contains_paywalled_content":false,"_jetpack_feature_clip_id":0,"_jetpack_memberships_contains_paid_content":false,"footnotes":"","jetpack_publicize_message":"","jetpack_publicize_feature_enabled":true,"jetpack_social_post_already_shared":true,"jetpack_social_options":{"image_generator_settings":{"template":"highway","default_image_id":0,"font":"","enabled":false},"version":2},"jetpack_post_was_ever_published":false},"categories":[25],"tags":[],"class_list":["post-2476","post","type-post","status-publish","format-standard","has-post-thumbnail","hentry","category-vastindien-2019"],"jetpack_publicize_connections":[],"jetpack_featured_media_url":"https:\/\/i0.wp.com\/www.ellensailing.se\/wp-content\/uploads\/2019\/03\/AF95B626-AEB8-46B8-A37E-1EF8BE78A9F7.jpeg?fit=1620%2C1080&ssl=1","jetpack_sharing_enabled":true,"jetpack_shortlink":"https:\/\/wp.me\/p5G68R-DW","jetpack-related-posts":[{"id":2630,"url":"https:\/\/www.ellensailing.se\/?p=2630","url_meta":{"origin":2476,"position":0},"title":"Nu \u00e4r vi p\u00e5 v\u00e4g tillbaka till Sverige","author":"peter@ellensailing.se","date":"26 maj, 2019","format":false,"excerpt":"Det har varit n\u00e5gra sp\u00e4nnande dagar i Portmounth. Lossning av Ellen och att g\u00f6ra i ordning henne. Vi l\u00e5g i Gunwarf Marina som \u00e4r en liten men mycket fin marina. Ut\u00f6ver det s\u00e5 \u00e4r det ett stort shoppingcenter med m\u00e5nga restauranger. Frank och Mandy var och h\u00e4lsade p\u00e5 f\u00f6r att\u2026","rel":"","context":"I \u201dHemsegling\u201d","block_context":{"text":"Hemsegling","link":"https:\/\/www.ellensailing.se\/?cat=26"},"img":{"alt_text":"","src":"https:\/\/i0.wp.com\/www.ellensailing.se\/wp-content\/uploads\/2019\/05\/IMG_3080.jpg?fit=1200%2C900&ssl=1&resize=350%2C200","width":350,"height":200,"srcset":"https:\/\/i0.wp.com\/www.ellensailing.se\/wp-content\/uploads\/2019\/05\/IMG_3080.jpg?fit=1200%2C900&ssl=1&resize=350%2C200 1x, https:\/\/i0.wp.com\/www.ellensailing.se\/wp-content\/uploads\/2019\/05\/IMG_3080.jpg?fit=1200%2C900&ssl=1&resize=525%2C300 1.5x, https:\/\/i0.wp.com\/www.ellensailing.se\/wp-content\/uploads\/2019\/05\/IMG_3080.jpg?fit=1200%2C900&ssl=1&resize=700%2C400 2x, https:\/\/i0.wp.com\/www.ellensailing.se\/wp-content\/uploads\/2019\/05\/IMG_3080.jpg?fit=1200%2C900&ssl=1&resize=1050%2C600 3x"},"classes":[]},{"id":1585,"url":"https:\/\/www.ellensailing.se\/?p=1585","url_meta":{"origin":2476,"position":1},"title":"Dygn 2 Extra, St\u00f6rsta tonfisken hittils","author":"peter@ellensailing.se","date":"21 november, 2017","format":false,"excerpt":"Idag blir det ett extra inl\u00e4gg f\u00f6r alldeles nyss s\u00e5 tog Molle upp en tonfisk p\u00e5 8 kilo. Den \u00e4r fil\u00e9ad och klar s\u00e5 det \u00e4ndrade middagsplaner f\u00f6r ikv\u00e4ll. Watt & Sea \u00e4r nu p\u00e5 plats med nybyggt f\u00e4ste. Vinden \u00e4r tillbaka ca 60 grader in, kryss mot Karibien... Kallfronten\u2026","rel":"","context":"I \u201dARC 2017\u201d","block_context":{"text":"ARC 2017","link":"https:\/\/www.ellensailing.se\/?cat=23"},"img":{"alt_text":"","src":"","width":0,"height":0},"classes":[]},{"id":2525,"url":"https:\/\/www.ellensailing.se\/?p=2525","url_meta":{"origin":2476,"position":2},"title":"Anguilla, en riktig p\u00e4rla!","author":"peter@ellensailing.se","date":"13 april, 2019","format":false,"excerpt":"Efter vi har varit i 6 dagar i St. Martin s\u00e5 bar det av norrut till den nordligaste \u00f6n i p\u00e4rlbandet f\u00f6r Karibien om man bortser f\u00f6r Bahamas och de delarna. En ganska kort tripp p\u00e5 13 NM. Innan vi gav och iv\u00e4g s\u00e5 sa vi hejd\u00e5 till Mike och\u2026","rel":"","context":"I \u201dV\u00e4stindien 2019\u201d","block_context":{"text":"V\u00e4stindien 2019","link":"https:\/\/www.ellensailing.se\/?cat=25"},"img":{"alt_text":"","src":"https:\/\/i0.wp.com\/www.ellensailing.se\/wp-content\/uploads\/2019\/04\/4DD6F8EC-7C5B-4177-B94B-AB16298510C6.jpeg?fit=1200%2C900&ssl=1&resize=350%2C200","width":350,"height":200,"srcset":"https:\/\/i0.wp.com\/www.ellensailing.se\/wp-content\/uploads\/2019\/04\/4DD6F8EC-7C5B-4177-B94B-AB16298510C6.jpeg?fit=1200%2C900&ssl=1&resize=350%2C200 1x, https:\/\/i0.wp.com\/www.ellensailing.se\/wp-content\/uploads\/2019\/04\/4DD6F8EC-7C5B-4177-B94B-AB16298510C6.jpeg?fit=1200%2C900&ssl=1&resize=525%2C300 1.5x, https:\/\/i0.wp.com\/www.ellensailing.se\/wp-content\/uploads\/2019\/04\/4DD6F8EC-7C5B-4177-B94B-AB16298510C6.jpeg?fit=1200%2C900&ssl=1&resize=700%2C400 2x, https:\/\/i0.wp.com\/www.ellensailing.se\/wp-content\/uploads\/2019\/04\/4DD6F8EC-7C5B-4177-B94B-AB16298510C6.jpeg?fit=1200%2C900&ssl=1&resize=1050%2C600 3x"},"classes":[]},{"id":1965,"url":"https:\/\/www.ellensailing.se\/?p=1965","url_meta":{"origin":2476,"position":3},"title":"Tillbaka i riktiga Karibien!","author":"peter@ellensailing.se","date":"21 mars, 2018","format":false,"excerpt":"Det \u00e4r sk\u00f6nt att komma hem igen till riktiga Karibien. Vi har faktiskt l\u00e4ngtat efter alla Boatboys och allt som kommer d\u00e4rtill. Det \u00e4r sk\u00f6nt att f\u00e5 komma in in hamn igen efter massa med veckor f\u00f6r ankar. Jackie duschade i en timme med tv\u00e5 h\u00e5rinpackningar. Rodney Bay k\u00e4nns som\u2026","rel":"","context":"I \u201dV\u00e4stindien 2017-2018\u201d","block_context":{"text":"V\u00e4stindien 2017-2018","link":"https:\/\/www.ellensailing.se\/?cat=24"},"img":{"alt_text":"","src":"https:\/\/i0.wp.com\/www.ellensailing.se\/wp-content\/uploads\/2018\/03\/03C9130C-1C18-4955-A621-C027A64398E4.jpeg?fit=1200%2C901&ssl=1&resize=350%2C200","width":350,"height":200,"srcset":"https:\/\/i0.wp.com\/www.ellensailing.se\/wp-content\/uploads\/2018\/03\/03C9130C-1C18-4955-A621-C027A64398E4.jpeg?fit=1200%2C901&ssl=1&resize=350%2C200 1x, https:\/\/i0.wp.com\/www.ellensailing.se\/wp-content\/uploads\/2018\/03\/03C9130C-1C18-4955-A621-C027A64398E4.jpeg?fit=1200%2C901&ssl=1&resize=525%2C300 1.5x, https:\/\/i0.wp.com\/www.ellensailing.se\/wp-content\/uploads\/2018\/03\/03C9130C-1C18-4955-A621-C027A64398E4.jpeg?fit=1200%2C901&ssl=1&resize=700%2C400 2x, https:\/\/i0.wp.com\/www.ellensailing.se\/wp-content\/uploads\/2018\/03\/03C9130C-1C18-4955-A621-C027A64398E4.jpeg?fit=1200%2C901&ssl=1&resize=1050%2C600 3x"},"classes":[]},{"id":1778,"url":"https:\/\/www.ellensailing.se\/?p=1778","url_meta":{"origin":2476,"position":4},"title":"Reng\u00f6ring av botten!","author":"peter@ellensailing.se","date":"23 januari, 2018","format":false,"excerpt":"Idag fick vi f\u00f6rm\u00e5nen att f\u00e5 l\u00e5na en 12 volts dykkompressor av Erik och Britt p\u00e5 HarryZ. De skall \u00e5ka fr\u00e5n v\u00e5ran fina vik i morgon f\u00f6r att p\u00e5b\u00f6rja sin jorden runtsegling, s\u00e5 det g\u00e4llde att passa p\u00e5. Det var j\u00e4ttesn\u00e4llt att vi fick l\u00e5na den och den var helt\u2026","rel":"","context":"I \u201dV\u00e4stindien 2017-2018\u201d","block_context":{"text":"V\u00e4stindien 2017-2018","link":"https:\/\/www.ellensailing.se\/?cat=24"},"img":{"alt_text":"","src":"https:\/\/i0.wp.com\/www.ellensailing.se\/wp-content\/uploads\/2018\/01\/A75B037C-A577-49F8-A865-D1B2E7858C61.jpeg?fit=1200%2C900&ssl=1&resize=350%2C200","width":350,"height":200,"srcset":"https:\/\/i0.wp.com\/www.ellensailing.se\/wp-content\/uploads\/2018\/01\/A75B037C-A577-49F8-A865-D1B2E7858C61.jpeg?fit=1200%2C900&ssl=1&resize=350%2C200 1x, https:\/\/i0.wp.com\/www.ellensailing.se\/wp-content\/uploads\/2018\/01\/A75B037C-A577-49F8-A865-D1B2E7858C61.jpeg?fit=1200%2C900&ssl=1&resize=525%2C300 1.5x, https:\/\/i0.wp.com\/www.ellensailing.se\/wp-content\/uploads\/2018\/01\/A75B037C-A577-49F8-A865-D1B2E7858C61.jpeg?fit=1200%2C900&ssl=1&resize=700%2C400 2x, https:\/\/i0.wp.com\/www.ellensailing.se\/wp-content\/uploads\/2018\/01\/A75B037C-A577-49F8-A865-D1B2E7858C61.jpeg?fit=1200%2C900&ssl=1&resize=1050%2C600 3x"},"classes":[]},{"id":1591,"url":"https:\/\/www.ellensailing.se\/?p=1591","url_meta":{"origin":2476,"position":5},"title":"Dygn 5, Stormens dag","author":"peter@ellensailing.se","date":"24 november, 2017","format":false,"excerpt":"Den som gapar \u00f6ver f\u00f6r mycket mister ofta hela stycket. Kanske mitt gn\u00e4ll \u00f6ver att det inte har bl\u00e5st har vi f\u00e5tt \u00e4ta upp sedan i natt. Det \u00e4r tokkryss och 24 knop konstant och 30 i byarna.Tror jag skall reklamera ARC f\u00f6r de pratar om passadvindar. Det \u00e4r inte\u2026","rel":"","context":"I \u201dARC 2017\u201d","block_context":{"text":"ARC 2017","link":"https:\/\/www.ellensailing.se\/?cat=23"},"img":{"alt_text":"","src":"","width":0,"height":0},"classes":[]}],"jetpack_likes_enabled":false,"_links":{"self":[{"href":"https:\/\/www.ellensailing.se\/index.php?rest_route=\/wp\/v2\/posts\/2476","targetHints":{"allow":["GET"]}}],"collection":[{"href":"https:\/\/www.ellensailing.se\/index.php?rest_route=\/wp\/v2\/posts"}],"about":[{"href":"https:\/\/www.ellensailing.se\/index.php?rest_route=\/wp\/v2\/types\/post"}],"author":[{"embeddable":true,"href":"https:\/\/www.ellensailing.se\/index.php?rest_route=\/wp\/v2\/users\/1"}],"replies":[{"embeddable":true,"href":"https:\/\/www.ellensailing.se\/index.php?rest_route=%2Fwp%2Fv2%2Fcomments&post=2476"}],"version-history":[{"count":3,"href":"https:\/\/www.ellensailing.se\/index.php?rest_route=\/wp\/v2\/posts\/2476\/revisions"}],"predecessor-version":[{"id":2485,"href":"https:\/\/www.ellensailing.se\/index.php?rest_route=\/wp\/v2\/posts\/2476\/revisions\/2485"}],"wp:featuredmedia":[{"embeddable":true,"href":"https:\/\/www.ellensailing.se\/index.php?rest_route=\/wp\/v2\/media\/2482"}],"wp:attachment":[{"href":"https:\/\/www.ellensailing.se\/index.php?rest_route=%2Fwp%2Fv2%2Fmedia&parent=2476"}],"wp:term":[{"taxonomy":"category","embeddable":true,"href":"https:\/\/www.ellensailing.se\/index.php?rest_route=%2Fwp%2Fv2%2Fcategories&post=2476"},{"taxonomy":"post_tag","embeddable":true,"href":"https:\/\/www.ellensailing.se\/index.php?rest_route=%2Fwp%2Fv2%2Ftags&post=2476"}],"curies":[{"name":"wp","href":"https:\/\/api.w.org\/{rel}","templated":true}]}}