{"id":2467,"date":"2019-03-30T02:12:36","date_gmt":"2019-03-30T01:12:36","guid":{"rendered":"https:\/\/www.ellensailing.se\/?p=2467"},"modified":"2019-03-30T02:54:10","modified_gmt":"2019-03-30T01:54:10","slug":"till-barbuda-vilken-segling","status":"publish","type":"post","link":"https:\/\/www.ellensailing.se\/?p=2467","title":{"rendered":"Till Barbuda, vilken segling"},"content":{"rendered":"\n<p class=\"wp-block-paragraph\">Efter vi l\u00e4mnat Torgny och Ewa s\u00e5 \u00e5kte vi norrut mot Antigua. Vi hade n\u00e5gra dagar i Falmouth d\u00e4r vi tr\u00e4ffade Mike och Nancy. Sk\u00f6nt par som seglat mer \u00e4n de flesta. De var ansvariga f\u00f6r Nirvana under alla \u00e5r och Mike hade ett varv i Newport.<\/p>\n\n\n\n<p class=\"wp-block-paragraph\">Idag s\u00e5 seglade vi ut till Barbuda. En av de b\u00e4sta seglingarna hittils. Lagom vind och 120 grader, perfekt. Halvv\u00e4gs s\u00e5 blev vi uppropade av Uniqorne, H\u00e5kan , Anna &#8211; Carin och Morris. Mitt under samtalet s\u00e5 fick de napp och var tvungna att avlsuta. Det visade sig att den som nappat har bitIt av vajern. Kanske man inte vill ha upp en s\u00e5dan. H\u00e5kan informerade om att det h\u00e4r \u00e4r de b\u00e4sta fiskevatten som finns och vi sl\u00e4ngde in v\u00e5rt drag. <\/p>\n\n\n\n<figure class=\"wp-block-image\"><img fetchpriority=\"high\" decoding=\"async\" width=\"1620\" height=\"1080\" src=\"https:\/\/i0.wp.com\/www.ellensailing.se\/wp-content\/uploads\/2019\/03\/4F00030F-4B62-4E6F-BEE9-FA6D381ED64B.jpeg?fit=525%2C350&amp;ssl=1\" alt=\"\" class=\"wp-image-2468\" srcset=\"https:\/\/i0.wp.com\/www.ellensailing.se\/wp-content\/uploads\/2019\/03\/4F00030F-4B62-4E6F-BEE9-FA6D381ED64B.jpeg?w=1620&amp;ssl=1 1620w, https:\/\/i0.wp.com\/www.ellensailing.se\/wp-content\/uploads\/2019\/03\/4F00030F-4B62-4E6F-BEE9-FA6D381ED64B.jpeg?resize=300%2C200&amp;ssl=1 300w, https:\/\/i0.wp.com\/www.ellensailing.se\/wp-content\/uploads\/2019\/03\/4F00030F-4B62-4E6F-BEE9-FA6D381ED64B.jpeg?resize=768%2C512&amp;ssl=1 768w, https:\/\/i0.wp.com\/www.ellensailing.se\/wp-content\/uploads\/2019\/03\/4F00030F-4B62-4E6F-BEE9-FA6D381ED64B.jpeg?resize=1024%2C683&amp;ssl=1 1024w\" sizes=\"(max-width: 840px) 100vw, 840px\" \/><figcaption>Stor bitar blir det, Sex stycken tot<\/figcaption><\/figure>\n\n\n\n<p class=\"wp-block-paragraph\">Det kan bli l\u00e4tt stressigt n\u00e4r allt h\u00e4nder samtidigt, segla om en 60 fotare i l\u00e4, hade lunchen p\u00e5 spisen och f\u00e5r en tonfisk samtidigt. Vi fick upp den och det blev en riktigt bra fisk till middag. Ropade upp Uniqorne som hade f\u00e5tt en liten mer human makrill eller n\u00e5got.<\/p>\n\n\n\n<p class=\"wp-block-paragraph\">Barbuda \u00e4r fint men undrar om de \u00e4r p\u00e5 r\u00e4tt v\u00e4g n\u00e4r de g\u00f6r all mark privat. F\u00e5r knappt g\u00e5 n\u00e5gonstans. Tror att m\u00e5nga \u00e4r d\u00e4r och f\u00f6rs\u00f6ker ta massa mark. Det \u00e4r lite s\u00e5d\u00e4r tycker jag.<\/p>\n\n\n\n<figure class=\"wp-block-image\"><img decoding=\"async\" width=\"1620\" height=\"1080\" src=\"https:\/\/i2.wp.com\/www.ellensailing.se\/wp-content\/uploads\/2019\/03\/E271603E-A31F-4CD1-A453-C704271B79CA.jpeg?fit=525%2C350&amp;ssl=1\" alt=\"\" class=\"wp-image-2469\" srcset=\"https:\/\/i0.wp.com\/www.ellensailing.se\/wp-content\/uploads\/2019\/03\/E271603E-A31F-4CD1-A453-C704271B79CA.jpeg?w=1620&amp;ssl=1 1620w, https:\/\/i0.wp.com\/www.ellensailing.se\/wp-content\/uploads\/2019\/03\/E271603E-A31F-4CD1-A453-C704271B79CA.jpeg?resize=300%2C200&amp;ssl=1 300w, https:\/\/i0.wp.com\/www.ellensailing.se\/wp-content\/uploads\/2019\/03\/E271603E-A31F-4CD1-A453-C704271B79CA.jpeg?resize=768%2C512&amp;ssl=1 768w, https:\/\/i0.wp.com\/www.ellensailing.se\/wp-content\/uploads\/2019\/03\/E271603E-A31F-4CD1-A453-C704271B79CA.jpeg?resize=1024%2C683&amp;ssl=1 1024w\" sizes=\"(max-width: 840px) 100vw, 840px\" \/><figcaption>Flera kilometer strand<\/figcaption><\/figure>\n\n\n\n<figure class=\"wp-block-image\"><img decoding=\"async\" width=\"1620\" height=\"1080\" src=\"https:\/\/i2.wp.com\/www.ellensailing.se\/wp-content\/uploads\/2019\/03\/C95A0B67-8E14-44F2-9A50-475C2BCB0B85.jpeg?fit=525%2C350&amp;ssl=1\" alt=\"\" class=\"wp-image-2470\" srcset=\"https:\/\/i0.wp.com\/www.ellensailing.se\/wp-content\/uploads\/2019\/03\/C95A0B67-8E14-44F2-9A50-475C2BCB0B85.jpeg?w=1620&amp;ssl=1 1620w, https:\/\/i0.wp.com\/www.ellensailing.se\/wp-content\/uploads\/2019\/03\/C95A0B67-8E14-44F2-9A50-475C2BCB0B85.jpeg?resize=300%2C200&amp;ssl=1 300w, https:\/\/i0.wp.com\/www.ellensailing.se\/wp-content\/uploads\/2019\/03\/C95A0B67-8E14-44F2-9A50-475C2BCB0B85.jpeg?resize=768%2C512&amp;ssl=1 768w, https:\/\/i0.wp.com\/www.ellensailing.se\/wp-content\/uploads\/2019\/03\/C95A0B67-8E14-44F2-9A50-475C2BCB0B85.jpeg?resize=1024%2C683&amp;ssl=1 1024w\" sizes=\"(max-width: 840px) 100vw, 840px\" \/><figcaption>Cool b\u00e5t det hade p\u00e5 stranden med larvf\u00f6tter f\u00f6r att ta sig ner, sen f\u00e4ller man in allt! Wille, det skulle vara n\u00e5got f\u00f6r dig&#8230;<\/figcaption><\/figure>\n\n\n\n<figure class=\"wp-block-image\"><img loading=\"lazy\" decoding=\"async\" width=\"1620\" height=\"1080\" src=\"https:\/\/i1.wp.com\/www.ellensailing.se\/wp-content\/uploads\/2019\/03\/6C7ECDC8-5605-4316-8C20-B55DEB9B639D.jpeg?fit=525%2C350&amp;ssl=1\" alt=\"\" class=\"wp-image-2472\" srcset=\"https:\/\/i0.wp.com\/www.ellensailing.se\/wp-content\/uploads\/2019\/03\/6C7ECDC8-5605-4316-8C20-B55DEB9B639D.jpeg?w=1620&amp;ssl=1 1620w, https:\/\/i0.wp.com\/www.ellensailing.se\/wp-content\/uploads\/2019\/03\/6C7ECDC8-5605-4316-8C20-B55DEB9B639D.jpeg?resize=300%2C200&amp;ssl=1 300w, https:\/\/i0.wp.com\/www.ellensailing.se\/wp-content\/uploads\/2019\/03\/6C7ECDC8-5605-4316-8C20-B55DEB9B639D.jpeg?resize=768%2C512&amp;ssl=1 768w, https:\/\/i0.wp.com\/www.ellensailing.se\/wp-content\/uploads\/2019\/03\/6C7ECDC8-5605-4316-8C20-B55DEB9B639D.jpeg?resize=1024%2C683&amp;ssl=1 1024w\" sizes=\"(max-width: 840px) 100vw, 840px\" \/><figcaption>Det var den del Squalls v\u00e4sterut idag, men vi klarade oss.<\/figcaption><\/figure>\n\n\n\n<figure class=\"wp-block-image\"><img loading=\"lazy\" decoding=\"async\" width=\"1620\" height=\"1080\" src=\"https:\/\/i2.wp.com\/www.ellensailing.se\/wp-content\/uploads\/2019\/03\/71DD7C30-01FE-4C89-962A-DCDC7FEDBD4A.jpeg?fit=525%2C350&amp;ssl=1\" alt=\"\" class=\"wp-image-2471\" srcset=\"https:\/\/i0.wp.com\/www.ellensailing.se\/wp-content\/uploads\/2019\/03\/71DD7C30-01FE-4C89-962A-DCDC7FEDBD4A.jpeg?w=1620&amp;ssl=1 1620w, https:\/\/i0.wp.com\/www.ellensailing.se\/wp-content\/uploads\/2019\/03\/71DD7C30-01FE-4C89-962A-DCDC7FEDBD4A.jpeg?resize=300%2C200&amp;ssl=1 300w, https:\/\/i0.wp.com\/www.ellensailing.se\/wp-content\/uploads\/2019\/03\/71DD7C30-01FE-4C89-962A-DCDC7FEDBD4A.jpeg?resize=768%2C512&amp;ssl=1 768w, https:\/\/i0.wp.com\/www.ellensailing.se\/wp-content\/uploads\/2019\/03\/71DD7C30-01FE-4C89-962A-DCDC7FEDBD4A.jpeg?resize=1024%2C683&amp;ssl=1 1024w\" sizes=\"(max-width: 840px) 100vw, 840px\" \/><figcaption>F\u00e5tt en schysst granne idag. S\u00e5g henne i Falmouth Marina.<\/figcaption><\/figure>\n","protected":false},"excerpt":{"rendered":"<p>Efter vi l\u00e4mnat Torgny och Ewa s\u00e5 \u00e5kte vi norrut mot Antigua. Vi hade n\u00e5gra dagar i Falmouth d\u00e4r vi[&#8230;]<\/p>\n","protected":false},"author":1,"featured_media":2471,"comment_status":"open","ping_status":"open","sticky":false,"template":"","format":"standard","meta":{"_jetpack_newsletter_access":"","_jetpack_dont_email_post_to_subs":false,"_jetpack_newsletter_tier_id":0,"_jetpack_memberships_contains_paywalled_content":false,"_jetpack_feature_clip_id":0,"_jetpack_memberships_contains_paid_content":false,"footnotes":"","jetpack_publicize_message":"","jetpack_publicize_feature_enabled":true,"jetpack_social_post_already_shared":true,"jetpack_social_options":{"image_generator_settings":{"template":"highway","default_image_id":0,"font":"","enabled":false},"version":2},"jetpack_post_was_ever_published":false},"categories":[25],"tags":[],"class_list":["post-2467","post","type-post","status-publish","format-standard","has-post-thumbnail","hentry","category-vastindien-2019"],"jetpack_publicize_connections":[],"jetpack_featured_media_url":"https:\/\/i0.wp.com\/www.ellensailing.se\/wp-content\/uploads\/2019\/03\/71DD7C30-01FE-4C89-962A-DCDC7FEDBD4A.jpeg?fit=1620%2C1080&ssl=1","jetpack_sharing_enabled":true,"jetpack_shortlink":"https:\/\/wp.me\/p5G68R-DN","jetpack-related-posts":[{"id":2495,"url":"https:\/\/www.ellensailing.se\/?p=2495","url_meta":{"origin":2467,"position":0},"title":"St: Barth, lyx\u00f6n i Karibien","author":"peter@ellensailing.se","date":"9 april, 2019","format":false,"excerpt":"Det var l\u00e4nge sedan vi skrev n\u00e5got inl\u00e4gg, har varit lite d\u00e5 med n\u00e4t ett tag, eller s\u00e5 har vi haft f\u00f6r mycket att g\u00f6ra. Efter Barbuda hade vi en fin segling till St: Barth. V\u00e4l d\u00e4r kommer Mike fr\u00e5n Chasseur och har fixat en moring f\u00f6r oss. V\u00e4ldigt gener\u00f6st\u2026","rel":"","context":"I \u201dV\u00e4stindien 2017-2018\u201d","block_context":{"text":"V\u00e4stindien 2017-2018","link":"https:\/\/www.ellensailing.se\/?cat=24"},"img":{"alt_text":"","src":"https:\/\/i0.wp.com\/www.ellensailing.se\/wp-content\/uploads\/2019\/04\/31EB608B-37E0-4081-A954-0FCB4E4801E2.jpeg?fit=1200%2C900&ssl=1&resize=350%2C200","width":350,"height":200,"srcset":"https:\/\/i0.wp.com\/www.ellensailing.se\/wp-content\/uploads\/2019\/04\/31EB608B-37E0-4081-A954-0FCB4E4801E2.jpeg?fit=1200%2C900&ssl=1&resize=350%2C200 1x, https:\/\/i0.wp.com\/www.ellensailing.se\/wp-content\/uploads\/2019\/04\/31EB608B-37E0-4081-A954-0FCB4E4801E2.jpeg?fit=1200%2C900&ssl=1&resize=525%2C300 1.5x, https:\/\/i0.wp.com\/www.ellensailing.se\/wp-content\/uploads\/2019\/04\/31EB608B-37E0-4081-A954-0FCB4E4801E2.jpeg?fit=1200%2C900&ssl=1&resize=700%2C400 2x, https:\/\/i0.wp.com\/www.ellensailing.se\/wp-content\/uploads\/2019\/04\/31EB608B-37E0-4081-A954-0FCB4E4801E2.jpeg?fit=1200%2C900&ssl=1&resize=1050%2C600 3x"},"classes":[]},{"id":1198,"url":"https:\/\/www.ellensailing.se\/?p=1198","url_meta":{"origin":2467,"position":1},"title":"Biscaya avklarat och v\u00e5rt f\u00f6rsta tonfisk f\u00e5ngad!","author":"peter@ellensailing.se","date":"7 september, 2017","format":false,"excerpt":"Nu har vi \u00e4ntligen klarat av att korsa Biscaya! Ingen av oss har gjort det f\u00f6rut och det \u00e4r en skr\u00e4ckblandad f\u00f6rtjusning att passera. Har aldrig varit med om att det kan vara s\u00e5 branta klippor mellan 4000 meter djupt till 150 meter p\u00e5 olika st\u00e4llen. F\u00f6rst\u00e5r att det kan\u2026","rel":"","context":"I \u201dH\u00f6st 2017 till Grand Canrias.\u201d","block_context":{"text":"H\u00f6st 2017 till Grand Canrias.","link":"https:\/\/www.ellensailing.se\/?cat=22"},"img":{"alt_text":"","src":"https:\/\/i0.wp.com\/www.ellensailing.se\/wp-content\/uploads\/2017\/09\/DSC2200-e1504768850168.jpg?fit=802%2C1200&ssl=1&resize=350%2C200","width":350,"height":200,"srcset":"https:\/\/i0.wp.com\/www.ellensailing.se\/wp-content\/uploads\/2017\/09\/DSC2200-e1504768850168.jpg?fit=802%2C1200&ssl=1&resize=350%2C200 1x, https:\/\/i0.wp.com\/www.ellensailing.se\/wp-content\/uploads\/2017\/09\/DSC2200-e1504768850168.jpg?fit=802%2C1200&ssl=1&resize=525%2C300 1.5x, https:\/\/i0.wp.com\/www.ellensailing.se\/wp-content\/uploads\/2017\/09\/DSC2200-e1504768850168.jpg?fit=802%2C1200&ssl=1&resize=700%2C400 2x"},"classes":[]},{"id":2525,"url":"https:\/\/www.ellensailing.se\/?p=2525","url_meta":{"origin":2467,"position":2},"title":"Anguilla, en riktig p\u00e4rla!","author":"peter@ellensailing.se","date":"13 april, 2019","format":false,"excerpt":"Efter vi har varit i 6 dagar i St. Martin s\u00e5 bar det av norrut till den nordligaste \u00f6n i p\u00e4rlbandet f\u00f6r Karibien om man bortser f\u00f6r Bahamas och de delarna. En ganska kort tripp p\u00e5 13 NM. Innan vi gav och iv\u00e4g s\u00e5 sa vi hejd\u00e5 till Mike och\u2026","rel":"","context":"I \u201dV\u00e4stindien 2019\u201d","block_context":{"text":"V\u00e4stindien 2019","link":"https:\/\/www.ellensailing.se\/?cat=25"},"img":{"alt_text":"","src":"https:\/\/i0.wp.com\/www.ellensailing.se\/wp-content\/uploads\/2019\/04\/4DD6F8EC-7C5B-4177-B94B-AB16298510C6.jpeg?fit=1200%2C900&ssl=1&resize=350%2C200","width":350,"height":200,"srcset":"https:\/\/i0.wp.com\/www.ellensailing.se\/wp-content\/uploads\/2019\/04\/4DD6F8EC-7C5B-4177-B94B-AB16298510C6.jpeg?fit=1200%2C900&ssl=1&resize=350%2C200 1x, https:\/\/i0.wp.com\/www.ellensailing.se\/wp-content\/uploads\/2019\/04\/4DD6F8EC-7C5B-4177-B94B-AB16298510C6.jpeg?fit=1200%2C900&ssl=1&resize=525%2C300 1.5x, https:\/\/i0.wp.com\/www.ellensailing.se\/wp-content\/uploads\/2019\/04\/4DD6F8EC-7C5B-4177-B94B-AB16298510C6.jpeg?fit=1200%2C900&ssl=1&resize=700%2C400 2x, https:\/\/i0.wp.com\/www.ellensailing.se\/wp-content\/uploads\/2019\/04\/4DD6F8EC-7C5B-4177-B94B-AB16298510C6.jpeg?fit=1200%2C900&ssl=1&resize=1050%2C600 3x"},"classes":[]},{"id":3162,"url":"https:\/\/www.ellensailing.se\/?p=3162","url_meta":{"origin":2467,"position":3},"title":"Ag\u00f6n, \u00d6regrund och Arholma","author":"peter@ellensailing.se","date":"20 juli, 2021","format":false,"excerpt":"Allt s\u00e5g perfekt ut, en perfekt plan men det \u00e4r inte alltid det blir som man planerat. Efter Mellanfj\u00e4rd seglade vi ner till Ag\u00f6n som skulle vara v\u00e5r utg\u00e5ngsplats f\u00f6r seglingen ner till \u00d6regrund. Ag\u00f6n ligger utanf\u00f6r Hudiksvall och det var h\u00e4r v\u00e5rt drev pajade. Mellanfj\u00e4rd Seglingen ditner var som\u2026","rel":"","context":"I \u201dSegling 2021\u201d","block_context":{"text":"Segling 2021","link":"https:\/\/www.ellensailing.se\/?cat=28"},"img":{"alt_text":"","src":"https:\/\/i0.wp.com\/www.ellensailing.se\/wp-content\/uploads\/2021\/07\/img_0379-1-scaled.jpg?fit=1200%2C900&ssl=1&resize=350%2C200","width":350,"height":200,"srcset":"https:\/\/i0.wp.com\/www.ellensailing.se\/wp-content\/uploads\/2021\/07\/img_0379-1-scaled.jpg?fit=1200%2C900&ssl=1&resize=350%2C200 1x, https:\/\/i0.wp.com\/www.ellensailing.se\/wp-content\/uploads\/2021\/07\/img_0379-1-scaled.jpg?fit=1200%2C900&ssl=1&resize=525%2C300 1.5x, https:\/\/i0.wp.com\/www.ellensailing.se\/wp-content\/uploads\/2021\/07\/img_0379-1-scaled.jpg?fit=1200%2C900&ssl=1&resize=700%2C400 2x, https:\/\/i0.wp.com\/www.ellensailing.se\/wp-content\/uploads\/2021\/07\/img_0379-1-scaled.jpg?fit=1200%2C900&ssl=1&resize=1050%2C600 3x"},"classes":[]},{"id":3275,"url":"https:\/\/www.ellensailing.se\/?p=3275","url_meta":{"origin":2467,"position":4},"title":"Summering 2022","author":"peter@ellensailing.se","date":"4 april, 2023","format":false,"excerpt":"Usch och fy vad d\u00e5liga vi varit p\u00e5 att uppdatera v\u00e5r blogg. H\u00e4r kommer i alla fall en summering av sommarseglingen f\u00f6rra \u00e5ret. Vi b\u00f6rjade v\u00e5r semester den 8 juli och tog oss ut till Bj\u00f6rksk\u00e4r d\u00e4r allt b\u00f6rjade. Vi tr\u00e4ffad Lasse och Helene med sin Ella (Omega 42). Hade\u2026","rel":"","context":"I \u201dSommar 2022\u201d","block_context":{"text":"Sommar 2022","link":"https:\/\/www.ellensailing.se\/?cat=30"},"img":{"alt_text":"","src":"https:\/\/i0.wp.com\/www.ellensailing.se\/wp-content\/uploads\/2023\/04\/IMG_1721-scaled.jpg?fit=1200%2C900&ssl=1&resize=350%2C200","width":350,"height":200,"srcset":"https:\/\/i0.wp.com\/www.ellensailing.se\/wp-content\/uploads\/2023\/04\/IMG_1721-scaled.jpg?fit=1200%2C900&ssl=1&resize=350%2C200 1x, https:\/\/i0.wp.com\/www.ellensailing.se\/wp-content\/uploads\/2023\/04\/IMG_1721-scaled.jpg?fit=1200%2C900&ssl=1&resize=525%2C300 1.5x, https:\/\/i0.wp.com\/www.ellensailing.se\/wp-content\/uploads\/2023\/04\/IMG_1721-scaled.jpg?fit=1200%2C900&ssl=1&resize=700%2C400 2x, https:\/\/i0.wp.com\/www.ellensailing.se\/wp-content\/uploads\/2023\/04\/IMG_1721-scaled.jpg?fit=1200%2C900&ssl=1&resize=1050%2C600 3x"},"classes":[]},{"id":3142,"url":"https:\/\/www.ellensailing.se\/?p=3142","url_meta":{"origin":2467,"position":5},"title":"Lasse och Helene har l\u00e4mnat oss!","author":"peter@ellensailing.se","date":"16 juli, 2021","format":false,"excerpt":"P\u00e5 onsdag kv\u00e4ll var det sista natten med g\u00e4nget. Lite bunkring och riktigt bubbel blev vi bjudna p\u00e5 av Lasse och Helene. Bollinger, Jackies favorit. Det har varit superkul att segla ihop igen och det g\u00f6r vi g\u00e4rna igen. Avslutningbubbel! Ellen och Dellen skall g\u00e5 och duscha! Innan vi anl\u00e4nde\u2026","rel":"","context":"I \u201dSegling 2021\u201d","block_context":{"text":"Segling 2021","link":"https:\/\/www.ellensailing.se\/?cat=28"},"img":{"alt_text":"","src":"https:\/\/i0.wp.com\/www.ellensailing.se\/wp-content\/uploads\/2021\/07\/img_0364.jpg?fit=1200%2C1199&ssl=1&resize=350%2C200","width":350,"height":200,"srcset":"https:\/\/i0.wp.com\/www.ellensailing.se\/wp-content\/uploads\/2021\/07\/img_0364.jpg?fit=1200%2C1199&ssl=1&resize=350%2C200 1x, https:\/\/i0.wp.com\/www.ellensailing.se\/wp-content\/uploads\/2021\/07\/img_0364.jpg?fit=1200%2C1199&ssl=1&resize=525%2C300 1.5x, https:\/\/i0.wp.com\/www.ellensailing.se\/wp-content\/uploads\/2021\/07\/img_0364.jpg?fit=1200%2C1199&ssl=1&resize=700%2C400 2x, https:\/\/i0.wp.com\/www.ellensailing.se\/wp-content\/uploads\/2021\/07\/img_0364.jpg?fit=1200%2C1199&ssl=1&resize=1050%2C600 3x"},"classes":[]}],"jetpack_likes_enabled":false,"_links":{"self":[{"href":"https:\/\/www.ellensailing.se\/index.php?rest_route=\/wp\/v2\/posts\/2467","targetHints":{"allow":["GET"]}}],"collection":[{"href":"https:\/\/www.ellensailing.se\/index.php?rest_route=\/wp\/v2\/posts"}],"about":[{"href":"https:\/\/www.ellensailing.se\/index.php?rest_route=\/wp\/v2\/types\/post"}],"author":[{"embeddable":true,"href":"https:\/\/www.ellensailing.se\/index.php?rest_route=\/wp\/v2\/users\/1"}],"replies":[{"embeddable":true,"href":"https:\/\/www.ellensailing.se\/index.php?rest_route=%2Fwp%2Fv2%2Fcomments&post=2467"}],"version-history":[{"count":2,"href":"https:\/\/www.ellensailing.se\/index.php?rest_route=\/wp\/v2\/posts\/2467\/revisions"}],"predecessor-version":[{"id":2475,"href":"https:\/\/www.ellensailing.se\/index.php?rest_route=\/wp\/v2\/posts\/2467\/revisions\/2475"}],"wp:featuredmedia":[{"embeddable":true,"href":"https:\/\/www.ellensailing.se\/index.php?rest_route=\/wp\/v2\/media\/2471"}],"wp:attachment":[{"href":"https:\/\/www.ellensailing.se\/index.php?rest_route=%2Fwp%2Fv2%2Fmedia&parent=2467"}],"wp:term":[{"taxonomy":"category","embeddable":true,"href":"https:\/\/www.ellensailing.se\/index.php?rest_route=%2Fwp%2Fv2%2Fcategories&post=2467"},{"taxonomy":"post_tag","embeddable":true,"href":"https:\/\/www.ellensailing.se\/index.php?rest_route=%2Fwp%2Fv2%2Ftags&post=2467"}],"curies":[{"name":"wp","href":"https:\/\/api.w.org\/{rel}","templated":true}]}}