{"id":2448,"date":"2019-03-15T22:37:00","date_gmt":"2019-03-15T21:37:00","guid":{"rendered":"https:\/\/www.ellensailing.se\/?p=2448"},"modified":"2019-03-15T22:38:49","modified_gmt":"2019-03-15T21:38:49","slug":"harlig-tid-pa-martinique","status":"publish","type":"post","link":"https:\/\/www.ellensailing.se\/?p=2448","title":{"rendered":"H\u00e4rlig tid p\u00e5 Martinique"},"content":{"rendered":"\n<p class=\"wp-block-paragraph\">Vi seglade in i Le Marin redan vid 10 tiden efter vi gjort en splash med ankaret i Rodney Bay. Torgny och Ewa kom ner den 12.e sent p\u00e5 kv\u00e4llen. Vi hade d\u00e5 f\u00e5tt en byggplats f\u00f6r v\u00e5rt ankarspel har packat ihop. Stackars Torgny som fick b\u00f6rja en dag i Karibien med meck, men vi fyra var vi klara och gick ut till St:Anne.<\/p>\n\n\n\n<p class=\"wp-block-paragraph\">Vi var in i St:Anne p\u00e5 morgonen och seglade iv\u00e4g till Grand Anse d\u00b4Arlet. Betydligt mindre b\u00e5tar \u00e4n f\u00f6rra \u00e5ret. Idag har vi g\u00e5tt mellan Arlet och Grand Anse. Vi gick lite vilse men kom r\u00e4tt tillslut.<\/p>\n\n\n\n<figure class=\"wp-block-image\"><img fetchpriority=\"high\" decoding=\"async\" width=\"4000\" height=\"2250\" src=\"https:\/\/i2.wp.com\/www.ellensailing.se\/wp-content\/uploads\/2019\/03\/ADCFCDF3-DAA1-4A80-9010-E0E183A54929.jpeg?fit=525%2C295&amp;ssl=1\" alt=\"\" class=\"wp-image-2449\" srcset=\"https:\/\/i0.wp.com\/www.ellensailing.se\/wp-content\/uploads\/2019\/03\/ADCFCDF3-DAA1-4A80-9010-E0E183A54929.jpeg?w=4000&amp;ssl=1 4000w, https:\/\/i0.wp.com\/www.ellensailing.se\/wp-content\/uploads\/2019\/03\/ADCFCDF3-DAA1-4A80-9010-E0E183A54929.jpeg?resize=300%2C169&amp;ssl=1 300w, https:\/\/i0.wp.com\/www.ellensailing.se\/wp-content\/uploads\/2019\/03\/ADCFCDF3-DAA1-4A80-9010-E0E183A54929.jpeg?resize=768%2C432&amp;ssl=1 768w, https:\/\/i0.wp.com\/www.ellensailing.se\/wp-content\/uploads\/2019\/03\/ADCFCDF3-DAA1-4A80-9010-E0E183A54929.jpeg?resize=1024%2C576&amp;ssl=1 1024w, https:\/\/i0.wp.com\/www.ellensailing.se\/wp-content\/uploads\/2019\/03\/ADCFCDF3-DAA1-4A80-9010-E0E183A54929.jpeg?w=1680&amp;ssl=1 1680w, https:\/\/i0.wp.com\/www.ellensailing.se\/wp-content\/uploads\/2019\/03\/ADCFCDF3-DAA1-4A80-9010-E0E183A54929.jpeg?w=2520&amp;ssl=1 2520w\" sizes=\"(max-width: 840px) 100vw, 840px\" \/><figcaption>Vart var det vi skulle?<\/figcaption><\/figure>\n\n\n\n<p class=\"wp-block-paragraph\">Nu \u00e4r vi p\u00e5 Bar Ty Payot f\u00f6r en sundowner. I morgonen blir det segling till St.Pierre.<\/p>\n\n\n\n<figure class=\"wp-block-image\"><img data-recalc-dims=\"1\" decoding=\"async\" width=\"840\" height=\"473\" src=\"https:\/\/i0.wp.com\/www.ellensailing.se\/wp-content\/uploads\/2019\/03\/552242E8-618C-489D-BB4F-C20DA35E4EA5.jpeg?resize=840%2C473&#038;ssl=1\" alt=\"\" class=\"wp-image-2451\" srcset=\"https:\/\/i0.wp.com\/www.ellensailing.se\/wp-content\/uploads\/2019\/03\/552242E8-618C-489D-BB4F-C20DA35E4EA5.jpeg?resize=1024%2C576&amp;ssl=1 1024w, https:\/\/i0.wp.com\/www.ellensailing.se\/wp-content\/uploads\/2019\/03\/552242E8-618C-489D-BB4F-C20DA35E4EA5.jpeg?resize=300%2C169&amp;ssl=1 300w, https:\/\/i0.wp.com\/www.ellensailing.se\/wp-content\/uploads\/2019\/03\/552242E8-618C-489D-BB4F-C20DA35E4EA5.jpeg?resize=768%2C432&amp;ssl=1 768w, https:\/\/i0.wp.com\/www.ellensailing.se\/wp-content\/uploads\/2019\/03\/552242E8-618C-489D-BB4F-C20DA35E4EA5.jpeg?w=1680&amp;ssl=1 1680w, https:\/\/i0.wp.com\/www.ellensailing.se\/wp-content\/uploads\/2019\/03\/552242E8-618C-489D-BB4F-C20DA35E4EA5.jpeg?w=2520&amp;ssl=1 2520w\" sizes=\"(max-width: 840px) 100vw, 840px\" \/><figcaption>Jackline tycker det bl\u00e5ser f\u00f6r lite.<\/figcaption><\/figure>\n","protected":false},"excerpt":{"rendered":"<p>Vi seglade in i Le Marin redan vid 10 tiden efter vi gjort en splash med ankaret i Rodney Bay.[&#8230;]<\/p>\n","protected":false},"author":1,"featured_media":2450,"comment_status":"open","ping_status":"open","sticky":false,"template":"","format":"standard","meta":{"_jetpack_newsletter_access":"","_jetpack_dont_email_post_to_subs":false,"_jetpack_newsletter_tier_id":0,"_jetpack_memberships_contains_paywalled_content":false,"_jetpack_feature_clip_id":0,"_jetpack_memberships_contains_paid_content":false,"footnotes":"","jetpack_publicize_message":"","jetpack_publicize_feature_enabled":true,"jetpack_social_post_already_shared":true,"jetpack_social_options":{"image_generator_settings":{"template":"highway","default_image_id":0,"font":"","enabled":false},"version":2},"jetpack_post_was_ever_published":false},"categories":[25],"tags":[],"class_list":["post-2448","post","type-post","status-publish","format-standard","has-post-thumbnail","hentry","category-vastindien-2019"],"jetpack_publicize_connections":[],"jetpack_featured_media_url":"https:\/\/i0.wp.com\/www.ellensailing.se\/wp-content\/uploads\/2019\/03\/15DBB751-0A16-494E-AE30-255C27582937.jpeg?fit=4000%2C2250&ssl=1","jetpack_sharing_enabled":true,"jetpack_shortlink":"https:\/\/wp.me\/p5G68R-Du","jetpack-related-posts":[{"id":2571,"url":"https:\/\/www.ellensailing.se\/?p=2571","url_meta":{"origin":2448,"position":0},"title":"Mad Monkey gjorde det, jorden runt!","author":"peter@ellensailing.se","date":"23 april, 2019","format":false,"excerpt":"Vi \u00e4r tillbaka till Antigua igen som \u00e4r slutdestinationen. N\u00e4r vi kom fram v\u00e4ntade Mark, Helene och Josh fr\u00e5n Mad Monkey. De har precis seglat jorden runt. De stack den 6 januari 2018 och vi vinkade av dem i Rodney Bay, St Lucia. Vi \u00e5kte in till Katerines Bar och\u2026","rel":"","context":"I \u201dV\u00e4stindien 2019\u201d","block_context":{"text":"V\u00e4stindien 2019","link":"https:\/\/www.ellensailing.se\/?cat=25"},"img":{"alt_text":"","src":"https:\/\/i0.wp.com\/www.ellensailing.se\/wp-content\/uploads\/2019\/04\/F0A91BD8-94EA-4461-AD0C-53159EB73406.jpeg?fit=1200%2C900&ssl=1&resize=350%2C200","width":350,"height":200,"srcset":"https:\/\/i0.wp.com\/www.ellensailing.se\/wp-content\/uploads\/2019\/04\/F0A91BD8-94EA-4461-AD0C-53159EB73406.jpeg?fit=1200%2C900&ssl=1&resize=350%2C200 1x, https:\/\/i0.wp.com\/www.ellensailing.se\/wp-content\/uploads\/2019\/04\/F0A91BD8-94EA-4461-AD0C-53159EB73406.jpeg?fit=1200%2C900&ssl=1&resize=525%2C300 1.5x, https:\/\/i0.wp.com\/www.ellensailing.se\/wp-content\/uploads\/2019\/04\/F0A91BD8-94EA-4461-AD0C-53159EB73406.jpeg?fit=1200%2C900&ssl=1&resize=700%2C400 2x, https:\/\/i0.wp.com\/www.ellensailing.se\/wp-content\/uploads\/2019\/04\/F0A91BD8-94EA-4461-AD0C-53159EB73406.jpeg?fit=1200%2C900&ssl=1&resize=1050%2C600 3x"},"classes":[]},{"id":2462,"url":"https:\/\/www.ellensailing.se\/?p=2462","url_meta":{"origin":2448,"position":1},"title":"Sista dagen med g\u00e4nget!","author":"peter@ellensailing.se","date":"24 mars, 2019","format":false,"excerpt":"Redan i morse s\u00e5 b\u00f6rjade Ewa att packa. Det \u00e4r sista dagen p\u00e5 Ellen f\u00f6r Torgny och Ewa. Ig\u00e5r \u00e5t vi en mycket god middag inne i byn. Vi har haft j\u00e4ttekul med mycket garv och h\u00e4rliga seglingar fr\u00e5n Martinique via Dominica och som avslutas i Deshaies i Guadalupe. V\u00e4dret\u2026","rel":"","context":"I \u201dV\u00e4stindien 2019\u201d","block_context":{"text":"V\u00e4stindien 2019","link":"https:\/\/www.ellensailing.se\/?cat=25"},"img":{"alt_text":"","src":"https:\/\/i0.wp.com\/www.ellensailing.se\/wp-content\/uploads\/2019\/03\/DFA729CE-A6C8-4023-84A0-E58FECAD4AD8.jpeg?fit=1200%2C675&ssl=1&resize=350%2C200","width":350,"height":200,"srcset":"https:\/\/i0.wp.com\/www.ellensailing.se\/wp-content\/uploads\/2019\/03\/DFA729CE-A6C8-4023-84A0-E58FECAD4AD8.jpeg?fit=1200%2C675&ssl=1&resize=350%2C200 1x, https:\/\/i0.wp.com\/www.ellensailing.se\/wp-content\/uploads\/2019\/03\/DFA729CE-A6C8-4023-84A0-E58FECAD4AD8.jpeg?fit=1200%2C675&ssl=1&resize=525%2C300 1.5x, https:\/\/i0.wp.com\/www.ellensailing.se\/wp-content\/uploads\/2019\/03\/DFA729CE-A6C8-4023-84A0-E58FECAD4AD8.jpeg?fit=1200%2C675&ssl=1&resize=700%2C400 2x, https:\/\/i0.wp.com\/www.ellensailing.se\/wp-content\/uploads\/2019\/03\/DFA729CE-A6C8-4023-84A0-E58FECAD4AD8.jpeg?fit=1200%2C675&ssl=1&resize=1050%2C600 3x"},"classes":[]},{"id":1036,"url":"https:\/\/www.ellensailing.se\/?p=1036","url_meta":{"origin":2448,"position":2},"title":"Ny flagga och nytt land igen!","author":"peter@ellensailing.se","date":"6 juli, 2016","format":false,"excerpt":"Idag har vi haft den b\u00e4sta dagen med fantastisk segling fr\u00e5n Zeebrugge till Dunkerque. Str\u00e4ckbog mellan sandbankarna och ganska n\u00e4ra land. Idag var det mycket segelb\u00e5tar som vi kunde segla ifr\u00e5n. Ig\u00e5r m\u00f6tte vi bara ett kylsk\u00e5p p\u00e5 Nordsj\u00f6n. Solsken och mysigt. Vi hittade en stor b\u00e5ttillbeh\u00f6rsaff\u00e4r som hade j\u00e4tte\u2026","rel":"","context":"I \u201dSommar 2016\u201d","block_context":{"text":"Sommar 2016","link":"https:\/\/www.ellensailing.se\/?cat=20"},"img":{"alt_text":"","src":"https:\/\/i0.wp.com\/www.ellensailing.se\/wp-content\/uploads\/2016\/07\/DSC_0812.jpg?fit=1200%2C797&ssl=1&resize=350%2C200","width":350,"height":200,"srcset":"https:\/\/i0.wp.com\/www.ellensailing.se\/wp-content\/uploads\/2016\/07\/DSC_0812.jpg?fit=1200%2C797&ssl=1&resize=350%2C200 1x, https:\/\/i0.wp.com\/www.ellensailing.se\/wp-content\/uploads\/2016\/07\/DSC_0812.jpg?fit=1200%2C797&ssl=1&resize=525%2C300 1.5x, https:\/\/i0.wp.com\/www.ellensailing.se\/wp-content\/uploads\/2016\/07\/DSC_0812.jpg?fit=1200%2C797&ssl=1&resize=700%2C400 2x, https:\/\/i0.wp.com\/www.ellensailing.se\/wp-content\/uploads\/2016\/07\/DSC_0812.jpg?fit=1200%2C797&ssl=1&resize=1050%2C600 3x"},"classes":[]},{"id":1298,"url":"https:\/\/www.ellensailing.se\/?p=1298","url_meta":{"origin":2448,"position":3},"title":"Sista utposten i Spanien blev Baiona, d\u00e4refter har vi g\u00e5tt till Portugal.","author":"peter@ellensailing.se","date":"18 september, 2017","format":false,"excerpt":"Efter helt underbara dagar p\u00e5 Isla Cies s\u00e5 seglade vi ner mot Baiona. Som vanligt ingen vind men vi hade i alla fall medvind. Vi kom in till Baiona p\u00e5 tidig eftermiddag vilket var planen. Vi har haft ett vattenl\u00e4ckage p\u00e5 s\u00f6tvatten s\u00e5 vi best\u00e4mde oss f\u00f6r att riva bort\u2026","rel":"","context":"I \u201dH\u00f6st 2017 till Grand Canrias.\u201d","block_context":{"text":"H\u00f6st 2017 till Grand Canrias.","link":"https:\/\/www.ellensailing.se\/?cat=22"},"img":{"alt_text":"","src":"https:\/\/i0.wp.com\/www.ellensailing.se\/wp-content\/uploads\/2017\/09\/DSC2681.jpg?fit=1200%2C802&ssl=1&resize=350%2C200","width":350,"height":200,"srcset":"https:\/\/i0.wp.com\/www.ellensailing.se\/wp-content\/uploads\/2017\/09\/DSC2681.jpg?fit=1200%2C802&ssl=1&resize=350%2C200 1x, https:\/\/i0.wp.com\/www.ellensailing.se\/wp-content\/uploads\/2017\/09\/DSC2681.jpg?fit=1200%2C802&ssl=1&resize=525%2C300 1.5x, https:\/\/i0.wp.com\/www.ellensailing.se\/wp-content\/uploads\/2017\/09\/DSC2681.jpg?fit=1200%2C802&ssl=1&resize=700%2C400 2x, https:\/\/i0.wp.com\/www.ellensailing.se\/wp-content\/uploads\/2017\/09\/DSC2681.jpg?fit=1200%2C802&ssl=1&resize=1050%2C600 3x"},"classes":[]},{"id":2495,"url":"https:\/\/www.ellensailing.se\/?p=2495","url_meta":{"origin":2448,"position":4},"title":"St: Barth, lyx\u00f6n i Karibien","author":"peter@ellensailing.se","date":"9 april, 2019","format":false,"excerpt":"Det var l\u00e4nge sedan vi skrev n\u00e5got inl\u00e4gg, har varit lite d\u00e5 med n\u00e4t ett tag, eller s\u00e5 har vi haft f\u00f6r mycket att g\u00f6ra. Efter Barbuda hade vi en fin segling till St: Barth. V\u00e4l d\u00e4r kommer Mike fr\u00e5n Chasseur och har fixat en moring f\u00f6r oss. V\u00e4ldigt gener\u00f6st\u2026","rel":"","context":"I \u201dV\u00e4stindien 2017-2018\u201d","block_context":{"text":"V\u00e4stindien 2017-2018","link":"https:\/\/www.ellensailing.se\/?cat=24"},"img":{"alt_text":"","src":"https:\/\/i0.wp.com\/www.ellensailing.se\/wp-content\/uploads\/2019\/04\/31EB608B-37E0-4081-A954-0FCB4E4801E2.jpeg?fit=1200%2C900&ssl=1&resize=350%2C200","width":350,"height":200,"srcset":"https:\/\/i0.wp.com\/www.ellensailing.se\/wp-content\/uploads\/2019\/04\/31EB608B-37E0-4081-A954-0FCB4E4801E2.jpeg?fit=1200%2C900&ssl=1&resize=350%2C200 1x, https:\/\/i0.wp.com\/www.ellensailing.se\/wp-content\/uploads\/2019\/04\/31EB608B-37E0-4081-A954-0FCB4E4801E2.jpeg?fit=1200%2C900&ssl=1&resize=525%2C300 1.5x, https:\/\/i0.wp.com\/www.ellensailing.se\/wp-content\/uploads\/2019\/04\/31EB608B-37E0-4081-A954-0FCB4E4801E2.jpeg?fit=1200%2C900&ssl=1&resize=700%2C400 2x, https:\/\/i0.wp.com\/www.ellensailing.se\/wp-content\/uploads\/2019\/04\/31EB608B-37E0-4081-A954-0FCB4E4801E2.jpeg?fit=1200%2C900&ssl=1&resize=1050%2C600 3x"},"classes":[]},{"id":2467,"url":"https:\/\/www.ellensailing.se\/?p=2467","url_meta":{"origin":2448,"position":5},"title":"Till Barbuda, vilken segling","author":"peter@ellensailing.se","date":"30 mars, 2019","format":false,"excerpt":"Efter vi l\u00e4mnat Torgny och Ewa s\u00e5 \u00e5kte vi norrut mot Antigua. Vi hade n\u00e5gra dagar i Falmouth d\u00e4r vi tr\u00e4ffade Mike och Nancy. Sk\u00f6nt par som seglat mer \u00e4n de flesta. De var ansvariga f\u00f6r Nirvana under alla \u00e5r och Mike hade ett varv i Newport. Idag s\u00e5 seglade\u2026","rel":"","context":"I \u201dV\u00e4stindien 2019\u201d","block_context":{"text":"V\u00e4stindien 2019","link":"https:\/\/www.ellensailing.se\/?cat=25"},"img":{"alt_text":"","src":"https:\/\/i0.wp.com\/www.ellensailing.se\/wp-content\/uploads\/2019\/03\/71DD7C30-01FE-4C89-962A-DCDC7FEDBD4A.jpeg?fit=1200%2C800&ssl=1&resize=350%2C200","width":350,"height":200,"srcset":"https:\/\/i0.wp.com\/www.ellensailing.se\/wp-content\/uploads\/2019\/03\/71DD7C30-01FE-4C89-962A-DCDC7FEDBD4A.jpeg?fit=1200%2C800&ssl=1&resize=350%2C200 1x, https:\/\/i0.wp.com\/www.ellensailing.se\/wp-content\/uploads\/2019\/03\/71DD7C30-01FE-4C89-962A-DCDC7FEDBD4A.jpeg?fit=1200%2C800&ssl=1&resize=525%2C300 1.5x, https:\/\/i0.wp.com\/www.ellensailing.se\/wp-content\/uploads\/2019\/03\/71DD7C30-01FE-4C89-962A-DCDC7FEDBD4A.jpeg?fit=1200%2C800&ssl=1&resize=700%2C400 2x, https:\/\/i0.wp.com\/www.ellensailing.se\/wp-content\/uploads\/2019\/03\/71DD7C30-01FE-4C89-962A-DCDC7FEDBD4A.jpeg?fit=1200%2C800&ssl=1&resize=1050%2C600 3x"},"classes":[]}],"jetpack_likes_enabled":false,"_links":{"self":[{"href":"https:\/\/www.ellensailing.se\/index.php?rest_route=\/wp\/v2\/posts\/2448","targetHints":{"allow":["GET"]}}],"collection":[{"href":"https:\/\/www.ellensailing.se\/index.php?rest_route=\/wp\/v2\/posts"}],"about":[{"href":"https:\/\/www.ellensailing.se\/index.php?rest_route=\/wp\/v2\/types\/post"}],"author":[{"embeddable":true,"href":"https:\/\/www.ellensailing.se\/index.php?rest_route=\/wp\/v2\/users\/1"}],"replies":[{"embeddable":true,"href":"https:\/\/www.ellensailing.se\/index.php?rest_route=%2Fwp%2Fv2%2Fcomments&post=2448"}],"version-history":[{"count":2,"href":"https:\/\/www.ellensailing.se\/index.php?rest_route=\/wp\/v2\/posts\/2448\/revisions"}],"predecessor-version":[{"id":2453,"href":"https:\/\/www.ellensailing.se\/index.php?rest_route=\/wp\/v2\/posts\/2448\/revisions\/2453"}],"wp:featuredmedia":[{"embeddable":true,"href":"https:\/\/www.ellensailing.se\/index.php?rest_route=\/wp\/v2\/media\/2450"}],"wp:attachment":[{"href":"https:\/\/www.ellensailing.se\/index.php?rest_route=%2Fwp%2Fv2%2Fmedia&parent=2448"}],"wp:term":[{"taxonomy":"category","embeddable":true,"href":"https:\/\/www.ellensailing.se\/index.php?rest_route=%2Fwp%2Fv2%2Fcategories&post=2448"},{"taxonomy":"post_tag","embeddable":true,"href":"https:\/\/www.ellensailing.se\/index.php?rest_route=%2Fwp%2Fv2%2Ftags&post=2448"}],"curies":[{"name":"wp","href":"https:\/\/api.w.org\/{rel}","templated":true}]}}