{"id":2427,"date":"2019-03-07T22:31:02","date_gmt":"2019-03-07T21:31:02","guid":{"rendered":"https:\/\/www.ellensailing.se\/?p=2427"},"modified":"2019-03-07T22:31:08","modified_gmt":"2019-03-07T21:31:08","slug":"ellen-ar-antligen-i-sjon","status":"publish","type":"post","link":"https:\/\/www.ellensailing.se\/?p=2427","title":{"rendered":"Ellen \u00e4r \u00e4ntligen i sj\u00f6n!"},"content":{"rendered":"\n<p class=\"wp-block-paragraph\">Ig\u00e5r kom \u00e4ntligen Ellen till sj\u00f6s. Men det var en del strul innan. Vi uppt\u00e4ckte r\u00e4tt snart att n\u00e5got var tokigt n\u00e4r inte kyl och vinsch fungerade utan bara klickade. Det visade sig att batterierna hade givit upp. Bara 1 \u00e5r och 3 m\u00e5nader gamla. Vi tog hj\u00e4lp av Turbulens och Budget Marine som var uppe i b\u00e5ten och kollade och allt verkar vara okej. S\u00e5 vi bar ner batterierna till dem d\u00e4r de f\u00f6rs\u00f6kta ladda dem en och en men det gick inte alls. S\u00e5 fort man tog laddningen s\u00e5 f\u00f6ll det ner till 6,5 volt. Troligtvis s\u00e5 har ett batteri g\u00e5tt \u00e5t skogen och tagit med sig resten i d\u00f6den. S\u00e5 det blev nya batterier 4 stycken. Det var det b\u00e4sta batteripoler  jag sett n\u00e5gong\u00e5ng, det var iaf roligt. Nu \u00e5terst\u00e5r reklamation mot Victron men jag inser att man nog \u00e4r r\u00e4tt k\u00f6rd. K\u00f6pte dem i Portugal och han har jag mejlat men han s\u00e4ger inte att det \u00e4r n\u00e5got fel p\u00e5 batterierna. Undrar om han \u00e4r uppkopplad till dem eller om han \u00e4r Gud. Har \u00e4ven mejlat Victorn Sverige och Grenada. H\u00e4r fanns inga nya batterier fr\u00e5n Victron utan vi skulle f\u00e5 v\u00e4nta i ca 3 veckor.<\/p>\n\n\n\n<p class=\"wp-block-paragraph\">Nu med nya batterier s\u00e5 har n\u00e4stan allt funkat. Watermaker l\u00e4ckte som ett s\u00e5ll och jag fick byta lite kopplingar och t\u00e4ta. N\u00e4r jag k\u00f6rde ig\u00e5ng den igen s\u00e5 l\u00e4ckte det fr\u00e5n b\u00e4gge filterna. Men den g\u00f6r bra med vatten och vi har idag gjort 200 liter vatten, men vi fick svampa mellan varven. Har \u00e4ven bytt kondensatorer p\u00e5 elverket och s\u00e4nkt fr\u00e5n 30 microfarad till 27. Den har aldrig g\u00e5tt s\u00e5 bra som nu. <\/p>\n\n\n\n<p class=\"wp-block-paragraph\">Alla segel \u00e4r p\u00e5 och vi \u00e4r redo f\u00f6r segling. I morgon b\u00e4r det av mot Carriacou och <\/p>\n\n\n\n<p class=\"wp-block-paragraph\">Alla segel \u00e4r p\u00e5 och vi \u00e4r resor f\u00f6r avsegling mot Carriacou i morgon. Ikv\u00e4ll skall vi   g\u00e5 ut p\u00e5 West Indie Brewery tillsammans med Engla och Sirocco.<\/p>\n\n\n\n<figure class=\"wp-block-image\"><img data-recalc-dims=\"1\" fetchpriority=\"high\" decoding=\"async\" width=\"840\" height=\"473\" src=\"https:\/\/i0.wp.com\/www.ellensailing.se\/wp-content\/uploads\/2019\/03\/20190306_085558.jpg?resize=840%2C473&#038;ssl=1\" alt=\"\" class=\"wp-image-2431\" srcset=\"https:\/\/i0.wp.com\/www.ellensailing.se\/wp-content\/uploads\/2019\/03\/20190306_085558.jpg?resize=1024%2C576&amp;ssl=1 1024w, https:\/\/i0.wp.com\/www.ellensailing.se\/wp-content\/uploads\/2019\/03\/20190306_085558.jpg?resize=300%2C169&amp;ssl=1 300w, https:\/\/i0.wp.com\/www.ellensailing.se\/wp-content\/uploads\/2019\/03\/20190306_085558.jpg?resize=768%2C432&amp;ssl=1 768w, https:\/\/i0.wp.com\/www.ellensailing.se\/wp-content\/uploads\/2019\/03\/20190306_085558.jpg?w=1680&amp;ssl=1 1680w, https:\/\/i0.wp.com\/www.ellensailing.se\/wp-content\/uploads\/2019\/03\/20190306_085558.jpg?w=2520&amp;ssl=1 2520w\" sizes=\"(max-width: 840px) 100vw, 840px\" \/><figcaption>Ellen p\u00e5 v\u00e4g till sj\u00f6s i Prickley Bay<\/figcaption><\/figure>\n","protected":false},"excerpt":{"rendered":"<p>Ig\u00e5r kom \u00e4ntligen Ellen till sj\u00f6s. Men det var en del strul innan. Vi uppt\u00e4ckte r\u00e4tt snart att n\u00e5got var[&#8230;]<\/p>\n","protected":false},"author":1,"featured_media":2430,"comment_status":"open","ping_status":"open","sticky":false,"template":"","format":"standard","meta":{"_jetpack_newsletter_access":"","_jetpack_dont_email_post_to_subs":false,"_jetpack_newsletter_tier_id":0,"_jetpack_memberships_contains_paywalled_content":false,"_jetpack_feature_clip_id":0,"_jetpack_memberships_contains_paid_content":false,"footnotes":"","jetpack_publicize_message":"","jetpack_publicize_feature_enabled":true,"jetpack_social_post_already_shared":true,"jetpack_social_options":{"image_generator_settings":{"template":"highway","default_image_id":0,"font":"","enabled":false},"version":2},"jetpack_post_was_ever_published":false},"categories":[24],"tags":[],"class_list":["post-2427","post","type-post","status-publish","format-standard","has-post-thumbnail","hentry","category-vastindien-2017-2018"],"jetpack_publicize_connections":[],"jetpack_featured_media_url":"https:\/\/i0.wp.com\/www.ellensailing.se\/wp-content\/uploads\/2019\/03\/20190306_083848.jpg?fit=4032%2C2268&ssl=1","jetpack_sharing_enabled":true,"jetpack_shortlink":"https:\/\/wp.me\/p5G68R-D9","jetpack-related-posts":[{"id":1341,"url":"https:\/\/www.ellensailing.se\/?p=1341","url_meta":{"origin":2427,"position":0},"title":"Cascais \u00e4r en riktig p\u00e4rla.","author":"peter@ellensailing.se","date":"29 september, 2017","format":false,"excerpt":"Inte trodde jag att vi skulle ligga stilla s\u00e5 l\u00e4nge som vi gjort. Det har i och f\u00f6r sig g\u00f6ra med att vi v\u00e4ntat p\u00e5 nya batterier som best\u00e4lldes i m\u00e5ndags fr\u00e5n EnterNaval. De har varit mycket hj\u00e4lpsamma men vi har varit p\u00e5 n\u00e5lar f\u00f6r om batterierna skall komma i\u2026","rel":"","context":"I \u201dH\u00f6st 2017 till Grand Canrias.\u201d","block_context":{"text":"H\u00f6st 2017 till Grand Canrias.","link":"https:\/\/www.ellensailing.se\/?cat=22"},"img":{"alt_text":"","src":"https:\/\/i0.wp.com\/www.ellensailing.se\/wp-content\/uploads\/2017\/09\/024.jpg?fit=1200%2C900&ssl=1&resize=350%2C200","width":350,"height":200,"srcset":"https:\/\/i0.wp.com\/www.ellensailing.se\/wp-content\/uploads\/2017\/09\/024.jpg?fit=1200%2C900&ssl=1&resize=350%2C200 1x, https:\/\/i0.wp.com\/www.ellensailing.se\/wp-content\/uploads\/2017\/09\/024.jpg?fit=1200%2C900&ssl=1&resize=525%2C300 1.5x, https:\/\/i0.wp.com\/www.ellensailing.se\/wp-content\/uploads\/2017\/09\/024.jpg?fit=1200%2C900&ssl=1&resize=700%2C400 2x, https:\/\/i0.wp.com\/www.ellensailing.se\/wp-content\/uploads\/2017\/09\/024.jpg?fit=1200%2C900&ssl=1&resize=1050%2C600 3x"},"classes":[]},{"id":3046,"url":"https:\/\/www.ellensailing.se\/?p=3046","url_meta":{"origin":2427,"position":1},"title":"Kaos f\u00f6rsta veckan p\u00e5 semestern!","author":"peter@ellensailing.se","date":"4 juli, 2021","format":false,"excerpt":"P\u00e5 midsommardagen p\u00e5b\u00f6rjade vi v\u00e5r segling. F\u00f6rsta str\u00e4ckan blev inte l\u00e5ng, bara 1,37NM fr\u00e5n Grepen Marin till \u00d6regrundshamn. Vi l\u00e4mnade alla barnen p\u00e5 landet som fick ta hand om allt. F\u00f6rsta kv\u00e4llen var j\u00e4ttemysig och vi gick ut och \u00e5t p\u00e5 Melkers k\u00f6ttbod, supergott. Dagen efter s\u00e5 gick vi fr\u00e5n\u2026","rel":"","context":"I \u201dSegling 2021\u201d","block_context":{"text":"Segling 2021","link":"https:\/\/www.ellensailing.se\/?cat=28"},"img":{"alt_text":"","src":"https:\/\/i0.wp.com\/www.ellensailing.se\/wp-content\/uploads\/2021\/07\/Sjoraddning3.jpg?fit=640%2C480&ssl=1&resize=350%2C200","width":350,"height":200,"srcset":"https:\/\/i0.wp.com\/www.ellensailing.se\/wp-content\/uploads\/2021\/07\/Sjoraddning3.jpg?fit=640%2C480&ssl=1&resize=350%2C200 1x, https:\/\/i0.wp.com\/www.ellensailing.se\/wp-content\/uploads\/2021\/07\/Sjoraddning3.jpg?fit=640%2C480&ssl=1&resize=525%2C300 1.5x"},"classes":[]},{"id":696,"url":"https:\/\/www.ellensailing.se\/?p=696","url_meta":{"origin":2427,"position":2},"title":"Rostfritt f\u00e4ste f\u00f6r Watt &#038; Sea","author":"peter@ellensailing.se","date":"23 december, 2015","format":false,"excerpt":"Nu \u00e4r det Jul igen. Har varit och h\u00e4mtat mitt f\u00e4ste f\u00f6r hydrogeneratorn Watt & Sea. Om jag f\u00e5r s\u00e4ga det sj\u00e4lv s\u00e5 blev det j\u00e4kligt snyggt. Kommer pryda akterspegeln v\u00e4ldigt bra. Kul att jag \u00e4ven hittat ett f\u00f6retag som \u00e4r mycket trevliga och hj\u00e4lpsamma som jobbar i rostfritt. De\u2026","rel":"","context":"I \u201dB\u00e5ten p\u00e5 land\u201d","block_context":{"text":"B\u00e5ten p\u00e5 land","link":"https:\/\/www.ellensailing.se\/?cat=3"},"img":{"alt_text":"","src":"https:\/\/i0.wp.com\/www.ellensailing.se\/wp-content\/uploads\/2015\/12\/F%C3%A4ste-e1450869854343.jpg?fit=900%2C1200&ssl=1&resize=350%2C200","width":350,"height":200,"srcset":"https:\/\/i0.wp.com\/www.ellensailing.se\/wp-content\/uploads\/2015\/12\/F%C3%A4ste-e1450869854343.jpg?fit=900%2C1200&ssl=1&resize=350%2C200 1x, https:\/\/i0.wp.com\/www.ellensailing.se\/wp-content\/uploads\/2015\/12\/F%C3%A4ste-e1450869854343.jpg?fit=900%2C1200&ssl=1&resize=525%2C300 1.5x, https:\/\/i0.wp.com\/www.ellensailing.se\/wp-content\/uploads\/2015\/12\/F%C3%A4ste-e1450869854343.jpg?fit=900%2C1200&ssl=1&resize=700%2C400 2x"},"classes":[]},{"id":3638,"url":"https:\/\/www.ellensailing.se\/?p=3638","url_meta":{"origin":2427,"position":3},"title":"Vi seglar vidare till Tahanea","author":"peter@ellensailing.se","date":"23 april, 2024","format":false,"excerpt":"Det har varit v\u00e4ldigt roligt att se hur Kopra odlarna lever och hur de g\u00f6r men vi m\u00e5ste vidare. Vi motorerar mellan alla bommisar och kommer tillbaka till lilla byn i Makemo. Vi skall fylla p\u00e5 bensin och Ola och Jenny skall h\u00e4mta sin tv\u00e4tt. P\u00e5 s\u00f6ndagen skall Jenny \u00e5ka\u2026","rel":"","context":"I \u201dS\u00f6derhavet\u201d","block_context":{"text":"S\u00f6derhavet","link":"https:\/\/www.ellensailing.se\/?cat=33"},"img":{"alt_text":"","src":"https:\/\/i0.wp.com\/www.ellensailing.se\/wp-content\/uploads\/2024\/04\/img_4210-2-1.jpg?fit=1200%2C900&ssl=1&resize=350%2C200","width":350,"height":200,"srcset":"https:\/\/i0.wp.com\/www.ellensailing.se\/wp-content\/uploads\/2024\/04\/img_4210-2-1.jpg?fit=1200%2C900&ssl=1&resize=350%2C200 1x, https:\/\/i0.wp.com\/www.ellensailing.se\/wp-content\/uploads\/2024\/04\/img_4210-2-1.jpg?fit=1200%2C900&ssl=1&resize=525%2C300 1.5x, https:\/\/i0.wp.com\/www.ellensailing.se\/wp-content\/uploads\/2024\/04\/img_4210-2-1.jpg?fit=1200%2C900&ssl=1&resize=700%2C400 2x, https:\/\/i0.wp.com\/www.ellensailing.se\/wp-content\/uploads\/2024\/04\/img_4210-2-1.jpg?fit=1200%2C900&ssl=1&resize=1050%2C600 3x"},"classes":[]},{"id":1211,"url":"https:\/\/www.ellensailing.se\/?p=1211","url_meta":{"origin":2427,"position":4},"title":"Nu har vi l\u00e4mnat A Coruna och ligger p\u00e5 svaj i en liten fiskeby!","author":"peter@ellensailing.se","date":"9 september, 2017","format":false,"excerpt":"Vi har haft n\u00e5gra sk\u00f6na dagar i A Coruna som \u00e4r en helt underbar liten stad, stor men liten. Finns s\u00e5 mycket att se och de har helt underbara ytor f\u00f6r folk att r\u00f6ra sig p\u00e5, och folk \u00e4r verkligen ute och r\u00f6r sig. Fina cykelv\u00e4gar runt hela staden, g\u00e5ngpromenader,\u2026","rel":"","context":"I \u201dH\u00f6st 2017 till Grand Canrias.\u201d","block_context":{"text":"H\u00f6st 2017 till Grand Canrias.","link":"https:\/\/www.ellensailing.se\/?cat=22"},"img":{"alt_text":"","src":"https:\/\/i0.wp.com\/www.ellensailing.se\/wp-content\/uploads\/2017\/09\/DSC2328.jpg?fit=1200%2C802&ssl=1&resize=350%2C200","width":350,"height":200,"srcset":"https:\/\/i0.wp.com\/www.ellensailing.se\/wp-content\/uploads\/2017\/09\/DSC2328.jpg?fit=1200%2C802&ssl=1&resize=350%2C200 1x, https:\/\/i0.wp.com\/www.ellensailing.se\/wp-content\/uploads\/2017\/09\/DSC2328.jpg?fit=1200%2C802&ssl=1&resize=525%2C300 1.5x, https:\/\/i0.wp.com\/www.ellensailing.se\/wp-content\/uploads\/2017\/09\/DSC2328.jpg?fit=1200%2C802&ssl=1&resize=700%2C400 2x, https:\/\/i0.wp.com\/www.ellensailing.se\/wp-content\/uploads\/2017\/09\/DSC2328.jpg?fit=1200%2C802&ssl=1&resize=1050%2C600 3x"},"classes":[]},{"id":1233,"url":"https:\/\/www.ellensailing.se\/?p=1233","url_meta":{"origin":2427,"position":5},"title":"En bit ner p\u00e5 Spaniens kust!","author":"peter@ellensailing.se","date":"12 september, 2017","format":false,"excerpt":"Vi m\u00f6tte upp den andra Ellen, Salsa och norska Olivia i Corcubion. Vi blev bjudna p\u00e5 en drink till Salsa men ingen stack ut n\u00e4san d\u00e5 det regnade som fr\u00e5n en blomspruta. Vi blev kvar i b\u00e5ten och hade det sk\u00f6nt. V\u00e4rmaren \u00e5kte p\u00e5 och kr\u00f6p till kojs r\u00e4tt snart.\u2026","rel":"","context":"I \u201dH\u00f6st 2017 till Grand Canrias.\u201d","block_context":{"text":"H\u00f6st 2017 till Grand Canrias.","link":"https:\/\/www.ellensailing.se\/?cat=22"},"img":{"alt_text":"","src":"https:\/\/i0.wp.com\/www.ellensailing.se\/wp-content\/uploads\/2017\/09\/DSC2452.jpg?fit=1200%2C802&ssl=1&resize=350%2C200","width":350,"height":200,"srcset":"https:\/\/i0.wp.com\/www.ellensailing.se\/wp-content\/uploads\/2017\/09\/DSC2452.jpg?fit=1200%2C802&ssl=1&resize=350%2C200 1x, https:\/\/i0.wp.com\/www.ellensailing.se\/wp-content\/uploads\/2017\/09\/DSC2452.jpg?fit=1200%2C802&ssl=1&resize=525%2C300 1.5x, https:\/\/i0.wp.com\/www.ellensailing.se\/wp-content\/uploads\/2017\/09\/DSC2452.jpg?fit=1200%2C802&ssl=1&resize=700%2C400 2x, https:\/\/i0.wp.com\/www.ellensailing.se\/wp-content\/uploads\/2017\/09\/DSC2452.jpg?fit=1200%2C802&ssl=1&resize=1050%2C600 3x"},"classes":[]}],"jetpack_likes_enabled":false,"_links":{"self":[{"href":"https:\/\/www.ellensailing.se\/index.php?rest_route=\/wp\/v2\/posts\/2427","targetHints":{"allow":["GET"]}}],"collection":[{"href":"https:\/\/www.ellensailing.se\/index.php?rest_route=\/wp\/v2\/posts"}],"about":[{"href":"https:\/\/www.ellensailing.se\/index.php?rest_route=\/wp\/v2\/types\/post"}],"author":[{"embeddable":true,"href":"https:\/\/www.ellensailing.se\/index.php?rest_route=\/wp\/v2\/users\/1"}],"replies":[{"embeddable":true,"href":"https:\/\/www.ellensailing.se\/index.php?rest_route=%2Fwp%2Fv2%2Fcomments&post=2427"}],"version-history":[{"count":4,"href":"https:\/\/www.ellensailing.se\/index.php?rest_route=\/wp\/v2\/posts\/2427\/revisions"}],"predecessor-version":[{"id":2433,"href":"https:\/\/www.ellensailing.se\/index.php?rest_route=\/wp\/v2\/posts\/2427\/revisions\/2433"}],"wp:featuredmedia":[{"embeddable":true,"href":"https:\/\/www.ellensailing.se\/index.php?rest_route=\/wp\/v2\/media\/2430"}],"wp:attachment":[{"href":"https:\/\/www.ellensailing.se\/index.php?rest_route=%2Fwp%2Fv2%2Fmedia&parent=2427"}],"wp:term":[{"taxonomy":"category","embeddable":true,"href":"https:\/\/www.ellensailing.se\/index.php?rest_route=%2Fwp%2Fv2%2Fcategories&post=2427"},{"taxonomy":"post_tag","embeddable":true,"href":"https:\/\/www.ellensailing.se\/index.php?rest_route=%2Fwp%2Fv2%2Ftags&post=2427"}],"curies":[{"name":"wp","href":"https:\/\/api.w.org\/{rel}","templated":true}]}}