{"id":2415,"date":"2019-03-01T17:10:31","date_gmt":"2019-03-01T16:10:31","guid":{"rendered":"https:\/\/www.ellensailing.se\/?p=2415"},"modified":"2019-03-01T17:10:38","modified_gmt":"2019-03-01T16:10:38","slug":"nu-ar-vi-pa-gang-igen","status":"publish","type":"post","link":"https:\/\/www.ellensailing.se\/?p=2415","title":{"rendered":"Nu \u00e4r vi p\u00e5 g\u00e5ng igen!"},"content":{"rendered":"\n<p class=\"wp-block-paragraph\">Allt \u00e4r packat och incheckat. \u00c4r nu p\u00e5 O\u00b4Learys och skall \u00e4ta. Ikv\u00e4ll flyger vi till London och tar en bil till Gatwick d\u00e4r vi sover \u00f6ver. I morgon bitti s\u00e5 g\u00e5r flyget direkt till Grenada.<\/p>\n\n\n\n<p class=\"wp-block-paragraph\">Skall bli kul att se Ellen igen. Nu blir det segla av i tv\u00e5 m\u00e5nader. Ska bli s\u00e5 kul och kul att tr\u00e4ffa alla v\u00e4nner i Karibien.<\/p>\n","protected":false},"excerpt":{"rendered":"<p>Allt \u00e4r packat och incheckat. \u00c4r nu p\u00e5 O\u00b4Learys och skall \u00e4ta. Ikv\u00e4ll flyger vi till London och tar en[&#8230;]<\/p>\n","protected":false},"author":1,"featured_media":2416,"comment_status":"open","ping_status":"open","sticky":false,"template":"","format":"standard","meta":{"_jetpack_newsletter_access":"","_jetpack_dont_email_post_to_subs":false,"_jetpack_newsletter_tier_id":0,"_jetpack_memberships_contains_paywalled_content":false,"_jetpack_feature_clip_id":0,"_jetpack_memberships_contains_paid_content":false,"footnotes":"","jetpack_publicize_message":"","jetpack_publicize_feature_enabled":true,"jetpack_social_post_already_shared":true,"jetpack_social_options":{"image_generator_settings":{"template":"highway","default_image_id":0,"font":"","enabled":false},"version":2},"jetpack_post_was_ever_published":false},"categories":[25],"tags":[],"class_list":["post-2415","post","type-post","status-publish","format-standard","has-post-thumbnail","hentry","category-vastindien-2019"],"jetpack_publicize_connections":[],"jetpack_featured_media_url":"https:\/\/i0.wp.com\/www.ellensailing.se\/wp-content\/uploads\/2019\/03\/4187E59A-53BA-4DE9-A7DB-3CB76AA796E8.jpeg?fit=3088%2C2320&ssl=1","jetpack_sharing_enabled":true,"jetpack_shortlink":"https:\/\/wp.me\/p5G68R-CX","jetpack-related-posts":[{"id":2073,"url":"https:\/\/www.ellensailing.se\/?p=2073","url_meta":{"origin":2415,"position":0},"title":"Nu har det h\u00e4nt!","author":"peter@ellensailing.se","date":"5 april, 2018","format":false,"excerpt":"Nu har det h\u00e4nt! Jag har gjort med f\u00f6rsta dyk p\u00e5 31 \u00e5r. Helt otroligt! Vi var ig\u00e5r p\u00e5 Dive Carriacou och bokade med Gary. Jag visade mitt Padi Open Water och han hade aldrig sett n\u00e5got s\u00e5dant... Kul! M\u00e5ste erk\u00e4nna att jag sov lite d\u00e5ligt i natt! Jag och\u2026","rel":"","context":"I \u201dV\u00e4stindien 2017-2018\u201d","block_context":{"text":"V\u00e4stindien 2017-2018","link":"https:\/\/www.ellensailing.se\/?cat=24"},"img":{"alt_text":"","src":"https:\/\/i0.wp.com\/www.ellensailing.se\/wp-content\/uploads\/2018\/04\/E8199A10-2A79-4EFB-BF68-66ACA8FEF9DE.jpeg?fit=1200%2C900&ssl=1&resize=350%2C200","width":350,"height":200,"srcset":"https:\/\/i0.wp.com\/www.ellensailing.se\/wp-content\/uploads\/2018\/04\/E8199A10-2A79-4EFB-BF68-66ACA8FEF9DE.jpeg?fit=1200%2C900&ssl=1&resize=350%2C200 1x, https:\/\/i0.wp.com\/www.ellensailing.se\/wp-content\/uploads\/2018\/04\/E8199A10-2A79-4EFB-BF68-66ACA8FEF9DE.jpeg?fit=1200%2C900&ssl=1&resize=525%2C300 1.5x, https:\/\/i0.wp.com\/www.ellensailing.se\/wp-content\/uploads\/2018\/04\/E8199A10-2A79-4EFB-BF68-66ACA8FEF9DE.jpeg?fit=1200%2C900&ssl=1&resize=700%2C400 2x, https:\/\/i0.wp.com\/www.ellensailing.se\/wp-content\/uploads\/2018\/04\/E8199A10-2A79-4EFB-BF68-66ACA8FEF9DE.jpeg?fit=1200%2C900&ssl=1&resize=1050%2C600 3x"},"classes":[]},{"id":1099,"url":"https:\/\/www.ellensailing.se\/?p=1099","url_meta":{"origin":2415,"position":1},"title":"Nu b\u00f6rjar det k\u00e4nnas p\u00e5 riktigt!","author":"peter@ellensailing.se","date":"9 februari, 2017","format":false,"excerpt":"Ig\u00e5r var vi och lyssnade p\u00e5 Markus och Emelie p\u00e5 S\/Y Emma som kom hem i h\u00f6stas. Tack Markus och Emelie, j\u00e4ttekul att lyssna p\u00e5 era erfarenheter fr\u00e5n Sverige till Karibien och hem igen. Det gjorde ni j\u00e4ttebra och s\u00e5 kul att\u00a0s\u00e5 m\u00e5nga intresserade kom och lyssnade. Helt underbart att\u2026","rel":"","context":"I \u201dB\u00e5ten p\u00e5 land\u201d","block_context":{"text":"B\u00e5ten p\u00e5 land","link":"https:\/\/www.ellensailing.se\/?cat=3"},"img":{"alt_text":"","src":"https:\/\/i0.wp.com\/www.ellensailing.se\/wp-content\/uploads\/2017\/02\/IMG_5743.jpg?fit=1200%2C900&ssl=1&resize=350%2C200","width":350,"height":200,"srcset":"https:\/\/i0.wp.com\/www.ellensailing.se\/wp-content\/uploads\/2017\/02\/IMG_5743.jpg?fit=1200%2C900&ssl=1&resize=350%2C200 1x, https:\/\/i0.wp.com\/www.ellensailing.se\/wp-content\/uploads\/2017\/02\/IMG_5743.jpg?fit=1200%2C900&ssl=1&resize=525%2C300 1.5x, https:\/\/i0.wp.com\/www.ellensailing.se\/wp-content\/uploads\/2017\/02\/IMG_5743.jpg?fit=1200%2C900&ssl=1&resize=700%2C400 2x, https:\/\/i0.wp.com\/www.ellensailing.se\/wp-content\/uploads\/2017\/02\/IMG_5743.jpg?fit=1200%2C900&ssl=1&resize=1050%2C600 3x"},"classes":[]},{"id":1965,"url":"https:\/\/www.ellensailing.se\/?p=1965","url_meta":{"origin":2415,"position":2},"title":"Tillbaka i riktiga Karibien!","author":"peter@ellensailing.se","date":"21 mars, 2018","format":false,"excerpt":"Det \u00e4r sk\u00f6nt att komma hem igen till riktiga Karibien. Vi har faktiskt l\u00e4ngtat efter alla Boatboys och allt som kommer d\u00e4rtill. Det \u00e4r sk\u00f6nt att f\u00e5 komma in in hamn igen efter massa med veckor f\u00f6r ankar. Jackie duschade i en timme med tv\u00e5 h\u00e5rinpackningar. Rodney Bay k\u00e4nns som\u2026","rel":"","context":"I \u201dV\u00e4stindien 2017-2018\u201d","block_context":{"text":"V\u00e4stindien 2017-2018","link":"https:\/\/www.ellensailing.se\/?cat=24"},"img":{"alt_text":"","src":"https:\/\/i0.wp.com\/www.ellensailing.se\/wp-content\/uploads\/2018\/03\/03C9130C-1C18-4955-A621-C027A64398E4.jpeg?fit=1200%2C901&ssl=1&resize=350%2C200","width":350,"height":200,"srcset":"https:\/\/i0.wp.com\/www.ellensailing.se\/wp-content\/uploads\/2018\/03\/03C9130C-1C18-4955-A621-C027A64398E4.jpeg?fit=1200%2C901&ssl=1&resize=350%2C200 1x, https:\/\/i0.wp.com\/www.ellensailing.se\/wp-content\/uploads\/2018\/03\/03C9130C-1C18-4955-A621-C027A64398E4.jpeg?fit=1200%2C901&ssl=1&resize=525%2C300 1.5x, https:\/\/i0.wp.com\/www.ellensailing.se\/wp-content\/uploads\/2018\/03\/03C9130C-1C18-4955-A621-C027A64398E4.jpeg?fit=1200%2C901&ssl=1&resize=700%2C400 2x, https:\/\/i0.wp.com\/www.ellensailing.se\/wp-content\/uploads\/2018\/03\/03C9130C-1C18-4955-A621-C027A64398E4.jpeg?fit=1200%2C901&ssl=1&resize=1050%2C600 3x"},"classes":[]},{"id":381,"url":"https:\/\/www.ellensailing.se\/?p=381","url_meta":{"origin":2415,"position":3},"title":"Avseglarfest p\u00e5 Sj\u00f6mansskolan!","author":"peter@ellensailing.se","date":"22 maj, 2015","format":false,"excerpt":"I kv\u00e4ll var det d\u00e5 dags at ta farv\u00e4l av v\u00e5ra v\u00e4nner som skall \u00e5ka ut p\u00e5 v\u00e4rldens hav. Det var 10 b\u00e5tar med ikv\u00e4ll som skall ge sig av i \u00e5r.\u00a0Det var mycket snack och rolig fr\u00e5gesport om vad de skall g\u00f6ra och vad de vill ha. Intressant att\u2026","rel":"","context":"I \u201dAvseglargrupp\u201d","block_context":{"text":"Avseglargrupp","link":"https:\/\/www.ellensailing.se\/?cat=8"},"img":{"alt_text":"","src":"https:\/\/i0.wp.com\/www.ellensailing.se\/wp-content\/uploads\/2015\/05\/IMG_4277.jpg?fit=1200%2C900&ssl=1&resize=350%2C200","width":350,"height":200,"srcset":"https:\/\/i0.wp.com\/www.ellensailing.se\/wp-content\/uploads\/2015\/05\/IMG_4277.jpg?fit=1200%2C900&ssl=1&resize=350%2C200 1x, https:\/\/i0.wp.com\/www.ellensailing.se\/wp-content\/uploads\/2015\/05\/IMG_4277.jpg?fit=1200%2C900&ssl=1&resize=525%2C300 1.5x, https:\/\/i0.wp.com\/www.ellensailing.se\/wp-content\/uploads\/2015\/05\/IMG_4277.jpg?fit=1200%2C900&ssl=1&resize=700%2C400 2x, https:\/\/i0.wp.com\/www.ellensailing.se\/wp-content\/uploads\/2015\/05\/IMG_4277.jpg?fit=1200%2C900&ssl=1&resize=1050%2C600 3x"},"classes":[]},{"id":334,"url":"https:\/\/www.ellensailing.se\/?p=334","url_meta":{"origin":2415,"position":4},"title":"Nu \u00e4r det n\u00e4ra. Allt klart och p\u00e5 fredag \u00e5ker hon i!","author":"peter@ellensailing.se","date":"3 maj, 2015","format":false,"excerpt":"Efter mycket pyssel under hela vintern \u00e4r hon \u00e4ntligen klar f\u00f6r sj\u00f6s\u00e4ttning. Aprilv\u00e4der \u00e4r ingen h\u00f6jdare. Klart som tusen s\u00e5 skall det b\u00f6rja regna n\u00e4r man skall polera b\u00e5ten och dessutom 5 grader varmt och Nordavinden p\u00e5 det. Inte kul, men skam den som ger sig. Idag s\u00f6ndag var det\u2026","rel":"","context":"I \u201dB\u00e5ten p\u00e5 land\u201d","block_context":{"text":"B\u00e5ten p\u00e5 land","link":"https:\/\/www.ellensailing.se\/?cat=3"},"img":{"alt_text":"","src":"https:\/\/i0.wp.com\/www.ellensailing.se\/wp-content\/uploads\/2015\/05\/IMG_4146-e1430676168982.jpg?fit=900%2C1200&ssl=1&resize=350%2C200","width":350,"height":200,"srcset":"https:\/\/i0.wp.com\/www.ellensailing.se\/wp-content\/uploads\/2015\/05\/IMG_4146-e1430676168982.jpg?fit=900%2C1200&ssl=1&resize=350%2C200 1x, https:\/\/i0.wp.com\/www.ellensailing.se\/wp-content\/uploads\/2015\/05\/IMG_4146-e1430676168982.jpg?fit=900%2C1200&ssl=1&resize=525%2C300 1.5x, https:\/\/i0.wp.com\/www.ellensailing.se\/wp-content\/uploads\/2015\/05\/IMG_4146-e1430676168982.jpg?fit=900%2C1200&ssl=1&resize=700%2C400 2x"},"classes":[]},{"id":2152,"url":"https:\/\/www.ellensailing.se\/?p=2152","url_meta":{"origin":2415,"position":5},"title":"Onsadags tur p\u00e5 Carriacou och segling till Petit St:Vincent","author":"peter@ellensailing.se","date":"13 april, 2018","format":false,"excerpt":"Ig\u00e5r avslutade vi v\u00e5r tid p\u00e5 Carriacou med en l\u00e5ngpromenad runt hela norra halv\u00f6n. 16000 steg blev det. B\u00f6rjade vi b\u00e5tbyggeriet p\u00e5 Windward side f\u00f6r att g\u00e5 norrut och runt hela \u00f6n. Avslutade med en lunch p\u00e5 Round House. Helt magiskt gott och billigt. Carriacou \u00e4r s\u00e5 billigt och det\u2026","rel":"","context":"I \u201dV\u00e4stindien 2017-2018\u201d","block_context":{"text":"V\u00e4stindien 2017-2018","link":"https:\/\/www.ellensailing.se\/?cat=24"},"img":{"alt_text":"","src":"https:\/\/i0.wp.com\/www.ellensailing.se\/wp-content\/uploads\/2018\/04\/E03877F9-0CCB-4D0E-8848-65D598AEB157.jpeg?fit=1200%2C800&ssl=1&resize=350%2C200","width":350,"height":200,"srcset":"https:\/\/i0.wp.com\/www.ellensailing.se\/wp-content\/uploads\/2018\/04\/E03877F9-0CCB-4D0E-8848-65D598AEB157.jpeg?fit=1200%2C800&ssl=1&resize=350%2C200 1x, https:\/\/i0.wp.com\/www.ellensailing.se\/wp-content\/uploads\/2018\/04\/E03877F9-0CCB-4D0E-8848-65D598AEB157.jpeg?fit=1200%2C800&ssl=1&resize=525%2C300 1.5x, https:\/\/i0.wp.com\/www.ellensailing.se\/wp-content\/uploads\/2018\/04\/E03877F9-0CCB-4D0E-8848-65D598AEB157.jpeg?fit=1200%2C800&ssl=1&resize=700%2C400 2x, https:\/\/i0.wp.com\/www.ellensailing.se\/wp-content\/uploads\/2018\/04\/E03877F9-0CCB-4D0E-8848-65D598AEB157.jpeg?fit=1200%2C800&ssl=1&resize=1050%2C600 3x"},"classes":[]}],"jetpack_likes_enabled":false,"_links":{"self":[{"href":"https:\/\/www.ellensailing.se\/index.php?rest_route=\/wp\/v2\/posts\/2415","targetHints":{"allow":["GET"]}}],"collection":[{"href":"https:\/\/www.ellensailing.se\/index.php?rest_route=\/wp\/v2\/posts"}],"about":[{"href":"https:\/\/www.ellensailing.se\/index.php?rest_route=\/wp\/v2\/types\/post"}],"author":[{"embeddable":true,"href":"https:\/\/www.ellensailing.se\/index.php?rest_route=\/wp\/v2\/users\/1"}],"replies":[{"embeddable":true,"href":"https:\/\/www.ellensailing.se\/index.php?rest_route=%2Fwp%2Fv2%2Fcomments&post=2415"}],"version-history":[{"count":1,"href":"https:\/\/www.ellensailing.se\/index.php?rest_route=\/wp\/v2\/posts\/2415\/revisions"}],"predecessor-version":[{"id":2417,"href":"https:\/\/www.ellensailing.se\/index.php?rest_route=\/wp\/v2\/posts\/2415\/revisions\/2417"}],"wp:featuredmedia":[{"embeddable":true,"href":"https:\/\/www.ellensailing.se\/index.php?rest_route=\/wp\/v2\/media\/2416"}],"wp:attachment":[{"href":"https:\/\/www.ellensailing.se\/index.php?rest_route=%2Fwp%2Fv2%2Fmedia&parent=2415"}],"wp:term":[{"taxonomy":"category","embeddable":true,"href":"https:\/\/www.ellensailing.se\/index.php?rest_route=%2Fwp%2Fv2%2Fcategories&post=2415"},{"taxonomy":"post_tag","embeddable":true,"href":"https:\/\/www.ellensailing.se\/index.php?rest_route=%2Fwp%2Fv2%2Ftags&post=2415"}],"curies":[{"name":"wp","href":"https:\/\/api.w.org\/{rel}","templated":true}]}}