{"id":2382,"date":"2018-12-29T15:25:37","date_gmt":"2018-12-29T14:25:37","guid":{"rendered":"https:\/\/www.ellensailing.se\/?p=2382"},"modified":"2020-07-10T10:16:35","modified_gmt":"2020-07-10T08:16:35","slug":"forelasning-pa-myntkrogen-och-gott-nytt-ar","status":"publish","type":"post","link":"https:\/\/www.ellensailing.se\/?p=2382","title":{"rendered":"F\u00f6rel\u00e4sning p\u00e5 Myntkrogen och Gott Nytt \u00c5r"},"content":{"rendered":"\n<figure class=\"wp-block-image\"><img fetchpriority=\"high\" decoding=\"async\" width=\"2400\" height=\"1600\" src=\"https:\/\/i0.wp.com\/www.ellensailing.se\/wp-content\/uploads\/2018\/12\/EllenCrew_Lucia181210-1.jpg?fit=525%2C350\" alt=\"\" class=\"wp-image-2383\" srcset=\"https:\/\/i0.wp.com\/www.ellensailing.se\/wp-content\/uploads\/2018\/12\/EllenCrew_Lucia181210-1.jpg?w=2400&amp;ssl=1 2400w, https:\/\/i0.wp.com\/www.ellensailing.se\/wp-content\/uploads\/2018\/12\/EllenCrew_Lucia181210-1.jpg?resize=300%2C200&amp;ssl=1 300w, https:\/\/i0.wp.com\/www.ellensailing.se\/wp-content\/uploads\/2018\/12\/EllenCrew_Lucia181210-1.jpg?resize=768%2C512&amp;ssl=1 768w, https:\/\/i0.wp.com\/www.ellensailing.se\/wp-content\/uploads\/2018\/12\/EllenCrew_Lucia181210-1.jpg?resize=1024%2C683&amp;ssl=1 1024w, https:\/\/i0.wp.com\/www.ellensailing.se\/wp-content\/uploads\/2018\/12\/EllenCrew_Lucia181210-1.jpg?w=1680&amp;ssl=1 1680w\" sizes=\"(max-width: 840px) 100vw, 840px\" \/><figcaption>Jackline och Peter efter f\u00f6resl\u00e4sningen f\u00f6r Sarc &#8211; S\u00e4llskapet Arconaseglare.<\/figcaption><\/figure>\n\n\n\n<p class=\"wp-block-paragraph\">Vi hade n\u00f6jet att f\u00e5 h\u00e5lla ett f\u00f6redrag f\u00f6r medlemmarna i Sarc den 10 december. Vi var p\u00e5 Myntkrogen som vi kan rekomendera f\u00f6r att tr\u00e4ffas i en klubb eller liknande. De har en mycket trevlig resturangdel och \u00e4ven en h\u00f6rsal som tar upp till 75 g\u00e4ster.<\/p>\n\n\n\n<p class=\"wp-block-paragraph\">F\u00f6rst s\u00e5 bj\u00f6ds det p\u00e5 Wrap n\u00e4r alla kom och under tiden s\u00e5 ber\u00e4tta Nicolas, Torgny, Cecilia och Joel om vilka planer Arcona \/ Najad har. K\u00e4nns tryckt att veta att de kommer forts\u00e4tta satsa p\u00e5 Arconab\u00e5tarna och att vi kan v\u00e4nta oss fler medlemmar till Sarc. V\u00e4ldigt kul att h\u00f6ra att orderb\u00f6ckerna \u00e4r fulla f\u00f6r n\u00e4sta \u00e5r. Vi kanske kan f\u00f6rv\u00e4nta oss en del nya modeller fram\u00f6ver ocks\u00e5.<\/p>\n\n\n\n<p class=\"wp-block-paragraph\">D\u00e4refter s\u00e5 ber\u00e4ttade vi om v\u00e5r upplevelse \/ \u00e4ventyr f\u00f6r 68 g\u00e4ster som var d\u00e4r. Det var allt fr\u00e5n v\u00e5ra f\u00f6rberedelser inf\u00f6r resan och s\u00e5 klart om v\u00e5r segling 2017-2018 fr\u00e5n Frankrike till Karibien. Vi h\u00f6ll p\u00e5 i n\u00e4sta en timme och 40 minuter. Det var ocks\u00e5 en paus d\u00e4r det serverades gl\u00f6gg och morotskaka. Efter f\u00f6rel\u00e4sningen s\u00e5 var det lite mingel i resturangen. S\u00e5 klart s\u00e5 var Ellen bes\u00e4ttning sist d\u00e4rifr\u00e5n. Vi vill passa p\u00e5 att \u00f6nska ett <strong>Gott Nytt \u00c5r fr\u00e5n oss p\u00e5 Ellen och p\u00e5 \u00e5terseende 2019!<\/strong><\/p>\n\n\n\n<p class=\"wp-block-paragraph\"><\/p>\n\n\n\n<p class=\"wp-block-paragraph\"><\/p>\n","protected":false},"excerpt":{"rendered":"<p>Vi hade n\u00f6jet att f\u00e5 h\u00e5lla ett f\u00f6redrag f\u00f6r medlemmarna i Sarc den 10 december. Vi var p\u00e5 Myntkrogen som[&#8230;]<\/p>\n","protected":false},"author":1,"featured_media":2383,"comment_status":"open","ping_status":"open","sticky":false,"template":"","format":"standard","meta":{"_jetpack_newsletter_access":"","_jetpack_dont_email_post_to_subs":false,"_jetpack_newsletter_tier_id":0,"_jetpack_memberships_contains_paywalled_content":false,"_jetpack_feature_clip_id":0,"_jetpack_memberships_contains_paid_content":false,"footnotes":"","jetpack_publicize_message":"","jetpack_publicize_feature_enabled":true,"jetpack_social_post_already_shared":true,"jetpack_social_options":{"image_generator_settings":{"template":"highway","default_image_id":0,"font":"","enabled":false},"version":2},"jetpack_post_was_ever_published":false},"categories":[3],"tags":[],"class_list":["post-2382","post","type-post","status-publish","format-standard","has-post-thumbnail","hentry","category-baten-pa-land"],"jetpack_publicize_connections":[],"jetpack_featured_media_url":"https:\/\/i0.wp.com\/www.ellensailing.se\/wp-content\/uploads\/2018\/12\/EllenCrew_Lucia181210-1.jpg?fit=2400%2C1600&ssl=1","jetpack_sharing_enabled":true,"jetpack_shortlink":"https:\/\/wp.me\/p5G68R-Cq","jetpack-related-posts":[{"id":2875,"url":"https:\/\/www.ellensailing.se\/?p=2875","url_meta":{"origin":2382,"position":0},"title":"\u00d6land och Kalmar","author":"peter@ellensailing.se","date":"23 juli, 2020","format":false,"excerpt":"Vi fortsatte efter Harstena ner till Bok\u00f6. Ganska kort bit men k\u00e4nde att det var dags att r\u00f6ra oss. Det var lite v\u00e4l mycket b\u00e5tar d\u00e4r. P\u00e5 M\u00f6rk\u00f6 s\u00e5 var det inte m\u00e5nga b\u00e5tar, vilket var sk\u00f6nt. Efter M\u00f6rk\u00f6 s\u00e5 kryssade vi ut p\u00e5 havet och hade en makal\u00f6s fin\u2026","rel":"","context":"I \u201dSegling 2020\u201d","block_context":{"text":"Segling 2020","link":"https:\/\/www.ellensailing.se\/?cat=27"},"img":{"alt_text":"","src":"https:\/\/i0.wp.com\/www.ellensailing.se\/wp-content\/uploads\/2020\/07\/img_0278-13-scaled.jpg?fit=1200%2C900&ssl=1&resize=350%2C200","width":350,"height":200,"srcset":"https:\/\/i0.wp.com\/www.ellensailing.se\/wp-content\/uploads\/2020\/07\/img_0278-13-scaled.jpg?fit=1200%2C900&ssl=1&resize=350%2C200 1x, https:\/\/i0.wp.com\/www.ellensailing.se\/wp-content\/uploads\/2020\/07\/img_0278-13-scaled.jpg?fit=1200%2C900&ssl=1&resize=525%2C300 1.5x, https:\/\/i0.wp.com\/www.ellensailing.se\/wp-content\/uploads\/2020\/07\/img_0278-13-scaled.jpg?fit=1200%2C900&ssl=1&resize=700%2C400 2x, https:\/\/i0.wp.com\/www.ellensailing.se\/wp-content\/uploads\/2020\/07\/img_0278-13-scaled.jpg?fit=1200%2C900&ssl=1&resize=1050%2C600 3x"},"classes":[]},{"id":1068,"url":"https:\/\/www.ellensailing.se\/?p=1068","url_meta":{"origin":2382,"position":1},"title":"Firar Lasses f\u00f6delsedag p\u00e5 Cowes!","author":"peter@ellensailing.se","date":"12 juli, 2016","format":false,"excerpt":"Idag har vi firat Lasse i Cowes p\u00e5 \u00f6n Isle of Wight. Det \u00e4r verkligen seglingens mecka. Massor av kappseglingar utanf\u00f6r och f\u00f6rberedelser f\u00f6r Cowes Classic sailweek. Vi \u00e5t en lunch p\u00e5 den fina klubben Island sailing club. Man fick verkligen vrida nacken av sig hela tiden. Vi fick se\u2026","rel":"","context":"I \u201dSommar 2016\u201d","block_context":{"text":"Sommar 2016","link":"https:\/\/www.ellensailing.se\/?cat=20"},"img":{"alt_text":"","src":"https:\/\/i0.wp.com\/www.ellensailing.se\/wp-content\/uploads\/2016\/07\/DSC_0997.jpg?fit=1200%2C797&ssl=1&resize=350%2C200","width":350,"height":200,"srcset":"https:\/\/i0.wp.com\/www.ellensailing.se\/wp-content\/uploads\/2016\/07\/DSC_0997.jpg?fit=1200%2C797&ssl=1&resize=350%2C200 1x, https:\/\/i0.wp.com\/www.ellensailing.se\/wp-content\/uploads\/2016\/07\/DSC_0997.jpg?fit=1200%2C797&ssl=1&resize=525%2C300 1.5x, https:\/\/i0.wp.com\/www.ellensailing.se\/wp-content\/uploads\/2016\/07\/DSC_0997.jpg?fit=1200%2C797&ssl=1&resize=700%2C400 2x, https:\/\/i0.wp.com\/www.ellensailing.se\/wp-content\/uploads\/2016\/07\/DSC_0997.jpg?fit=1200%2C797&ssl=1&resize=1050%2C600 3x"},"classes":[]},{"id":1007,"url":"https:\/\/www.ellensailing.se\/?p=1007","url_meta":{"origin":2382,"position":2},"title":"Nu l\u00e4mnar vi Amsterdam f\u00f6r att g\u00e5 kanalerna till Rotterdam via Haarlem","author":"peter@ellensailing.se","date":"3 juli, 2016","format":false,"excerpt":"Nu har vi l\u00e4mnat Amsterdam och kommer g\u00e5 kanalerna ner mot Rotterdam. Ig\u00e5r kv\u00e4ll tillbringade vi i klubbhuset och tog lite att dricka tillsammans med massa Tyskar. N\u00e4r Italien gjorde m\u00e5l fick vi heja lite tyst. Sarcs vimpel pryder nu klubbhuset. Vimpeln fick b\u00e4sta plats vid baren. Det var verkligen\u2026","rel":"","context":"I \u201dSommar 2016\u201d","block_context":{"text":"Sommar 2016","link":"https:\/\/www.ellensailing.se\/?cat=20"},"img":{"alt_text":"","src":"https:\/\/i0.wp.com\/www.ellensailing.se\/wp-content\/uploads\/2016\/07\/IMG_5301.jpg?fit=1200%2C900&ssl=1&resize=350%2C200","width":350,"height":200,"srcset":"https:\/\/i0.wp.com\/www.ellensailing.se\/wp-content\/uploads\/2016\/07\/IMG_5301.jpg?fit=1200%2C900&ssl=1&resize=350%2C200 1x, https:\/\/i0.wp.com\/www.ellensailing.se\/wp-content\/uploads\/2016\/07\/IMG_5301.jpg?fit=1200%2C900&ssl=1&resize=525%2C300 1.5x, https:\/\/i0.wp.com\/www.ellensailing.se\/wp-content\/uploads\/2016\/07\/IMG_5301.jpg?fit=1200%2C900&ssl=1&resize=700%2C400 2x, https:\/\/i0.wp.com\/www.ellensailing.se\/wp-content\/uploads\/2016\/07\/IMG_5301.jpg?fit=1200%2C900&ssl=1&resize=1050%2C600 3x"},"classes":[]},{"id":925,"url":"https:\/\/www.ellensailing.se\/?p=925","url_meta":{"origin":2382,"position":3},"title":"Mycket garv i Sandvig p\u00e5 Bornholm.","author":"peter@ellensailing.se","date":"23 juni, 2016","format":false,"excerpt":"Efter en fantastisk segling fr\u00e5n Kalmar hissar vi upp Danmarks g\u00e4stflagg. Vi kastade loss fr\u00e5n Kalmar vid 20 tiden efter vi \u00e4tit en god middag. Vi hann h\u00e4lsa p\u00e5 v\u00e5ra v\u00e4nner Rainer och\u00a0 Maritha fr\u00e5n avseglargruppen innan vi stack. Som vanligt b\u00f6rjade seglingen med kryss men den efterl\u00e4ngtade v\u00e4stan kom\u2026","rel":"","context":"I \u201dSommar 2016\u201d","block_context":{"text":"Sommar 2016","link":"https:\/\/www.ellensailing.se\/?cat=20"},"img":{"alt_text":"","src":"https:\/\/i0.wp.com\/www.ellensailing.se\/wp-content\/uploads\/2016\/06\/DSC_0221.jpg?fit=1200%2C797&ssl=1&resize=350%2C200","width":350,"height":200,"srcset":"https:\/\/i0.wp.com\/www.ellensailing.se\/wp-content\/uploads\/2016\/06\/DSC_0221.jpg?fit=1200%2C797&ssl=1&resize=350%2C200 1x, https:\/\/i0.wp.com\/www.ellensailing.se\/wp-content\/uploads\/2016\/06\/DSC_0221.jpg?fit=1200%2C797&ssl=1&resize=525%2C300 1.5x, https:\/\/i0.wp.com\/www.ellensailing.se\/wp-content\/uploads\/2016\/06\/DSC_0221.jpg?fit=1200%2C797&ssl=1&resize=700%2C400 2x, https:\/\/i0.wp.com\/www.ellensailing.se\/wp-content\/uploads\/2016\/06\/DSC_0221.jpg?fit=1200%2C797&ssl=1&resize=1050%2C600 3x"},"classes":[]},{"id":3178,"url":"https:\/\/www.ellensailing.se\/?p=3178","url_meta":{"origin":2382,"position":4},"title":"F\u00f6rsta g\u00e5ngen p\u00e5 Sand\u00f6n.","author":"peter@ellensailing.se","date":"4 september, 2021","format":false,"excerpt":"Ig\u00e5r seglade vi ut till Sand\u00f6n som \u00e4r Svinninge Marina Klubbs klubbholme. Vad fint det \u00e4r d\u00e4r och s\u00e5 v\u00e4lordnat. De har alltid en hamnv\u00e4rd d\u00e4r som hj\u00e4lper till n\u00e4r man kommer och talar om vart man skall ligga. Finns b\u00e5de bojar och man kan ocks\u00e5 ligga l\u00e4ngsmed bryggan. Fick\u2026","rel":"","context":"I \u201dSegling 2021\u201d","block_context":{"text":"Segling 2021","link":"https:\/\/www.ellensailing.se\/?cat=28"},"img":{"alt_text":"","src":"https:\/\/i0.wp.com\/www.ellensailing.se\/wp-content\/uploads\/2021\/09\/Cocapabana-1.jpg?fit=1200%2C900&ssl=1&resize=350%2C200","width":350,"height":200,"srcset":"https:\/\/i0.wp.com\/www.ellensailing.se\/wp-content\/uploads\/2021\/09\/Cocapabana-1.jpg?fit=1200%2C900&ssl=1&resize=350%2C200 1x, https:\/\/i0.wp.com\/www.ellensailing.se\/wp-content\/uploads\/2021\/09\/Cocapabana-1.jpg?fit=1200%2C900&ssl=1&resize=525%2C300 1.5x, https:\/\/i0.wp.com\/www.ellensailing.se\/wp-content\/uploads\/2021\/09\/Cocapabana-1.jpg?fit=1200%2C900&ssl=1&resize=700%2C400 2x, https:\/\/i0.wp.com\/www.ellensailing.se\/wp-content\/uploads\/2021\/09\/Cocapabana-1.jpg?fit=1200%2C900&ssl=1&resize=1050%2C600 3x"},"classes":[]},{"id":2062,"url":"https:\/\/www.ellensailing.se\/?p=2062","url_meta":{"origin":2382,"position":5},"title":"Union Island och Chatham Bay","author":"peter@ellensailing.se","date":"5 april, 2018","format":false,"excerpt":"Efter Tobago Keys s\u00e5 seglade vi till Chatham Bay som ligger p\u00e5 Union Island. Vi fick tips fr\u00e5n Ellen Heavy om att det var mycket bra d\u00e4r. N\u00e4r vi kom dit s\u00e5 l\u00e5g Infinity B och Dream Cacher d\u00e4r. Det \u00e4r roligt n\u00e4r man kommer in och n\u00e5gon ropar welcome\u2026","rel":"","context":"I \u201dV\u00e4stindien 2017-2018\u201d","block_context":{"text":"V\u00e4stindien 2017-2018","link":"https:\/\/www.ellensailing.se\/?cat=24"},"img":{"alt_text":"","src":"https:\/\/i0.wp.com\/www.ellensailing.se\/wp-content\/uploads\/2018\/04\/234FE322-38BC-4D5A-9995-2D2E00BC40D2.jpeg?fit=1200%2C900&ssl=1&resize=350%2C200","width":350,"height":200,"srcset":"https:\/\/i0.wp.com\/www.ellensailing.se\/wp-content\/uploads\/2018\/04\/234FE322-38BC-4D5A-9995-2D2E00BC40D2.jpeg?fit=1200%2C900&ssl=1&resize=350%2C200 1x, https:\/\/i0.wp.com\/www.ellensailing.se\/wp-content\/uploads\/2018\/04\/234FE322-38BC-4D5A-9995-2D2E00BC40D2.jpeg?fit=1200%2C900&ssl=1&resize=525%2C300 1.5x, https:\/\/i0.wp.com\/www.ellensailing.se\/wp-content\/uploads\/2018\/04\/234FE322-38BC-4D5A-9995-2D2E00BC40D2.jpeg?fit=1200%2C900&ssl=1&resize=700%2C400 2x, https:\/\/i0.wp.com\/www.ellensailing.se\/wp-content\/uploads\/2018\/04\/234FE322-38BC-4D5A-9995-2D2E00BC40D2.jpeg?fit=1200%2C900&ssl=1&resize=1050%2C600 3x"},"classes":[]}],"jetpack_likes_enabled":false,"_links":{"self":[{"href":"https:\/\/www.ellensailing.se\/index.php?rest_route=\/wp\/v2\/posts\/2382","targetHints":{"allow":["GET"]}}],"collection":[{"href":"https:\/\/www.ellensailing.se\/index.php?rest_route=\/wp\/v2\/posts"}],"about":[{"href":"https:\/\/www.ellensailing.se\/index.php?rest_route=\/wp\/v2\/types\/post"}],"author":[{"embeddable":true,"href":"https:\/\/www.ellensailing.se\/index.php?rest_route=\/wp\/v2\/users\/1"}],"replies":[{"embeddable":true,"href":"https:\/\/www.ellensailing.se\/index.php?rest_route=%2Fwp%2Fv2%2Fcomments&post=2382"}],"version-history":[{"count":2,"href":"https:\/\/www.ellensailing.se\/index.php?rest_route=\/wp\/v2\/posts\/2382\/revisions"}],"predecessor-version":[{"id":2385,"href":"https:\/\/www.ellensailing.se\/index.php?rest_route=\/wp\/v2\/posts\/2382\/revisions\/2385"}],"wp:featuredmedia":[{"embeddable":true,"href":"https:\/\/www.ellensailing.se\/index.php?rest_route=\/wp\/v2\/media\/2383"}],"wp:attachment":[{"href":"https:\/\/www.ellensailing.se\/index.php?rest_route=%2Fwp%2Fv2%2Fmedia&parent=2382"}],"wp:term":[{"taxonomy":"category","embeddable":true,"href":"https:\/\/www.ellensailing.se\/index.php?rest_route=%2Fwp%2Fv2%2Fcategories&post=2382"},{"taxonomy":"post_tag","embeddable":true,"href":"https:\/\/www.ellensailing.se\/index.php?rest_route=%2Fwp%2Fv2%2Ftags&post=2382"}],"curies":[{"name":"wp","href":"https:\/\/api.w.org\/{rel}","templated":true}]}}