{"id":2239,"date":"2018-05-01T03:20:12","date_gmt":"2018-05-01T01:20:12","guid":{"rendered":"https:\/\/www.ellensailing.se\/?p=2239"},"modified":"2018-05-01T03:34:11","modified_gmt":"2018-05-01T01:34:11","slug":"en-sorglig-historia","status":"publish","type":"post","link":"https:\/\/www.ellensailing.se\/?p=2239","title":{"rendered":"En sorglig historia!"},"content":{"rendered":"<p>En sorglig historia \u00e4r att Ellen \u00e4r nu p\u00e5 land! K\u00e4nns konstigt att vi ska f\u00e5 sova i en vanlig s\u00e4ng efter precis 8 m\u00e5nader. Vi har hyrt ett litet rum p\u00e5 marinan som har dusch, s\u00e4ng, micro och vattenkokare. Vad mer beh\u00f6ver man.<\/p>\n<p>Tiden i Prickley Bay har varit otroligt rolig med s\u00e5 mycket nya Svenska personer som vi tr\u00e4ffat och de kanske blir v\u00e4nner, vem vet. Kul \u00e4r det iaf.<\/p>\n<p>Vi var i fredags p\u00e5 en BBQ som Coastguard anordnade. Grillat av allt, soppor och tre \u00f6l f\u00f6r 10 EC. Billigast hittils. Mycket folk och \u00e4ven m\u00e5nga Grenadabor. J\u00e4ttekul men de spelade skjut h\u00f6g musik. T\u00e4nk om Svenska Kustbevakningen hade gjort n\u00e5got liknande, d\u00e5 hade de st\u00e5tt utanf\u00f6r med bl\u00e5sning. Efter det gick vi till West Indies Brewery och drack \u00f6l. Gott och m\u00e5nga garv.<\/p>\n<figure id=\"attachment_2240\" aria-describedby=\"caption-attachment-2240\" style=\"width: 640px\" class=\"wp-caption aligncenter\"><a href=\"https:\/\/i0.wp.com\/www.ellensailing.se\/wp-content\/uploads\/2018\/05\/F365354E-44EE-405C-8F88-D1A284BB7E6F.jpeg?ssl=1\"><img data-recalc-dims=\"1\" fetchpriority=\"high\" decoding=\"async\" class=\"wp-image-2240 size-large\" src=\"https:\/\/i0.wp.com\/www.ellensailing.se\/wp-content\/uploads\/2018\/05\/F365354E-44EE-405C-8F88-D1A284BB7E6F.jpeg?resize=640%2C480&#038;ssl=1\" alt=\"\" width=\"640\" height=\"480\" srcset=\"https:\/\/i0.wp.com\/www.ellensailing.se\/wp-content\/uploads\/2018\/05\/F365354E-44EE-405C-8F88-D1A284BB7E6F.jpeg?resize=1024%2C768&amp;ssl=1 1024w, https:\/\/i0.wp.com\/www.ellensailing.se\/wp-content\/uploads\/2018\/05\/F365354E-44EE-405C-8F88-D1A284BB7E6F.jpeg?resize=300%2C225&amp;ssl=1 300w, https:\/\/i0.wp.com\/www.ellensailing.se\/wp-content\/uploads\/2018\/05\/F365354E-44EE-405C-8F88-D1A284BB7E6F.jpeg?resize=768%2C576&amp;ssl=1 768w, https:\/\/i0.wp.com\/www.ellensailing.se\/wp-content\/uploads\/2018\/05\/F365354E-44EE-405C-8F88-D1A284BB7E6F.jpeg?resize=320%2C240&amp;ssl=1 320w, https:\/\/i0.wp.com\/www.ellensailing.se\/wp-content\/uploads\/2018\/05\/F365354E-44EE-405C-8F88-D1A284BB7E6F.jpeg?w=1680&amp;ssl=1 1680w, https:\/\/i0.wp.com\/www.ellensailing.se\/wp-content\/uploads\/2018\/05\/F365354E-44EE-405C-8F88-D1A284BB7E6F.jpeg?w=2520&amp;ssl=1 2520w\" sizes=\"(max-width: 640px) 100vw, 640px\" \/><\/a><figcaption id=\"caption-attachment-2240\" class=\"wp-caption-text\">M\u00e5rten och Jackline<\/figcaption><\/figure>\n<figure id=\"attachment_2241\" aria-describedby=\"caption-attachment-2241\" style=\"width: 640px\" class=\"wp-caption aligncenter\"><a href=\"https:\/\/i0.wp.com\/www.ellensailing.se\/wp-content\/uploads\/2018\/05\/49791148-80B1-470B-B17D-3AAE25888FCE.jpeg?ssl=1\"><img data-recalc-dims=\"1\" decoding=\"async\" class=\"wp-image-2241 size-large\" src=\"https:\/\/i0.wp.com\/www.ellensailing.se\/wp-content\/uploads\/2018\/05\/49791148-80B1-470B-B17D-3AAE25888FCE.jpeg?resize=640%2C480&#038;ssl=1\" alt=\"\" width=\"640\" height=\"480\" srcset=\"https:\/\/i0.wp.com\/www.ellensailing.se\/wp-content\/uploads\/2018\/05\/49791148-80B1-470B-B17D-3AAE25888FCE.jpeg?resize=1024%2C768&amp;ssl=1 1024w, https:\/\/i0.wp.com\/www.ellensailing.se\/wp-content\/uploads\/2018\/05\/49791148-80B1-470B-B17D-3AAE25888FCE.jpeg?resize=300%2C225&amp;ssl=1 300w, https:\/\/i0.wp.com\/www.ellensailing.se\/wp-content\/uploads\/2018\/05\/49791148-80B1-470B-B17D-3AAE25888FCE.jpeg?resize=768%2C576&amp;ssl=1 768w, https:\/\/i0.wp.com\/www.ellensailing.se\/wp-content\/uploads\/2018\/05\/49791148-80B1-470B-B17D-3AAE25888FCE.jpeg?resize=320%2C240&amp;ssl=1 320w, https:\/\/i0.wp.com\/www.ellensailing.se\/wp-content\/uploads\/2018\/05\/49791148-80B1-470B-B17D-3AAE25888FCE.jpeg?w=1680&amp;ssl=1 1680w, https:\/\/i0.wp.com\/www.ellensailing.se\/wp-content\/uploads\/2018\/05\/49791148-80B1-470B-B17D-3AAE25888FCE.jpeg?w=2520&amp;ssl=1 2520w\" sizes=\"(max-width: 640px) 100vw, 640px\" \/><\/a><figcaption id=\"caption-attachment-2241\" class=\"wp-caption-text\">M\u00e5rten och Tomas, notera hur m\u00e5nga \u00f6l Tomas har och M\u00e5rten. Tre f\u00f6r 10<\/figcaption><\/figure>\n<figure id=\"attachment_2242\" aria-describedby=\"caption-attachment-2242\" style=\"width: 640px\" class=\"wp-caption aligncenter\"><a href=\"https:\/\/i0.wp.com\/www.ellensailing.se\/wp-content\/uploads\/2018\/05\/90B3DCF9-6445-4799-ADA6-E34F63365C1E.jpeg?ssl=1\"><img data-recalc-dims=\"1\" decoding=\"async\" class=\"wp-image-2242 size-large\" src=\"https:\/\/i0.wp.com\/www.ellensailing.se\/wp-content\/uploads\/2018\/05\/90B3DCF9-6445-4799-ADA6-E34F63365C1E-1024x768.jpeg?resize=640%2C480&#038;ssl=1\" alt=\"\" width=\"640\" height=\"480\" srcset=\"https:\/\/i0.wp.com\/www.ellensailing.se\/wp-content\/uploads\/2018\/05\/90B3DCF9-6445-4799-ADA6-E34F63365C1E.jpeg?resize=1024%2C768&amp;ssl=1 1024w, https:\/\/i0.wp.com\/www.ellensailing.se\/wp-content\/uploads\/2018\/05\/90B3DCF9-6445-4799-ADA6-E34F63365C1E.jpeg?resize=300%2C225&amp;ssl=1 300w, https:\/\/i0.wp.com\/www.ellensailing.se\/wp-content\/uploads\/2018\/05\/90B3DCF9-6445-4799-ADA6-E34F63365C1E.jpeg?resize=768%2C576&amp;ssl=1 768w, https:\/\/i0.wp.com\/www.ellensailing.se\/wp-content\/uploads\/2018\/05\/90B3DCF9-6445-4799-ADA6-E34F63365C1E.jpeg?resize=320%2C240&amp;ssl=1 320w, https:\/\/i0.wp.com\/www.ellensailing.se\/wp-content\/uploads\/2018\/05\/90B3DCF9-6445-4799-ADA6-E34F63365C1E.jpeg?w=1680&amp;ssl=1 1680w, https:\/\/i0.wp.com\/www.ellensailing.se\/wp-content\/uploads\/2018\/05\/90B3DCF9-6445-4799-ADA6-E34F63365C1E.jpeg?w=2520&amp;ssl=1 2520w\" sizes=\"(max-width: 640px) 100vw, 640px\" \/><\/a><figcaption id=\"caption-attachment-2242\" class=\"wp-caption-text\">P\u00e5 v\u00e4g till West Indien Brewery. Micke har lite sv\u00e5rt att vara koncentrerat!<\/figcaption><\/figure>\n<p>I l\u00f6rdags \u00e5kte jag och Jackie in till St:Georges och gick p\u00e5 marknad. K\u00f6pte massor av tonfisk som vi grillade med ett g\u00e4ng som var med dagen innan. 4,5 kg nyf\u00e5ngat j\u00e4ttetonfisk f\u00f6r 75 EC, allts\u00e5 ca 245 kronor. Kilopriset hemma \u00e4r v\u00e4l runt 399:- kg.<\/p>\n<p>P\u00e5 s\u00f6ndagen tog vi en taxi till Whisper Cove och tr\u00e4ffade Infinity B och Serenity. Vi \u00e5t en j\u00e4ttegod brunch med dem. Vi \u00e5kte taxi med troligtvis v\u00e4rdens mest skruttigaste Toyota buss. Efter brunchen \u00e5kte vi med dingen och k\u00f6pte tv\u00e5 dykartuber fr\u00e5n Scubatech som s\u00e5lde ut j\u00e4ttefina tuber f\u00f6r inget. Nytryckta i somras och j\u00e4ttefr\u00e4scha.<\/p>\n<p>Mycket jobb med att st\u00e4da och torka ut med vin\u00e4ger \u00f6verallt. Vi har haft en del l\u00e4ckor och p\u00e5 vissa st\u00e4llen \u00e4r det som d\u00f6dahavet med saltlager \u00f6verallt. Nu \u00e4r det n\u00e4stan klart och vi har tv\u00e4ttat botten och d\u00e4ck idag samt dingen. Men det \u00e4r mycket jobb kvar. Imorgon \u00e4r det helgdag \u00e4ven h\u00e4r s\u00e5 allt \u00e4r st\u00e4ngt, men det hindrar inte oss.<\/p>\n<p>Flaggorna fr\u00e5n de klubbar som vi \u00e4r med i har gjort sitt. V\u00e4rst \u00e4r OCC \u00a0och sedan OSK, \u00e4ven SXK har f\u00e5tt en del stryk men den \u00e4r \u00e4ldst. Men det klart det har bl\u00e5st en del.<\/p>\n<p><a href=\"https:\/\/i0.wp.com\/www.ellensailing.se\/wp-content\/uploads\/2018\/05\/02B930B7-8CE7-4149-831A-3E72BF7D51DD.jpeg?ssl=1\"><img data-recalc-dims=\"1\" loading=\"lazy\" decoding=\"async\" class=\"aligncenter size-large wp-image-2244\" src=\"https:\/\/i0.wp.com\/www.ellensailing.se\/wp-content\/uploads\/2018\/05\/02B930B7-8CE7-4149-831A-3E72BF7D51DD.jpeg?resize=640%2C480&#038;ssl=1\" alt=\"\" width=\"640\" height=\"480\" srcset=\"https:\/\/i0.wp.com\/www.ellensailing.se\/wp-content\/uploads\/2018\/05\/02B930B7-8CE7-4149-831A-3E72BF7D51DD.jpeg?resize=1024%2C768&amp;ssl=1 1024w, https:\/\/i0.wp.com\/www.ellensailing.se\/wp-content\/uploads\/2018\/05\/02B930B7-8CE7-4149-831A-3E72BF7D51DD.jpeg?resize=300%2C225&amp;ssl=1 300w, https:\/\/i0.wp.com\/www.ellensailing.se\/wp-content\/uploads\/2018\/05\/02B930B7-8CE7-4149-831A-3E72BF7D51DD.jpeg?resize=768%2C576&amp;ssl=1 768w, https:\/\/i0.wp.com\/www.ellensailing.se\/wp-content\/uploads\/2018\/05\/02B930B7-8CE7-4149-831A-3E72BF7D51DD.jpeg?resize=320%2C240&amp;ssl=1 320w, https:\/\/i0.wp.com\/www.ellensailing.se\/wp-content\/uploads\/2018\/05\/02B930B7-8CE7-4149-831A-3E72BF7D51DD.jpeg?w=1680&amp;ssl=1 1680w, https:\/\/i0.wp.com\/www.ellensailing.se\/wp-content\/uploads\/2018\/05\/02B930B7-8CE7-4149-831A-3E72BF7D51DD.jpeg?w=2520&amp;ssl=1 2520w\" sizes=\"(max-width: 640px) 100vw, 640px\" \/><\/a><\/p>\n","protected":false},"excerpt":{"rendered":"<p>En sorglig historia \u00e4r att Ellen \u00e4r nu p\u00e5 land! K\u00e4nns konstigt att vi ska f\u00e5 sova i en vanlig[&#8230;]<\/p>\n","protected":false},"author":1,"featured_media":2244,"comment_status":"open","ping_status":"open","sticky":false,"template":"","format":"standard","meta":{"_jetpack_newsletter_access":"","_jetpack_dont_email_post_to_subs":false,"_jetpack_newsletter_tier_id":0,"_jetpack_memberships_contains_paywalled_content":false,"_jetpack_feature_clip_id":0,"_jetpack_memberships_contains_paid_content":false,"footnotes":"","jetpack_publicize_message":"","jetpack_publicize_feature_enabled":true,"jetpack_social_post_already_shared":true,"jetpack_social_options":{"image_generator_settings":{"template":"highway","default_image_id":0,"font":"","enabled":false},"version":2},"jetpack_post_was_ever_published":false},"categories":[24],"tags":[],"class_list":["post-2239","post","type-post","status-publish","format-standard","has-post-thumbnail","hentry","category-vastindien-2017-2018"],"jetpack_publicize_connections":[],"jetpack_featured_media_url":"https:\/\/i0.wp.com\/www.ellensailing.se\/wp-content\/uploads\/2018\/05\/02B930B7-8CE7-4149-831A-3E72BF7D51DD.jpeg?fit=4032%2C3024&ssl=1","jetpack_sharing_enabled":true,"jetpack_shortlink":"https:\/\/wp.me\/p5G68R-A7","jetpack-related-posts":[{"id":2815,"url":"https:\/\/www.ellensailing.se\/?p=2815","url_meta":{"origin":2239,"position":0},"title":"I f\u00e4dernas sp\u00e5r!","author":"peter@ellensailing.se","date":"13 juli, 2020","format":false,"excerpt":"Idag har vi varit lite kulturella. Vi \u00e5kte motorb\u00e5t till Birka p\u00e5 \u00f6n Bj\u00f6rk\u00f6 med Stefan och Vivvi. Det brukar ta sina kompisar dit f\u00f6r att g\u00e5 p\u00e5 museum och se de gamla Vikingabyn. Det var s\u00e5 trevligt att f\u00e5 se det och det \u00e4r n\u00e5got som jag verkligen har\u2026","rel":"","context":"I \u201dSegling 2020\u201d","block_context":{"text":"Segling 2020","link":"https:\/\/www.ellensailing.se\/?cat=27"},"img":{"alt_text":"","src":"https:\/\/i0.wp.com\/www.ellensailing.se\/wp-content\/uploads\/2020\/07\/IMG_0160.jpg?fit=1200%2C900&ssl=1&resize=350%2C200","width":350,"height":200,"srcset":"https:\/\/i0.wp.com\/www.ellensailing.se\/wp-content\/uploads\/2020\/07\/IMG_0160.jpg?fit=1200%2C900&ssl=1&resize=350%2C200 1x, https:\/\/i0.wp.com\/www.ellensailing.se\/wp-content\/uploads\/2020\/07\/IMG_0160.jpg?fit=1200%2C900&ssl=1&resize=525%2C300 1.5x, https:\/\/i0.wp.com\/www.ellensailing.se\/wp-content\/uploads\/2020\/07\/IMG_0160.jpg?fit=1200%2C900&ssl=1&resize=700%2C400 2x, https:\/\/i0.wp.com\/www.ellensailing.se\/wp-content\/uploads\/2020\/07\/IMG_0160.jpg?fit=1200%2C900&ssl=1&resize=1050%2C600 3x"},"classes":[]},{"id":447,"url":"https:\/\/www.ellensailing.se\/?p=447","url_meta":{"origin":2239,"position":1},"title":"Nattsegling till Tyskland, Vitte Insel Hiddensee","author":"peter@ellensailing.se","date":"2 juli, 2015","format":false,"excerpt":"Det har varit en fantastisk dag p\u00e5 HammerHavn idag. Klarbl\u00e5 himmel med massor med sol och lite ljuv bris. Vi har promenerat till lilla byn och \u00e4tit lite sm\u00f6rrebr\u00f6d och inhemsk \u00f6l. De \u00e4r duktiga p\u00e5 det danskarna, men man f\u00f6rst\u00e5r inte vad de s\u00e4ger. \u00a0 \u00a0 \u00a0 Prognos s\u00e4ger\u2026","rel":"","context":"I \u201dSommar 2015\u201d","block_context":{"text":"Sommar 2015","link":"https:\/\/www.ellensailing.se\/?cat=4"},"img":{"alt_text":"","src":"https:\/\/i0.wp.com\/www.ellensailing.se\/wp-content\/uploads\/2015\/07\/rutt.png?fit=768%2C1024&ssl=1&resize=350%2C200","width":350,"height":200,"srcset":"https:\/\/i0.wp.com\/www.ellensailing.se\/wp-content\/uploads\/2015\/07\/rutt.png?fit=768%2C1024&ssl=1&resize=350%2C200 1x, https:\/\/i0.wp.com\/www.ellensailing.se\/wp-content\/uploads\/2015\/07\/rutt.png?fit=768%2C1024&ssl=1&resize=525%2C300 1.5x, https:\/\/i0.wp.com\/www.ellensailing.se\/wp-content\/uploads\/2015\/07\/rutt.png?fit=768%2C1024&ssl=1&resize=700%2C400 2x"},"classes":[]},{"id":543,"url":"https:\/\/www.ellensailing.se\/?p=543","url_meta":{"origin":2239,"position":2},"title":"En sk\u00f6n dag i Leba!","author":"peter@ellensailing.se","date":"16 juli, 2015","format":false,"excerpt":"Vi best\u00e4mde oss ig\u00e5r f\u00f6r att ligga kvar i Leba idag. Det g\u00f6r \u00e4ven Think Twice och Glittra. Christina blev magsjuk ig\u00e5r s\u00e5 hon tappade alla krafter. Vi kommer imorgon f\u00f6rhoppningsvis f\u00e5 bra v\u00e4der f\u00f6r \u00f6versegling fr\u00e5n Leba i Polen till Kalmar i Sverige. Det har bl\u00e5st ganska ordentligt de\u2026","rel":"","context":"I \u201dSommar 2015\u201d","block_context":{"text":"Sommar 2015","link":"https:\/\/www.ellensailing.se\/?cat=4"},"img":{"alt_text":"","src":"https:\/\/i0.wp.com\/www.ellensailing.se\/wp-content\/uploads\/2015\/07\/IMG_4385.jpg?fit=480%2C640&ssl=1&resize=350%2C200","width":350,"height":200},"classes":[]},{"id":997,"url":"https:\/\/www.ellensailing.se\/?p=997","url_meta":{"origin":2239,"position":3},"title":"Amsterdam i tv\u00e5 skepnader","author":"peter@ellensailing.se","date":"2 juli, 2016","format":false,"excerpt":"Vi kom till Amsterdam ig\u00e5r fredag. Som vanligt har det bl\u00e5st och regnat som tusan. Vi gick in mot Amsterdam p\u00e5 eftermiddagen. Hittade en pr\u00e5m som s\u00e5lde disel som var n\u00e4stan helt slut. Vi fick GTL disel som inte hade n\u00e5gon inblandning av RME i sig. Vi kom till Sixhaven\u2026","rel":"","context":"I \u201dSommar 2016\u201d","block_context":{"text":"Sommar 2016","link":"https:\/\/www.ellensailing.se\/?cat=20"},"img":{"alt_text":"","src":"https:\/\/i0.wp.com\/www.ellensailing.se\/wp-content\/uploads\/2016\/07\/IMG_5258.jpg?fit=1200%2C900&ssl=1&resize=350%2C200","width":350,"height":200,"srcset":"https:\/\/i0.wp.com\/www.ellensailing.se\/wp-content\/uploads\/2016\/07\/IMG_5258.jpg?fit=1200%2C900&ssl=1&resize=350%2C200 1x, https:\/\/i0.wp.com\/www.ellensailing.se\/wp-content\/uploads\/2016\/07\/IMG_5258.jpg?fit=1200%2C900&ssl=1&resize=525%2C300 1.5x, https:\/\/i0.wp.com\/www.ellensailing.se\/wp-content\/uploads\/2016\/07\/IMG_5258.jpg?fit=1200%2C900&ssl=1&resize=700%2C400 2x, https:\/\/i0.wp.com\/www.ellensailing.se\/wp-content\/uploads\/2016\/07\/IMG_5258.jpg?fit=1200%2C900&ssl=1&resize=1050%2C600 3x"},"classes":[]},{"id":3386,"url":"https:\/\/www.ellensailing.se\/?p=3386","url_meta":{"origin":2239,"position":4},"title":"Seaplane Harbour Museum.","author":"peter@ellensailing.se","date":"14 juli, 2023","format":false,"excerpt":"Idag b\u00f6rjar Seaplane Harbour festivalen som h\u00e5ller p\u00e5 hela helgen. Det har byggs upp scener och \u00f6l och vinf\u00e4lt \u00f6verallt och det kommer var mycket aktiviteter med upptr\u00e4danden samt kappseglingar. Men vi inledde dagen med Museum bes\u00f6k. Kapten Peter framf\u00f6r ub\u00e5ten Lembit! Hangaren \u00e4r renoverad sedan 2009 och museet \u00e4r\u2026","rel":"","context":"I \u201dSegling 2023\u201d","block_context":{"text":"Segling 2023","link":"https:\/\/www.ellensailing.se\/?cat=31"},"img":{"alt_text":"","src":"https:\/\/i0.wp.com\/www.ellensailing.se\/wp-content\/uploads\/2023\/07\/tervitusi-lennusadamast-1.jpg?fit=1200%2C750&ssl=1&resize=350%2C200","width":350,"height":200,"srcset":"https:\/\/i0.wp.com\/www.ellensailing.se\/wp-content\/uploads\/2023\/07\/tervitusi-lennusadamast-1.jpg?fit=1200%2C750&ssl=1&resize=350%2C200 1x, https:\/\/i0.wp.com\/www.ellensailing.se\/wp-content\/uploads\/2023\/07\/tervitusi-lennusadamast-1.jpg?fit=1200%2C750&ssl=1&resize=525%2C300 1.5x, https:\/\/i0.wp.com\/www.ellensailing.se\/wp-content\/uploads\/2023\/07\/tervitusi-lennusadamast-1.jpg?fit=1200%2C750&ssl=1&resize=700%2C400 2x, https:\/\/i0.wp.com\/www.ellensailing.se\/wp-content\/uploads\/2023\/07\/tervitusi-lennusadamast-1.jpg?fit=1200%2C750&ssl=1&resize=1050%2C600 3x"},"classes":[]},{"id":971,"url":"https:\/\/www.ellensailing.se\/?p=971","url_meta":{"origin":2239,"position":5},"title":"Resten av Kielkanalen och att g\u00e5 i motstr\u00f6m!","author":"peter@ellensailing.se","date":"27 juni, 2016","format":false,"excerpt":"Vi gick upp p\u00e5 morgonen vid 08.00, dagen efter midsommar. Det har v\u00e4l aldrig h\u00e4nt. Vi kom in till Rehnsberg strax efter 11. Det blev en tur upp p\u00e5 staden f\u00f6r att f\u00e5 r\u00f6ra p\u00e5 benen lite. Det var en ganska mysig liten stad som man troligtvis aldrig hade kommit\u2026","rel":"","context":"I \u201dSommar 2016\u201d","block_context":{"text":"Sommar 2016","link":"https:\/\/www.ellensailing.se\/?cat=20"},"img":{"alt_text":"","src":"https:\/\/i0.wp.com\/www.ellensailing.se\/wp-content\/uploads\/2016\/06\/DSC_0321.jpg?fit=1200%2C797&ssl=1&resize=350%2C200","width":350,"height":200,"srcset":"https:\/\/i0.wp.com\/www.ellensailing.se\/wp-content\/uploads\/2016\/06\/DSC_0321.jpg?fit=1200%2C797&ssl=1&resize=350%2C200 1x, https:\/\/i0.wp.com\/www.ellensailing.se\/wp-content\/uploads\/2016\/06\/DSC_0321.jpg?fit=1200%2C797&ssl=1&resize=525%2C300 1.5x, https:\/\/i0.wp.com\/www.ellensailing.se\/wp-content\/uploads\/2016\/06\/DSC_0321.jpg?fit=1200%2C797&ssl=1&resize=700%2C400 2x, https:\/\/i0.wp.com\/www.ellensailing.se\/wp-content\/uploads\/2016\/06\/DSC_0321.jpg?fit=1200%2C797&ssl=1&resize=1050%2C600 3x"},"classes":[]}],"jetpack_likes_enabled":false,"_links":{"self":[{"href":"https:\/\/www.ellensailing.se\/index.php?rest_route=\/wp\/v2\/posts\/2239","targetHints":{"allow":["GET"]}}],"collection":[{"href":"https:\/\/www.ellensailing.se\/index.php?rest_route=\/wp\/v2\/posts"}],"about":[{"href":"https:\/\/www.ellensailing.se\/index.php?rest_route=\/wp\/v2\/types\/post"}],"author":[{"embeddable":true,"href":"https:\/\/www.ellensailing.se\/index.php?rest_route=\/wp\/v2\/users\/1"}],"replies":[{"embeddable":true,"href":"https:\/\/www.ellensailing.se\/index.php?rest_route=%2Fwp%2Fv2%2Fcomments&post=2239"}],"version-history":[{"count":4,"href":"https:\/\/www.ellensailing.se\/index.php?rest_route=\/wp\/v2\/posts\/2239\/revisions"}],"predecessor-version":[{"id":2248,"href":"https:\/\/www.ellensailing.se\/index.php?rest_route=\/wp\/v2\/posts\/2239\/revisions\/2248"}],"wp:featuredmedia":[{"embeddable":true,"href":"https:\/\/www.ellensailing.se\/index.php?rest_route=\/wp\/v2\/media\/2244"}],"wp:attachment":[{"href":"https:\/\/www.ellensailing.se\/index.php?rest_route=%2Fwp%2Fv2%2Fmedia&parent=2239"}],"wp:term":[{"taxonomy":"category","embeddable":true,"href":"https:\/\/www.ellensailing.se\/index.php?rest_route=%2Fwp%2Fv2%2Fcategories&post=2239"},{"taxonomy":"post_tag","embeddable":true,"href":"https:\/\/www.ellensailing.se\/index.php?rest_route=%2Fwp%2Fv2%2Ftags&post=2239"}],"curies":[{"name":"wp","href":"https:\/\/api.w.org\/{rel}","templated":true}]}}