{"id":218,"date":"2015-02-01T16:45:07","date_gmt":"2015-02-01T15:45:07","guid":{"rendered":"https:\/\/www.ellensailing.se\/?p=218"},"modified":"2015-02-01T16:47:14","modified_gmt":"2015-02-01T15:47:14","slug":"2-dm-blotsno-och-stark-vind","status":"publish","type":"post","link":"https:\/\/www.ellensailing.se\/?p=218","title":{"rendered":"2 dm bl\u00f6tsn\u00f6 och stark vind!"},"content":{"rendered":"<p>Gjorde att meckandet idag inte alls var kul. Inspirationen saknades totalt. Att bara tas sig upp i b\u00e5ten gjorde att man var dyngsur. N\u00e4r man dessutom f\u00f6r tredje g\u00e5ngen inte f\u00e5r bort de aktre genomf\u00f6ringen, d\u00e5 l\u00e4gger man av. Ellen f\u00e5r nog st\u00e5 ett tag tills det blir varmare.<\/p>\n","protected":false},"excerpt":{"rendered":"<p>Gjorde att meckandet idag inte alls var kul. Inspirationen saknades totalt. Att bara tas sig upp i b\u00e5ten gjorde att[&#8230;]<\/p>\n","protected":false},"author":1,"featured_media":0,"comment_status":"open","ping_status":"open","sticky":false,"template":"","format":"standard","meta":{"_jetpack_newsletter_access":"","_jetpack_dont_email_post_to_subs":false,"_jetpack_newsletter_tier_id":0,"_jetpack_memberships_contains_paywalled_content":false,"_jetpack_feature_clip_id":0,"_jetpack_memberships_contains_paid_content":false,"footnotes":"","jetpack_publicize_message":"","jetpack_publicize_feature_enabled":true,"jetpack_social_post_already_shared":true,"jetpack_social_options":{"image_generator_settings":{"template":"highway","default_image_id":0,"font":"","enabled":false},"version":2},"jetpack_post_was_ever_published":false},"categories":[3],"tags":[],"class_list":["post-218","post","type-post","status-publish","format-standard","hentry","category-baten-pa-land"],"jetpack_publicize_connections":[],"jetpack_featured_media_url":"","jetpack_sharing_enabled":true,"jetpack_shortlink":"https:\/\/wp.me\/p5G68R-3w","jetpack-related-posts":[{"id":696,"url":"https:\/\/www.ellensailing.se\/?p=696","url_meta":{"origin":218,"position":0},"title":"Rostfritt f\u00e4ste f\u00f6r Watt &#038; Sea","author":"peter@ellensailing.se","date":"23 december, 2015","format":false,"excerpt":"Nu \u00e4r det Jul igen. Har varit och h\u00e4mtat mitt f\u00e4ste f\u00f6r hydrogeneratorn Watt & Sea. Om jag f\u00e5r s\u00e4ga det sj\u00e4lv s\u00e5 blev det j\u00e4kligt snyggt. Kommer pryda akterspegeln v\u00e4ldigt bra. Kul att jag \u00e4ven hittat ett f\u00f6retag som \u00e4r mycket trevliga och hj\u00e4lpsamma som jobbar i rostfritt. De\u2026","rel":"","context":"I \u201dB\u00e5ten p\u00e5 land\u201d","block_context":{"text":"B\u00e5ten p\u00e5 land","link":"https:\/\/www.ellensailing.se\/?cat=3"},"img":{"alt_text":"","src":"https:\/\/i0.wp.com\/www.ellensailing.se\/wp-content\/uploads\/2015\/12\/F%C3%A4ste-e1450869854343.jpg?fit=900%2C1200&ssl=1&resize=350%2C200","width":350,"height":200,"srcset":"https:\/\/i0.wp.com\/www.ellensailing.se\/wp-content\/uploads\/2015\/12\/F%C3%A4ste-e1450869854343.jpg?fit=900%2C1200&ssl=1&resize=350%2C200 1x, https:\/\/i0.wp.com\/www.ellensailing.se\/wp-content\/uploads\/2015\/12\/F%C3%A4ste-e1450869854343.jpg?fit=900%2C1200&ssl=1&resize=525%2C300 1.5x, https:\/\/i0.wp.com\/www.ellensailing.se\/wp-content\/uploads\/2015\/12\/F%C3%A4ste-e1450869854343.jpg?fit=900%2C1200&ssl=1&resize=700%2C400 2x"},"classes":[]},{"id":315,"url":"https:\/\/www.ellensailing.se\/?p=315","url_meta":{"origin":218,"position":1},"title":"Avt\u00e4ckning av b\u00e5t!","author":"peter@ellensailing.se","date":"6 april, 2015","format":false,"excerpt":"N\u00e4r det \u00e4r dags att ta bort pressen fr\u00e5n b\u00e5ten d\u00e5 sl\u00e5r det aldrig fel. I g\u00e5r morse b\u00f6rjade det sn\u00f6a och regna som bara den. 2 grader varmt och 9 sekundmeter. Det \u00e4r som n\u00e5gon d\u00e4ruppe s\u00e4ger till en att man \u00e4r f\u00f6r tidig, tror aldrig att det sl\u00e5r\u2026","rel":"","context":"I \u201dB\u00e5ten p\u00e5 land\u201d","block_context":{"text":"B\u00e5ten p\u00e5 land","link":"https:\/\/www.ellensailing.se\/?cat=3"},"img":{"alt_text":"","src":"https:\/\/i0.wp.com\/www.ellensailing.se\/wp-content\/uploads\/2015\/04\/IMG_3954.jpg?fit=1200%2C900&ssl=1&resize=350%2C200","width":350,"height":200,"srcset":"https:\/\/i0.wp.com\/www.ellensailing.se\/wp-content\/uploads\/2015\/04\/IMG_3954.jpg?fit=1200%2C900&ssl=1&resize=350%2C200 1x, https:\/\/i0.wp.com\/www.ellensailing.se\/wp-content\/uploads\/2015\/04\/IMG_3954.jpg?fit=1200%2C900&ssl=1&resize=525%2C300 1.5x, https:\/\/i0.wp.com\/www.ellensailing.se\/wp-content\/uploads\/2015\/04\/IMG_3954.jpg?fit=1200%2C900&ssl=1&resize=700%2C400 2x, https:\/\/i0.wp.com\/www.ellensailing.se\/wp-content\/uploads\/2015\/04\/IMG_3954.jpg?fit=1200%2C900&ssl=1&resize=1050%2C600 3x"},"classes":[]},{"id":2561,"url":"https:\/\/www.ellensailing.se\/?p=2561","url_meta":{"origin":218,"position":2},"title":"P\u00e5 v\u00e4g s\u00f6der\u00f6ver igen","author":"peter@ellensailing.se","date":"23 april, 2019","format":false,"excerpt":"Efter Alcudia s\u00e5 seglade vi norr om Anguilla och ner till St: Barths d\u00e4r en regatta h\u00f6ll p\u00e5. Mycket b\u00e5tar och h\u00e4rlig st\u00e4mning f\u00f6r att inte tala om alla stora b\u00e5tar. Vi var i St: Barth i tre dagar och d\u00e4refter seglade vi ner till St: Nevis. Fick ocks\u00e5 n\u00f6jet\u2026","rel":"","context":"I \u201dV\u00e4stindien 2019\u201d","block_context":{"text":"V\u00e4stindien 2019","link":"https:\/\/www.ellensailing.se\/?cat=25"},"img":{"alt_text":"","src":"https:\/\/i0.wp.com\/www.ellensailing.se\/wp-content\/uploads\/2019\/04\/EDD0FFCE-FC69-42E4-AD6F-A9873EF82DEE.jpeg?fit=1200%2C900&ssl=1&resize=350%2C200","width":350,"height":200,"srcset":"https:\/\/i0.wp.com\/www.ellensailing.se\/wp-content\/uploads\/2019\/04\/EDD0FFCE-FC69-42E4-AD6F-A9873EF82DEE.jpeg?fit=1200%2C900&ssl=1&resize=350%2C200 1x, https:\/\/i0.wp.com\/www.ellensailing.se\/wp-content\/uploads\/2019\/04\/EDD0FFCE-FC69-42E4-AD6F-A9873EF82DEE.jpeg?fit=1200%2C900&ssl=1&resize=525%2C300 1.5x, https:\/\/i0.wp.com\/www.ellensailing.se\/wp-content\/uploads\/2019\/04\/EDD0FFCE-FC69-42E4-AD6F-A9873EF82DEE.jpeg?fit=1200%2C900&ssl=1&resize=700%2C400 2x, https:\/\/i0.wp.com\/www.ellensailing.se\/wp-content\/uploads\/2019\/04\/EDD0FFCE-FC69-42E4-AD6F-A9873EF82DEE.jpeg?fit=1200%2C900&ssl=1&resize=1050%2C600 3x"},"classes":[]},{"id":3863,"url":"https:\/\/www.ellensailing.se\/?p=3863","url_meta":{"origin":218,"position":3},"title":"Fr\u00e5n Gotland till \u00d6land \u2013 ett \u00f6-hopp med stil!","author":"peter@ellensailing.se","date":"16 juli, 2025","format":false,"excerpt":"Japp, vi har bytt \u00f6. Fr\u00e5n raukar till fyrar, fr\u00e5n Gutavibbar till \u00f6l\u00e4ndska vindar. Det \u00e4r som att byta fr\u00e5n en gammal favorittr\u00f6ja till en ny hoodie \u2013 fortfarande mysigt, men med en annan k\u00e4nsla. Gotland var fantastisk \u2013 medeltidsvecka, ringmurar och f\u00e5r som stirrar p\u00e5 dig som om du\u2026","rel":"","context":"I \u201dSegling 2025\u201d","block_context":{"text":"Segling 2025","link":"https:\/\/www.ellensailing.se\/?cat=34"},"img":{"alt_text":"","src":"https:\/\/i0.wp.com\/www.ellensailing.se\/wp-content\/uploads\/2025\/07\/IMG_1579-scaled.jpg?fit=1200%2C900&ssl=1&resize=350%2C200","width":350,"height":200,"srcset":"https:\/\/i0.wp.com\/www.ellensailing.se\/wp-content\/uploads\/2025\/07\/IMG_1579-scaled.jpg?fit=1200%2C900&ssl=1&resize=350%2C200 1x, https:\/\/i0.wp.com\/www.ellensailing.se\/wp-content\/uploads\/2025\/07\/IMG_1579-scaled.jpg?fit=1200%2C900&ssl=1&resize=525%2C300 1.5x, https:\/\/i0.wp.com\/www.ellensailing.se\/wp-content\/uploads\/2025\/07\/IMG_1579-scaled.jpg?fit=1200%2C900&ssl=1&resize=700%2C400 2x, https:\/\/i0.wp.com\/www.ellensailing.se\/wp-content\/uploads\/2025\/07\/IMG_1579-scaled.jpg?fit=1200%2C900&ssl=1&resize=1050%2C600 3x"},"classes":[]},{"id":1007,"url":"https:\/\/www.ellensailing.se\/?p=1007","url_meta":{"origin":218,"position":4},"title":"Nu l\u00e4mnar vi Amsterdam f\u00f6r att g\u00e5 kanalerna till Rotterdam via Haarlem","author":"peter@ellensailing.se","date":"3 juli, 2016","format":false,"excerpt":"Nu har vi l\u00e4mnat Amsterdam och kommer g\u00e5 kanalerna ner mot Rotterdam. Ig\u00e5r kv\u00e4ll tillbringade vi i klubbhuset och tog lite att dricka tillsammans med massa Tyskar. N\u00e4r Italien gjorde m\u00e5l fick vi heja lite tyst. Sarcs vimpel pryder nu klubbhuset. Vimpeln fick b\u00e4sta plats vid baren. Det var verkligen\u2026","rel":"","context":"I \u201dSommar 2016\u201d","block_context":{"text":"Sommar 2016","link":"https:\/\/www.ellensailing.se\/?cat=20"},"img":{"alt_text":"","src":"https:\/\/i0.wp.com\/www.ellensailing.se\/wp-content\/uploads\/2016\/07\/IMG_5301.jpg?fit=1200%2C900&ssl=1&resize=350%2C200","width":350,"height":200,"srcset":"https:\/\/i0.wp.com\/www.ellensailing.se\/wp-content\/uploads\/2016\/07\/IMG_5301.jpg?fit=1200%2C900&ssl=1&resize=350%2C200 1x, https:\/\/i0.wp.com\/www.ellensailing.se\/wp-content\/uploads\/2016\/07\/IMG_5301.jpg?fit=1200%2C900&ssl=1&resize=525%2C300 1.5x, https:\/\/i0.wp.com\/www.ellensailing.se\/wp-content\/uploads\/2016\/07\/IMG_5301.jpg?fit=1200%2C900&ssl=1&resize=700%2C400 2x, https:\/\/i0.wp.com\/www.ellensailing.se\/wp-content\/uploads\/2016\/07\/IMG_5301.jpg?fit=1200%2C900&ssl=1&resize=1050%2C600 3x"},"classes":[]},{"id":974,"url":"https:\/\/www.ellensailing.se\/?p=974","url_meta":{"origin":218,"position":5},"title":"Borkumriff, tobakens hemland!","author":"peter@ellensailing.se","date":"27 juni, 2016","format":false,"excerpt":"Best\u00e4mde oss f\u00f6r att ge oss av n\u00e4r det var h\u00f6gvatten s\u00e5 vi kunde f\u00e5 lite medstr\u00f6ms ut fr\u00e5n Elbes mynning, s\u00e5 vi stack fr\u00e5n hamnen 0600 d\u00e5 vi hade bro\u00f6ppning. Det bl\u00e5ste ganska lagom vi hade en j\u00e4tterulle ut fr\u00e5n Elbe. Kryssbog som alltid s\u00e5 seglade vi om ett\u2026","rel":"","context":"I \u201dSommar 2016\u201d","block_context":{"text":"Sommar 2016","link":"https:\/\/www.ellensailing.se\/?cat=20"},"img":{"alt_text":"","src":"https:\/\/i0.wp.com\/www.ellensailing.se\/wp-content\/uploads\/2016\/06\/DSC_0415.jpg?fit=1200%2C797&ssl=1&resize=350%2C200","width":350,"height":200,"srcset":"https:\/\/i0.wp.com\/www.ellensailing.se\/wp-content\/uploads\/2016\/06\/DSC_0415.jpg?fit=1200%2C797&ssl=1&resize=350%2C200 1x, https:\/\/i0.wp.com\/www.ellensailing.se\/wp-content\/uploads\/2016\/06\/DSC_0415.jpg?fit=1200%2C797&ssl=1&resize=525%2C300 1.5x, https:\/\/i0.wp.com\/www.ellensailing.se\/wp-content\/uploads\/2016\/06\/DSC_0415.jpg?fit=1200%2C797&ssl=1&resize=700%2C400 2x, https:\/\/i0.wp.com\/www.ellensailing.se\/wp-content\/uploads\/2016\/06\/DSC_0415.jpg?fit=1200%2C797&ssl=1&resize=1050%2C600 3x"},"classes":[]}],"jetpack_likes_enabled":false,"_links":{"self":[{"href":"https:\/\/www.ellensailing.se\/index.php?rest_route=\/wp\/v2\/posts\/218","targetHints":{"allow":["GET"]}}],"collection":[{"href":"https:\/\/www.ellensailing.se\/index.php?rest_route=\/wp\/v2\/posts"}],"about":[{"href":"https:\/\/www.ellensailing.se\/index.php?rest_route=\/wp\/v2\/types\/post"}],"author":[{"embeddable":true,"href":"https:\/\/www.ellensailing.se\/index.php?rest_route=\/wp\/v2\/users\/1"}],"replies":[{"embeddable":true,"href":"https:\/\/www.ellensailing.se\/index.php?rest_route=%2Fwp%2Fv2%2Fcomments&post=218"}],"version-history":[{"count":1,"href":"https:\/\/www.ellensailing.se\/index.php?rest_route=\/wp\/v2\/posts\/218\/revisions"}],"predecessor-version":[{"id":219,"href":"https:\/\/www.ellensailing.se\/index.php?rest_route=\/wp\/v2\/posts\/218\/revisions\/219"}],"wp:attachment":[{"href":"https:\/\/www.ellensailing.se\/index.php?rest_route=%2Fwp%2Fv2%2Fmedia&parent=218"}],"wp:term":[{"taxonomy":"category","embeddable":true,"href":"https:\/\/www.ellensailing.se\/index.php?rest_route=%2Fwp%2Fv2%2Fcategories&post=218"},{"taxonomy":"post_tag","embeddable":true,"href":"https:\/\/www.ellensailing.se\/index.php?rest_route=%2Fwp%2Fv2%2Ftags&post=218"}],"curies":[{"name":"wp","href":"https:\/\/api.w.org\/{rel}","templated":true}]}}