{"id":2177,"date":"2018-04-15T21:54:10","date_gmt":"2018-04-15T19:54:10","guid":{"rendered":"https:\/\/www.ellensailing.se\/?p=2177"},"modified":"2018-04-15T21:54:10","modified_gmt":"2018-04-15T19:54:10","slug":"great-baracuda-pa-vag-till-grenada","status":"publish","type":"post","link":"https:\/\/www.ellensailing.se\/?p=2177","title":{"rendered":"Great Baracuda p\u00e5 v\u00e4g till Grenada"},"content":{"rendered":"<p>I morse seglade vi till Grenada och strax utanf\u00f6r Carriacou fick vi en mega Baracuda, s\u00e4kert 15 kg tung. Vi fick g\u00e5 upp i vind f\u00f6r att minska farten och trots det h\u00f6ll jag p\u00e5 en halvtimme innan vi fick upp den luringen. Vilka t\u00e4nder de har.<\/p>\n<figure id=\"attachment_2178\" aria-describedby=\"caption-attachment-2178\" style=\"width: 640px\" class=\"wp-caption aligncenter\"><a href=\"https:\/\/i0.wp.com\/www.ellensailing.se\/wp-content\/uploads\/2018\/04\/05610405-3054-4843-A45E-BE0928EFAA7A.jpeg?ssl=1\"><img data-recalc-dims=\"1\" fetchpriority=\"high\" decoding=\"async\" class=\"wp-image-2178 size-large\" src=\"https:\/\/i0.wp.com\/www.ellensailing.se\/wp-content\/uploads\/2018\/04\/05610405-3054-4843-A45E-BE0928EFAA7A.jpeg?resize=640%2C427&#038;ssl=1\" alt=\"\" width=\"640\" height=\"427\" srcset=\"https:\/\/i0.wp.com\/www.ellensailing.se\/wp-content\/uploads\/2018\/04\/05610405-3054-4843-A45E-BE0928EFAA7A.jpeg?resize=1024%2C683&amp;ssl=1 1024w, https:\/\/i0.wp.com\/www.ellensailing.se\/wp-content\/uploads\/2018\/04\/05610405-3054-4843-A45E-BE0928EFAA7A.jpeg?resize=300%2C200&amp;ssl=1 300w, https:\/\/i0.wp.com\/www.ellensailing.se\/wp-content\/uploads\/2018\/04\/05610405-3054-4843-A45E-BE0928EFAA7A.jpeg?resize=768%2C512&amp;ssl=1 768w, https:\/\/i0.wp.com\/www.ellensailing.se\/wp-content\/uploads\/2018\/04\/05610405-3054-4843-A45E-BE0928EFAA7A.jpeg?w=1620&amp;ssl=1 1620w\" sizes=\"(max-width: 640px) 100vw, 640px\" \/><\/a><figcaption id=\"caption-attachment-2178\" class=\"wp-caption-text\">Stygga t\u00e4nder den har.<\/figcaption><\/figure>\n<figure id=\"attachment_2179\" aria-describedby=\"caption-attachment-2179\" style=\"width: 640px\" class=\"wp-caption aligncenter\"><a href=\"https:\/\/i0.wp.com\/www.ellensailing.se\/wp-content\/uploads\/2018\/04\/F20AA89A-4D0D-49C4-B270-DA317229316E.jpeg?ssl=1\"><img data-recalc-dims=\"1\" decoding=\"async\" class=\"wp-image-2179 size-large\" src=\"https:\/\/i0.wp.com\/www.ellensailing.se\/wp-content\/uploads\/2018\/04\/F20AA89A-4D0D-49C4-B270-DA317229316E.jpeg?resize=640%2C427&#038;ssl=1\" alt=\"\" width=\"640\" height=\"427\" srcset=\"https:\/\/i0.wp.com\/www.ellensailing.se\/wp-content\/uploads\/2018\/04\/F20AA89A-4D0D-49C4-B270-DA317229316E.jpeg?resize=1024%2C683&amp;ssl=1 1024w, https:\/\/i0.wp.com\/www.ellensailing.se\/wp-content\/uploads\/2018\/04\/F20AA89A-4D0D-49C4-B270-DA317229316E.jpeg?resize=300%2C200&amp;ssl=1 300w, https:\/\/i0.wp.com\/www.ellensailing.se\/wp-content\/uploads\/2018\/04\/F20AA89A-4D0D-49C4-B270-DA317229316E.jpeg?resize=768%2C512&amp;ssl=1 768w, https:\/\/i0.wp.com\/www.ellensailing.se\/wp-content\/uploads\/2018\/04\/F20AA89A-4D0D-49C4-B270-DA317229316E.jpeg?w=1620&amp;ssl=1 1620w\" sizes=\"(max-width: 640px) 100vw, 640px\" \/><\/a><figcaption id=\"caption-attachment-2179\" class=\"wp-caption-text\">Ellen \u00e4r bra f\u00f6r det \u00e4r enkelt att ta upp fiskarna<\/figcaption><\/figure>\n<figure id=\"attachment_2182\" aria-describedby=\"caption-attachment-2182\" style=\"width: 640px\" class=\"wp-caption aligncenter\"><a href=\"https:\/\/i0.wp.com\/www.ellensailing.se\/wp-content\/uploads\/2018\/04\/4F87F525-9F08-4C81-A848-3ACCF959ABF0.jpeg?ssl=1\"><img data-recalc-dims=\"1\" decoding=\"async\" class=\"wp-image-2182 size-large\" src=\"https:\/\/i0.wp.com\/www.ellensailing.se\/wp-content\/uploads\/2018\/04\/4F87F525-9F08-4C81-A848-3ACCF959ABF0.jpeg?resize=640%2C427&#038;ssl=1\" alt=\"\" width=\"640\" height=\"427\" srcset=\"https:\/\/i0.wp.com\/www.ellensailing.se\/wp-content\/uploads\/2018\/04\/4F87F525-9F08-4C81-A848-3ACCF959ABF0.jpeg?resize=1024%2C683&amp;ssl=1 1024w, https:\/\/i0.wp.com\/www.ellensailing.se\/wp-content\/uploads\/2018\/04\/4F87F525-9F08-4C81-A848-3ACCF959ABF0.jpeg?resize=300%2C200&amp;ssl=1 300w, https:\/\/i0.wp.com\/www.ellensailing.se\/wp-content\/uploads\/2018\/04\/4F87F525-9F08-4C81-A848-3ACCF959ABF0.jpeg?resize=768%2C512&amp;ssl=1 768w, https:\/\/i0.wp.com\/www.ellensailing.se\/wp-content\/uploads\/2018\/04\/4F87F525-9F08-4C81-A848-3ACCF959ABF0.jpeg?w=1620&amp;ssl=1 1620w\" sizes=\"(max-width: 640px) 100vw, 640px\" \/><\/a><figcaption id=\"caption-attachment-2182\" class=\"wp-caption-text\">Man vill inte bli biten av denna b\u00e4st.<\/figcaption><\/figure>\n<figure id=\"attachment_2180\" aria-describedby=\"caption-attachment-2180\" style=\"width: 640px\" class=\"wp-caption aligncenter\"><a href=\"https:\/\/i0.wp.com\/www.ellensailing.se\/wp-content\/uploads\/2018\/04\/EA3162A3-34B8-46B7-99F8-6387C1EAF1D6.jpeg?ssl=1\"><img data-recalc-dims=\"1\" loading=\"lazy\" decoding=\"async\" class=\"wp-image-2180 size-large\" src=\"https:\/\/i0.wp.com\/www.ellensailing.se\/wp-content\/uploads\/2018\/04\/EA3162A3-34B8-46B7-99F8-6387C1EAF1D6.jpeg?resize=640%2C427&#038;ssl=1\" alt=\"\" width=\"640\" height=\"427\" srcset=\"https:\/\/i0.wp.com\/www.ellensailing.se\/wp-content\/uploads\/2018\/04\/EA3162A3-34B8-46B7-99F8-6387C1EAF1D6.jpeg?resize=1024%2C683&amp;ssl=1 1024w, https:\/\/i0.wp.com\/www.ellensailing.se\/wp-content\/uploads\/2018\/04\/EA3162A3-34B8-46B7-99F8-6387C1EAF1D6.jpeg?resize=300%2C200&amp;ssl=1 300w, https:\/\/i0.wp.com\/www.ellensailing.se\/wp-content\/uploads\/2018\/04\/EA3162A3-34B8-46B7-99F8-6387C1EAF1D6.jpeg?resize=768%2C512&amp;ssl=1 768w, https:\/\/i0.wp.com\/www.ellensailing.se\/wp-content\/uploads\/2018\/04\/EA3162A3-34B8-46B7-99F8-6387C1EAF1D6.jpeg?w=1620&amp;ssl=1 1620w\" sizes=\"(max-width: 640px) 100vw, 640px\" \/><\/a><figcaption id=\"caption-attachment-2180\" class=\"wp-caption-text\">Blir r\u00e4tt blodigt att rensa fisk, tur att vi har rinnande vatten f\u00f6r att spola av.<\/figcaption><\/figure>\n<p>Infinity B hade tagit med Darell f\u00f6r att f\u00e5 fiskeexpertise och de hade tre drag ute men vi vann \u00e4nd\u00e5. Blir middag p\u00e5 Ellen ikv\u00e4ll.<\/p>\n<p>J\u00e4tteh\u00e4rlig segling ner till St: Georges d\u00e4r vi bokat p\u00e5 Grenada Yacht Club. Vi loggade 7,8 knop i snitt och toppar p\u00e5 11,4. 15-23 knop idag.<\/p>\n<figure id=\"attachment_2181\" aria-describedby=\"caption-attachment-2181\" style=\"width: 640px\" class=\"wp-caption aligncenter\"><a href=\"https:\/\/i0.wp.com\/www.ellensailing.se\/wp-content\/uploads\/2018\/04\/C7C8D623-1FD7-4EEB-8648-539462C2EE50.jpeg?ssl=1\"><img data-recalc-dims=\"1\" loading=\"lazy\" decoding=\"async\" class=\"wp-image-2181 size-large\" src=\"https:\/\/i0.wp.com\/www.ellensailing.se\/wp-content\/uploads\/2018\/04\/C7C8D623-1FD7-4EEB-8648-539462C2EE50.jpeg?resize=640%2C427&#038;ssl=1\" alt=\"\" width=\"640\" height=\"427\" srcset=\"https:\/\/i0.wp.com\/www.ellensailing.se\/wp-content\/uploads\/2018\/04\/C7C8D623-1FD7-4EEB-8648-539462C2EE50.jpeg?resize=1024%2C683&amp;ssl=1 1024w, https:\/\/i0.wp.com\/www.ellensailing.se\/wp-content\/uploads\/2018\/04\/C7C8D623-1FD7-4EEB-8648-539462C2EE50.jpeg?resize=300%2C200&amp;ssl=1 300w, https:\/\/i0.wp.com\/www.ellensailing.se\/wp-content\/uploads\/2018\/04\/C7C8D623-1FD7-4EEB-8648-539462C2EE50.jpeg?resize=768%2C512&amp;ssl=1 768w, https:\/\/i0.wp.com\/www.ellensailing.se\/wp-content\/uploads\/2018\/04\/C7C8D623-1FD7-4EEB-8648-539462C2EE50.jpeg?w=1620&amp;ssl=1 1620w\" sizes=\"(max-width: 640px) 100vw, 640px\" \/><\/a><figcaption id=\"caption-attachment-2181\" class=\"wp-caption-text\">H\u00e4rlig segling<\/figcaption><\/figure>\n","protected":false},"excerpt":{"rendered":"<p>I morse seglade vi till Grenada och strax utanf\u00f6r Carriacou fick vi en mega Baracuda, s\u00e4kert 15 kg tung. Vi[&#8230;]<\/p>\n","protected":false},"author":1,"featured_media":2178,"comment_status":"open","ping_status":"open","sticky":false,"template":"","format":"standard","meta":{"_jetpack_newsletter_access":"","_jetpack_dont_email_post_to_subs":false,"_jetpack_newsletter_tier_id":0,"_jetpack_memberships_contains_paywalled_content":false,"_jetpack_feature_clip_id":0,"_jetpack_memberships_contains_paid_content":false,"footnotes":"","jetpack_publicize_message":"","jetpack_publicize_feature_enabled":true,"jetpack_social_post_already_shared":true,"jetpack_social_options":{"image_generator_settings":{"template":"highway","default_image_id":0,"font":"","enabled":false},"version":2},"jetpack_post_was_ever_published":false},"categories":[24],"tags":[],"class_list":["post-2177","post","type-post","status-publish","format-standard","has-post-thumbnail","hentry","category-vastindien-2017-2018"],"jetpack_publicize_connections":[],"jetpack_featured_media_url":"https:\/\/i0.wp.com\/www.ellensailing.se\/wp-content\/uploads\/2018\/04\/05610405-3054-4843-A45E-BE0928EFAA7A.jpeg?fit=1620%2C1080&ssl=1","jetpack_sharing_enabled":true,"jetpack_shortlink":"https:\/\/wp.me\/p5G68R-z7","jetpack-related-posts":[{"id":2169,"url":"https:\/\/www.ellensailing.se\/?p=2169","url_meta":{"origin":2177,"position":0},"title":"Tagit oss \u00f6ver viken till Petit Martinique.","author":"peter@ellensailing.se","date":"13 april, 2018","format":false,"excerpt":"Vilken skillnad det \u00e4r bara ett stenkast h\u00e4rifr\u00e5n. H\u00e4r p\u00e5 Petit Martinique som tillh\u00f6r Grenada \u00e4r det inga b\u00e5tar alls. Det \u00e4r vi och en Kanadensare som \u00e4r h\u00e4r. Vi \u00e4r troligtvis de enda turisterna h\u00e4r. Ser vi \u00f6ver viken s\u00e5 \u00e4r det 10 katamaraner och en monohull. Det verkar\u2026","rel":"","context":"I \u201dV\u00e4stindien 2017-2018\u201d","block_context":{"text":"V\u00e4stindien 2017-2018","link":"https:\/\/www.ellensailing.se\/?cat=24"},"img":{"alt_text":"","src":"https:\/\/i0.wp.com\/www.ellensailing.se\/wp-content\/uploads\/2018\/04\/7B9987C3-807E-42FD-B417-7FED6ECDDF14.jpeg?fit=1200%2C900&ssl=1&resize=350%2C200","width":350,"height":200,"srcset":"https:\/\/i0.wp.com\/www.ellensailing.se\/wp-content\/uploads\/2018\/04\/7B9987C3-807E-42FD-B417-7FED6ECDDF14.jpeg?fit=1200%2C900&ssl=1&resize=350%2C200 1x, https:\/\/i0.wp.com\/www.ellensailing.se\/wp-content\/uploads\/2018\/04\/7B9987C3-807E-42FD-B417-7FED6ECDDF14.jpeg?fit=1200%2C900&ssl=1&resize=525%2C300 1.5x, https:\/\/i0.wp.com\/www.ellensailing.se\/wp-content\/uploads\/2018\/04\/7B9987C3-807E-42FD-B417-7FED6ECDDF14.jpeg?fit=1200%2C900&ssl=1&resize=700%2C400 2x, https:\/\/i0.wp.com\/www.ellensailing.se\/wp-content\/uploads\/2018\/04\/7B9987C3-807E-42FD-B417-7FED6ECDDF14.jpeg?fit=1200%2C900&ssl=1&resize=1050%2C600 3x"},"classes":[]},{"id":2199,"url":"https:\/\/www.ellensailing.se\/?p=2199","url_meta":{"origin":2177,"position":1},"title":"Turistande p\u00e5 Grenada, en heldagsutflykt!","author":"peter@ellensailing.se","date":"24 april, 2018","format":false,"excerpt":"Vi gjorde idag Grenada tillsammans med Eva och Tobbe fr\u00e5n S\/Y Moana. De seglade till Brasilien och har kommit upp nu till Grenada f\u00f6r ett par dagar sedan. Vi tr\u00e4ffades f\u00f6r ett par \u00e5r sedan p\u00e5 v\u00e5r f\u00f6rsta avseglargrupp. J\u00e4ttekul att tr\u00e4ffas och att vi lyckades locka med dem. Det\u2026","rel":"","context":"I \u201dV\u00e4stindien 2017-2018\u201d","block_context":{"text":"V\u00e4stindien 2017-2018","link":"https:\/\/www.ellensailing.se\/?cat=24"},"img":{"alt_text":"","src":"https:\/\/i0.wp.com\/www.ellensailing.se\/wp-content\/uploads\/2018\/04\/2E16AF20-16D1-4C94-B366-092882BB5089.jpeg?fit=1200%2C800&ssl=1&resize=350%2C200","width":350,"height":200,"srcset":"https:\/\/i0.wp.com\/www.ellensailing.se\/wp-content\/uploads\/2018\/04\/2E16AF20-16D1-4C94-B366-092882BB5089.jpeg?fit=1200%2C800&ssl=1&resize=350%2C200 1x, https:\/\/i0.wp.com\/www.ellensailing.se\/wp-content\/uploads\/2018\/04\/2E16AF20-16D1-4C94-B366-092882BB5089.jpeg?fit=1200%2C800&ssl=1&resize=525%2C300 1.5x, https:\/\/i0.wp.com\/www.ellensailing.se\/wp-content\/uploads\/2018\/04\/2E16AF20-16D1-4C94-B366-092882BB5089.jpeg?fit=1200%2C800&ssl=1&resize=700%2C400 2x, https:\/\/i0.wp.com\/www.ellensailing.se\/wp-content\/uploads\/2018\/04\/2E16AF20-16D1-4C94-B366-092882BB5089.jpeg?fit=1200%2C800&ssl=1&resize=1050%2C600 3x"},"classes":[]},{"id":2184,"url":"https:\/\/www.ellensailing.se\/?p=2184","url_meta":{"origin":2177,"position":2},"title":"Vi alla hj\u00e4lps \u00e5t!","author":"peter@ellensailing.se","date":"23 april, 2018","format":false,"excerpt":"Det \u00e4r sk\u00f6nt med att tr\u00e4ffa andra l\u00e5ngseglare. Vi alla hj\u00e4lps \u00e5t, en del \u00e4r duktiga p\u00e5 vissa saker och andra p\u00e5 annat. Ig\u00e5r fick vi hj\u00e4lp med att sy f\u00f6rst\u00e4rkningar p\u00e5 v\u00e5r Bimini av Infinity B. Av n\u00e5gon anledning s\u00e5 har det g\u00e5tt h\u00e5l vid rundningen p\u00e5 b\u00e4gge sidorna.\u2026","rel":"","context":"I \u201dV\u00e4stindien 2017-2018\u201d","block_context":{"text":"V\u00e4stindien 2017-2018","link":"https:\/\/www.ellensailing.se\/?cat=24"},"img":{"alt_text":"","src":"https:\/\/i0.wp.com\/www.ellensailing.se\/wp-content\/uploads\/2018\/04\/AC72A6C0-F570-467D-8C1D-2151D070F7D2.jpeg?fit=898%2C1200&ssl=1&resize=350%2C200","width":350,"height":200,"srcset":"https:\/\/i0.wp.com\/www.ellensailing.se\/wp-content\/uploads\/2018\/04\/AC72A6C0-F570-467D-8C1D-2151D070F7D2.jpeg?fit=898%2C1200&ssl=1&resize=350%2C200 1x, https:\/\/i0.wp.com\/www.ellensailing.se\/wp-content\/uploads\/2018\/04\/AC72A6C0-F570-467D-8C1D-2151D070F7D2.jpeg?fit=898%2C1200&ssl=1&resize=525%2C300 1.5x, https:\/\/i0.wp.com\/www.ellensailing.se\/wp-content\/uploads\/2018\/04\/AC72A6C0-F570-467D-8C1D-2151D070F7D2.jpeg?fit=898%2C1200&ssl=1&resize=700%2C400 2x"},"classes":[]},{"id":2434,"url":"https:\/\/www.ellensailing.se\/?p=2434","url_meta":{"origin":2177,"position":3},"title":"Det \u00e4r fint p\u00e5 Carriacou","author":"peter@ellensailing.se","date":"9 mars, 2019","format":false,"excerpt":"Ig\u00e5r kom vi till Carriacou efter till att b\u00f6rja med ganska behaglig segling men n\u00e4r vi var mitt emellan Grenada och Carriacou s\u00e5 b\u00f6rja det bl\u00e5sa rej\u00e4lt och med h\u00f6g sj\u00f6. Sj\u00f6benen var inte riktigt p\u00e5 plats och efter att tagit ett rev blev det b\u00e4ttre. Har liksom gl\u00f6mt bort\u2026","rel":"","context":"I \u201dV\u00e4stindien 2019\u201d","block_context":{"text":"V\u00e4stindien 2019","link":"https:\/\/www.ellensailing.se\/?cat=25"},"img":{"alt_text":"","src":"https:\/\/i0.wp.com\/www.ellensailing.se\/wp-content\/uploads\/2019\/03\/88CCCA36-6136-489F-83D0-F41F5310CAFD.jpeg?fit=1200%2C675&ssl=1&resize=350%2C200","width":350,"height":200,"srcset":"https:\/\/i0.wp.com\/www.ellensailing.se\/wp-content\/uploads\/2019\/03\/88CCCA36-6136-489F-83D0-F41F5310CAFD.jpeg?fit=1200%2C675&ssl=1&resize=350%2C200 1x, https:\/\/i0.wp.com\/www.ellensailing.se\/wp-content\/uploads\/2019\/03\/88CCCA36-6136-489F-83D0-F41F5310CAFD.jpeg?fit=1200%2C675&ssl=1&resize=525%2C300 1.5x, https:\/\/i0.wp.com\/www.ellensailing.se\/wp-content\/uploads\/2019\/03\/88CCCA36-6136-489F-83D0-F41F5310CAFD.jpeg?fit=1200%2C675&ssl=1&resize=700%2C400 2x, https:\/\/i0.wp.com\/www.ellensailing.se\/wp-content\/uploads\/2019\/03\/88CCCA36-6136-489F-83D0-F41F5310CAFD.jpeg?fit=1200%2C675&ssl=1&resize=1050%2C600 3x"},"classes":[]},{"id":2011,"url":"https:\/\/www.ellensailing.se\/?p=2011","url_meta":{"origin":2177,"position":4},"title":"Bequia 2.0","author":"peter@ellensailing.se","date":"28 mars, 2018","format":false,"excerpt":"Efter en lyckad och trevlig kv\u00e4ll p\u00e5 Rock Side Caf\u00e9 seglade vi vidare till Bequia. Det var mindre b\u00e5tar h\u00e4r \u00e4n vid Jul men \u00e4nd\u00e5 mycket. Det fylldes dessutom p\u00e5 med m\u00e5nga b\u00e5tar f\u00f6r att p\u00e5 torsdag b\u00f6rjar Bequia Regatta. S\u00e5 m\u00e5nga segelb\u00e5tar \u00e4r d\u00e4r och har b\u00f6rjat tr\u00e4na lite.\u2026","rel":"","context":"I \u201dV\u00e4stindien 2017-2018\u201d","block_context":{"text":"V\u00e4stindien 2017-2018","link":"https:\/\/www.ellensailing.se\/?cat=24"},"img":{"alt_text":"","src":"https:\/\/i0.wp.com\/www.ellensailing.se\/wp-content\/uploads\/2018\/03\/C0857F0E-8F7D-40D0-96A4-00CC85657BCC-e1522266346775.jpeg?fit=1200%2C900&ssl=1&resize=350%2C200","width":350,"height":200,"srcset":"https:\/\/i0.wp.com\/www.ellensailing.se\/wp-content\/uploads\/2018\/03\/C0857F0E-8F7D-40D0-96A4-00CC85657BCC-e1522266346775.jpeg?fit=1200%2C900&ssl=1&resize=350%2C200 1x, https:\/\/i0.wp.com\/www.ellensailing.se\/wp-content\/uploads\/2018\/03\/C0857F0E-8F7D-40D0-96A4-00CC85657BCC-e1522266346775.jpeg?fit=1200%2C900&ssl=1&resize=525%2C300 1.5x, https:\/\/i0.wp.com\/www.ellensailing.se\/wp-content\/uploads\/2018\/03\/C0857F0E-8F7D-40D0-96A4-00CC85657BCC-e1522266346775.jpeg?fit=1200%2C900&ssl=1&resize=700%2C400 2x, https:\/\/i0.wp.com\/www.ellensailing.se\/wp-content\/uploads\/2018\/03\/C0857F0E-8F7D-40D0-96A4-00CC85657BCC-e1522266346775.jpeg?fit=1200%2C900&ssl=1&resize=1050%2C600 3x"},"classes":[]},{"id":2427,"url":"https:\/\/www.ellensailing.se\/?p=2427","url_meta":{"origin":2177,"position":5},"title":"Ellen \u00e4r \u00e4ntligen i sj\u00f6n!","author":"peter@ellensailing.se","date":"7 mars, 2019","format":false,"excerpt":"Ig\u00e5r kom \u00e4ntligen Ellen till sj\u00f6s. Men det var en del strul innan. Vi uppt\u00e4ckte r\u00e4tt snart att n\u00e5got var tokigt n\u00e4r inte kyl och vinsch fungerade utan bara klickade. Det visade sig att batterierna hade givit upp. Bara 1 \u00e5r och 3 m\u00e5nader gamla. Vi tog hj\u00e4lp av Turbulens\u2026","rel":"","context":"I \u201dV\u00e4stindien 2017-2018\u201d","block_context":{"text":"V\u00e4stindien 2017-2018","link":"https:\/\/www.ellensailing.se\/?cat=24"},"img":{"alt_text":"","src":"https:\/\/i0.wp.com\/www.ellensailing.se\/wp-content\/uploads\/2019\/03\/20190306_083848.jpg?fit=1200%2C675&ssl=1&resize=350%2C200","width":350,"height":200,"srcset":"https:\/\/i0.wp.com\/www.ellensailing.se\/wp-content\/uploads\/2019\/03\/20190306_083848.jpg?fit=1200%2C675&ssl=1&resize=350%2C200 1x, https:\/\/i0.wp.com\/www.ellensailing.se\/wp-content\/uploads\/2019\/03\/20190306_083848.jpg?fit=1200%2C675&ssl=1&resize=525%2C300 1.5x, https:\/\/i0.wp.com\/www.ellensailing.se\/wp-content\/uploads\/2019\/03\/20190306_083848.jpg?fit=1200%2C675&ssl=1&resize=700%2C400 2x, https:\/\/i0.wp.com\/www.ellensailing.se\/wp-content\/uploads\/2019\/03\/20190306_083848.jpg?fit=1200%2C675&ssl=1&resize=1050%2C600 3x"},"classes":[]}],"jetpack_likes_enabled":false,"_links":{"self":[{"href":"https:\/\/www.ellensailing.se\/index.php?rest_route=\/wp\/v2\/posts\/2177","targetHints":{"allow":["GET"]}}],"collection":[{"href":"https:\/\/www.ellensailing.se\/index.php?rest_route=\/wp\/v2\/posts"}],"about":[{"href":"https:\/\/www.ellensailing.se\/index.php?rest_route=\/wp\/v2\/types\/post"}],"author":[{"embeddable":true,"href":"https:\/\/www.ellensailing.se\/index.php?rest_route=\/wp\/v2\/users\/1"}],"replies":[{"embeddable":true,"href":"https:\/\/www.ellensailing.se\/index.php?rest_route=%2Fwp%2Fv2%2Fcomments&post=2177"}],"version-history":[{"count":1,"href":"https:\/\/www.ellensailing.se\/index.php?rest_route=\/wp\/v2\/posts\/2177\/revisions"}],"predecessor-version":[{"id":2183,"href":"https:\/\/www.ellensailing.se\/index.php?rest_route=\/wp\/v2\/posts\/2177\/revisions\/2183"}],"wp:featuredmedia":[{"embeddable":true,"href":"https:\/\/www.ellensailing.se\/index.php?rest_route=\/wp\/v2\/media\/2178"}],"wp:attachment":[{"href":"https:\/\/www.ellensailing.se\/index.php?rest_route=%2Fwp%2Fv2%2Fmedia&parent=2177"}],"wp:term":[{"taxonomy":"category","embeddable":true,"href":"https:\/\/www.ellensailing.se\/index.php?rest_route=%2Fwp%2Fv2%2Fcategories&post=2177"},{"taxonomy":"post_tag","embeddable":true,"href":"https:\/\/www.ellensailing.se\/index.php?rest_route=%2Fwp%2Fv2%2Ftags&post=2177"}],"curies":[{"name":"wp","href":"https:\/\/api.w.org\/{rel}","templated":true}]}}