{"id":2169,"date":"2018-04-13T22:28:18","date_gmt":"2018-04-13T20:28:18","guid":{"rendered":"https:\/\/www.ellensailing.se\/?p=2169"},"modified":"2018-04-13T22:31:20","modified_gmt":"2018-04-13T20:31:20","slug":"tagit-oss-over-viken-till-petit-martinique","status":"publish","type":"post","link":"https:\/\/www.ellensailing.se\/?p=2169","title":{"rendered":"Tagit oss \u00f6ver viken till Petit Martinique."},"content":{"rendered":"<p>Vilken skillnad det \u00e4r bara ett stenkast h\u00e4rifr\u00e5n. H\u00e4r p\u00e5 Petit Martinique som tillh\u00f6r Grenada \u00e4r det inga b\u00e5tar alls. Det \u00e4r vi och en Kanadensare som \u00e4r h\u00e4r. Vi \u00e4r troligtvis de enda turisterna h\u00e4r. Ser vi \u00f6ver viken s\u00e5 \u00e4r det 10 katamaraner och en monohull. Det verkar som att de inte vill klarera in i Grenada och h\u00e5ller sig mer norrut.<\/p>\n<figure id=\"attachment_2170\" aria-describedby=\"caption-attachment-2170\" style=\"width: 640px\" class=\"wp-caption aligncenter\"><a href=\"https:\/\/i0.wp.com\/www.ellensailing.se\/wp-content\/uploads\/2018\/04\/C44F059A-AE10-4955-A88B-DC73B0EE6F51.jpeg?ssl=1\"><img data-recalc-dims=\"1\" fetchpriority=\"high\" decoding=\"async\" class=\"wp-image-2170 size-large\" src=\"https:\/\/i0.wp.com\/www.ellensailing.se\/wp-content\/uploads\/2018\/04\/C44F059A-AE10-4955-A88B-DC73B0EE6F51.jpeg?resize=640%2C480&#038;ssl=1\" alt=\"\" width=\"640\" height=\"480\" srcset=\"https:\/\/i0.wp.com\/www.ellensailing.se\/wp-content\/uploads\/2018\/04\/C44F059A-AE10-4955-A88B-DC73B0EE6F51.jpeg?resize=1024%2C768&amp;ssl=1 1024w, https:\/\/i0.wp.com\/www.ellensailing.se\/wp-content\/uploads\/2018\/04\/C44F059A-AE10-4955-A88B-DC73B0EE6F51.jpeg?resize=300%2C225&amp;ssl=1 300w, https:\/\/i0.wp.com\/www.ellensailing.se\/wp-content\/uploads\/2018\/04\/C44F059A-AE10-4955-A88B-DC73B0EE6F51.jpeg?resize=768%2C576&amp;ssl=1 768w, https:\/\/i0.wp.com\/www.ellensailing.se\/wp-content\/uploads\/2018\/04\/C44F059A-AE10-4955-A88B-DC73B0EE6F51.jpeg?resize=320%2C240&amp;ssl=1 320w, https:\/\/i0.wp.com\/www.ellensailing.se\/wp-content\/uploads\/2018\/04\/C44F059A-AE10-4955-A88B-DC73B0EE6F51.jpeg?w=1680&amp;ssl=1 1680w, https:\/\/i0.wp.com\/www.ellensailing.se\/wp-content\/uploads\/2018\/04\/C44F059A-AE10-4955-A88B-DC73B0EE6F51.jpeg?w=2520&amp;ssl=1 2520w\" sizes=\"(max-width: 640px) 100vw, 640px\" \/><\/a><figcaption id=\"caption-attachment-2170\" class=\"wp-caption-text\">Det minsta Caf\u00e9t jag sett<\/figcaption><\/figure>\n<figure id=\"attachment_2171\" aria-describedby=\"caption-attachment-2171\" style=\"width: 640px\" class=\"wp-caption aligncenter\"><a href=\"https:\/\/i0.wp.com\/www.ellensailing.se\/wp-content\/uploads\/2018\/04\/56ADFFC1-2C28-4B4C-B350-3B0EB926366C.jpeg?ssl=1\"><img data-recalc-dims=\"1\" decoding=\"async\" class=\"wp-image-2171 size-large\" src=\"https:\/\/i0.wp.com\/www.ellensailing.se\/wp-content\/uploads\/2018\/04\/56ADFFC1-2C28-4B4C-B350-3B0EB926366C.jpeg?resize=640%2C480&#038;ssl=1\" alt=\"\" width=\"640\" height=\"480\" srcset=\"https:\/\/i0.wp.com\/www.ellensailing.se\/wp-content\/uploads\/2018\/04\/56ADFFC1-2C28-4B4C-B350-3B0EB926366C.jpeg?resize=1024%2C768&amp;ssl=1 1024w, https:\/\/i0.wp.com\/www.ellensailing.se\/wp-content\/uploads\/2018\/04\/56ADFFC1-2C28-4B4C-B350-3B0EB926366C.jpeg?resize=300%2C225&amp;ssl=1 300w, https:\/\/i0.wp.com\/www.ellensailing.se\/wp-content\/uploads\/2018\/04\/56ADFFC1-2C28-4B4C-B350-3B0EB926366C.jpeg?resize=768%2C576&amp;ssl=1 768w, https:\/\/i0.wp.com\/www.ellensailing.se\/wp-content\/uploads\/2018\/04\/56ADFFC1-2C28-4B4C-B350-3B0EB926366C.jpeg?resize=320%2C240&amp;ssl=1 320w, https:\/\/i0.wp.com\/www.ellensailing.se\/wp-content\/uploads\/2018\/04\/56ADFFC1-2C28-4B4C-B350-3B0EB926366C.jpeg?w=1680&amp;ssl=1 1680w, https:\/\/i0.wp.com\/www.ellensailing.se\/wp-content\/uploads\/2018\/04\/56ADFFC1-2C28-4B4C-B350-3B0EB926366C.jpeg?w=2520&amp;ssl=1 2520w\" sizes=\"(max-width: 640px) 100vw, 640px\" \/><\/a><figcaption id=\"caption-attachment-2171\" class=\"wp-caption-text\">P\u00e5 \u00f6n livn\u00e4r de sig p\u00e5 b\u00e5tbyggeri och fiske<\/figcaption><\/figure>\n<figure id=\"attachment_2172\" aria-describedby=\"caption-attachment-2172\" style=\"width: 640px\" class=\"wp-caption aligncenter\"><a href=\"https:\/\/i0.wp.com\/www.ellensailing.se\/wp-content\/uploads\/2018\/04\/7B9987C3-807E-42FD-B417-7FED6ECDDF14.jpeg?ssl=1\"><img data-recalc-dims=\"1\" decoding=\"async\" class=\"wp-image-2172 size-large\" src=\"https:\/\/i0.wp.com\/www.ellensailing.se\/wp-content\/uploads\/2018\/04\/7B9987C3-807E-42FD-B417-7FED6ECDDF14.jpeg?resize=640%2C480&#038;ssl=1\" alt=\"\" width=\"640\" height=\"480\" srcset=\"https:\/\/i0.wp.com\/www.ellensailing.se\/wp-content\/uploads\/2018\/04\/7B9987C3-807E-42FD-B417-7FED6ECDDF14.jpeg?resize=1024%2C768&amp;ssl=1 1024w, https:\/\/i0.wp.com\/www.ellensailing.se\/wp-content\/uploads\/2018\/04\/7B9987C3-807E-42FD-B417-7FED6ECDDF14.jpeg?resize=300%2C225&amp;ssl=1 300w, https:\/\/i0.wp.com\/www.ellensailing.se\/wp-content\/uploads\/2018\/04\/7B9987C3-807E-42FD-B417-7FED6ECDDF14.jpeg?resize=768%2C576&amp;ssl=1 768w, https:\/\/i0.wp.com\/www.ellensailing.se\/wp-content\/uploads\/2018\/04\/7B9987C3-807E-42FD-B417-7FED6ECDDF14.jpeg?resize=320%2C240&amp;ssl=1 320w, https:\/\/i0.wp.com\/www.ellensailing.se\/wp-content\/uploads\/2018\/04\/7B9987C3-807E-42FD-B417-7FED6ECDDF14.jpeg?w=1680&amp;ssl=1 1680w, https:\/\/i0.wp.com\/www.ellensailing.se\/wp-content\/uploads\/2018\/04\/7B9987C3-807E-42FD-B417-7FED6ECDDF14.jpeg?w=2520&amp;ssl=1 2520w\" sizes=\"(max-width: 640px) 100vw, 640px\" \/><\/a><figcaption id=\"caption-attachment-2172\" class=\"wp-caption-text\">Charmigt v\u00e4rre<\/figcaption><\/figure>\n<p>Tog en liten promenad och \u00e5t en sandwich hos Rainbow Caf\u00e9. Det \u00e4r s\u00e5 charmigt. Ikv\u00e4ll skall vi p\u00e5 Palm Beach Resturang och kommer troligtvis vara de enda g\u00e4sterna.<\/p>\n<p>I morgon seglar vi p\u00e5 ostsidan av Carriacou och tillbaka till Tyrell Bay. Det blir n\u00e5got stopp \u00f6ver dagen f\u00f6r att snorkla vi n\u00e5gon av de fina \u00f6arna \u00f6ster om Carriacou. Sedan p\u00e5 s\u00f6ndag kommer vi segla tidigt tillsammans med Infinty B till St. Geroge\u00b4s p\u00e5 Grenada. D\u00e4r har vi bokat plats p\u00e5 Grenada Yacht Club. Det var l\u00e4nge sedan vi l\u00e5g i hamn men det kan det vara v\u00e4rt, om inte annat s\u00e5 f\u00e5r ankaret vila. Darell fr\u00e5n Dive Carriacou skall segla med Frank och Amanda, det blir hans f\u00f6rsta segeltur och han har aldrig varit utanf\u00f6r Carriacou eller Grenada. Han skall h\u00e4lsa p\u00e5 sina sl\u00e4ktingar d\u00e4r innan han tar f\u00e4rjan tillbaka.<\/p>\n<p>&nbsp;<\/p>\n","protected":false},"excerpt":{"rendered":"<p>Vilken skillnad det \u00e4r bara ett stenkast h\u00e4rifr\u00e5n. H\u00e4r p\u00e5 Petit Martinique som tillh\u00f6r Grenada \u00e4r det inga b\u00e5tar alls.[&#8230;]<\/p>\n","protected":false},"author":1,"featured_media":2172,"comment_status":"open","ping_status":"open","sticky":false,"template":"","format":"standard","meta":{"_jetpack_newsletter_access":"","_jetpack_dont_email_post_to_subs":false,"_jetpack_newsletter_tier_id":0,"_jetpack_memberships_contains_paywalled_content":false,"_jetpack_feature_clip_id":0,"_jetpack_memberships_contains_paid_content":false,"footnotes":"","jetpack_publicize_message":"","jetpack_publicize_feature_enabled":true,"jetpack_social_post_already_shared":true,"jetpack_social_options":{"image_generator_settings":{"template":"highway","default_image_id":0,"font":"","enabled":false},"version":2},"jetpack_post_was_ever_published":false},"categories":[24],"tags":[],"class_list":["post-2169","post","type-post","status-publish","format-standard","has-post-thumbnail","hentry","category-vastindien-2017-2018"],"jetpack_publicize_connections":[],"jetpack_featured_media_url":"https:\/\/i0.wp.com\/www.ellensailing.se\/wp-content\/uploads\/2018\/04\/7B9987C3-807E-42FD-B417-7FED6ECDDF14.jpeg?fit=4032%2C3024&ssl=1","jetpack_sharing_enabled":true,"jetpack_shortlink":"https:\/\/wp.me\/p5G68R-yZ","jetpack-related-posts":[{"id":2152,"url":"https:\/\/www.ellensailing.se\/?p=2152","url_meta":{"origin":2169,"position":0},"title":"Onsadags tur p\u00e5 Carriacou och segling till Petit St:Vincent","author":"peter@ellensailing.se","date":"13 april, 2018","format":false,"excerpt":"Ig\u00e5r avslutade vi v\u00e5r tid p\u00e5 Carriacou med en l\u00e5ngpromenad runt hela norra halv\u00f6n. 16000 steg blev det. B\u00f6rjade vi b\u00e5tbyggeriet p\u00e5 Windward side f\u00f6r att g\u00e5 norrut och runt hela \u00f6n. Avslutade med en lunch p\u00e5 Round House. Helt magiskt gott och billigt. Carriacou \u00e4r s\u00e5 billigt och det\u2026","rel":"","context":"I \u201dV\u00e4stindien 2017-2018\u201d","block_context":{"text":"V\u00e4stindien 2017-2018","link":"https:\/\/www.ellensailing.se\/?cat=24"},"img":{"alt_text":"","src":"https:\/\/i0.wp.com\/www.ellensailing.se\/wp-content\/uploads\/2018\/04\/E03877F9-0CCB-4D0E-8848-65D598AEB157.jpeg?fit=1200%2C800&ssl=1&resize=350%2C200","width":350,"height":200,"srcset":"https:\/\/i0.wp.com\/www.ellensailing.se\/wp-content\/uploads\/2018\/04\/E03877F9-0CCB-4D0E-8848-65D598AEB157.jpeg?fit=1200%2C800&ssl=1&resize=350%2C200 1x, https:\/\/i0.wp.com\/www.ellensailing.se\/wp-content\/uploads\/2018\/04\/E03877F9-0CCB-4D0E-8848-65D598AEB157.jpeg?fit=1200%2C800&ssl=1&resize=525%2C300 1.5x, https:\/\/i0.wp.com\/www.ellensailing.se\/wp-content\/uploads\/2018\/04\/E03877F9-0CCB-4D0E-8848-65D598AEB157.jpeg?fit=1200%2C800&ssl=1&resize=700%2C400 2x, https:\/\/i0.wp.com\/www.ellensailing.se\/wp-content\/uploads\/2018\/04\/E03877F9-0CCB-4D0E-8848-65D598AEB157.jpeg?fit=1200%2C800&ssl=1&resize=1050%2C600 3x"},"classes":[]},{"id":2199,"url":"https:\/\/www.ellensailing.se\/?p=2199","url_meta":{"origin":2169,"position":1},"title":"Turistande p\u00e5 Grenada, en heldagsutflykt!","author":"peter@ellensailing.se","date":"24 april, 2018","format":false,"excerpt":"Vi gjorde idag Grenada tillsammans med Eva och Tobbe fr\u00e5n S\/Y Moana. De seglade till Brasilien och har kommit upp nu till Grenada f\u00f6r ett par dagar sedan. Vi tr\u00e4ffades f\u00f6r ett par \u00e5r sedan p\u00e5 v\u00e5r f\u00f6rsta avseglargrupp. J\u00e4ttekul att tr\u00e4ffas och att vi lyckades locka med dem. Det\u2026","rel":"","context":"I \u201dV\u00e4stindien 2017-2018\u201d","block_context":{"text":"V\u00e4stindien 2017-2018","link":"https:\/\/www.ellensailing.se\/?cat=24"},"img":{"alt_text":"","src":"https:\/\/i0.wp.com\/www.ellensailing.se\/wp-content\/uploads\/2018\/04\/2E16AF20-16D1-4C94-B366-092882BB5089.jpeg?fit=1200%2C800&ssl=1&resize=350%2C200","width":350,"height":200,"srcset":"https:\/\/i0.wp.com\/www.ellensailing.se\/wp-content\/uploads\/2018\/04\/2E16AF20-16D1-4C94-B366-092882BB5089.jpeg?fit=1200%2C800&ssl=1&resize=350%2C200 1x, https:\/\/i0.wp.com\/www.ellensailing.se\/wp-content\/uploads\/2018\/04\/2E16AF20-16D1-4C94-B366-092882BB5089.jpeg?fit=1200%2C800&ssl=1&resize=525%2C300 1.5x, https:\/\/i0.wp.com\/www.ellensailing.se\/wp-content\/uploads\/2018\/04\/2E16AF20-16D1-4C94-B366-092882BB5089.jpeg?fit=1200%2C800&ssl=1&resize=700%2C400 2x, https:\/\/i0.wp.com\/www.ellensailing.se\/wp-content\/uploads\/2018\/04\/2E16AF20-16D1-4C94-B366-092882BB5089.jpeg?fit=1200%2C800&ssl=1&resize=1050%2C600 3x"},"classes":[]},{"id":2062,"url":"https:\/\/www.ellensailing.se\/?p=2062","url_meta":{"origin":2169,"position":2},"title":"Union Island och Chatham Bay","author":"peter@ellensailing.se","date":"5 april, 2018","format":false,"excerpt":"Efter Tobago Keys s\u00e5 seglade vi till Chatham Bay som ligger p\u00e5 Union Island. Vi fick tips fr\u00e5n Ellen Heavy om att det var mycket bra d\u00e4r. N\u00e4r vi kom dit s\u00e5 l\u00e5g Infinity B och Dream Cacher d\u00e4r. Det \u00e4r roligt n\u00e4r man kommer in och n\u00e5gon ropar welcome\u2026","rel":"","context":"I \u201dV\u00e4stindien 2017-2018\u201d","block_context":{"text":"V\u00e4stindien 2017-2018","link":"https:\/\/www.ellensailing.se\/?cat=24"},"img":{"alt_text":"","src":"https:\/\/i0.wp.com\/www.ellensailing.se\/wp-content\/uploads\/2018\/04\/234FE322-38BC-4D5A-9995-2D2E00BC40D2.jpeg?fit=1200%2C900&ssl=1&resize=350%2C200","width":350,"height":200,"srcset":"https:\/\/i0.wp.com\/www.ellensailing.se\/wp-content\/uploads\/2018\/04\/234FE322-38BC-4D5A-9995-2D2E00BC40D2.jpeg?fit=1200%2C900&ssl=1&resize=350%2C200 1x, https:\/\/i0.wp.com\/www.ellensailing.se\/wp-content\/uploads\/2018\/04\/234FE322-38BC-4D5A-9995-2D2E00BC40D2.jpeg?fit=1200%2C900&ssl=1&resize=525%2C300 1.5x, https:\/\/i0.wp.com\/www.ellensailing.se\/wp-content\/uploads\/2018\/04\/234FE322-38BC-4D5A-9995-2D2E00BC40D2.jpeg?fit=1200%2C900&ssl=1&resize=700%2C400 2x, https:\/\/i0.wp.com\/www.ellensailing.se\/wp-content\/uploads\/2018\/04\/234FE322-38BC-4D5A-9995-2D2E00BC40D2.jpeg?fit=1200%2C900&ssl=1&resize=1050%2C600 3x"},"classes":[]},{"id":2177,"url":"https:\/\/www.ellensailing.se\/?p=2177","url_meta":{"origin":2169,"position":3},"title":"Great Baracuda p\u00e5 v\u00e4g till Grenada","author":"peter@ellensailing.se","date":"15 april, 2018","format":false,"excerpt":"I morse seglade vi till Grenada och strax utanf\u00f6r Carriacou fick vi en mega Baracuda, s\u00e4kert 15 kg tung. Vi fick g\u00e5 upp i vind f\u00f6r att minska farten och trots det h\u00f6ll jag p\u00e5 en halvtimme innan vi fick upp den luringen. Vilka t\u00e4nder de har. Infinity B hade\u2026","rel":"","context":"I \u201dV\u00e4stindien 2017-2018\u201d","block_context":{"text":"V\u00e4stindien 2017-2018","link":"https:\/\/www.ellensailing.se\/?cat=24"},"img":{"alt_text":"","src":"https:\/\/i0.wp.com\/www.ellensailing.se\/wp-content\/uploads\/2018\/04\/05610405-3054-4843-A45E-BE0928EFAA7A.jpeg?fit=1200%2C800&ssl=1&resize=350%2C200","width":350,"height":200,"srcset":"https:\/\/i0.wp.com\/www.ellensailing.se\/wp-content\/uploads\/2018\/04\/05610405-3054-4843-A45E-BE0928EFAA7A.jpeg?fit=1200%2C800&ssl=1&resize=350%2C200 1x, https:\/\/i0.wp.com\/www.ellensailing.se\/wp-content\/uploads\/2018\/04\/05610405-3054-4843-A45E-BE0928EFAA7A.jpeg?fit=1200%2C800&ssl=1&resize=525%2C300 1.5x, https:\/\/i0.wp.com\/www.ellensailing.se\/wp-content\/uploads\/2018\/04\/05610405-3054-4843-A45E-BE0928EFAA7A.jpeg?fit=1200%2C800&ssl=1&resize=700%2C400 2x, https:\/\/i0.wp.com\/www.ellensailing.se\/wp-content\/uploads\/2018\/04\/05610405-3054-4843-A45E-BE0928EFAA7A.jpeg?fit=1200%2C800&ssl=1&resize=1050%2C600 3x"},"classes":[]},{"id":2415,"url":"https:\/\/www.ellensailing.se\/?p=2415","url_meta":{"origin":2169,"position":4},"title":"Nu \u00e4r vi p\u00e5 g\u00e5ng igen!","author":"peter@ellensailing.se","date":"1 mars, 2019","format":false,"excerpt":"Allt \u00e4r packat och incheckat. \u00c4r nu p\u00e5 O\u00b4Learys och skall \u00e4ta. Ikv\u00e4ll flyger vi till London och tar en bil till Gatwick d\u00e4r vi sover \u00f6ver. I morgon bitti s\u00e5 g\u00e5r flyget direkt till Grenada. Skall bli kul att se Ellen igen. Nu blir det segla av i tv\u00e5\u2026","rel":"","context":"I \u201dV\u00e4stindien 2019\u201d","block_context":{"text":"V\u00e4stindien 2019","link":"https:\/\/www.ellensailing.se\/?cat=25"},"img":{"alt_text":"","src":"https:\/\/i0.wp.com\/www.ellensailing.se\/wp-content\/uploads\/2019\/03\/4187E59A-53BA-4DE9-A7DB-3CB76AA796E8.jpeg?fit=1200%2C902&ssl=1&resize=350%2C200","width":350,"height":200,"srcset":"https:\/\/i0.wp.com\/www.ellensailing.se\/wp-content\/uploads\/2019\/03\/4187E59A-53BA-4DE9-A7DB-3CB76AA796E8.jpeg?fit=1200%2C902&ssl=1&resize=350%2C200 1x, https:\/\/i0.wp.com\/www.ellensailing.se\/wp-content\/uploads\/2019\/03\/4187E59A-53BA-4DE9-A7DB-3CB76AA796E8.jpeg?fit=1200%2C902&ssl=1&resize=525%2C300 1.5x, https:\/\/i0.wp.com\/www.ellensailing.se\/wp-content\/uploads\/2019\/03\/4187E59A-53BA-4DE9-A7DB-3CB76AA796E8.jpeg?fit=1200%2C902&ssl=1&resize=700%2C400 2x, https:\/\/i0.wp.com\/www.ellensailing.se\/wp-content\/uploads\/2019\/03\/4187E59A-53BA-4DE9-A7DB-3CB76AA796E8.jpeg?fit=1200%2C902&ssl=1&resize=1050%2C600 3x"},"classes":[]},{"id":881,"url":"https:\/\/www.ellensailing.se\/?p=881","url_meta":{"origin":2169,"position":5},"title":"Nya Oceanseglar tidningen har kommit","author":"peter@ellensailing.se","date":"16 juni, 2016","format":false,"excerpt":"Nya tidningen av Oceanseglaren har kommit ut och d\u00e4r alla b\u00e5tar som \u00e5ker iv\u00e4g skriver lite. H\u00e4r kommer Ellen text. Dr\u00f6mmen om att segla \u00f6ver Atlanten har jag haft sedan jag var sju \u00e5r gammal och jag \u00e4r uppvuxen p\u00e5 en segleb\u00e5t sedan jag var tre dagar gammal. Jag heter\u2026","rel":"","context":"I \u201dSommar 2016\u201d","block_context":{"text":"Sommar 2016","link":"https:\/\/www.ellensailing.se\/?cat=20"},"img":{"alt_text":"","src":"https:\/\/i0.wp.com\/www.ellensailing.se\/wp-content\/uploads\/2016\/06\/OCEAN-e1466066977587.jpg?fit=900%2C1200&ssl=1&resize=350%2C200","width":350,"height":200,"srcset":"https:\/\/i0.wp.com\/www.ellensailing.se\/wp-content\/uploads\/2016\/06\/OCEAN-e1466066977587.jpg?fit=900%2C1200&ssl=1&resize=350%2C200 1x, https:\/\/i0.wp.com\/www.ellensailing.se\/wp-content\/uploads\/2016\/06\/OCEAN-e1466066977587.jpg?fit=900%2C1200&ssl=1&resize=525%2C300 1.5x, https:\/\/i0.wp.com\/www.ellensailing.se\/wp-content\/uploads\/2016\/06\/OCEAN-e1466066977587.jpg?fit=900%2C1200&ssl=1&resize=700%2C400 2x"},"classes":[]}],"jetpack_likes_enabled":false,"_links":{"self":[{"href":"https:\/\/www.ellensailing.se\/index.php?rest_route=\/wp\/v2\/posts\/2169","targetHints":{"allow":["GET"]}}],"collection":[{"href":"https:\/\/www.ellensailing.se\/index.php?rest_route=\/wp\/v2\/posts"}],"about":[{"href":"https:\/\/www.ellensailing.se\/index.php?rest_route=\/wp\/v2\/types\/post"}],"author":[{"embeddable":true,"href":"https:\/\/www.ellensailing.se\/index.php?rest_route=\/wp\/v2\/users\/1"}],"replies":[{"embeddable":true,"href":"https:\/\/www.ellensailing.se\/index.php?rest_route=%2Fwp%2Fv2%2Fcomments&post=2169"}],"version-history":[{"count":3,"href":"https:\/\/www.ellensailing.se\/index.php?rest_route=\/wp\/v2\/posts\/2169\/revisions"}],"predecessor-version":[{"id":2175,"href":"https:\/\/www.ellensailing.se\/index.php?rest_route=\/wp\/v2\/posts\/2169\/revisions\/2175"}],"wp:featuredmedia":[{"embeddable":true,"href":"https:\/\/www.ellensailing.se\/index.php?rest_route=\/wp\/v2\/media\/2172"}],"wp:attachment":[{"href":"https:\/\/www.ellensailing.se\/index.php?rest_route=%2Fwp%2Fv2%2Fmedia&parent=2169"}],"wp:term":[{"taxonomy":"category","embeddable":true,"href":"https:\/\/www.ellensailing.se\/index.php?rest_route=%2Fwp%2Fv2%2Fcategories&post=2169"},{"taxonomy":"post_tag","embeddable":true,"href":"https:\/\/www.ellensailing.se\/index.php?rest_route=%2Fwp%2Fv2%2Ftags&post=2169"}],"curies":[{"name":"wp","href":"https:\/\/api.w.org\/{rel}","templated":true}]}}