{"id":2011,"date":"2018-03-28T21:51:04","date_gmt":"2018-03-28T19:51:04","guid":{"rendered":"https:\/\/www.ellensailing.se\/?p=2011"},"modified":"2018-03-28T21:51:04","modified_gmt":"2018-03-28T19:51:04","slug":"bequia-2-0","status":"publish","type":"post","link":"https:\/\/www.ellensailing.se\/?p=2011","title":{"rendered":"Bequia 2.0"},"content":{"rendered":"<p>Efter en lyckad och trevlig kv\u00e4ll p\u00e5 Rock Side Caf\u00e9 seglade vi vidare till Bequia. Det var mindre b\u00e5tar h\u00e4r \u00e4n vid Jul men \u00e4nd\u00e5 mycket. Det fylldes dessutom p\u00e5 med m\u00e5nga b\u00e5tar f\u00f6r att p\u00e5 torsdag b\u00f6rjar Bequia Regatta. S\u00e5 m\u00e5nga segelb\u00e5tar \u00e4r d\u00e4r och har b\u00f6rjat tr\u00e4na lite.<\/p>\n<p>Det har varit v\u00e4ldigt v\u00e5gigt vid n\u00e5got tillf\u00e4lle och en del bryggor var helt bortspolade. \u00c4ven Open deck var t\u00e4mligen f\u00f6rst\u00f6rt och inte \u00e5teruppbyggt.<\/p>\n<p>Vi tr\u00e4ffade v\u00e5ra v\u00e4nner George och June fr\u00e5n Nantucket som var h\u00e4r ocks\u00e5. Tillsammans tillbringade vi en kv\u00e4ll och pratade b\u00e5tar. De \u00e4r nu p\u00e5 v\u00e4g upp till Antigua f\u00f6r att ta upp sin b\u00e5t. Vi missade tyv\u00e4rr Meg och Tom som hade lite brottom ner till Grenada f\u00f6r att lyfta upp b\u00e5ten. De skall flyga hem p\u00e5 torsdag f\u00f6r att b\u00f6rja jobba och s\u00e5 majs. Vi fick dock tr\u00e4ffa dem en kortis p\u00e5 St:Lucia.<\/p>\n<figure id=\"attachment_2012\" aria-describedby=\"caption-attachment-2012\" style=\"width: 640px\" class=\"wp-caption aligncenter\"><a href=\"https:\/\/i0.wp.com\/www.ellensailing.se\/wp-content\/uploads\/2018\/03\/C0857F0E-8F7D-40D0-96A4-00CC85657BCC.jpeg?ssl=1\"><img data-recalc-dims=\"1\" fetchpriority=\"high\" decoding=\"async\" class=\"wp-image-2012 size-large\" src=\"https:\/\/i0.wp.com\/www.ellensailing.se\/wp-content\/uploads\/2018\/03\/C0857F0E-8F7D-40D0-96A4-00CC85657BCC-e1522266346775-1024x768.jpeg?resize=640%2C480&#038;ssl=1\" alt=\"\" width=\"640\" height=\"480\" srcset=\"https:\/\/i0.wp.com\/www.ellensailing.se\/wp-content\/uploads\/2018\/03\/C0857F0E-8F7D-40D0-96A4-00CC85657BCC-e1522266346775.jpeg?resize=1024%2C768&amp;ssl=1 1024w, https:\/\/i0.wp.com\/www.ellensailing.se\/wp-content\/uploads\/2018\/03\/C0857F0E-8F7D-40D0-96A4-00CC85657BCC-e1522266346775.jpeg?resize=300%2C225&amp;ssl=1 300w, https:\/\/i0.wp.com\/www.ellensailing.se\/wp-content\/uploads\/2018\/03\/C0857F0E-8F7D-40D0-96A4-00CC85657BCC-e1522266346775.jpeg?resize=768%2C576&amp;ssl=1 768w, https:\/\/i0.wp.com\/www.ellensailing.se\/wp-content\/uploads\/2018\/03\/C0857F0E-8F7D-40D0-96A4-00CC85657BCC-e1522266346775.jpeg?resize=320%2C240&amp;ssl=1 320w, https:\/\/i0.wp.com\/www.ellensailing.se\/wp-content\/uploads\/2018\/03\/C0857F0E-8F7D-40D0-96A4-00CC85657BCC-e1522266346775.jpeg?w=1680&amp;ssl=1 1680w, https:\/\/i0.wp.com\/www.ellensailing.se\/wp-content\/uploads\/2018\/03\/C0857F0E-8F7D-40D0-96A4-00CC85657BCC-e1522266346775.jpeg?w=2520&amp;ssl=1 2520w\" sizes=\"(max-width: 640px) 100vw, 640px\" \/><\/a><figcaption id=\"caption-attachment-2012\" class=\"wp-caption-text\">Den nybyggda sp\u00e5ngen \u00e4r borta<\/figcaption><\/figure>\n<p>Vi hann ocks\u00e5 med tv\u00e5 l\u00e4ngre promenader med ett naturligt bes\u00f6k p\u00e5 Sugar Reef Caf\u00e9. Det \u00e4r s\u00e5 vackert d\u00e4r.<\/p>\n<figure id=\"attachment_2013\" aria-describedby=\"caption-attachment-2013\" style=\"width: 640px\" class=\"wp-caption aligncenter\"><a href=\"https:\/\/i0.wp.com\/www.ellensailing.se\/wp-content\/uploads\/2018\/03\/349727EC-D5B3-43BF-B368-48468F7A9889.jpeg?ssl=1\"><img data-recalc-dims=\"1\" decoding=\"async\" class=\"wp-image-2013 size-large\" src=\"https:\/\/i0.wp.com\/www.ellensailing.se\/wp-content\/uploads\/2018\/03\/349727EC-D5B3-43BF-B368-48468F7A9889.jpeg?resize=640%2C853&#038;ssl=1\" alt=\"\" width=\"640\" height=\"853\" srcset=\"https:\/\/i0.wp.com\/www.ellensailing.se\/wp-content\/uploads\/2018\/03\/349727EC-D5B3-43BF-B368-48468F7A9889.jpeg?resize=768%2C1024&amp;ssl=1 768w, https:\/\/i0.wp.com\/www.ellensailing.se\/wp-content\/uploads\/2018\/03\/349727EC-D5B3-43BF-B368-48468F7A9889.jpeg?resize=225%2C300&amp;ssl=1 225w, https:\/\/i0.wp.com\/www.ellensailing.se\/wp-content\/uploads\/2018\/03\/349727EC-D5B3-43BF-B368-48468F7A9889.jpeg?w=1680&amp;ssl=1 1680w, https:\/\/i0.wp.com\/www.ellensailing.se\/wp-content\/uploads\/2018\/03\/349727EC-D5B3-43BF-B368-48468F7A9889.jpeg?w=2520&amp;ssl=1 2520w\" sizes=\"(max-width: 640px) 100vw, 640px\" \/><\/a><figcaption id=\"caption-attachment-2013\" class=\"wp-caption-text\">En rakl\u00e5ng bild efter den l\u00e5nga promenaden.<\/figcaption><\/figure>\n<figure id=\"attachment_2014\" aria-describedby=\"caption-attachment-2014\" style=\"width: 640px\" class=\"wp-caption aligncenter\"><a href=\"https:\/\/i0.wp.com\/www.ellensailing.se\/wp-content\/uploads\/2018\/03\/18F6CAA2-C222-47DB-9297-B8191390EA4A.jpeg?ssl=1\"><img data-recalc-dims=\"1\" decoding=\"async\" class=\"wp-image-2014 size-large\" src=\"https:\/\/i0.wp.com\/www.ellensailing.se\/wp-content\/uploads\/2018\/03\/18F6CAA2-C222-47DB-9297-B8191390EA4A.jpeg?resize=640%2C480&#038;ssl=1\" alt=\"\" width=\"640\" height=\"480\" srcset=\"https:\/\/i0.wp.com\/www.ellensailing.se\/wp-content\/uploads\/2018\/03\/18F6CAA2-C222-47DB-9297-B8191390EA4A.jpeg?resize=1024%2C768&amp;ssl=1 1024w, https:\/\/i0.wp.com\/www.ellensailing.se\/wp-content\/uploads\/2018\/03\/18F6CAA2-C222-47DB-9297-B8191390EA4A.jpeg?resize=300%2C225&amp;ssl=1 300w, https:\/\/i0.wp.com\/www.ellensailing.se\/wp-content\/uploads\/2018\/03\/18F6CAA2-C222-47DB-9297-B8191390EA4A.jpeg?resize=768%2C576&amp;ssl=1 768w, https:\/\/i0.wp.com\/www.ellensailing.se\/wp-content\/uploads\/2018\/03\/18F6CAA2-C222-47DB-9297-B8191390EA4A.jpeg?resize=320%2C240&amp;ssl=1 320w, https:\/\/i0.wp.com\/www.ellensailing.se\/wp-content\/uploads\/2018\/03\/18F6CAA2-C222-47DB-9297-B8191390EA4A.jpeg?w=1680&amp;ssl=1 1680w, https:\/\/i0.wp.com\/www.ellensailing.se\/wp-content\/uploads\/2018\/03\/18F6CAA2-C222-47DB-9297-B8191390EA4A.jpeg?w=2520&amp;ssl=1 2520w\" sizes=\"(max-width: 640px) 100vw, 640px\" \/><\/a><figcaption id=\"caption-attachment-2014\" class=\"wp-caption-text\">Fin utsikt fr\u00e5n bordet<\/figcaption><\/figure>\n<figure id=\"attachment_2015\" aria-describedby=\"caption-attachment-2015\" style=\"width: 640px\" class=\"wp-caption aligncenter\"><a href=\"https:\/\/i0.wp.com\/www.ellensailing.se\/wp-content\/uploads\/2018\/03\/E561110F-6BB7-4F86-9184-314AC3384F8B.jpeg?ssl=1\"><img data-recalc-dims=\"1\" loading=\"lazy\" decoding=\"async\" class=\"wp-image-2015 size-large\" src=\"https:\/\/i0.wp.com\/www.ellensailing.se\/wp-content\/uploads\/2018\/03\/E561110F-6BB7-4F86-9184-314AC3384F8B.jpeg?resize=640%2C480&#038;ssl=1\" alt=\"\" width=\"640\" height=\"480\" srcset=\"https:\/\/i0.wp.com\/www.ellensailing.se\/wp-content\/uploads\/2018\/03\/E561110F-6BB7-4F86-9184-314AC3384F8B.jpeg?resize=1024%2C768&amp;ssl=1 1024w, https:\/\/i0.wp.com\/www.ellensailing.se\/wp-content\/uploads\/2018\/03\/E561110F-6BB7-4F86-9184-314AC3384F8B.jpeg?resize=300%2C225&amp;ssl=1 300w, https:\/\/i0.wp.com\/www.ellensailing.se\/wp-content\/uploads\/2018\/03\/E561110F-6BB7-4F86-9184-314AC3384F8B.jpeg?resize=768%2C576&amp;ssl=1 768w, https:\/\/i0.wp.com\/www.ellensailing.se\/wp-content\/uploads\/2018\/03\/E561110F-6BB7-4F86-9184-314AC3384F8B.jpeg?resize=320%2C240&amp;ssl=1 320w, https:\/\/i0.wp.com\/www.ellensailing.se\/wp-content\/uploads\/2018\/03\/E561110F-6BB7-4F86-9184-314AC3384F8B.jpeg?w=1680&amp;ssl=1 1680w, https:\/\/i0.wp.com\/www.ellensailing.se\/wp-content\/uploads\/2018\/03\/E561110F-6BB7-4F86-9184-314AC3384F8B.jpeg?w=2520&amp;ssl=1 2520w\" sizes=\"(max-width: 640px) 100vw, 640px\" \/><\/a><figcaption id=\"caption-attachment-2015\" class=\"wp-caption-text\">Passade p\u00e5 att bada ocks\u00e5, helt ensamma p\u00e5 stranden<\/figcaption><\/figure>\n<figure id=\"attachment_2016\" aria-describedby=\"caption-attachment-2016\" style=\"width: 640px\" class=\"wp-caption aligncenter\"><a href=\"https:\/\/i0.wp.com\/www.ellensailing.se\/wp-content\/uploads\/2018\/03\/0436AFF7-3060-4808-BEA0-6A866C27B407.jpeg?ssl=1\"><img data-recalc-dims=\"1\" loading=\"lazy\" decoding=\"async\" class=\"wp-image-2016 size-large\" src=\"https:\/\/i0.wp.com\/www.ellensailing.se\/wp-content\/uploads\/2018\/03\/0436AFF7-3060-4808-BEA0-6A866C27B407.jpeg?resize=640%2C480&#038;ssl=1\" alt=\"\" width=\"640\" height=\"480\" srcset=\"https:\/\/i0.wp.com\/www.ellensailing.se\/wp-content\/uploads\/2018\/03\/0436AFF7-3060-4808-BEA0-6A866C27B407.jpeg?resize=1024%2C768&amp;ssl=1 1024w, https:\/\/i0.wp.com\/www.ellensailing.se\/wp-content\/uploads\/2018\/03\/0436AFF7-3060-4808-BEA0-6A866C27B407.jpeg?resize=300%2C225&amp;ssl=1 300w, https:\/\/i0.wp.com\/www.ellensailing.se\/wp-content\/uploads\/2018\/03\/0436AFF7-3060-4808-BEA0-6A866C27B407.jpeg?resize=768%2C576&amp;ssl=1 768w, https:\/\/i0.wp.com\/www.ellensailing.se\/wp-content\/uploads\/2018\/03\/0436AFF7-3060-4808-BEA0-6A866C27B407.jpeg?resize=320%2C240&amp;ssl=1 320w, https:\/\/i0.wp.com\/www.ellensailing.se\/wp-content\/uploads\/2018\/03\/0436AFF7-3060-4808-BEA0-6A866C27B407.jpeg?w=1680&amp;ssl=1 1680w, https:\/\/i0.wp.com\/www.ellensailing.se\/wp-content\/uploads\/2018\/03\/0436AFF7-3060-4808-BEA0-6A866C27B407.jpeg?w=2520&amp;ssl=1 2520w\" sizes=\"(max-width: 640px) 100vw, 640px\" \/><\/a><figcaption id=\"caption-attachment-2016\" class=\"wp-caption-text\">Lunchkonsert<\/figcaption><\/figure>\n","protected":false},"excerpt":{"rendered":"<p>Efter en lyckad och trevlig kv\u00e4ll p\u00e5 Rock Side Caf\u00e9 seglade vi vidare till Bequia. Det var mindre b\u00e5tar h\u00e4r[&#8230;]<\/p>\n","protected":false},"author":1,"featured_media":2012,"comment_status":"open","ping_status":"open","sticky":false,"template":"","format":"standard","meta":{"_jetpack_newsletter_access":"","_jetpack_dont_email_post_to_subs":false,"_jetpack_newsletter_tier_id":0,"_jetpack_memberships_contains_paywalled_content":false,"_jetpack_feature_clip_id":0,"_jetpack_memberships_contains_paid_content":false,"footnotes":"","jetpack_publicize_message":"","jetpack_publicize_feature_enabled":true,"jetpack_social_post_already_shared":true,"jetpack_social_options":{"image_generator_settings":{"template":"highway","default_image_id":0,"font":"","enabled":false},"version":2},"jetpack_post_was_ever_published":false},"categories":[24],"tags":[],"class_list":["post-2011","post","type-post","status-publish","format-standard","has-post-thumbnail","hentry","category-vastindien-2017-2018"],"jetpack_publicize_connections":[],"jetpack_featured_media_url":"https:\/\/i0.wp.com\/www.ellensailing.se\/wp-content\/uploads\/2018\/03\/C0857F0E-8F7D-40D0-96A4-00CC85657BCC-e1522266346775.jpeg?fit=3264%2C2448&ssl=1","jetpack_sharing_enabled":true,"jetpack_shortlink":"https:\/\/wp.me\/p5G68R-wr","jetpack-related-posts":[{"id":2018,"url":"https:\/\/www.ellensailing.se\/?p=2018","url_meta":{"origin":2011,"position":0},"title":"En h\u00e4rlig kryss ut till Mustique","author":"peter@ellensailing.se","date":"28 mars, 2018","format":false,"excerpt":"Idag har vi kryssat fr\u00e5n Bequia till Mustique som ligger n\u00e4sta \u00f6sterut fr\u00e5n Bequia. Det bl\u00e5ste runt 13 knop och ingen sj\u00f6 alls, s\u00e5 det var som att segla hemma. Ikv\u00e4ll skall vi g\u00e5 musikkv\u00e4ll p\u00e5 Basil Bar eller som den heter nu New Basil Bar. Hela baren och restaurangen\u2026","rel":"","context":"I \u201dV\u00e4stindien 2017-2018\u201d","block_context":{"text":"V\u00e4stindien 2017-2018","link":"https:\/\/www.ellensailing.se\/?cat=24"},"img":{"alt_text":"","src":"https:\/\/i0.wp.com\/www.ellensailing.se\/wp-content\/uploads\/2018\/03\/DCD426E4-0C32-492D-BB53-E06E54C74D73.jpeg?fit=1200%2C900&ssl=1&resize=350%2C200","width":350,"height":200,"srcset":"https:\/\/i0.wp.com\/www.ellensailing.se\/wp-content\/uploads\/2018\/03\/DCD426E4-0C32-492D-BB53-E06E54C74D73.jpeg?fit=1200%2C900&ssl=1&resize=350%2C200 1x, https:\/\/i0.wp.com\/www.ellensailing.se\/wp-content\/uploads\/2018\/03\/DCD426E4-0C32-492D-BB53-E06E54C74D73.jpeg?fit=1200%2C900&ssl=1&resize=525%2C300 1.5x, https:\/\/i0.wp.com\/www.ellensailing.se\/wp-content\/uploads\/2018\/03\/DCD426E4-0C32-492D-BB53-E06E54C74D73.jpeg?fit=1200%2C900&ssl=1&resize=700%2C400 2x, https:\/\/i0.wp.com\/www.ellensailing.se\/wp-content\/uploads\/2018\/03\/DCD426E4-0C32-492D-BB53-E06E54C74D73.jpeg?fit=1200%2C900&ssl=1&resize=1050%2C600 3x"},"classes":[]},{"id":1659,"url":"https:\/\/www.ellensailing.se\/?p=1659","url_meta":{"origin":2011,"position":1},"title":"Superslappning i Marigot Bay","author":"peter@ellensailing.se","date":"18 december, 2017","format":false,"excerpt":"Ig\u00e5r ankrade vi utanf\u00f6r halv\u00f6n i Marigot Bay, det var helt okej men i morse s\u00e5 flyttade vi in i viken. Det \u00e4r mycket b\u00e5tar h\u00e4r som jag tror \u00e4r p\u00e5 v\u00e4g s\u00f6derut. N\u00e4r man ligger p\u00e5 moring fr\u00e5n marinan s\u00e5 ing\u00e5r ocks\u00e5 att man f\u00e5r anv\u00e4nda poolomr\u00e5det p\u00e5 Capella\u2026","rel":"","context":"I \u201dV\u00e4stindien 2017-2018\u201d","block_context":{"text":"V\u00e4stindien 2017-2018","link":"https:\/\/www.ellensailing.se\/?cat=24"},"img":{"alt_text":"","src":"https:\/\/i0.wp.com\/www.ellensailing.se\/wp-content\/uploads\/2017\/12\/DSC5348.jpg?fit=1200%2C802&ssl=1&resize=350%2C200","width":350,"height":200,"srcset":"https:\/\/i0.wp.com\/www.ellensailing.se\/wp-content\/uploads\/2017\/12\/DSC5348.jpg?fit=1200%2C802&ssl=1&resize=350%2C200 1x, https:\/\/i0.wp.com\/www.ellensailing.se\/wp-content\/uploads\/2017\/12\/DSC5348.jpg?fit=1200%2C802&ssl=1&resize=525%2C300 1.5x, https:\/\/i0.wp.com\/www.ellensailing.se\/wp-content\/uploads\/2017\/12\/DSC5348.jpg?fit=1200%2C802&ssl=1&resize=700%2C400 2x, https:\/\/i0.wp.com\/www.ellensailing.se\/wp-content\/uploads\/2017\/12\/DSC5348.jpg?fit=1200%2C802&ssl=1&resize=1050%2C600 3x"},"classes":[]},{"id":1670,"url":"https:\/\/www.ellensailing.se\/?p=1670","url_meta":{"origin":2011,"position":2},"title":"L\u00e5ngpromenad uppf\u00f6r h\u00f6gsta berget p\u00e5 Bequia!","author":"peter@ellensailing.se","date":"22 december, 2017","format":false,"excerpt":"Ig\u00e5r samlades m\u00e5nga b\u00e5tar fr\u00e5n OSK f\u00f6r att g\u00f6ra ett litet \u00e4ventyr. Det var vi p\u00e5 Ellen, Think Twice och Engla. Vi hade h\u00f6rt att man kunde g\u00e5 fr\u00e5n Lower Bay men att det kunde vara sv\u00e5rt att hitta. Trots vi fr\u00e5gade fick vi avbryta. Som tur var kom en\u2026","rel":"","context":"I \u201dV\u00e4stindien 2017-2018\u201d","block_context":{"text":"V\u00e4stindien 2017-2018","link":"https:\/\/www.ellensailing.se\/?cat=24"},"img":{"alt_text":"","src":"https:\/\/i0.wp.com\/www.ellensailing.se\/wp-content\/uploads\/2017\/12\/IMG_0995.jpg?fit=1200%2C900&ssl=1&resize=350%2C200","width":350,"height":200,"srcset":"https:\/\/i0.wp.com\/www.ellensailing.se\/wp-content\/uploads\/2017\/12\/IMG_0995.jpg?fit=1200%2C900&ssl=1&resize=350%2C200 1x, https:\/\/i0.wp.com\/www.ellensailing.se\/wp-content\/uploads\/2017\/12\/IMG_0995.jpg?fit=1200%2C900&ssl=1&resize=525%2C300 1.5x, https:\/\/i0.wp.com\/www.ellensailing.se\/wp-content\/uploads\/2017\/12\/IMG_0995.jpg?fit=1200%2C900&ssl=1&resize=700%2C400 2x, https:\/\/i0.wp.com\/www.ellensailing.se\/wp-content\/uploads\/2017\/12\/IMG_0995.jpg?fit=1200%2C900&ssl=1&resize=1050%2C600 3x"},"classes":[]},{"id":1698,"url":"https:\/\/www.ellensailing.se\/?p=1698","url_meta":{"origin":2011,"position":3},"title":"Paradiset Tobago Cays och Union Island","author":"peter@ellensailing.se","date":"28 december, 2017","format":false,"excerpt":"Nu \u00e4r vi tillbaka igen i Bequia efter en lite tur till Mayreau och Salt Whistle Bay, Tobago Cays och Union Island. Har varit tre intensiva dagar med mycket bl\u00e5st och h\u00e4rliga str\u00e4nder. Salt Whistle Bay var mycket tr\u00e5ngt med m\u00e5nga b\u00e5tar men ack s\u00e5 fint \u00e4nd\u00e5. Blev inte mycket\u2026","rel":"","context":"I \u201dV\u00e4stindien 2017-2018\u201d","block_context":{"text":"V\u00e4stindien 2017-2018","link":"https:\/\/www.ellensailing.se\/?cat=24"},"img":{"alt_text":"","src":"https:\/\/i0.wp.com\/www.ellensailing.se\/wp-content\/uploads\/2017\/12\/IMG_0570.jpg?fit=1200%2C800&ssl=1&resize=350%2C200","width":350,"height":200,"srcset":"https:\/\/i0.wp.com\/www.ellensailing.se\/wp-content\/uploads\/2017\/12\/IMG_0570.jpg?fit=1200%2C800&ssl=1&resize=350%2C200 1x, https:\/\/i0.wp.com\/www.ellensailing.se\/wp-content\/uploads\/2017\/12\/IMG_0570.jpg?fit=1200%2C800&ssl=1&resize=525%2C300 1.5x, https:\/\/i0.wp.com\/www.ellensailing.se\/wp-content\/uploads\/2017\/12\/IMG_0570.jpg?fit=1200%2C800&ssl=1&resize=700%2C400 2x, https:\/\/i0.wp.com\/www.ellensailing.se\/wp-content\/uploads\/2017\/12\/IMG_0570.jpg?fit=1200%2C800&ssl=1&resize=1050%2C600 3x"},"classes":[]},{"id":3765,"url":"https:\/\/www.ellensailing.se\/?p=3765","url_meta":{"origin":2011,"position":4},"title":"Underbar Julmiddag!","author":"peter@ellensailing.se","date":"7 december, 2024","format":false,"excerpt":"Ikv\u00e4ll hade vi en fantastiskt kv\u00e4ll eller eftermiddag! Fyra b\u00e5tar tr\u00e4ffades och hade julbord p\u00e5 Kastellet utanf\u00f6r Vaxholm. B\u00f6rjade med b\u00e5t fr\u00e5n Strandv\u00e4gen mot Kastellet! Det bj\u00f6ds p\u00e5 gl\u00f6gg och det var ett glatt g\u00e4ng ombord. V\u00e4l framme s\u00e5 kom vi n p\u00e5 Kastellet som \u00e4r supermysig! Men vilket Julbord!\u2026","rel":"","context":"I \u201dB\u00e5ten p\u00e5 land\u201d","block_context":{"text":"B\u00e5ten p\u00e5 land","link":"https:\/\/www.ellensailing.se\/?cat=3"},"img":{"alt_text":"","src":"https:\/\/i0.wp.com\/www.ellensailing.se\/wp-content\/uploads\/2024\/12\/img_0011-1.jpg?fit=1200%2C900&ssl=1&resize=350%2C200","width":350,"height":200,"srcset":"https:\/\/i0.wp.com\/www.ellensailing.se\/wp-content\/uploads\/2024\/12\/img_0011-1.jpg?fit=1200%2C900&ssl=1&resize=350%2C200 1x, https:\/\/i0.wp.com\/www.ellensailing.se\/wp-content\/uploads\/2024\/12\/img_0011-1.jpg?fit=1200%2C900&ssl=1&resize=525%2C300 1.5x, https:\/\/i0.wp.com\/www.ellensailing.se\/wp-content\/uploads\/2024\/12\/img_0011-1.jpg?fit=1200%2C900&ssl=1&resize=700%2C400 2x, https:\/\/i0.wp.com\/www.ellensailing.se\/wp-content\/uploads\/2024\/12\/img_0011-1.jpg?fit=1200%2C900&ssl=1&resize=1050%2C600 3x"},"classes":[]},{"id":3046,"url":"https:\/\/www.ellensailing.se\/?p=3046","url_meta":{"origin":2011,"position":5},"title":"Kaos f\u00f6rsta veckan p\u00e5 semestern!","author":"peter@ellensailing.se","date":"4 juli, 2021","format":false,"excerpt":"P\u00e5 midsommardagen p\u00e5b\u00f6rjade vi v\u00e5r segling. F\u00f6rsta str\u00e4ckan blev inte l\u00e5ng, bara 1,37NM fr\u00e5n Grepen Marin till \u00d6regrundshamn. Vi l\u00e4mnade alla barnen p\u00e5 landet som fick ta hand om allt. F\u00f6rsta kv\u00e4llen var j\u00e4ttemysig och vi gick ut och \u00e5t p\u00e5 Melkers k\u00f6ttbod, supergott. Dagen efter s\u00e5 gick vi fr\u00e5n\u2026","rel":"","context":"I \u201dSegling 2021\u201d","block_context":{"text":"Segling 2021","link":"https:\/\/www.ellensailing.se\/?cat=28"},"img":{"alt_text":"","src":"https:\/\/i0.wp.com\/www.ellensailing.se\/wp-content\/uploads\/2021\/07\/Sjoraddning3.jpg?fit=640%2C480&ssl=1&resize=350%2C200","width":350,"height":200,"srcset":"https:\/\/i0.wp.com\/www.ellensailing.se\/wp-content\/uploads\/2021\/07\/Sjoraddning3.jpg?fit=640%2C480&ssl=1&resize=350%2C200 1x, https:\/\/i0.wp.com\/www.ellensailing.se\/wp-content\/uploads\/2021\/07\/Sjoraddning3.jpg?fit=640%2C480&ssl=1&resize=525%2C300 1.5x"},"classes":[]}],"jetpack_likes_enabled":false,"_links":{"self":[{"href":"https:\/\/www.ellensailing.se\/index.php?rest_route=\/wp\/v2\/posts\/2011","targetHints":{"allow":["GET"]}}],"collection":[{"href":"https:\/\/www.ellensailing.se\/index.php?rest_route=\/wp\/v2\/posts"}],"about":[{"href":"https:\/\/www.ellensailing.se\/index.php?rest_route=\/wp\/v2\/types\/post"}],"author":[{"embeddable":true,"href":"https:\/\/www.ellensailing.se\/index.php?rest_route=\/wp\/v2\/users\/1"}],"replies":[{"embeddable":true,"href":"https:\/\/www.ellensailing.se\/index.php?rest_route=%2Fwp%2Fv2%2Fcomments&post=2011"}],"version-history":[{"count":1,"href":"https:\/\/www.ellensailing.se\/index.php?rest_route=\/wp\/v2\/posts\/2011\/revisions"}],"predecessor-version":[{"id":2017,"href":"https:\/\/www.ellensailing.se\/index.php?rest_route=\/wp\/v2\/posts\/2011\/revisions\/2017"}],"wp:featuredmedia":[{"embeddable":true,"href":"https:\/\/www.ellensailing.se\/index.php?rest_route=\/wp\/v2\/media\/2012"}],"wp:attachment":[{"href":"https:\/\/www.ellensailing.se\/index.php?rest_route=%2Fwp%2Fv2%2Fmedia&parent=2011"}],"wp:term":[{"taxonomy":"category","embeddable":true,"href":"https:\/\/www.ellensailing.se\/index.php?rest_route=%2Fwp%2Fv2%2Fcategories&post=2011"},{"taxonomy":"post_tag","embeddable":true,"href":"https:\/\/www.ellensailing.se\/index.php?rest_route=%2Fwp%2Fv2%2Ftags&post=2011"}],"curies":[{"name":"wp","href":"https:\/\/api.w.org\/{rel}","templated":true}]}}