{"id":1961,"date":"2018-03-19T21:14:18","date_gmt":"2018-03-19T20:14:18","guid":{"rendered":"https:\/\/www.ellensailing.se\/?p=1961"},"modified":"2018-03-19T21:14:18","modified_gmt":"2018-03-19T20:14:18","slug":"vilket-vaderomslag-det-ar","status":"publish","type":"post","link":"https:\/\/www.ellensailing.se\/?p=1961","title":{"rendered":"Vilket v\u00e4deromslag det \u00e4r."},"content":{"rendered":"<p>Det har blivit s\u00e5 sk\u00f6nt i Karibien med h\u00e4rlig v\u00e4rme och inget regn. Det \u00e4r till och med att man \u00f6nskar sig regn s\u00e5 b\u00e5ten blir av med allt salt.<\/p>\n<p>P\u00e5 L\u00f6rdagen den 17 mars l\u00e4mnade vi Dominica efter vi f\u00e5tt v\u00e5r glasflaska fylld av en av PAYS killarna. Kostade bara 60 EC som \u00e4r ca 180 kronor f\u00f6r en 5 kilos \u00a0flaska. Vi passade p\u00e5 att g\u00e5 p\u00e5 markanden d\u00e4r alla b\u00f6nder kommer f\u00f6r att s\u00e4lja sina gr\u00f6dor. Marknaden b\u00f6rjar redan klockan 6 p\u00e5 morgonen. Vi var d\u00e4r vid 8 och d\u00e5 var mycket sluts\u00e5lt.<\/p>\n<p>N\u00e4r vi handlat s\u00e5 skulle Jackline hoppa i dingen fr\u00e5n en fiskeb\u00e5t men den ryckte till s\u00e5 hon fl\u00f6g ner i dingen med resultat av tv\u00e5 bl\u00e5m\u00e4rken p\u00e5 rumpan och ett litet jack i axeln.<\/p>\n<p>Seglade ner till Martinique, ganska l\u00e5ng segling f\u00f6r man seglar fr\u00e5n norra Dominica till norra Maritinique. Kom till St:Pierre vid 6 tiden p\u00e5 kv\u00e4llen. Dagen efter s\u00e5 seglade vi till v\u00e5r favoritvik p\u00e5 Martinique som heter Gran Anse. Har just tagit en l\u00e5nglunch p\u00e5 Ti Payot som ocks\u00e5 har bra wi-fi.<\/p>\n<figure id=\"attachment_1962\" aria-describedby=\"caption-attachment-1962\" style=\"width: 640px\" class=\"wp-caption aligncenter\"><a href=\"https:\/\/i0.wp.com\/www.ellensailing.se\/wp-content\/uploads\/2018\/03\/image.jpg?ssl=1\"><img data-recalc-dims=\"1\" fetchpriority=\"high\" decoding=\"async\" class=\"wp-image-1962 size-large\" src=\"https:\/\/i0.wp.com\/www.ellensailing.se\/wp-content\/uploads\/2018\/03\/image.jpg?resize=640%2C480&#038;ssl=1\" alt=\"\" width=\"640\" height=\"480\" srcset=\"https:\/\/i0.wp.com\/www.ellensailing.se\/wp-content\/uploads\/2018\/03\/image.jpg?resize=1024%2C768&amp;ssl=1 1024w, https:\/\/i0.wp.com\/www.ellensailing.se\/wp-content\/uploads\/2018\/03\/image.jpg?resize=300%2C225&amp;ssl=1 300w, https:\/\/i0.wp.com\/www.ellensailing.se\/wp-content\/uploads\/2018\/03\/image.jpg?resize=768%2C576&amp;ssl=1 768w, https:\/\/i0.wp.com\/www.ellensailing.se\/wp-content\/uploads\/2018\/03\/image.jpg?resize=320%2C240&amp;ssl=1 320w, https:\/\/i0.wp.com\/www.ellensailing.se\/wp-content\/uploads\/2018\/03\/image.jpg?w=1680&amp;ssl=1 1680w, https:\/\/i0.wp.com\/www.ellensailing.se\/wp-content\/uploads\/2018\/03\/image.jpg?w=2520&amp;ssl=1 2520w\" sizes=\"(max-width: 640px) 100vw, 640px\" \/><\/a><figcaption id=\"caption-attachment-1962\" class=\"wp-caption-text\">Lunch p\u00e5 Ti Payot med bra wi-fi. T\u00e4nk p\u00e5 att h\u00e4r m\u00e5ste man boka bord.<\/figcaption><\/figure>\n","protected":false},"excerpt":{"rendered":"<p>Det har blivit s\u00e5 sk\u00f6nt i Karibien med h\u00e4rlig v\u00e4rme och inget regn. Det \u00e4r till och med att man[&#8230;]<\/p>\n","protected":false},"author":1,"featured_media":1962,"comment_status":"open","ping_status":"open","sticky":false,"template":"","format":"standard","meta":{"_jetpack_newsletter_access":"","_jetpack_dont_email_post_to_subs":false,"_jetpack_newsletter_tier_id":0,"_jetpack_memberships_contains_paywalled_content":false,"_jetpack_feature_clip_id":0,"_jetpack_memberships_contains_paid_content":false,"footnotes":"","jetpack_publicize_message":"","jetpack_publicize_feature_enabled":true,"jetpack_social_post_already_shared":true,"jetpack_social_options":{"image_generator_settings":{"template":"highway","default_image_id":0,"font":"","enabled":false},"version":2},"jetpack_post_was_ever_published":false},"categories":[24],"tags":[],"class_list":["post-1961","post","type-post","status-publish","format-standard","has-post-thumbnail","hentry","category-vastindien-2017-2018"],"jetpack_publicize_connections":[],"jetpack_featured_media_url":"https:\/\/i0.wp.com\/www.ellensailing.se\/wp-content\/uploads\/2018\/03\/image.jpg?fit=4032%2C3024&ssl=1","jetpack_sharing_enabled":true,"jetpack_shortlink":"https:\/\/wp.me\/p5G68R-vD","jetpack-related-posts":[{"id":1805,"url":"https:\/\/www.ellensailing.se\/?p=1805","url_meta":{"origin":1961,"position":0},"title":"Dominica, \u00f6n med f\u00f6redetta regnskogar","author":"peter@ellensailing.se","date":"7 februari, 2018","format":false,"excerpt":"Dominica brukar kallas den gr\u00f6na \u00f6n f\u00f6r det regnar och man har en bra jord som n\u00e4stan allt v\u00e4xer p\u00e5. Dominica hetta fr\u00e5n b\u00f6rjan Kubuli innan Columbus anl\u00e4nde p\u00e5 sin andra segling. Han kom en s\u00f6ndag morgon och p\u00e5 latin heter s\u00f6ndag Dominica eller herrens dag, som blev det nya\u2026","rel":"","context":"I \u201dV\u00e4stindien 2017-2018\u201d","block_context":{"text":"V\u00e4stindien 2017-2018","link":"https:\/\/www.ellensailing.se\/?cat=24"},"img":{"alt_text":"","src":"https:\/\/i0.wp.com\/www.ellensailing.se\/wp-content\/uploads\/2018\/02\/51194068-9190-4FFE-8F6C-C476AFCF7C8A.jpeg?fit=1200%2C800&ssl=1&resize=350%2C200","width":350,"height":200,"srcset":"https:\/\/i0.wp.com\/www.ellensailing.se\/wp-content\/uploads\/2018\/02\/51194068-9190-4FFE-8F6C-C476AFCF7C8A.jpeg?fit=1200%2C800&ssl=1&resize=350%2C200 1x, https:\/\/i0.wp.com\/www.ellensailing.se\/wp-content\/uploads\/2018\/02\/51194068-9190-4FFE-8F6C-C476AFCF7C8A.jpeg?fit=1200%2C800&ssl=1&resize=525%2C300 1.5x, https:\/\/i0.wp.com\/www.ellensailing.se\/wp-content\/uploads\/2018\/02\/51194068-9190-4FFE-8F6C-C476AFCF7C8A.jpeg?fit=1200%2C800&ssl=1&resize=700%2C400 2x, https:\/\/i0.wp.com\/www.ellensailing.se\/wp-content\/uploads\/2018\/02\/51194068-9190-4FFE-8F6C-C476AFCF7C8A.jpeg?fit=1200%2C800&ssl=1&resize=1050%2C600 3x"},"classes":[]},{"id":3638,"url":"https:\/\/www.ellensailing.se\/?p=3638","url_meta":{"origin":1961,"position":1},"title":"Vi seglar vidare till Tahanea","author":"peter@ellensailing.se","date":"23 april, 2024","format":false,"excerpt":"Det har varit v\u00e4ldigt roligt att se hur Kopra odlarna lever och hur de g\u00f6r men vi m\u00e5ste vidare. Vi motorerar mellan alla bommisar och kommer tillbaka till lilla byn i Makemo. Vi skall fylla p\u00e5 bensin och Ola och Jenny skall h\u00e4mta sin tv\u00e4tt. P\u00e5 s\u00f6ndagen skall Jenny \u00e5ka\u2026","rel":"","context":"I \u201dS\u00f6derhavet\u201d","block_context":{"text":"S\u00f6derhavet","link":"https:\/\/www.ellensailing.se\/?cat=33"},"img":{"alt_text":"","src":"https:\/\/i0.wp.com\/www.ellensailing.se\/wp-content\/uploads\/2024\/04\/img_4210-2-1.jpg?fit=1200%2C900&ssl=1&resize=350%2C200","width":350,"height":200,"srcset":"https:\/\/i0.wp.com\/www.ellensailing.se\/wp-content\/uploads\/2024\/04\/img_4210-2-1.jpg?fit=1200%2C900&ssl=1&resize=350%2C200 1x, https:\/\/i0.wp.com\/www.ellensailing.se\/wp-content\/uploads\/2024\/04\/img_4210-2-1.jpg?fit=1200%2C900&ssl=1&resize=525%2C300 1.5x, https:\/\/i0.wp.com\/www.ellensailing.se\/wp-content\/uploads\/2024\/04\/img_4210-2-1.jpg?fit=1200%2C900&ssl=1&resize=700%2C400 2x, https:\/\/i0.wp.com\/www.ellensailing.se\/wp-content\/uploads\/2024\/04\/img_4210-2-1.jpg?fit=1200%2C900&ssl=1&resize=1050%2C600 3x"},"classes":[]},{"id":2913,"url":"https:\/\/www.ellensailing.se\/?p=2913","url_meta":{"origin":1961,"position":2},"title":"Rycka loss!","author":"peter@ellensailing.se","date":"30 juli, 2020","format":false,"excerpt":"Segla ifr\u00e5n Visby i morse d\u00e5 v\u00e5r tamp i land, en 18 mm Liros ryckts av klockan 5 p\u00e5 morgonen. Det var sydv\u00e4st rakt in i hamnen och sj\u00f6n var brutal. Vi hade redan best\u00e4mt oss f\u00f6r att segla upp till F\u00e5r\u00f6sund idag f\u00f6r att det var bra vindar fr\u00e5n\u2026","rel":"","context":"I \u201dSegling 2020\u201d","block_context":{"text":"Segling 2020","link":"https:\/\/www.ellensailing.se\/?cat=27"},"img":{"alt_text":"","src":"https:\/\/i0.wp.com\/www.ellensailing.se\/wp-content\/uploads\/2020\/07\/A6B8C97B-663E-405D-8EB2-8D1EF46384E5-scaled.jpeg?fit=900%2C1200&ssl=1&resize=350%2C200","width":350,"height":200,"srcset":"https:\/\/i0.wp.com\/www.ellensailing.se\/wp-content\/uploads\/2020\/07\/A6B8C97B-663E-405D-8EB2-8D1EF46384E5-scaled.jpeg?fit=900%2C1200&ssl=1&resize=350%2C200 1x, https:\/\/i0.wp.com\/www.ellensailing.se\/wp-content\/uploads\/2020\/07\/A6B8C97B-663E-405D-8EB2-8D1EF46384E5-scaled.jpeg?fit=900%2C1200&ssl=1&resize=525%2C300 1.5x, https:\/\/i0.wp.com\/www.ellensailing.se\/wp-content\/uploads\/2020\/07\/A6B8C97B-663E-405D-8EB2-8D1EF46384E5-scaled.jpeg?fit=900%2C1200&ssl=1&resize=700%2C400 2x"},"classes":[]},{"id":1938,"url":"https:\/\/www.ellensailing.se\/?p=1938","url_meta":{"origin":1961,"position":3},"title":"Dominica f\u00f6r andra g\u00e5ngen","author":"peter@ellensailing.se","date":"19 mars, 2018","format":false,"excerpt":"Onsdagen den 14 mars s\u00e5 seglade vi ner fr\u00e5n Gudalope och Basse Terre till Dominica. I Basse Terre tr\u00e4ffade vi Indian Summer som vi inte s\u00e4tt sedan l\u00e4nge. Blev mycket utbyte av olika erfarenheter. Deras \u00e4ldsta son Hilmer tog dykcertifikat i Carriacou och det f\u00e5r nog bli d\u00e4r som jag\u2026","rel":"","context":"I \u201dV\u00e4stindien 2017-2018\u201d","block_context":{"text":"V\u00e4stindien 2017-2018","link":"https:\/\/www.ellensailing.se\/?cat=24"},"img":{"alt_text":"","src":"https:\/\/i0.wp.com\/www.ellensailing.se\/wp-content\/uploads\/2018\/03\/4989A253-81F2-4A41-9E8A-72CFABDAF6FD.jpeg?fit=1200%2C800&ssl=1&resize=350%2C200","width":350,"height":200,"srcset":"https:\/\/i0.wp.com\/www.ellensailing.se\/wp-content\/uploads\/2018\/03\/4989A253-81F2-4A41-9E8A-72CFABDAF6FD.jpeg?fit=1200%2C800&ssl=1&resize=350%2C200 1x, https:\/\/i0.wp.com\/www.ellensailing.se\/wp-content\/uploads\/2018\/03\/4989A253-81F2-4A41-9E8A-72CFABDAF6FD.jpeg?fit=1200%2C800&ssl=1&resize=525%2C300 1.5x, https:\/\/i0.wp.com\/www.ellensailing.se\/wp-content\/uploads\/2018\/03\/4989A253-81F2-4A41-9E8A-72CFABDAF6FD.jpeg?fit=1200%2C800&ssl=1&resize=700%2C400 2x, https:\/\/i0.wp.com\/www.ellensailing.se\/wp-content\/uploads\/2018\/03\/4989A253-81F2-4A41-9E8A-72CFABDAF6FD.jpeg?fit=1200%2C800&ssl=1&resize=1050%2C600 3x"},"classes":[]},{"id":2462,"url":"https:\/\/www.ellensailing.se\/?p=2462","url_meta":{"origin":1961,"position":4},"title":"Sista dagen med g\u00e4nget!","author":"peter@ellensailing.se","date":"24 mars, 2019","format":false,"excerpt":"Redan i morse s\u00e5 b\u00f6rjade Ewa att packa. Det \u00e4r sista dagen p\u00e5 Ellen f\u00f6r Torgny och Ewa. Ig\u00e5r \u00e5t vi en mycket god middag inne i byn. Vi har haft j\u00e4ttekul med mycket garv och h\u00e4rliga seglingar fr\u00e5n Martinique via Dominica och som avslutas i Deshaies i Guadalupe. V\u00e4dret\u2026","rel":"","context":"I \u201dV\u00e4stindien 2019\u201d","block_context":{"text":"V\u00e4stindien 2019","link":"https:\/\/www.ellensailing.se\/?cat=25"},"img":{"alt_text":"","src":"https:\/\/i0.wp.com\/www.ellensailing.se\/wp-content\/uploads\/2019\/03\/DFA729CE-A6C8-4023-84A0-E58FECAD4AD8.jpeg?fit=1200%2C675&ssl=1&resize=350%2C200","width":350,"height":200,"srcset":"https:\/\/i0.wp.com\/www.ellensailing.se\/wp-content\/uploads\/2019\/03\/DFA729CE-A6C8-4023-84A0-E58FECAD4AD8.jpeg?fit=1200%2C675&ssl=1&resize=350%2C200 1x, https:\/\/i0.wp.com\/www.ellensailing.se\/wp-content\/uploads\/2019\/03\/DFA729CE-A6C8-4023-84A0-E58FECAD4AD8.jpeg?fit=1200%2C675&ssl=1&resize=525%2C300 1.5x, https:\/\/i0.wp.com\/www.ellensailing.se\/wp-content\/uploads\/2019\/03\/DFA729CE-A6C8-4023-84A0-E58FECAD4AD8.jpeg?fit=1200%2C675&ssl=1&resize=700%2C400 2x, https:\/\/i0.wp.com\/www.ellensailing.se\/wp-content\/uploads\/2019\/03\/DFA729CE-A6C8-4023-84A0-E58FECAD4AD8.jpeg?fit=1200%2C675&ssl=1&resize=1050%2C600 3x"},"classes":[]},{"id":2585,"url":"https:\/\/www.ellensailing.se\/?p=2585","url_meta":{"origin":1961,"position":5},"title":"Segling runt Antiqua","author":"peter@ellensailing.se","date":"27 april, 2019","format":false,"excerpt":"Efter det Mad Monkey seglat iv\u00e4g mot St.Barth s\u00e5 seglade vi vidare runt Antiqua. Vi gick in i kanalen SW om Antiqua som heter Goat Neck Chanel. Det var fint men r\u00e4tt sp\u00e4nnande att navigera runt reven och det \u00e4r inte djupt d\u00e4r. En h\u00e4rlig solnedg\u00e5ng igen, men ingen green\u2026","rel":"","context":"I \u201dV\u00e4stindien 2019\u201d","block_context":{"text":"V\u00e4stindien 2019","link":"https:\/\/www.ellensailing.se\/?cat=25"},"img":{"alt_text":"","src":"https:\/\/i0.wp.com\/www.ellensailing.se\/wp-content\/uploads\/2019\/04\/6C910D11-62AB-43FA-89E1-6B68CF907CC1.jpeg?fit=1200%2C675&ssl=1&resize=350%2C200","width":350,"height":200,"srcset":"https:\/\/i0.wp.com\/www.ellensailing.se\/wp-content\/uploads\/2019\/04\/6C910D11-62AB-43FA-89E1-6B68CF907CC1.jpeg?fit=1200%2C675&ssl=1&resize=350%2C200 1x, https:\/\/i0.wp.com\/www.ellensailing.se\/wp-content\/uploads\/2019\/04\/6C910D11-62AB-43FA-89E1-6B68CF907CC1.jpeg?fit=1200%2C675&ssl=1&resize=525%2C300 1.5x, https:\/\/i0.wp.com\/www.ellensailing.se\/wp-content\/uploads\/2019\/04\/6C910D11-62AB-43FA-89E1-6B68CF907CC1.jpeg?fit=1200%2C675&ssl=1&resize=700%2C400 2x, https:\/\/i0.wp.com\/www.ellensailing.se\/wp-content\/uploads\/2019\/04\/6C910D11-62AB-43FA-89E1-6B68CF907CC1.jpeg?fit=1200%2C675&ssl=1&resize=1050%2C600 3x"},"classes":[]}],"jetpack_likes_enabled":false,"_links":{"self":[{"href":"https:\/\/www.ellensailing.se\/index.php?rest_route=\/wp\/v2\/posts\/1961","targetHints":{"allow":["GET"]}}],"collection":[{"href":"https:\/\/www.ellensailing.se\/index.php?rest_route=\/wp\/v2\/posts"}],"about":[{"href":"https:\/\/www.ellensailing.se\/index.php?rest_route=\/wp\/v2\/types\/post"}],"author":[{"embeddable":true,"href":"https:\/\/www.ellensailing.se\/index.php?rest_route=\/wp\/v2\/users\/1"}],"replies":[{"embeddable":true,"href":"https:\/\/www.ellensailing.se\/index.php?rest_route=%2Fwp%2Fv2%2Fcomments&post=1961"}],"version-history":[{"count":1,"href":"https:\/\/www.ellensailing.se\/index.php?rest_route=\/wp\/v2\/posts\/1961\/revisions"}],"predecessor-version":[{"id":1963,"href":"https:\/\/www.ellensailing.se\/index.php?rest_route=\/wp\/v2\/posts\/1961\/revisions\/1963"}],"wp:featuredmedia":[{"embeddable":true,"href":"https:\/\/www.ellensailing.se\/index.php?rest_route=\/wp\/v2\/media\/1962"}],"wp:attachment":[{"href":"https:\/\/www.ellensailing.se\/index.php?rest_route=%2Fwp%2Fv2%2Fmedia&parent=1961"}],"wp:term":[{"taxonomy":"category","embeddable":true,"href":"https:\/\/www.ellensailing.se\/index.php?rest_route=%2Fwp%2Fv2%2Fcategories&post=1961"},{"taxonomy":"post_tag","embeddable":true,"href":"https:\/\/www.ellensailing.se\/index.php?rest_route=%2Fwp%2Fv2%2Ftags&post=1961"}],"curies":[{"name":"wp","href":"https:\/\/api.w.org\/{rel}","templated":true}]}}