{"id":1926,"date":"2018-03-19T20:09:52","date_gmt":"2018-03-19T19:09:52","guid":{"rendered":"https:\/\/www.ellensailing.se\/?p=1926"},"modified":"2018-03-19T20:09:52","modified_gmt":"2018-03-19T19:09:52","slug":"gudalope-pa-vagen-tillbaka","status":"publish","type":"post","link":"https:\/\/www.ellensailing.se\/?p=1926","title":{"rendered":"Gudalope p\u00e5 v\u00e4gen tillbaka"},"content":{"rendered":"<p>L\u00f6rdagen den 10 mars p\u00e5b\u00f6rjade vi v\u00e5r segling s\u00f6derut. Vi gick fr\u00e5n Antigua till Deshaies p\u00e5 Gudalope. Seglingen var bitvis ganska bl\u00e5sig men helt okej. Vi k\u00f6rde med bara stor och ett rev och \u00e4nd\u00e5 loggade vi n\u00e4stan 8 knop. Vi anl\u00e4nde till Deshaies p\u00e5 eftermiddagen. D\u00e4r inne l\u00e5g Ellen Heavy (Najaden), Salsa och Oda. Fick h\u00f6ra att Salsa blivit av med jollen utanf\u00f6r Costaeu. Det h\u00e4nder tyv\u00e4rr \u00f6verallt och \u00e4ven i Sverige.<\/p>\n<p>N\u00e5v\u00e4l, det blev en Sundowner hos Salsa f\u00f6r att sedan en middag med hela g\u00e4nget. P\u00e5 s\u00f6ndagen ordnade Oda i Norsk anda en s\u00f6ndagstur. Den gick till Jardin Botanique garden men vi var d\u00e4r nyligen s\u00e5 jag och Jackie fortsatte sj\u00e4lva.<\/p>\n<p>En annan nyhet var att i viken kom det tv\u00e5 kopulerande delfiner som simmade runt p\u00e5 eftermiddagarna. Fick snorkla alldeles intill dem, superh\u00e4ftigt.<\/p>\n<figure id=\"attachment_1927\" aria-describedby=\"caption-attachment-1927\" style=\"width: 640px\" class=\"wp-caption aligncenter\"><a href=\"https:\/\/i0.wp.com\/www.ellensailing.se\/wp-content\/uploads\/2018\/03\/F4FD49B5-290D-4668-8039-AAFCD8BC30D9.jpeg?ssl=1\"><img data-recalc-dims=\"1\" fetchpriority=\"high\" decoding=\"async\" class=\"wp-image-1927 size-large\" src=\"https:\/\/i0.wp.com\/www.ellensailing.se\/wp-content\/uploads\/2018\/03\/F4FD49B5-290D-4668-8039-AAFCD8BC30D9.jpeg?resize=640%2C480&#038;ssl=1\" alt=\"\" width=\"640\" height=\"480\" srcset=\"https:\/\/i0.wp.com\/www.ellensailing.se\/wp-content\/uploads\/2018\/03\/F4FD49B5-290D-4668-8039-AAFCD8BC30D9.jpeg?resize=1024%2C768&amp;ssl=1 1024w, https:\/\/i0.wp.com\/www.ellensailing.se\/wp-content\/uploads\/2018\/03\/F4FD49B5-290D-4668-8039-AAFCD8BC30D9.jpeg?resize=300%2C225&amp;ssl=1 300w, https:\/\/i0.wp.com\/www.ellensailing.se\/wp-content\/uploads\/2018\/03\/F4FD49B5-290D-4668-8039-AAFCD8BC30D9.jpeg?resize=768%2C576&amp;ssl=1 768w, https:\/\/i0.wp.com\/www.ellensailing.se\/wp-content\/uploads\/2018\/03\/F4FD49B5-290D-4668-8039-AAFCD8BC30D9.jpeg?resize=320%2C240&amp;ssl=1 320w, https:\/\/i0.wp.com\/www.ellensailing.se\/wp-content\/uploads\/2018\/03\/F4FD49B5-290D-4668-8039-AAFCD8BC30D9.jpeg?w=1680&amp;ssl=1 1680w\" sizes=\"(max-width: 640px) 100vw, 640px\" \/><\/a><figcaption id=\"caption-attachment-1927\" class=\"wp-caption-text\">Tv\u00e5 delfiner alldeles n\u00e4ra mig n\u00e4r jag snorklar runt v\u00e5r b\u00e5t.<\/figcaption><\/figure>\n","protected":false},"excerpt":{"rendered":"<p>L\u00f6rdagen den 10 mars p\u00e5b\u00f6rjade vi v\u00e5r segling s\u00f6derut. Vi gick fr\u00e5n Antigua till Deshaies p\u00e5 Gudalope. Seglingen var bitvis[&#8230;]<\/p>\n","protected":false},"author":1,"featured_media":1927,"comment_status":"open","ping_status":"open","sticky":false,"template":"","format":"standard","meta":{"_jetpack_newsletter_access":"","_jetpack_dont_email_post_to_subs":false,"_jetpack_newsletter_tier_id":0,"_jetpack_memberships_contains_paywalled_content":false,"_jetpack_feature_clip_id":0,"_jetpack_memberships_contains_paid_content":false,"footnotes":"","jetpack_publicize_message":"","jetpack_publicize_feature_enabled":true,"jetpack_social_post_already_shared":true,"jetpack_social_options":{"image_generator_settings":{"template":"highway","default_image_id":0,"font":"","enabled":false},"version":2},"jetpack_post_was_ever_published":false},"categories":[24],"tags":[],"class_list":["post-1926","post","type-post","status-publish","format-standard","has-post-thumbnail","hentry","category-vastindien-2017-2018"],"jetpack_publicize_connections":[],"jetpack_featured_media_url":"https:\/\/i0.wp.com\/www.ellensailing.se\/wp-content\/uploads\/2018\/03\/F4FD49B5-290D-4668-8039-AAFCD8BC30D9.jpeg?fit=2224%2C1668&ssl=1","jetpack_sharing_enabled":true,"jetpack_shortlink":"https:\/\/wp.me\/p5G68R-v4","jetpack-related-posts":[{"id":1233,"url":"https:\/\/www.ellensailing.se\/?p=1233","url_meta":{"origin":1926,"position":0},"title":"En bit ner p\u00e5 Spaniens kust!","author":"peter@ellensailing.se","date":"12 september, 2017","format":false,"excerpt":"Vi m\u00f6tte upp den andra Ellen, Salsa och norska Olivia i Corcubion. Vi blev bjudna p\u00e5 en drink till Salsa men ingen stack ut n\u00e4san d\u00e5 det regnade som fr\u00e5n en blomspruta. Vi blev kvar i b\u00e5ten och hade det sk\u00f6nt. V\u00e4rmaren \u00e5kte p\u00e5 och kr\u00f6p till kojs r\u00e4tt snart.\u2026","rel":"","context":"I \u201dH\u00f6st 2017 till Grand Canrias.\u201d","block_context":{"text":"H\u00f6st 2017 till Grand Canrias.","link":"https:\/\/www.ellensailing.se\/?cat=22"},"img":{"alt_text":"","src":"https:\/\/i0.wp.com\/www.ellensailing.se\/wp-content\/uploads\/2017\/09\/DSC2452.jpg?fit=1200%2C802&ssl=1&resize=350%2C200","width":350,"height":200,"srcset":"https:\/\/i0.wp.com\/www.ellensailing.se\/wp-content\/uploads\/2017\/09\/DSC2452.jpg?fit=1200%2C802&ssl=1&resize=350%2C200 1x, https:\/\/i0.wp.com\/www.ellensailing.se\/wp-content\/uploads\/2017\/09\/DSC2452.jpg?fit=1200%2C802&ssl=1&resize=525%2C300 1.5x, https:\/\/i0.wp.com\/www.ellensailing.se\/wp-content\/uploads\/2017\/09\/DSC2452.jpg?fit=1200%2C802&ssl=1&resize=700%2C400 2x, https:\/\/i0.wp.com\/www.ellensailing.se\/wp-content\/uploads\/2017\/09\/DSC2452.jpg?fit=1200%2C802&ssl=1&resize=1050%2C600 3x"},"classes":[]},{"id":1805,"url":"https:\/\/www.ellensailing.se\/?p=1805","url_meta":{"origin":1926,"position":1},"title":"Dominica, \u00f6n med f\u00f6redetta regnskogar","author":"peter@ellensailing.se","date":"7 februari, 2018","format":false,"excerpt":"Dominica brukar kallas den gr\u00f6na \u00f6n f\u00f6r det regnar och man har en bra jord som n\u00e4stan allt v\u00e4xer p\u00e5. Dominica hetta fr\u00e5n b\u00f6rjan Kubuli innan Columbus anl\u00e4nde p\u00e5 sin andra segling. Han kom en s\u00f6ndag morgon och p\u00e5 latin heter s\u00f6ndag Dominica eller herrens dag, som blev det nya\u2026","rel":"","context":"I \u201dV\u00e4stindien 2017-2018\u201d","block_context":{"text":"V\u00e4stindien 2017-2018","link":"https:\/\/www.ellensailing.se\/?cat=24"},"img":{"alt_text":"","src":"https:\/\/i0.wp.com\/www.ellensailing.se\/wp-content\/uploads\/2018\/02\/51194068-9190-4FFE-8F6C-C476AFCF7C8A.jpeg?fit=1200%2C800&ssl=1&resize=350%2C200","width":350,"height":200,"srcset":"https:\/\/i0.wp.com\/www.ellensailing.se\/wp-content\/uploads\/2018\/02\/51194068-9190-4FFE-8F6C-C476AFCF7C8A.jpeg?fit=1200%2C800&ssl=1&resize=350%2C200 1x, https:\/\/i0.wp.com\/www.ellensailing.se\/wp-content\/uploads\/2018\/02\/51194068-9190-4FFE-8F6C-C476AFCF7C8A.jpeg?fit=1200%2C800&ssl=1&resize=525%2C300 1.5x, https:\/\/i0.wp.com\/www.ellensailing.se\/wp-content\/uploads\/2018\/02\/51194068-9190-4FFE-8F6C-C476AFCF7C8A.jpeg?fit=1200%2C800&ssl=1&resize=700%2C400 2x, https:\/\/i0.wp.com\/www.ellensailing.se\/wp-content\/uploads\/2018\/02\/51194068-9190-4FFE-8F6C-C476AFCF7C8A.jpeg?fit=1200%2C800&ssl=1&resize=1050%2C600 3x"},"classes":[]},{"id":1198,"url":"https:\/\/www.ellensailing.se\/?p=1198","url_meta":{"origin":1926,"position":2},"title":"Biscaya avklarat och v\u00e5rt f\u00f6rsta tonfisk f\u00e5ngad!","author":"peter@ellensailing.se","date":"7 september, 2017","format":false,"excerpt":"Nu har vi \u00e4ntligen klarat av att korsa Biscaya! Ingen av oss har gjort det f\u00f6rut och det \u00e4r en skr\u00e4ckblandad f\u00f6rtjusning att passera. Har aldrig varit med om att det kan vara s\u00e5 branta klippor mellan 4000 meter djupt till 150 meter p\u00e5 olika st\u00e4llen. F\u00f6rst\u00e5r att det kan\u2026","rel":"","context":"I \u201dH\u00f6st 2017 till Grand Canrias.\u201d","block_context":{"text":"H\u00f6st 2017 till Grand Canrias.","link":"https:\/\/www.ellensailing.se\/?cat=22"},"img":{"alt_text":"","src":"https:\/\/i0.wp.com\/www.ellensailing.se\/wp-content\/uploads\/2017\/09\/DSC2200-e1504768850168.jpg?fit=802%2C1200&ssl=1&resize=350%2C200","width":350,"height":200,"srcset":"https:\/\/i0.wp.com\/www.ellensailing.se\/wp-content\/uploads\/2017\/09\/DSC2200-e1504768850168.jpg?fit=802%2C1200&ssl=1&resize=350%2C200 1x, https:\/\/i0.wp.com\/www.ellensailing.se\/wp-content\/uploads\/2017\/09\/DSC2200-e1504768850168.jpg?fit=802%2C1200&ssl=1&resize=525%2C300 1.5x, https:\/\/i0.wp.com\/www.ellensailing.se\/wp-content\/uploads\/2017\/09\/DSC2200-e1504768850168.jpg?fit=802%2C1200&ssl=1&resize=700%2C400 2x"},"classes":[]},{"id":1229,"url":"https:\/\/www.ellensailing.se\/?p=1229","url_meta":{"origin":1926,"position":3},"title":"Seglat f\u00f6rbi v\u00e4rldens \u00e4nde idag!","author":"peter@ellensailing.se","date":"10 september, 2017","format":false,"excerpt":"Idag har vi seglat f\u00f6rbi v\u00e4rldens \u00e4nde, i alla fall om man skall tro pilgimerna. Efter det man g\u00e5tt pilgrimsvandringen s\u00e5 skulle man efter man varit i katedralen i Santiago de Compostela forts\u00e4tta till v\u00e4rlden \u00e4nde som man d\u00e5 trodde var Fisterra \"v\u00e4rldens \u00e4nde\". N\u00e4r pilgrmerna var v\u00e4l framme s\u00e5\u2026","rel":"","context":"I \u201dH\u00f6st 2017 till Grand Canrias.\u201d","block_context":{"text":"H\u00f6st 2017 till Grand Canrias.","link":"https:\/\/www.ellensailing.se\/?cat=22"},"img":{"alt_text":"","src":"https:\/\/i0.wp.com\/www.ellensailing.se\/wp-content\/uploads\/2017\/09\/IMG_0039.jpg?fit=1200%2C800&ssl=1&resize=350%2C200","width":350,"height":200,"srcset":"https:\/\/i0.wp.com\/www.ellensailing.se\/wp-content\/uploads\/2017\/09\/IMG_0039.jpg?fit=1200%2C800&ssl=1&resize=350%2C200 1x, https:\/\/i0.wp.com\/www.ellensailing.se\/wp-content\/uploads\/2017\/09\/IMG_0039.jpg?fit=1200%2C800&ssl=1&resize=525%2C300 1.5x, https:\/\/i0.wp.com\/www.ellensailing.se\/wp-content\/uploads\/2017\/09\/IMG_0039.jpg?fit=1200%2C800&ssl=1&resize=700%2C400 2x, https:\/\/i0.wp.com\/www.ellensailing.se\/wp-content\/uploads\/2017\/09\/IMG_0039.jpg?fit=1200%2C800&ssl=1&resize=1050%2C600 3x"},"classes":[]},{"id":1211,"url":"https:\/\/www.ellensailing.se\/?p=1211","url_meta":{"origin":1926,"position":4},"title":"Nu har vi l\u00e4mnat A Coruna och ligger p\u00e5 svaj i en liten fiskeby!","author":"peter@ellensailing.se","date":"9 september, 2017","format":false,"excerpt":"Vi har haft n\u00e5gra sk\u00f6na dagar i A Coruna som \u00e4r en helt underbar liten stad, stor men liten. Finns s\u00e5 mycket att se och de har helt underbara ytor f\u00f6r folk att r\u00f6ra sig p\u00e5, och folk \u00e4r verkligen ute och r\u00f6r sig. Fina cykelv\u00e4gar runt hela staden, g\u00e5ngpromenader,\u2026","rel":"","context":"I \u201dH\u00f6st 2017 till Grand Canrias.\u201d","block_context":{"text":"H\u00f6st 2017 till Grand Canrias.","link":"https:\/\/www.ellensailing.se\/?cat=22"},"img":{"alt_text":"","src":"https:\/\/i0.wp.com\/www.ellensailing.se\/wp-content\/uploads\/2017\/09\/DSC2328.jpg?fit=1200%2C802&ssl=1&resize=350%2C200","width":350,"height":200,"srcset":"https:\/\/i0.wp.com\/www.ellensailing.se\/wp-content\/uploads\/2017\/09\/DSC2328.jpg?fit=1200%2C802&ssl=1&resize=350%2C200 1x, https:\/\/i0.wp.com\/www.ellensailing.se\/wp-content\/uploads\/2017\/09\/DSC2328.jpg?fit=1200%2C802&ssl=1&resize=525%2C300 1.5x, https:\/\/i0.wp.com\/www.ellensailing.se\/wp-content\/uploads\/2017\/09\/DSC2328.jpg?fit=1200%2C802&ssl=1&resize=700%2C400 2x, https:\/\/i0.wp.com\/www.ellensailing.se\/wp-content\/uploads\/2017\/09\/DSC2328.jpg?fit=1200%2C802&ssl=1&resize=1050%2C600 3x"},"classes":[]},{"id":1792,"url":"https:\/\/www.ellensailing.se\/?p=1792","url_meta":{"origin":1926,"position":5},"title":"Ankarplogen p\u00e5 plats, slutseglat f\u00f6r ankar.","author":"peter@ellensailing.se","date":"27 januari, 2018","format":false,"excerpt":"F\u00f6rst av allt vill jag tacka Peter, Rasmus och Fanny Lundh fr\u00e5n Lundh sail f\u00f6r er fantastiska hj\u00e4lpsamhet ni visat. Att fr\u00e5n onsdag morgon till fredag em f\u00e5 hit en Ankarplog p\u00e5 s\u00e5 kort varsel. Det \u00e4r service. Inte nog med att den kom redan fredag (m\u00e5ndag var lovat), den\u2026","rel":"","context":"I \u201dV\u00e4stindien 2017-2018\u201d","block_context":{"text":"V\u00e4stindien 2017-2018","link":"https:\/\/www.ellensailing.se\/?cat=24"},"img":{"alt_text":"","src":"https:\/\/i0.wp.com\/www.ellensailing.se\/wp-content\/uploads\/2018\/01\/3AF03027-E854-4B31-B779-0D1D6D84F117.jpeg?fit=1200%2C900&ssl=1&resize=350%2C200","width":350,"height":200,"srcset":"https:\/\/i0.wp.com\/www.ellensailing.se\/wp-content\/uploads\/2018\/01\/3AF03027-E854-4B31-B779-0D1D6D84F117.jpeg?fit=1200%2C900&ssl=1&resize=350%2C200 1x, https:\/\/i0.wp.com\/www.ellensailing.se\/wp-content\/uploads\/2018\/01\/3AF03027-E854-4B31-B779-0D1D6D84F117.jpeg?fit=1200%2C900&ssl=1&resize=525%2C300 1.5x, https:\/\/i0.wp.com\/www.ellensailing.se\/wp-content\/uploads\/2018\/01\/3AF03027-E854-4B31-B779-0D1D6D84F117.jpeg?fit=1200%2C900&ssl=1&resize=700%2C400 2x, https:\/\/i0.wp.com\/www.ellensailing.se\/wp-content\/uploads\/2018\/01\/3AF03027-E854-4B31-B779-0D1D6D84F117.jpeg?fit=1200%2C900&ssl=1&resize=1050%2C600 3x"},"classes":[]}],"jetpack_likes_enabled":false,"_links":{"self":[{"href":"https:\/\/www.ellensailing.se\/index.php?rest_route=\/wp\/v2\/posts\/1926","targetHints":{"allow":["GET"]}}],"collection":[{"href":"https:\/\/www.ellensailing.se\/index.php?rest_route=\/wp\/v2\/posts"}],"about":[{"href":"https:\/\/www.ellensailing.se\/index.php?rest_route=\/wp\/v2\/types\/post"}],"author":[{"embeddable":true,"href":"https:\/\/www.ellensailing.se\/index.php?rest_route=\/wp\/v2\/users\/1"}],"replies":[{"embeddable":true,"href":"https:\/\/www.ellensailing.se\/index.php?rest_route=%2Fwp%2Fv2%2Fcomments&post=1926"}],"version-history":[{"count":1,"href":"https:\/\/www.ellensailing.se\/index.php?rest_route=\/wp\/v2\/posts\/1926\/revisions"}],"predecessor-version":[{"id":1928,"href":"https:\/\/www.ellensailing.se\/index.php?rest_route=\/wp\/v2\/posts\/1926\/revisions\/1928"}],"wp:featuredmedia":[{"embeddable":true,"href":"https:\/\/www.ellensailing.se\/index.php?rest_route=\/wp\/v2\/media\/1927"}],"wp:attachment":[{"href":"https:\/\/www.ellensailing.se\/index.php?rest_route=%2Fwp%2Fv2%2Fmedia&parent=1926"}],"wp:term":[{"taxonomy":"category","embeddable":true,"href":"https:\/\/www.ellensailing.se\/index.php?rest_route=%2Fwp%2Fv2%2Fcategories&post=1926"},{"taxonomy":"post_tag","embeddable":true,"href":"https:\/\/www.ellensailing.se\/index.php?rest_route=%2Fwp%2Fv2%2Ftags&post=1926"}],"curies":[{"name":"wp","href":"https:\/\/api.w.org\/{rel}","templated":true}]}}