{"id":1906,"date":"2018-03-06T23:38:30","date_gmt":"2018-03-06T22:38:30","guid":{"rendered":"https:\/\/www.ellensailing.se\/?p=1906"},"modified":"2018-03-06T23:38:30","modified_gmt":"2018-03-06T22:38:30","slug":"kan-inte-lata-bli-att-dela-med-av-alla-fina-stora-batar","status":"publish","type":"post","link":"https:\/\/www.ellensailing.se\/?p=1906","title":{"rendered":"Kan inte l\u00e5ta bli att dela med av alla fina stora b\u00e5tar"},"content":{"rendered":"<p>De g\u00e5r f\u00f6rbi oss hela tiden h\u00e4r n\u00e4r vi ligger f\u00f6r svaj. Den ena st\u00f6rre \u00e4n den andra. En sak har de gemensamt och det \u00e4r putsen p\u00e5 dem. Helt galet fina.<\/p>\n<figure id=\"attachment_1907\" aria-describedby=\"caption-attachment-1907\" style=\"width: 640px\" class=\"wp-caption aligncenter\"><a href=\"https:\/\/i0.wp.com\/www.ellensailing.se\/wp-content\/uploads\/2018\/03\/5B584AF9-AB10-411C-84D6-6EF9D0525540.jpeg?ssl=1\"><img data-recalc-dims=\"1\" fetchpriority=\"high\" decoding=\"async\" class=\"wp-image-1907 size-large\" src=\"https:\/\/i0.wp.com\/www.ellensailing.se\/wp-content\/uploads\/2018\/03\/5B584AF9-AB10-411C-84D6-6EF9D0525540.jpeg?resize=640%2C427&#038;ssl=1\" alt=\"\" width=\"640\" height=\"427\" srcset=\"https:\/\/i0.wp.com\/www.ellensailing.se\/wp-content\/uploads\/2018\/03\/5B584AF9-AB10-411C-84D6-6EF9D0525540.jpeg?resize=1024%2C683&amp;ssl=1 1024w, https:\/\/i0.wp.com\/www.ellensailing.se\/wp-content\/uploads\/2018\/03\/5B584AF9-AB10-411C-84D6-6EF9D0525540.jpeg?resize=300%2C200&amp;ssl=1 300w, https:\/\/i0.wp.com\/www.ellensailing.se\/wp-content\/uploads\/2018\/03\/5B584AF9-AB10-411C-84D6-6EF9D0525540.jpeg?resize=768%2C512&amp;ssl=1 768w, https:\/\/i0.wp.com\/www.ellensailing.se\/wp-content\/uploads\/2018\/03\/5B584AF9-AB10-411C-84D6-6EF9D0525540.jpeg?w=1620&amp;ssl=1 1620w\" sizes=\"(max-width: 640px) 100vw, 640px\" \/><\/a><figcaption id=\"caption-attachment-1907\" class=\"wp-caption-text\">Vackra b\u00e5tar<\/figcaption><\/figure>\n<figure id=\"attachment_1908\" aria-describedby=\"caption-attachment-1908\" style=\"width: 640px\" class=\"wp-caption aligncenter\"><a href=\"https:\/\/i0.wp.com\/www.ellensailing.se\/wp-content\/uploads\/2018\/03\/9BD414A1-FB8D-479C-9FFA-BB7E7DA72CD1.jpeg?ssl=1\"><img data-recalc-dims=\"1\" decoding=\"async\" class=\"wp-image-1908 size-large\" src=\"https:\/\/i0.wp.com\/www.ellensailing.se\/wp-content\/uploads\/2018\/03\/9BD414A1-FB8D-479C-9FFA-BB7E7DA72CD1.jpeg?resize=640%2C427&#038;ssl=1\" alt=\"\" width=\"640\" height=\"427\" srcset=\"https:\/\/i0.wp.com\/www.ellensailing.se\/wp-content\/uploads\/2018\/03\/9BD414A1-FB8D-479C-9FFA-BB7E7DA72CD1.jpeg?resize=1024%2C683&amp;ssl=1 1024w, https:\/\/i0.wp.com\/www.ellensailing.se\/wp-content\/uploads\/2018\/03\/9BD414A1-FB8D-479C-9FFA-BB7E7DA72CD1.jpeg?resize=300%2C200&amp;ssl=1 300w, https:\/\/i0.wp.com\/www.ellensailing.se\/wp-content\/uploads\/2018\/03\/9BD414A1-FB8D-479C-9FFA-BB7E7DA72CD1.jpeg?resize=768%2C512&amp;ssl=1 768w, https:\/\/i0.wp.com\/www.ellensailing.se\/wp-content\/uploads\/2018\/03\/9BD414A1-FB8D-479C-9FFA-BB7E7DA72CD1.jpeg?w=1620&amp;ssl=1 1620w\" sizes=\"(max-width: 640px) 100vw, 640px\" \/><\/a><figcaption id=\"caption-attachment-1908\" class=\"wp-caption-text\">\u00c4ven modernt g\u00e5r bra<\/figcaption><\/figure>\n<figure id=\"attachment_1909\" aria-describedby=\"caption-attachment-1909\" style=\"width: 640px\" class=\"wp-caption aligncenter\"><a href=\"https:\/\/i0.wp.com\/www.ellensailing.se\/wp-content\/uploads\/2018\/03\/BCBD1B98-E2D2-4F1B-86E9-467AD095C250.jpeg?ssl=1\"><img data-recalc-dims=\"1\" decoding=\"async\" class=\"wp-image-1909 size-large\" src=\"https:\/\/i0.wp.com\/www.ellensailing.se\/wp-content\/uploads\/2018\/03\/BCBD1B98-E2D2-4F1B-86E9-467AD095C250.jpeg?resize=640%2C427&#038;ssl=1\" alt=\"\" width=\"640\" height=\"427\" srcset=\"https:\/\/i0.wp.com\/www.ellensailing.se\/wp-content\/uploads\/2018\/03\/BCBD1B98-E2D2-4F1B-86E9-467AD095C250.jpeg?resize=1024%2C683&amp;ssl=1 1024w, https:\/\/i0.wp.com\/www.ellensailing.se\/wp-content\/uploads\/2018\/03\/BCBD1B98-E2D2-4F1B-86E9-467AD095C250.jpeg?resize=300%2C200&amp;ssl=1 300w, https:\/\/i0.wp.com\/www.ellensailing.se\/wp-content\/uploads\/2018\/03\/BCBD1B98-E2D2-4F1B-86E9-467AD095C250.jpeg?resize=768%2C512&amp;ssl=1 768w, https:\/\/i0.wp.com\/www.ellensailing.se\/wp-content\/uploads\/2018\/03\/BCBD1B98-E2D2-4F1B-86E9-467AD095C250.jpeg?w=1620&amp;ssl=1 1620w\" sizes=\"(max-width: 640px) 100vw, 640px\" \/><\/a><figcaption id=\"caption-attachment-1909\" class=\"wp-caption-text\">En fin J yacht<\/figcaption><\/figure>\n","protected":false},"excerpt":{"rendered":"<p>De g\u00e5r f\u00f6rbi oss hela tiden h\u00e4r n\u00e4r vi ligger f\u00f6r svaj. Den ena st\u00f6rre \u00e4n den andra. En sak[&#8230;]<\/p>\n","protected":false},"author":1,"featured_media":1909,"comment_status":"open","ping_status":"open","sticky":false,"template":"","format":"standard","meta":{"_jetpack_newsletter_access":"","_jetpack_dont_email_post_to_subs":false,"_jetpack_newsletter_tier_id":0,"_jetpack_memberships_contains_paywalled_content":false,"_jetpack_feature_clip_id":0,"_jetpack_memberships_contains_paid_content":false,"footnotes":"","jetpack_publicize_message":"","jetpack_publicize_feature_enabled":true,"jetpack_social_post_already_shared":true,"jetpack_social_options":{"image_generator_settings":{"template":"highway","default_image_id":0,"font":"","enabled":false},"version":2},"jetpack_post_was_ever_published":false},"categories":[24],"tags":[],"class_list":["post-1906","post","type-post","status-publish","format-standard","has-post-thumbnail","hentry","category-vastindien-2017-2018"],"jetpack_publicize_connections":[],"jetpack_featured_media_url":"https:\/\/i0.wp.com\/www.ellensailing.se\/wp-content\/uploads\/2018\/03\/BCBD1B98-E2D2-4F1B-86E9-467AD095C250.jpeg?fit=1620%2C1080&ssl=1","jetpack_sharing_enabled":true,"jetpack_shortlink":"https:\/\/wp.me\/p5G68R-uK","jetpack-related-posts":[{"id":1408,"url":"https:\/\/www.ellensailing.se\/?p=1408","url_meta":{"origin":1906,"position":0},"title":"Fina dagar p\u00e5 Graciosa, nu v\u00e4ntar Arrecife","author":"peter@ellensailing.se","date":"11 oktober, 2017","format":false,"excerpt":"Det har har varit sk\u00f6na dagar p\u00e5 Isla Graciosa. Alla man pratat med tycker det \u00e4r en p\u00e4rla p\u00e5 jorden och det \u00e4r bara att inst\u00e4mma. Sk\u00f6n st\u00e4mning p\u00e5 \u00f6n mellan b\u00e5tarna. Synd bara att det kommer in b\u00e5tar med badande g\u00e4ster men som tur \u00e4r serveras lunch vid tv\u00e5\u2026","rel":"","context":"I \u201dH\u00f6st 2017 till Grand Canrias.\u201d","block_context":{"text":"H\u00f6st 2017 till Grand Canrias.","link":"https:\/\/www.ellensailing.se\/?cat=22"},"img":{"alt_text":"","src":"https:\/\/i0.wp.com\/www.ellensailing.se\/wp-content\/uploads\/2017\/10\/IMG_0110.jpg?fit=1200%2C900&ssl=1&resize=350%2C200","width":350,"height":200,"srcset":"https:\/\/i0.wp.com\/www.ellensailing.se\/wp-content\/uploads\/2017\/10\/IMG_0110.jpg?fit=1200%2C900&ssl=1&resize=350%2C200 1x, https:\/\/i0.wp.com\/www.ellensailing.se\/wp-content\/uploads\/2017\/10\/IMG_0110.jpg?fit=1200%2C900&ssl=1&resize=525%2C300 1.5x, https:\/\/i0.wp.com\/www.ellensailing.se\/wp-content\/uploads\/2017\/10\/IMG_0110.jpg?fit=1200%2C900&ssl=1&resize=700%2C400 2x, https:\/\/i0.wp.com\/www.ellensailing.se\/wp-content\/uploads\/2017\/10\/IMG_0110.jpg?fit=1200%2C900&ssl=1&resize=1050%2C600 3x"},"classes":[]},{"id":1454,"url":"https:\/\/www.ellensailing.se\/?p=1454","url_meta":{"origin":1906,"position":1},"title":"Nytt bes\u00f6k p\u00e5 b\u00e5ten!","author":"peter@ellensailing.se","date":"20 oktober, 2017","format":false,"excerpt":"H\u00e4rom dagen fick vi bes\u00f6k av Anders S\u00f6derberg p\u00e5 b\u00e5ten. Han fl\u00f6g till Teneriffa och h\u00e4mtades upp i Santa Cruz. Det blev ett dygn i huvudstaden. Kul att tr\u00e4ffa Think Twice och Engla. Vi hade lite SOS i Think Twice och efter middag gick vi alla till en bar och\u2026","rel":"","context":"I \u201dH\u00f6st 2017 till Grand Canrias.\u201d","block_context":{"text":"H\u00f6st 2017 till Grand Canrias.","link":"https:\/\/www.ellensailing.se\/?cat=22"},"img":{"alt_text":"","src":"https:\/\/i0.wp.com\/www.ellensailing.se\/wp-content\/uploads\/2017\/10\/IMG_6197.jpg?fit=480%2C640&ssl=1&resize=350%2C200","width":350,"height":200},"classes":[]},{"id":1490,"url":"https:\/\/www.ellensailing.se\/?p=1490","url_meta":{"origin":1906,"position":2},"title":"La Palma, \u00f6n l\u00e4ngst v\u00e4sterut.","author":"peter@ellensailing.se","date":"29 oktober, 2017","format":false,"excerpt":"N\u00e4r vi l\u00e4mnat Anders s\u00e5 seglade vi direkt till La Palma och till huvudstaden som heter Santa Cruz. F\u00f6rsta dygnet gick bra att ligga i hamnen men dag tv\u00e5 gungade det alldeles f\u00f6rf\u00e4rligt. Vi tr\u00e4ffade en fransman som legat h\u00e4r ett tag och f\u00f6rra veckan hade han ramlat ur s\u00e4ngen\u2026","rel":"","context":"I \u201dH\u00f6st 2017 till Grand Canrias.\u201d","block_context":{"text":"H\u00f6st 2017 till Grand Canrias.","link":"https:\/\/www.ellensailing.se\/?cat=22"},"img":{"alt_text":"","src":"https:\/\/i0.wp.com\/www.ellensailing.se\/wp-content\/uploads\/2017\/10\/DJI_0229.jpg?fit=1200%2C900&ssl=1&resize=350%2C200","width":350,"height":200,"srcset":"https:\/\/i0.wp.com\/www.ellensailing.se\/wp-content\/uploads\/2017\/10\/DJI_0229.jpg?fit=1200%2C900&ssl=1&resize=350%2C200 1x, https:\/\/i0.wp.com\/www.ellensailing.se\/wp-content\/uploads\/2017\/10\/DJI_0229.jpg?fit=1200%2C900&ssl=1&resize=525%2C300 1.5x, https:\/\/i0.wp.com\/www.ellensailing.se\/wp-content\/uploads\/2017\/10\/DJI_0229.jpg?fit=1200%2C900&ssl=1&resize=700%2C400 2x, https:\/\/i0.wp.com\/www.ellensailing.se\/wp-content\/uploads\/2017\/10\/DJI_0229.jpg?fit=1200%2C900&ssl=1&resize=1050%2C600 3x"},"classes":[]},{"id":649,"url":"https:\/\/www.ellensailing.se\/?p=649","url_meta":{"origin":1906,"position":3},"title":"Fantastik trevlig OSK tr\u00e4ff i helgen!","author":"peter@ellensailing.se","date":"16 augusti, 2015","format":false,"excerpt":"I helgen har vi haft f\u00f6rm\u00e5nen att vara hemma hos Christer och Annika och haft Oceanseglarnas sensommartr\u00e4ff. De \u00e4r s\u00e5 gener\u00f6sa att de st\u00e4ller upp med sitt fina hus och allt jobb som de l\u00e4gger ner med mat etc. Det \u00e4r s\u00e5 kul att tr\u00e4ffa likasinnade som har eller skall\u2026","rel":"","context":"I \u201dSommar 2015\u201d","block_context":{"text":"Sommar 2015","link":"https:\/\/www.ellensailing.se\/?cat=4"},"img":{"alt_text":"","src":"https:\/\/i0.wp.com\/www.ellensailing.se\/wp-content\/uploads\/2015\/08\/DSC_0119.jpg?fit=1200%2C797&ssl=1&resize=350%2C200","width":350,"height":200,"srcset":"https:\/\/i0.wp.com\/www.ellensailing.se\/wp-content\/uploads\/2015\/08\/DSC_0119.jpg?fit=1200%2C797&ssl=1&resize=350%2C200 1x, https:\/\/i0.wp.com\/www.ellensailing.se\/wp-content\/uploads\/2015\/08\/DSC_0119.jpg?fit=1200%2C797&ssl=1&resize=525%2C300 1.5x, https:\/\/i0.wp.com\/www.ellensailing.se\/wp-content\/uploads\/2015\/08\/DSC_0119.jpg?fit=1200%2C797&ssl=1&resize=700%2C400 2x, https:\/\/i0.wp.com\/www.ellensailing.se\/wp-content\/uploads\/2015\/08\/DSC_0119.jpg?fit=1200%2C797&ssl=1&resize=1050%2C600 3x"},"classes":[]},{"id":3564,"url":"https:\/\/www.ellensailing.se\/?p=3564","url_meta":{"origin":1906,"position":4},"title":"Framme p\u00e5 b\u00e5ten","author":"peter@ellensailing.se","date":"18 april, 2024","format":false,"excerpt":"Efter 4 dagar p\u00e5 Tahiti s\u00e5 var det dags att ta det lilla planet ut till en atoll. Vid incheckning s\u00e5g hon lite f\u00f6rbryllad ut f\u00f6r hon undrade nog vad en utb\u00f6ling skulle g\u00f6ra d\u00e4r ( f\u00f6r utb\u00f6ling \u00e4r vi ju h\u00e4r). Faaite Vi hade tv\u00e5 mellanlandningar innan vi var\u2026","rel":"","context":"I \u201dS\u00f6derhavet\u201d","block_context":{"text":"S\u00f6derhavet","link":"https:\/\/www.ellensailing.se\/?cat=33"},"img":{"alt_text":"","src":"https:\/\/i0.wp.com\/www.ellensailing.se\/wp-content\/uploads\/2024\/04\/img_3983-1.jpg?fit=1200%2C900&ssl=1&resize=350%2C200","width":350,"height":200,"srcset":"https:\/\/i0.wp.com\/www.ellensailing.se\/wp-content\/uploads\/2024\/04\/img_3983-1.jpg?fit=1200%2C900&ssl=1&resize=350%2C200 1x, https:\/\/i0.wp.com\/www.ellensailing.se\/wp-content\/uploads\/2024\/04\/img_3983-1.jpg?fit=1200%2C900&ssl=1&resize=525%2C300 1.5x, https:\/\/i0.wp.com\/www.ellensailing.se\/wp-content\/uploads\/2024\/04\/img_3983-1.jpg?fit=1200%2C900&ssl=1&resize=700%2C400 2x, https:\/\/i0.wp.com\/www.ellensailing.se\/wp-content\/uploads\/2024\/04\/img_3983-1.jpg?fit=1200%2C900&ssl=1&resize=1050%2C600 3x"},"classes":[]},{"id":1233,"url":"https:\/\/www.ellensailing.se\/?p=1233","url_meta":{"origin":1906,"position":5},"title":"En bit ner p\u00e5 Spaniens kust!","author":"peter@ellensailing.se","date":"12 september, 2017","format":false,"excerpt":"Vi m\u00f6tte upp den andra Ellen, Salsa och norska Olivia i Corcubion. Vi blev bjudna p\u00e5 en drink till Salsa men ingen stack ut n\u00e4san d\u00e5 det regnade som fr\u00e5n en blomspruta. Vi blev kvar i b\u00e5ten och hade det sk\u00f6nt. V\u00e4rmaren \u00e5kte p\u00e5 och kr\u00f6p till kojs r\u00e4tt snart.\u2026","rel":"","context":"I \u201dH\u00f6st 2017 till Grand Canrias.\u201d","block_context":{"text":"H\u00f6st 2017 till Grand Canrias.","link":"https:\/\/www.ellensailing.se\/?cat=22"},"img":{"alt_text":"","src":"https:\/\/i0.wp.com\/www.ellensailing.se\/wp-content\/uploads\/2017\/09\/DSC2452.jpg?fit=1200%2C802&ssl=1&resize=350%2C200","width":350,"height":200,"srcset":"https:\/\/i0.wp.com\/www.ellensailing.se\/wp-content\/uploads\/2017\/09\/DSC2452.jpg?fit=1200%2C802&ssl=1&resize=350%2C200 1x, https:\/\/i0.wp.com\/www.ellensailing.se\/wp-content\/uploads\/2017\/09\/DSC2452.jpg?fit=1200%2C802&ssl=1&resize=525%2C300 1.5x, https:\/\/i0.wp.com\/www.ellensailing.se\/wp-content\/uploads\/2017\/09\/DSC2452.jpg?fit=1200%2C802&ssl=1&resize=700%2C400 2x, https:\/\/i0.wp.com\/www.ellensailing.se\/wp-content\/uploads\/2017\/09\/DSC2452.jpg?fit=1200%2C802&ssl=1&resize=1050%2C600 3x"},"classes":[]}],"jetpack_likes_enabled":false,"_links":{"self":[{"href":"https:\/\/www.ellensailing.se\/index.php?rest_route=\/wp\/v2\/posts\/1906","targetHints":{"allow":["GET"]}}],"collection":[{"href":"https:\/\/www.ellensailing.se\/index.php?rest_route=\/wp\/v2\/posts"}],"about":[{"href":"https:\/\/www.ellensailing.se\/index.php?rest_route=\/wp\/v2\/types\/post"}],"author":[{"embeddable":true,"href":"https:\/\/www.ellensailing.se\/index.php?rest_route=\/wp\/v2\/users\/1"}],"replies":[{"embeddable":true,"href":"https:\/\/www.ellensailing.se\/index.php?rest_route=%2Fwp%2Fv2%2Fcomments&post=1906"}],"version-history":[{"count":1,"href":"https:\/\/www.ellensailing.se\/index.php?rest_route=\/wp\/v2\/posts\/1906\/revisions"}],"predecessor-version":[{"id":1910,"href":"https:\/\/www.ellensailing.se\/index.php?rest_route=\/wp\/v2\/posts\/1906\/revisions\/1910"}],"wp:featuredmedia":[{"embeddable":true,"href":"https:\/\/www.ellensailing.se\/index.php?rest_route=\/wp\/v2\/media\/1909"}],"wp:attachment":[{"href":"https:\/\/www.ellensailing.se\/index.php?rest_route=%2Fwp%2Fv2%2Fmedia&parent=1906"}],"wp:term":[{"taxonomy":"category","embeddable":true,"href":"https:\/\/www.ellensailing.se\/index.php?rest_route=%2Fwp%2Fv2%2Fcategories&post=1906"},{"taxonomy":"post_tag","embeddable":true,"href":"https:\/\/www.ellensailing.se\/index.php?rest_route=%2Fwp%2Fv2%2Ftags&post=1906"}],"curies":[{"name":"wp","href":"https:\/\/api.w.org\/{rel}","templated":true}]}}