{"id":190,"date":"2015-01-31T16:04:48","date_gmt":"2015-01-31T15:04:48","guid":{"rendered":"https:\/\/www.ellensailing.se\/?p=190"},"modified":"2015-05-25T17:27:15","modified_gmt":"2015-05-25T15:27:15","slug":"nya-toaslangar-ar-monterade","status":"publish","type":"post","link":"https:\/\/www.ellensailing.se\/?p=190","title":{"rendered":"Nya toaslangar \u00e4r monterade"},"content":{"rendered":"<p><span style=\"color: #ffffff;\"><a style=\"color: #ffffff;\" href=\"https:\/\/www.ellensailing.se\/wp-content\/uploads\/2015\/01\/IMG_3468.jpg\">Nu har jag m\u00e5lat med topcoat s\u00e5 det skall vara fr\u00e4scht under vasken. Monterat nya slangar till toan som \u00e4ven de \u00e4r nya. True Design kommer vi montera som genomf\u00f6ringar. Kommer nog bli ganska bra. Man blir bla bl\u00f6t n\u00e4r sn\u00f6n faller tungt och vinden viner i riggen. Man blir inte direkt s\u00e5 entusiastisk att kliva upp i b\u00e5ten och greja.<\/a><\/span><span id=\"transmark\"><\/span><\/p>\n<figure id=\"attachment_55\" aria-describedby=\"caption-attachment-55\" style=\"width: 604px\" class=\"wp-caption aligncenter\"><a href=\"https:\/\/i0.wp.com\/www.ellensailing.se\/wp-content\/uploads\/2015\/01\/IMG_3798-e1421595522288.jpg?ssl=1\"><img data-recalc-dims=\"1\" fetchpriority=\"high\" decoding=\"async\" class=\"wp-image-55 size-large\" src=\"https:\/\/i0.wp.com\/www.ellensailing.se\/wp-content\/uploads\/2015\/01\/IMG_3798-e1421595522288-768x1024.jpg?resize=604%2C805&#038;ssl=1\" alt=\"Nya toan\" width=\"604\" height=\"805\" srcset=\"https:\/\/i0.wp.com\/www.ellensailing.se\/wp-content\/uploads\/2015\/01\/IMG_3798-e1421595522288.jpg?resize=768%2C1024&amp;ssl=1 768w, https:\/\/i0.wp.com\/www.ellensailing.se\/wp-content\/uploads\/2015\/01\/IMG_3798-e1421595522288.jpg?resize=225%2C300&amp;ssl=1 225w, https:\/\/i0.wp.com\/www.ellensailing.se\/wp-content\/uploads\/2015\/01\/IMG_3798-e1421595522288.jpg?w=1680&amp;ssl=1 1680w\" sizes=\"(max-width: 604px) 100vw, 604px\" \/><\/a><figcaption id=\"caption-attachment-55\" class=\"wp-caption-text\">Nya toan<\/figcaption><\/figure>\n","protected":false},"excerpt":{"rendered":"<p>Nu har jag m\u00e5lat med topcoat s\u00e5 det skall vara fr\u00e4scht under vasken. Monterat nya slangar till toan som \u00e4ven[&#8230;]<\/p>\n","protected":false},"author":1,"featured_media":195,"comment_status":"open","ping_status":"open","sticky":false,"template":"","format":"standard","meta":{"_jetpack_newsletter_access":"","_jetpack_dont_email_post_to_subs":false,"_jetpack_newsletter_tier_id":0,"_jetpack_memberships_contains_paywalled_content":false,"_jetpack_feature_clip_id":0,"_jetpack_memberships_contains_paid_content":false,"footnotes":"","jetpack_publicize_message":"","jetpack_publicize_feature_enabled":true,"jetpack_social_post_already_shared":true,"jetpack_social_options":{"image_generator_settings":{"template":"highway","default_image_id":0,"font":"","enabled":false},"version":2},"jetpack_post_was_ever_published":false},"categories":[3],"tags":[],"class_list":["post-190","post","type-post","status-publish","format-standard","has-post-thumbnail","hentry","category-baten-pa-land"],"jetpack_publicize_connections":[],"jetpack_featured_media_url":"https:\/\/i0.wp.com\/www.ellensailing.se\/wp-content\/uploads\/2015\/01\/IMG_3823-e1422716284549.jpg?fit=2448%2C3263&ssl=1","jetpack_sharing_enabled":true,"jetpack_shortlink":"https:\/\/wp.me\/p5G68R-34","jetpack-related-posts":[{"id":59,"url":"https:\/\/www.ellensailing.se\/?p=59","url_meta":{"origin":190,"position":0},"title":"B\u00e5tmeckande i Januari","author":"peter@ellensailing.se","date":"18 januari, 2015","format":false,"excerpt":"Har varit en sk\u00f6n helg p\u00e5 landet med en del meckande med b\u00e5ten. SSB och Pactor modemet \u00e4r monterad av frun. Sj\u00e4lv har jag jobbat med genomf\u00f6ringarna och provmonterat alla genomf\u00f6ringar. Ser mycket bra ut tycker jag. Skall topcoata n\u00e4sta vecka s\u00e5 det blir bra. Vissa slangar var inte avsedda\u2026","rel":"","context":"I \u201dB\u00e5ten p\u00e5 land\u201d","block_context":{"text":"B\u00e5ten p\u00e5 land","link":"https:\/\/www.ellensailing.se\/?cat=3"},"img":{"alt_text":"Nya toan","src":"https:\/\/i0.wp.com\/www.ellensailing.se\/wp-content\/uploads\/2015\/01\/IMG_3798-e1421595522288-768x1024.jpg?resize=350%2C200&ssl=1","width":350,"height":200},"classes":[]},{"id":280,"url":"https:\/\/www.ellensailing.se\/?p=280","url_meta":{"origin":190,"position":1},"title":"\u00c4ntligen har monteringen p\u00e5b\u00f6rjats","author":"peter@ellensailing.se","date":"15 mars, 2015","format":false,"excerpt":"Efter mycket inpassande har vi b\u00f6rjat att montera tillbaka alla genomf\u00f6ringar. I helgen har vi monterat 7 stycken\u00a0och f\u00e5tt p\u00e5 massa med nya slangar. Nu kommer det lukta lite godare i b\u00e5ten framf\u00f6rallt i fr\u00e4mre toan som inte hade gast\u00e4ta slangar. Vi trodde det l\u00e5g en d\u00f6d r\u00e5tta d\u00e4r framme\u2026","rel":"","context":"I \u201dB\u00e5ten p\u00e5 land\u201d","block_context":{"text":"B\u00e5ten p\u00e5 land","link":"https:\/\/www.ellensailing.se\/?cat=3"},"img":{"alt_text":"","src":"https:\/\/i0.wp.com\/www.ellensailing.se\/wp-content\/uploads\/2015\/03\/IMG_3912-e1426454852837.jpg?fit=1200%2C963&ssl=1&resize=350%2C200","width":350,"height":200,"srcset":"https:\/\/i0.wp.com\/www.ellensailing.se\/wp-content\/uploads\/2015\/03\/IMG_3912-e1426454852837.jpg?fit=1200%2C963&ssl=1&resize=350%2C200 1x, https:\/\/i0.wp.com\/www.ellensailing.se\/wp-content\/uploads\/2015\/03\/IMG_3912-e1426454852837.jpg?fit=1200%2C963&ssl=1&resize=525%2C300 1.5x, https:\/\/i0.wp.com\/www.ellensailing.se\/wp-content\/uploads\/2015\/03\/IMG_3912-e1426454852837.jpg?fit=1200%2C963&ssl=1&resize=700%2C400 2x, https:\/\/i0.wp.com\/www.ellensailing.se\/wp-content\/uploads\/2015\/03\/IMG_3912-e1426454852837.jpg?fit=1200%2C963&ssl=1&resize=1050%2C600 3x"},"classes":[]},{"id":781,"url":"https:\/\/www.ellensailing.se\/?p=781","url_meta":{"origin":190,"position":2},"title":"Underbar b\u00e5tmeckar helg!","author":"peter@ellensailing.se","date":"13 mars, 2016","format":false,"excerpt":"Nu \u00e4r v\u00e5ren \u00e4ntligen h\u00e4r i alla fall. Det har varit helt underbart ute vid varvet. Vi satt mot husv\u00e4ggen och \u00e5t lunch ute f\u00f6r f\u00f6rsta g\u00e5ngen i \u00e5r. I helgen har vi meckat dit nya gasolboxen som rymmer tv\u00e5 PC5:or. Det blev riktigt bra. Passade p\u00e5 att Topcoata om\u2026","rel":"","context":"I \u201dB\u00e5ten p\u00e5 land\u201d","block_context":{"text":"B\u00e5ten p\u00e5 land","link":"https:\/\/www.ellensailing.se\/?cat=3"},"img":{"alt_text":"","src":"https:\/\/i0.wp.com\/www.ellensailing.se\/wp-content\/uploads\/2016\/03\/IMG_5072.jpg?fit=1200%2C900&ssl=1&resize=350%2C200","width":350,"height":200,"srcset":"https:\/\/i0.wp.com\/www.ellensailing.se\/wp-content\/uploads\/2016\/03\/IMG_5072.jpg?fit=1200%2C900&ssl=1&resize=350%2C200 1x, https:\/\/i0.wp.com\/www.ellensailing.se\/wp-content\/uploads\/2016\/03\/IMG_5072.jpg?fit=1200%2C900&ssl=1&resize=525%2C300 1.5x, https:\/\/i0.wp.com\/www.ellensailing.se\/wp-content\/uploads\/2016\/03\/IMG_5072.jpg?fit=1200%2C900&ssl=1&resize=700%2C400 2x, https:\/\/i0.wp.com\/www.ellensailing.se\/wp-content\/uploads\/2016\/03\/IMG_5072.jpg?fit=1200%2C900&ssl=1&resize=1050%2C600 3x"},"classes":[]},{"id":2875,"url":"https:\/\/www.ellensailing.se\/?p=2875","url_meta":{"origin":190,"position":3},"title":"\u00d6land och Kalmar","author":"peter@ellensailing.se","date":"23 juli, 2020","format":false,"excerpt":"Vi fortsatte efter Harstena ner till Bok\u00f6. Ganska kort bit men k\u00e4nde att det var dags att r\u00f6ra oss. Det var lite v\u00e4l mycket b\u00e5tar d\u00e4r. P\u00e5 M\u00f6rk\u00f6 s\u00e5 var det inte m\u00e5nga b\u00e5tar, vilket var sk\u00f6nt. Efter M\u00f6rk\u00f6 s\u00e5 kryssade vi ut p\u00e5 havet och hade en makal\u00f6s fin\u2026","rel":"","context":"I \u201dSegling 2020\u201d","block_context":{"text":"Segling 2020","link":"https:\/\/www.ellensailing.se\/?cat=27"},"img":{"alt_text":"","src":"https:\/\/i0.wp.com\/www.ellensailing.se\/wp-content\/uploads\/2020\/07\/img_0278-13-scaled.jpg?fit=1200%2C900&ssl=1&resize=350%2C200","width":350,"height":200,"srcset":"https:\/\/i0.wp.com\/www.ellensailing.se\/wp-content\/uploads\/2020\/07\/img_0278-13-scaled.jpg?fit=1200%2C900&ssl=1&resize=350%2C200 1x, https:\/\/i0.wp.com\/www.ellensailing.se\/wp-content\/uploads\/2020\/07\/img_0278-13-scaled.jpg?fit=1200%2C900&ssl=1&resize=525%2C300 1.5x, https:\/\/i0.wp.com\/www.ellensailing.se\/wp-content\/uploads\/2020\/07\/img_0278-13-scaled.jpg?fit=1200%2C900&ssl=1&resize=700%2C400 2x, https:\/\/i0.wp.com\/www.ellensailing.se\/wp-content\/uploads\/2020\/07\/img_0278-13-scaled.jpg?fit=1200%2C900&ssl=1&resize=1050%2C600 3x"},"classes":[]},{"id":1584,"url":"https:\/\/www.ellensailing.se\/?p=1584","url_meta":{"origin":190,"position":4},"title":"Dygn 2 &#8211; Fina fisken och h\u00e4rlig segling","author":"peter@ellensailing.se","date":"21 november, 2017","format":false,"excerpt":"Ig\u00e5r efter blogginl\u00e4gget s\u00e5 fick vi upp en fin Maui-Maui p\u00e5 ca tre kilo. Den fick bli till lunch och fil\u00e9ades upp och stektes med ris och Canary Chili s\u00e5s. Mycket gott och f\u00e4rskare kan det inte bli. Vi har seglat SW med Code 1 hela dagen och hela natten.\u2026","rel":"","context":"I \u201dARC 2017\u201d","block_context":{"text":"ARC 2017","link":"https:\/\/www.ellensailing.se\/?cat=23"},"img":{"alt_text":"","src":"","width":0,"height":0},"classes":[]},{"id":105,"url":"https:\/\/www.ellensailing.se\/?p=105","url_meta":{"origin":190,"position":5},"title":"Iskallt uppdrag!","author":"peter@ellensailing.se","date":"25 januari, 2015","format":false,"excerpt":"Har i helgen b\u00f6rjat g\u00f6ra iordning ankarboxen och f\u00f6rd\u00e4clsluckan. Det var rej\u00e4lt skitigt och lite topcoat kommer g\u00f6ra susen. s\u00e5 h\u00e4r kan det se ut efter 4 \u00e5r n\u00e4r kedjan blir lite rostig. Det \u00e4r kallt s\u00e5 bilfl\u00e4ktar och element f\u00e5r v\u00e4rma upp b\u00e5ten. \u00c4ven under handfaten kommer det bli\u2026","rel":"","context":"I \u201dB\u00e5ten p\u00e5 land\u201d","block_context":{"text":"B\u00e5ten p\u00e5 land","link":"https:\/\/www.ellensailing.se\/?cat=3"},"img":{"alt_text":"Ankarboxen","src":"https:\/\/i0.wp.com\/www.ellensailing.se\/wp-content\/uploads\/2015\/01\/image-e1422224551733-768x1024.jpg?resize=350%2C200&ssl=1","width":350,"height":200,"srcset":"https:\/\/i0.wp.com\/www.ellensailing.se\/wp-content\/uploads\/2015\/01\/image-e1422224551733-768x1024.jpg?resize=350%2C200&ssl=1 1x, https:\/\/i0.wp.com\/www.ellensailing.se\/wp-content\/uploads\/2015\/01\/image-e1422224551733-768x1024.jpg?resize=525%2C300&ssl=1 1.5x"},"classes":[]}],"jetpack_likes_enabled":false,"_links":{"self":[{"href":"https:\/\/www.ellensailing.se\/index.php?rest_route=\/wp\/v2\/posts\/190","targetHints":{"allow":["GET"]}}],"collection":[{"href":"https:\/\/www.ellensailing.se\/index.php?rest_route=\/wp\/v2\/posts"}],"about":[{"href":"https:\/\/www.ellensailing.se\/index.php?rest_route=\/wp\/v2\/types\/post"}],"author":[{"embeddable":true,"href":"https:\/\/www.ellensailing.se\/index.php?rest_route=\/wp\/v2\/users\/1"}],"replies":[{"embeddable":true,"href":"https:\/\/www.ellensailing.se\/index.php?rest_route=%2Fwp%2Fv2%2Fcomments&post=190"}],"version-history":[{"count":4,"href":"https:\/\/www.ellensailing.se\/index.php?rest_route=\/wp\/v2\/posts\/190\/revisions"}],"predecessor-version":[{"id":387,"href":"https:\/\/www.ellensailing.se\/index.php?rest_route=\/wp\/v2\/posts\/190\/revisions\/387"}],"wp:featuredmedia":[{"embeddable":true,"href":"https:\/\/www.ellensailing.se\/index.php?rest_route=\/wp\/v2\/media\/195"}],"wp:attachment":[{"href":"https:\/\/www.ellensailing.se\/index.php?rest_route=%2Fwp%2Fv2%2Fmedia&parent=190"}],"wp:term":[{"taxonomy":"category","embeddable":true,"href":"https:\/\/www.ellensailing.se\/index.php?rest_route=%2Fwp%2Fv2%2Fcategories&post=190"},{"taxonomy":"post_tag","embeddable":true,"href":"https:\/\/www.ellensailing.se\/index.php?rest_route=%2Fwp%2Fv2%2Ftags&post=190"}],"curies":[{"name":"wp","href":"https:\/\/api.w.org\/{rel}","templated":true}]}}