{"id":1887,"date":"2018-03-05T03:39:03","date_gmt":"2018-03-05T02:39:03","guid":{"rendered":"https:\/\/www.ellensailing.se\/?p=1887"},"modified":"2018-03-05T03:40:31","modified_gmt":"2018-03-05T02:40:31","slug":"vilken-kvall","status":"publish","type":"post","link":"https:\/\/www.ellensailing.se\/?p=1887","title":{"rendered":"Vilken kv\u00e4ll!"},"content":{"rendered":"<p>Fullm\u00e5ne och s\u00e5 annorlunda vind \u00e4n vi \u00e4r van vid. Det bl\u00e5ser v\u00e4sterligt och vi ligger l\u00e4ngst ut mot revet och har bara en katamaran bakom oss, sen ligger Afrika. Det \u00e4r nog f\u00f6rsta g\u00e5ngen som vi har v\u00e4sterliga vindar och idag har det bl\u00e5st ganska bra om lite mot norr dessutom. Det \u00e4r s\u00e5 fint h\u00e4r och det var underbart att se Engla segla f\u00f6rbi revet s\u00f6derut. Vi fick Kess och Anne p\u00e5 en liten sundowner. Trevligt som vanligt.<\/p>\n<p>Idag har det varit en bokdag och badag. Inte d\u00e5ligt alls men j\u00e4klar vad bra boken var som jag l\u00e4st sist, \u201dJag \u00e4r Pilgrimen\u201d . Det gick inte att sl\u00e4ppa de sista 300 sidorna p\u00e5 boken, s\u00e5 sjukt bra. Sv\u00e5rt att hitta nya titlar&#8230;<\/p>\n<figure id=\"attachment_1890\" aria-describedby=\"caption-attachment-1890\" style=\"width: 640px\" class=\"wp-caption aligncenter\"><a href=\"https:\/\/i0.wp.com\/www.ellensailing.se\/wp-content\/uploads\/2018\/03\/762DFF31-A6A8-4D59-91C7-6E2B03C03086.jpeg?ssl=1\"><img data-recalc-dims=\"1\" fetchpriority=\"high\" decoding=\"async\" class=\"wp-image-1890 size-large\" src=\"https:\/\/i0.wp.com\/www.ellensailing.se\/wp-content\/uploads\/2018\/03\/762DFF31-A6A8-4D59-91C7-6E2B03C03086.jpeg?resize=640%2C427&#038;ssl=1\" alt=\"\" width=\"640\" height=\"427\" srcset=\"https:\/\/i0.wp.com\/www.ellensailing.se\/wp-content\/uploads\/2018\/03\/762DFF31-A6A8-4D59-91C7-6E2B03C03086.jpeg?resize=1024%2C683&amp;ssl=1 1024w, https:\/\/i0.wp.com\/www.ellensailing.se\/wp-content\/uploads\/2018\/03\/762DFF31-A6A8-4D59-91C7-6E2B03C03086.jpeg?resize=300%2C200&amp;ssl=1 300w, https:\/\/i0.wp.com\/www.ellensailing.se\/wp-content\/uploads\/2018\/03\/762DFF31-A6A8-4D59-91C7-6E2B03C03086.jpeg?resize=768%2C512&amp;ssl=1 768w, https:\/\/i0.wp.com\/www.ellensailing.se\/wp-content\/uploads\/2018\/03\/762DFF31-A6A8-4D59-91C7-6E2B03C03086.jpeg?w=1620&amp;ssl=1 1620w\" sizes=\"(max-width: 640px) 100vw, 640px\" \/><\/a><figcaption id=\"caption-attachment-1890\" class=\"wp-caption-text\">Fullm\u00e5ne med en katamaran mot \u00f6st!<\/figcaption><\/figure>\n<figure id=\"attachment_1891\" aria-describedby=\"caption-attachment-1891\" style=\"width: 640px\" class=\"wp-caption aligncenter\"><a href=\"https:\/\/i0.wp.com\/www.ellensailing.se\/wp-content\/uploads\/2018\/03\/DA440862-BEB7-401C-B6F5-D3343DC3DA8E.jpeg?ssl=1\"><img data-recalc-dims=\"1\" decoding=\"async\" class=\"wp-image-1891 size-large\" src=\"https:\/\/i0.wp.com\/www.ellensailing.se\/wp-content\/uploads\/2018\/03\/DA440862-BEB7-401C-B6F5-D3343DC3DA8E.jpeg?resize=640%2C427&#038;ssl=1\" alt=\"\" width=\"640\" height=\"427\" srcset=\"https:\/\/i0.wp.com\/www.ellensailing.se\/wp-content\/uploads\/2018\/03\/DA440862-BEB7-401C-B6F5-D3343DC3DA8E.jpeg?resize=1024%2C683&amp;ssl=1 1024w, https:\/\/i0.wp.com\/www.ellensailing.se\/wp-content\/uploads\/2018\/03\/DA440862-BEB7-401C-B6F5-D3343DC3DA8E.jpeg?resize=300%2C200&amp;ssl=1 300w, https:\/\/i0.wp.com\/www.ellensailing.se\/wp-content\/uploads\/2018\/03\/DA440862-BEB7-401C-B6F5-D3343DC3DA8E.jpeg?resize=768%2C512&amp;ssl=1 768w, https:\/\/i0.wp.com\/www.ellensailing.se\/wp-content\/uploads\/2018\/03\/DA440862-BEB7-401C-B6F5-D3343DC3DA8E.jpeg?w=1620&amp;ssl=1 1620w\" sizes=\"(max-width: 640px) 100vw, 640px\" \/><\/a><figcaption id=\"caption-attachment-1891\" class=\"wp-caption-text\">Galet fint med katamaranen.<\/figcaption><\/figure>\n<figure id=\"attachment_1889\" aria-describedby=\"caption-attachment-1889\" style=\"width: 640px\" class=\"wp-caption aligncenter\"><a href=\"https:\/\/i0.wp.com\/www.ellensailing.se\/wp-content\/uploads\/2018\/03\/4C1CBC69-64FC-4DEE-9474-5D91BF70FAAC.jpeg?ssl=1\"><img data-recalc-dims=\"1\" decoding=\"async\" class=\"wp-image-1889 size-large\" src=\"https:\/\/i0.wp.com\/www.ellensailing.se\/wp-content\/uploads\/2018\/03\/4C1CBC69-64FC-4DEE-9474-5D91BF70FAAC.jpeg?resize=640%2C427&#038;ssl=1\" alt=\"\" width=\"640\" height=\"427\" srcset=\"https:\/\/i0.wp.com\/www.ellensailing.se\/wp-content\/uploads\/2018\/03\/4C1CBC69-64FC-4DEE-9474-5D91BF70FAAC.jpeg?resize=1024%2C683&amp;ssl=1 1024w, https:\/\/i0.wp.com\/www.ellensailing.se\/wp-content\/uploads\/2018\/03\/4C1CBC69-64FC-4DEE-9474-5D91BF70FAAC.jpeg?resize=300%2C200&amp;ssl=1 300w, https:\/\/i0.wp.com\/www.ellensailing.se\/wp-content\/uploads\/2018\/03\/4C1CBC69-64FC-4DEE-9474-5D91BF70FAAC.jpeg?resize=768%2C512&amp;ssl=1 768w, https:\/\/i0.wp.com\/www.ellensailing.se\/wp-content\/uploads\/2018\/03\/4C1CBC69-64FC-4DEE-9474-5D91BF70FAAC.jpeg?w=1620&amp;ssl=1 1620w\" sizes=\"(max-width: 640px) 100vw, 640px\" \/><\/a><figcaption id=\"caption-attachment-1889\" class=\"wp-caption-text\">V\u00e5r lilla svamp m\u00e5ste var med ocks\u00e5 s\u00e5 klart!<\/figcaption><\/figure>\n","protected":false},"excerpt":{"rendered":"<p>Fullm\u00e5ne och s\u00e5 annorlunda vind \u00e4n vi \u00e4r van vid. Det bl\u00e5ser v\u00e4sterligt och vi ligger l\u00e4ngst ut mot revet[&#8230;]<\/p>\n","protected":false},"author":1,"featured_media":1888,"comment_status":"open","ping_status":"open","sticky":false,"template":"","format":"standard","meta":{"_jetpack_newsletter_access":"","_jetpack_dont_email_post_to_subs":false,"_jetpack_newsletter_tier_id":0,"_jetpack_memberships_contains_paywalled_content":false,"_jetpack_feature_clip_id":0,"_jetpack_memberships_contains_paid_content":false,"footnotes":"","jetpack_publicize_message":"","jetpack_publicize_feature_enabled":true,"jetpack_social_post_already_shared":true,"jetpack_social_options":{"image_generator_settings":{"template":"highway","default_image_id":0,"font":"","enabled":false},"version":2},"jetpack_post_was_ever_published":false},"categories":[24],"tags":[],"class_list":["post-1887","post","type-post","status-publish","format-standard","has-post-thumbnail","hentry","category-vastindien-2017-2018"],"jetpack_publicize_connections":[],"jetpack_featured_media_url":"https:\/\/i0.wp.com\/www.ellensailing.se\/wp-content\/uploads\/2018\/03\/B796C58B-48FF-487A-87FE-EE96C63B4726.jpeg?fit=1620%2C1080&ssl=1","jetpack_sharing_enabled":true,"jetpack_shortlink":"https:\/\/wp.me\/p5G68R-ur","jetpack-related-posts":[{"id":1454,"url":"https:\/\/www.ellensailing.se\/?p=1454","url_meta":{"origin":1887,"position":0},"title":"Nytt bes\u00f6k p\u00e5 b\u00e5ten!","author":"peter@ellensailing.se","date":"20 oktober, 2017","format":false,"excerpt":"H\u00e4rom dagen fick vi bes\u00f6k av Anders S\u00f6derberg p\u00e5 b\u00e5ten. Han fl\u00f6g till Teneriffa och h\u00e4mtades upp i Santa Cruz. Det blev ett dygn i huvudstaden. Kul att tr\u00e4ffa Think Twice och Engla. Vi hade lite SOS i Think Twice och efter middag gick vi alla till en bar och\u2026","rel":"","context":"I \u201dH\u00f6st 2017 till Grand Canrias.\u201d","block_context":{"text":"H\u00f6st 2017 till Grand Canrias.","link":"https:\/\/www.ellensailing.se\/?cat=22"},"img":{"alt_text":"","src":"https:\/\/i0.wp.com\/www.ellensailing.se\/wp-content\/uploads\/2017\/10\/IMG_6197.jpg?fit=480%2C640&ssl=1&resize=350%2C200","width":350,"height":200},"classes":[]},{"id":1576,"url":"https:\/\/www.ellensailing.se\/?p=1576","url_meta":{"origin":1887,"position":1},"title":"Nu \u00e4r vi p\u00e5 v\u00e4g","author":"peter@ellensailing.se","date":"19 november, 2017","format":false,"excerpt":"Gjorde en ganska bra start och satte upp Code1 vilket beh\u00f6vs i dessa l\u00e4tta vindar. Ligger i framkant av Crusingklassen och b\u00f6rjar n\u00e4rma oss katamaranerna. Om ni vill f\u00f6lja oss s\u00e5 ladda ner YB Races till padda eller telefon och ta ner ARC 2017. D\u00e4r ser ni alla b\u00e5tar \u00f6ver\u2026","rel":"","context":"I \u201dARC 2017\u201d","block_context":{"text":"ARC 2017","link":"https:\/\/www.ellensailing.se\/?cat=23"},"img":{"alt_text":"","src":"https:\/\/i0.wp.com\/www.ellensailing.se\/wp-content\/uploads\/2017\/11\/IMG_0163.png?fit=1200%2C900&ssl=1&resize=350%2C200","width":350,"height":200,"srcset":"https:\/\/i0.wp.com\/www.ellensailing.se\/wp-content\/uploads\/2017\/11\/IMG_0163.png?fit=1200%2C900&ssl=1&resize=350%2C200 1x, https:\/\/i0.wp.com\/www.ellensailing.se\/wp-content\/uploads\/2017\/11\/IMG_0163.png?fit=1200%2C900&ssl=1&resize=525%2C300 1.5x, https:\/\/i0.wp.com\/www.ellensailing.se\/wp-content\/uploads\/2017\/11\/IMG_0163.png?fit=1200%2C900&ssl=1&resize=700%2C400 2x, https:\/\/i0.wp.com\/www.ellensailing.se\/wp-content\/uploads\/2017\/11\/IMG_0163.png?fit=1200%2C900&ssl=1&resize=1050%2C600 3x"},"classes":[]},{"id":1198,"url":"https:\/\/www.ellensailing.se\/?p=1198","url_meta":{"origin":1887,"position":2},"title":"Biscaya avklarat och v\u00e5rt f\u00f6rsta tonfisk f\u00e5ngad!","author":"peter@ellensailing.se","date":"7 september, 2017","format":false,"excerpt":"Nu har vi \u00e4ntligen klarat av att korsa Biscaya! Ingen av oss har gjort det f\u00f6rut och det \u00e4r en skr\u00e4ckblandad f\u00f6rtjusning att passera. Har aldrig varit med om att det kan vara s\u00e5 branta klippor mellan 4000 meter djupt till 150 meter p\u00e5 olika st\u00e4llen. F\u00f6rst\u00e5r att det kan\u2026","rel":"","context":"I \u201dH\u00f6st 2017 till Grand Canrias.\u201d","block_context":{"text":"H\u00f6st 2017 till Grand Canrias.","link":"https:\/\/www.ellensailing.se\/?cat=22"},"img":{"alt_text":"","src":"https:\/\/i0.wp.com\/www.ellensailing.se\/wp-content\/uploads\/2017\/09\/DSC2200-e1504768850168.jpg?fit=802%2C1200&ssl=1&resize=350%2C200","width":350,"height":200,"srcset":"https:\/\/i0.wp.com\/www.ellensailing.se\/wp-content\/uploads\/2017\/09\/DSC2200-e1504768850168.jpg?fit=802%2C1200&ssl=1&resize=350%2C200 1x, https:\/\/i0.wp.com\/www.ellensailing.se\/wp-content\/uploads\/2017\/09\/DSC2200-e1504768850168.jpg?fit=802%2C1200&ssl=1&resize=525%2C300 1.5x, https:\/\/i0.wp.com\/www.ellensailing.se\/wp-content\/uploads\/2017\/09\/DSC2200-e1504768850168.jpg?fit=802%2C1200&ssl=1&resize=700%2C400 2x"},"classes":[]},{"id":1373,"url":"https:\/\/www.ellensailing.se\/?p=1373","url_meta":{"origin":1887,"position":3},"title":"Natt1, \u00f6verfart fr\u00e5n Lagos till Isla Graciosa","author":"peter@ellensailing.se","date":"7 oktober, 2017","format":false,"excerpt":"I natt blev det verkligen lugnt. Det bl\u00e5ste ibland bara 3 m\/s vilket inte \u00e4r mycket n\u00e4r man har l\u00e4ns. Men d\u00e4remellan kommer det vind och v loggar 5-6,5 knop. Har varit mulet i natt s\u00e5 vi har inte f\u00e5tt se s\u00e5 mycket av fullm\u00e5nen, bara lite nu p\u00e5 morgonkvisten.\u2026","rel":"","context":"I \u201dH\u00f6st 2017 till Grand Canrias.\u201d","block_context":{"text":"H\u00f6st 2017 till Grand Canrias.","link":"https:\/\/www.ellensailing.se\/?cat=22"},"img":{"alt_text":"","src":"","width":0,"height":0},"classes":[]},{"id":1374,"url":"https:\/\/www.ellensailing.se\/?p=1374","url_meta":{"origin":1887,"position":4},"title":"Natt2, \u00f6verfart fr\u00e5n Lagos till Isla Graciosa","author":"peter@ellensailing.se","date":"7 oktober, 2017","format":false,"excerpt":"I natt blev det verkligen lugnt. Det bl\u00e5ste ibland bara 3 m\/s vilket inte \u00e4r mycket n\u00e4r man har l\u00e4ns. Men d\u00e4remellan kommer det vind och v loggar 5-6,5 knop. Har varit mulet i natt s\u00e5 vi har inte f\u00e5tt se s\u00e5 mycket av fullm\u00e5nen, bara lite nu p\u00e5 morgonkvisten.\u2026","rel":"","context":"I \u201dH\u00f6st 2017 till Grand Canrias.\u201d","block_context":{"text":"H\u00f6st 2017 till Grand Canrias.","link":"https:\/\/www.ellensailing.se\/?cat=22"},"img":{"alt_text":"","src":"","width":0,"height":0},"classes":[]},{"id":1986,"url":"https:\/\/www.ellensailing.se\/?p=1986","url_meta":{"origin":1887,"position":5},"title":"St:Vincent f\u00e5r bes\u00f6k f\u00f6r f\u00f6rsta g\u00e5ngen av Ellen","author":"peter@ellensailing.se","date":"25 mars, 2018","format":false,"excerpt":"Vi har idag ankrat p\u00e5 St:Vincent trots att alla rekommenderar att man inte skall g\u00e5 i land h\u00e4r. Anledningen till att vi g\u00f6r det \u00e4r att vi f\u00e5tt s\u00e5 m\u00e5nga rekommendationer av seglare att det finns ett fint st\u00e4lle och det \u00e4r i Keartons Bay och Rock Side Caf\u00e9 som\u2026","rel":"","context":"I \u201dV\u00e4stindien 2017-2018\u201d","block_context":{"text":"V\u00e4stindien 2017-2018","link":"https:\/\/www.ellensailing.se\/?cat=24"},"img":{"alt_text":"","src":"https:\/\/i0.wp.com\/www.ellensailing.se\/wp-content\/uploads\/2018\/03\/D950EE31-66AC-4355-9186-6A65AD5AC60D.jpeg?fit=1200%2C800&ssl=1&resize=350%2C200","width":350,"height":200,"srcset":"https:\/\/i0.wp.com\/www.ellensailing.se\/wp-content\/uploads\/2018\/03\/D950EE31-66AC-4355-9186-6A65AD5AC60D.jpeg?fit=1200%2C800&ssl=1&resize=350%2C200 1x, https:\/\/i0.wp.com\/www.ellensailing.se\/wp-content\/uploads\/2018\/03\/D950EE31-66AC-4355-9186-6A65AD5AC60D.jpeg?fit=1200%2C800&ssl=1&resize=525%2C300 1.5x, https:\/\/i0.wp.com\/www.ellensailing.se\/wp-content\/uploads\/2018\/03\/D950EE31-66AC-4355-9186-6A65AD5AC60D.jpeg?fit=1200%2C800&ssl=1&resize=700%2C400 2x, https:\/\/i0.wp.com\/www.ellensailing.se\/wp-content\/uploads\/2018\/03\/D950EE31-66AC-4355-9186-6A65AD5AC60D.jpeg?fit=1200%2C800&ssl=1&resize=1050%2C600 3x"},"classes":[]}],"jetpack_likes_enabled":false,"_links":{"self":[{"href":"https:\/\/www.ellensailing.se\/index.php?rest_route=\/wp\/v2\/posts\/1887","targetHints":{"allow":["GET"]}}],"collection":[{"href":"https:\/\/www.ellensailing.se\/index.php?rest_route=\/wp\/v2\/posts"}],"about":[{"href":"https:\/\/www.ellensailing.se\/index.php?rest_route=\/wp\/v2\/types\/post"}],"author":[{"embeddable":true,"href":"https:\/\/www.ellensailing.se\/index.php?rest_route=\/wp\/v2\/users\/1"}],"replies":[{"embeddable":true,"href":"https:\/\/www.ellensailing.se\/index.php?rest_route=%2Fwp%2Fv2%2Fcomments&post=1887"}],"version-history":[{"count":3,"href":"https:\/\/www.ellensailing.se\/index.php?rest_route=\/wp\/v2\/posts\/1887\/revisions"}],"predecessor-version":[{"id":1894,"href":"https:\/\/www.ellensailing.se\/index.php?rest_route=\/wp\/v2\/posts\/1887\/revisions\/1894"}],"wp:featuredmedia":[{"embeddable":true,"href":"https:\/\/www.ellensailing.se\/index.php?rest_route=\/wp\/v2\/media\/1888"}],"wp:attachment":[{"href":"https:\/\/www.ellensailing.se\/index.php?rest_route=%2Fwp%2Fv2%2Fmedia&parent=1887"}],"wp:term":[{"taxonomy":"category","embeddable":true,"href":"https:\/\/www.ellensailing.se\/index.php?rest_route=%2Fwp%2Fv2%2Fcategories&post=1887"},{"taxonomy":"post_tag","embeddable":true,"href":"https:\/\/www.ellensailing.se\/index.php?rest_route=%2Fwp%2Fv2%2Ftags&post=1887"}],"curies":[{"name":"wp","href":"https:\/\/api.w.org\/{rel}","templated":true}]}}