{"id":1835,"date":"2018-02-09T04:02:09","date_gmt":"2018-02-09T03:02:09","guid":{"rendered":"https:\/\/www.ellensailing.se\/?p=1835"},"modified":"2018-02-09T04:02:47","modified_gmt":"2018-02-09T03:02:47","slug":"vattenfall-ar-inte-bara-behagliga","status":"publish","type":"post","link":"https:\/\/www.ellensailing.se\/?p=1835","title":{"rendered":"Vattenfall \u00e4r inte bara behagliga"},"content":{"rendered":"<p>Var tvungen att f\u00e5 lite internet f\u00f6r att kunna l\u00e4gga upp film s\u00e5 det f\u00e5r bli nu ist\u00e4llet. Vi har l\u00e4mnat Dominica men kommer att komma tillbaka till den underbara p\u00e4rla som det \u00e4r med alla fina v\u00e4nliga m\u00e4nniskor. Vi gick fr\u00e5n Dominica upp till Iles des Saintes. D\u00e4r var det guppigt v\u00e4rre i hamnen, hamnade l\u00e4ngst ut och jag trodde jag skulle rulla ut ur f\u00f6rpiken. Natt tv\u00e5 lyckades vi f\u00e5nga ny boj och det blev mycket b\u00e4ttre.<\/p>\n<p>Nu ligger vi i hamn f\u00f6r f\u00f6rsta g\u00e5ngen sedan den 2 januari i Guadeloupe och hamnen Pointe a Pitre. Hela b\u00e5ten \u00e4r stilla och det har det inte varit de sista fem veckorna. Dessutom har vi n\u00e4t. Det \u00e4r v\u00e4ldigt fint h\u00e4r men vi har bara hunnit runt litegrann.<\/p>\n<p>N\u00e5v\u00e4l, vad g\u00e4ller vattenfall s\u00e5 tycks det vara romantiskt men det \u00e4r det inte. Det bl\u00e5ser som attans n\u00e4r vatten faller 83 fot ner och det g\u00f6r ont att st\u00e5 under. H\u00e4r \u00e4r ett litet bevis.<\/p>\n<p>[Spider_Single_Video track=&#8221;12&#8243; theme_id=&#8221;1&#8243; priority=&#8221;1&#8243;]<\/p>\n","protected":false},"excerpt":{"rendered":"<p>Var tvungen att f\u00e5 lite internet f\u00f6r att kunna l\u00e4gga upp film s\u00e5 det f\u00e5r bli nu ist\u00e4llet. Vi har[&#8230;]<\/p>\n","protected":false},"author":1,"featured_media":1816,"comment_status":"open","ping_status":"open","sticky":false,"template":"","format":"standard","meta":{"_jetpack_newsletter_access":"","_jetpack_dont_email_post_to_subs":false,"_jetpack_newsletter_tier_id":0,"_jetpack_memberships_contains_paywalled_content":false,"_jetpack_feature_clip_id":0,"_jetpack_memberships_contains_paid_content":false,"footnotes":"","jetpack_publicize_message":"","jetpack_publicize_feature_enabled":true,"jetpack_social_post_already_shared":true,"jetpack_social_options":{"image_generator_settings":{"template":"highway","default_image_id":0,"font":"","enabled":false},"version":2},"jetpack_post_was_ever_published":false},"categories":[24],"tags":[],"class_list":["post-1835","post","type-post","status-publish","format-standard","has-post-thumbnail","hentry","category-vastindien-2017-2018"],"jetpack_publicize_connections":[],"jetpack_featured_media_url":"https:\/\/i0.wp.com\/www.ellensailing.se\/wp-content\/uploads\/2018\/02\/5C1874A8-5995-41C0-943D-E4EAF29E185A-e1518017403337.jpeg?fit=1080%2C1620&ssl=1","jetpack_sharing_enabled":true,"jetpack_shortlink":"https:\/\/wp.me\/p5G68R-tB","jetpack-related-posts":[{"id":1938,"url":"https:\/\/www.ellensailing.se\/?p=1938","url_meta":{"origin":1835,"position":0},"title":"Dominica f\u00f6r andra g\u00e5ngen","author":"peter@ellensailing.se","date":"19 mars, 2018","format":false,"excerpt":"Onsdagen den 14 mars s\u00e5 seglade vi ner fr\u00e5n Gudalope och Basse Terre till Dominica. I Basse Terre tr\u00e4ffade vi Indian Summer som vi inte s\u00e4tt sedan l\u00e4nge. Blev mycket utbyte av olika erfarenheter. Deras \u00e4ldsta son Hilmer tog dykcertifikat i Carriacou och det f\u00e5r nog bli d\u00e4r som jag\u2026","rel":"","context":"I \u201dV\u00e4stindien 2017-2018\u201d","block_context":{"text":"V\u00e4stindien 2017-2018","link":"https:\/\/www.ellensailing.se\/?cat=24"},"img":{"alt_text":"","src":"https:\/\/i0.wp.com\/www.ellensailing.se\/wp-content\/uploads\/2018\/03\/4989A253-81F2-4A41-9E8A-72CFABDAF6FD.jpeg?fit=1200%2C800&ssl=1&resize=350%2C200","width":350,"height":200,"srcset":"https:\/\/i0.wp.com\/www.ellensailing.se\/wp-content\/uploads\/2018\/03\/4989A253-81F2-4A41-9E8A-72CFABDAF6FD.jpeg?fit=1200%2C800&ssl=1&resize=350%2C200 1x, https:\/\/i0.wp.com\/www.ellensailing.se\/wp-content\/uploads\/2018\/03\/4989A253-81F2-4A41-9E8A-72CFABDAF6FD.jpeg?fit=1200%2C800&ssl=1&resize=525%2C300 1.5x, https:\/\/i0.wp.com\/www.ellensailing.se\/wp-content\/uploads\/2018\/03\/4989A253-81F2-4A41-9E8A-72CFABDAF6FD.jpeg?fit=1200%2C800&ssl=1&resize=700%2C400 2x, https:\/\/i0.wp.com\/www.ellensailing.se\/wp-content\/uploads\/2018\/03\/4989A253-81F2-4A41-9E8A-72CFABDAF6FD.jpeg?fit=1200%2C800&ssl=1&resize=1050%2C600 3x"},"classes":[]},{"id":1805,"url":"https:\/\/www.ellensailing.se\/?p=1805","url_meta":{"origin":1835,"position":1},"title":"Dominica, \u00f6n med f\u00f6redetta regnskogar","author":"peter@ellensailing.se","date":"7 februari, 2018","format":false,"excerpt":"Dominica brukar kallas den gr\u00f6na \u00f6n f\u00f6r det regnar och man har en bra jord som n\u00e4stan allt v\u00e4xer p\u00e5. Dominica hetta fr\u00e5n b\u00f6rjan Kubuli innan Columbus anl\u00e4nde p\u00e5 sin andra segling. Han kom en s\u00f6ndag morgon och p\u00e5 latin heter s\u00f6ndag Dominica eller herrens dag, som blev det nya\u2026","rel":"","context":"I \u201dV\u00e4stindien 2017-2018\u201d","block_context":{"text":"V\u00e4stindien 2017-2018","link":"https:\/\/www.ellensailing.se\/?cat=24"},"img":{"alt_text":"","src":"https:\/\/i0.wp.com\/www.ellensailing.se\/wp-content\/uploads\/2018\/02\/51194068-9190-4FFE-8F6C-C476AFCF7C8A.jpeg?fit=1200%2C800&ssl=1&resize=350%2C200","width":350,"height":200,"srcset":"https:\/\/i0.wp.com\/www.ellensailing.se\/wp-content\/uploads\/2018\/02\/51194068-9190-4FFE-8F6C-C476AFCF7C8A.jpeg?fit=1200%2C800&ssl=1&resize=350%2C200 1x, https:\/\/i0.wp.com\/www.ellensailing.se\/wp-content\/uploads\/2018\/02\/51194068-9190-4FFE-8F6C-C476AFCF7C8A.jpeg?fit=1200%2C800&ssl=1&resize=525%2C300 1.5x, https:\/\/i0.wp.com\/www.ellensailing.se\/wp-content\/uploads\/2018\/02\/51194068-9190-4FFE-8F6C-C476AFCF7C8A.jpeg?fit=1200%2C800&ssl=1&resize=700%2C400 2x, https:\/\/i0.wp.com\/www.ellensailing.se\/wp-content\/uploads\/2018\/02\/51194068-9190-4FFE-8F6C-C476AFCF7C8A.jpeg?fit=1200%2C800&ssl=1&resize=1050%2C600 3x"},"classes":[]},{"id":1961,"url":"https:\/\/www.ellensailing.se\/?p=1961","url_meta":{"origin":1835,"position":2},"title":"Vilket v\u00e4deromslag det \u00e4r.","author":"peter@ellensailing.se","date":"19 mars, 2018","format":false,"excerpt":"Det har blivit s\u00e5 sk\u00f6nt i Karibien med h\u00e4rlig v\u00e4rme och inget regn. Det \u00e4r till och med att man \u00f6nskar sig regn s\u00e5 b\u00e5ten blir av med allt salt. P\u00e5 L\u00f6rdagen den 17 mars l\u00e4mnade vi Dominica efter vi f\u00e5tt v\u00e5r glasflaska fylld av en av PAYS killarna. Kostade\u2026","rel":"","context":"I \u201dV\u00e4stindien 2017-2018\u201d","block_context":{"text":"V\u00e4stindien 2017-2018","link":"https:\/\/www.ellensailing.se\/?cat=24"},"img":{"alt_text":"","src":"https:\/\/i0.wp.com\/www.ellensailing.se\/wp-content\/uploads\/2018\/03\/image.jpg?fit=1200%2C900&ssl=1&resize=350%2C200","width":350,"height":200,"srcset":"https:\/\/i0.wp.com\/www.ellensailing.se\/wp-content\/uploads\/2018\/03\/image.jpg?fit=1200%2C900&ssl=1&resize=350%2C200 1x, https:\/\/i0.wp.com\/www.ellensailing.se\/wp-content\/uploads\/2018\/03\/image.jpg?fit=1200%2C900&ssl=1&resize=525%2C300 1.5x, https:\/\/i0.wp.com\/www.ellensailing.se\/wp-content\/uploads\/2018\/03\/image.jpg?fit=1200%2C900&ssl=1&resize=700%2C400 2x, https:\/\/i0.wp.com\/www.ellensailing.se\/wp-content\/uploads\/2018\/03\/image.jpg?fit=1200%2C900&ssl=1&resize=1050%2C600 3x"},"classes":[]},{"id":1510,"url":"https:\/\/www.ellensailing.se\/?p=1510","url_meta":{"origin":1835,"position":3},"title":"Ny vandringsdag p\u00e5 La Palma","author":"peter@ellensailing.se","date":"29 oktober, 2017","format":false,"excerpt":"I g\u00e5r kv\u00e4ll kom vi hem strax efter sex och efter det blev det vin och kex p\u00e5 Think Twice med alla svenskar som ligger i hamnen. Totalt var vi 14 personer som kom dit. Tack Bj\u00f6rn och Gertrud I morse s\u00e5 sprang grabbarna f\u00f6rst en liten runda medans jag\u2026","rel":"","context":"I \u201dH\u00f6st 2017 till Grand Canrias.\u201d","block_context":{"text":"H\u00f6st 2017 till Grand Canrias.","link":"https:\/\/www.ellensailing.se\/?cat=22"},"img":{"alt_text":"","src":"https:\/\/i0.wp.com\/www.ellensailing.se\/wp-content\/uploads\/2017\/10\/DSC4328.jpg?fit=802%2C1200&ssl=1&resize=350%2C200","width":350,"height":200,"srcset":"https:\/\/i0.wp.com\/www.ellensailing.se\/wp-content\/uploads\/2017\/10\/DSC4328.jpg?fit=802%2C1200&ssl=1&resize=350%2C200 1x, https:\/\/i0.wp.com\/www.ellensailing.se\/wp-content\/uploads\/2017\/10\/DSC4328.jpg?fit=802%2C1200&ssl=1&resize=525%2C300 1.5x, https:\/\/i0.wp.com\/www.ellensailing.se\/wp-content\/uploads\/2017\/10\/DSC4328.jpg?fit=802%2C1200&ssl=1&resize=700%2C400 2x"},"classes":[]},{"id":2462,"url":"https:\/\/www.ellensailing.se\/?p=2462","url_meta":{"origin":1835,"position":4},"title":"Sista dagen med g\u00e4nget!","author":"peter@ellensailing.se","date":"24 mars, 2019","format":false,"excerpt":"Redan i morse s\u00e5 b\u00f6rjade Ewa att packa. Det \u00e4r sista dagen p\u00e5 Ellen f\u00f6r Torgny och Ewa. Ig\u00e5r \u00e5t vi en mycket god middag inne i byn. Vi har haft j\u00e4ttekul med mycket garv och h\u00e4rliga seglingar fr\u00e5n Martinique via Dominica och som avslutas i Deshaies i Guadalupe. V\u00e4dret\u2026","rel":"","context":"I \u201dV\u00e4stindien 2019\u201d","block_context":{"text":"V\u00e4stindien 2019","link":"https:\/\/www.ellensailing.se\/?cat=25"},"img":{"alt_text":"","src":"https:\/\/i0.wp.com\/www.ellensailing.se\/wp-content\/uploads\/2019\/03\/DFA729CE-A6C8-4023-84A0-E58FECAD4AD8.jpeg?fit=1200%2C675&ssl=1&resize=350%2C200","width":350,"height":200,"srcset":"https:\/\/i0.wp.com\/www.ellensailing.se\/wp-content\/uploads\/2019\/03\/DFA729CE-A6C8-4023-84A0-E58FECAD4AD8.jpeg?fit=1200%2C675&ssl=1&resize=350%2C200 1x, https:\/\/i0.wp.com\/www.ellensailing.se\/wp-content\/uploads\/2019\/03\/DFA729CE-A6C8-4023-84A0-E58FECAD4AD8.jpeg?fit=1200%2C675&ssl=1&resize=525%2C300 1.5x, https:\/\/i0.wp.com\/www.ellensailing.se\/wp-content\/uploads\/2019\/03\/DFA729CE-A6C8-4023-84A0-E58FECAD4AD8.jpeg?fit=1200%2C675&ssl=1&resize=700%2C400 2x, https:\/\/i0.wp.com\/www.ellensailing.se\/wp-content\/uploads\/2019\/03\/DFA729CE-A6C8-4023-84A0-E58FECAD4AD8.jpeg?fit=1200%2C675&ssl=1&resize=1050%2C600 3x"},"classes":[]},{"id":3541,"url":"https:\/\/www.ellensailing.se\/?p=3541","url_meta":{"origin":1835,"position":5},"title":"Ellen m\u00f6ter Stella Horizon","author":"peter@ellensailing.se","date":"17 april, 2024","format":false,"excerpt":"Som vi l\u00e4ngtat f\u00f6r att f\u00e5 segla i S\u00f6derhavet. Jag och Jackie tr\u00e4ffade Ola och Jenny under skidresan \u201dLa Dolce Vita\u201d vecka 5 i \u00d6sterrike. Det \u00e4r m\u00e5nga seglare med p\u00e5 dessa skidresor. Vi pratade mycket om S\u00f6derhavet d\u00e5 och dr\u00f6mmar uppst\u00e5r ofta av olika samtal. Mycket vatten har runnit\u2026","rel":"","context":"I \u201dS\u00f6derhavet\u201d","block_context":{"text":"S\u00f6derhavet","link":"https:\/\/www.ellensailing.se\/?cat=33"},"img":{"alt_text":"","src":"https:\/\/i0.wp.com\/www.ellensailing.se\/wp-content\/uploads\/2024\/04\/img_3895-1.jpg?fit=900%2C1200&ssl=1&resize=350%2C200","width":350,"height":200,"srcset":"https:\/\/i0.wp.com\/www.ellensailing.se\/wp-content\/uploads\/2024\/04\/img_3895-1.jpg?fit=900%2C1200&ssl=1&resize=350%2C200 1x, https:\/\/i0.wp.com\/www.ellensailing.se\/wp-content\/uploads\/2024\/04\/img_3895-1.jpg?fit=900%2C1200&ssl=1&resize=525%2C300 1.5x, https:\/\/i0.wp.com\/www.ellensailing.se\/wp-content\/uploads\/2024\/04\/img_3895-1.jpg?fit=900%2C1200&ssl=1&resize=700%2C400 2x"},"classes":[]}],"jetpack_likes_enabled":false,"_links":{"self":[{"href":"https:\/\/www.ellensailing.se\/index.php?rest_route=\/wp\/v2\/posts\/1835","targetHints":{"allow":["GET"]}}],"collection":[{"href":"https:\/\/www.ellensailing.se\/index.php?rest_route=\/wp\/v2\/posts"}],"about":[{"href":"https:\/\/www.ellensailing.se\/index.php?rest_route=\/wp\/v2\/types\/post"}],"author":[{"embeddable":true,"href":"https:\/\/www.ellensailing.se\/index.php?rest_route=\/wp\/v2\/users\/1"}],"replies":[{"embeddable":true,"href":"https:\/\/www.ellensailing.se\/index.php?rest_route=%2Fwp%2Fv2%2Fcomments&post=1835"}],"version-history":[{"count":2,"href":"https:\/\/www.ellensailing.se\/index.php?rest_route=\/wp\/v2\/posts\/1835\/revisions"}],"predecessor-version":[{"id":1837,"href":"https:\/\/www.ellensailing.se\/index.php?rest_route=\/wp\/v2\/posts\/1835\/revisions\/1837"}],"wp:featuredmedia":[{"embeddable":true,"href":"https:\/\/www.ellensailing.se\/index.php?rest_route=\/wp\/v2\/media\/1816"}],"wp:attachment":[{"href":"https:\/\/www.ellensailing.se\/index.php?rest_route=%2Fwp%2Fv2%2Fmedia&parent=1835"}],"wp:term":[{"taxonomy":"category","embeddable":true,"href":"https:\/\/www.ellensailing.se\/index.php?rest_route=%2Fwp%2Fv2%2Fcategories&post=1835"},{"taxonomy":"post_tag","embeddable":true,"href":"https:\/\/www.ellensailing.se\/index.php?rest_route=%2Fwp%2Fv2%2Ftags&post=1835"}],"curies":[{"name":"wp","href":"https:\/\/api.w.org\/{rel}","templated":true}]}}