{"id":1799,"date":"2018-01-28T04:31:43","date_gmt":"2018-01-28T03:31:43","guid":{"rendered":"https:\/\/www.ellensailing.se\/?p=1799"},"modified":"2018-01-28T04:31:43","modified_gmt":"2018-01-28T03:31:43","slug":"video-som-kommer-ge-rysningar-i-kroppen-for-en-del","status":"publish","type":"post","link":"https:\/\/www.ellensailing.se\/?p=1799","title":{"rendered":"Video som kommer ge rysningar i kroppen f\u00f6r en del!"},"content":{"rendered":"<p>Tack Conny och Carina f\u00f6r att ni spelat in v\u00e5ra samtal med finishline i Rodney Bay n\u00e4r vi gick i m\u00e5l f\u00f6r ARC. Det kommer ge st\u00e5p\u00e4ls f\u00f6r m\u00e5nga. Har klippt ihop lite bilder som h\u00f6r ihop med det. K\u00e4nns h\u00e4rligt efter 20 och en halv dag p\u00e5 havet att f\u00e5 ett s\u00e5dant mottagande. Kommer ha med dessa f\u00e5 minuter i hela livet.<\/p>\n<p>[Spider_Video_Player id=&#8221;10&#8243;]<\/p>\n","protected":false},"excerpt":{"rendered":"<p>Tack Conny och Carina f\u00f6r att ni spelat in v\u00e5ra samtal med finishline i Rodney Bay n\u00e4r vi gick i[&#8230;]<\/p>\n","protected":false},"author":1,"featured_media":1789,"comment_status":"open","ping_status":"open","sticky":false,"template":"","format":"standard","meta":{"_jetpack_newsletter_access":"","_jetpack_dont_email_post_to_subs":false,"_jetpack_newsletter_tier_id":0,"_jetpack_memberships_contains_paywalled_content":false,"_jetpack_feature_clip_id":0,"_jetpack_memberships_contains_paid_content":false,"footnotes":"","jetpack_publicize_message":"","jetpack_publicize_feature_enabled":true,"jetpack_social_post_already_shared":true,"jetpack_social_options":{"image_generator_settings":{"template":"highway","default_image_id":0,"font":"","enabled":false},"version":2},"jetpack_post_was_ever_published":false},"categories":[23,24],"tags":[],"class_list":["post-1799","post","type-post","status-publish","format-standard","has-post-thumbnail","hentry","category-arc-2017","category-vastindien-2017-2018"],"jetpack_publicize_connections":[],"jetpack_featured_media_url":"https:\/\/i0.wp.com\/www.ellensailing.se\/wp-content\/uploads\/2018\/01\/A4CF63C4-D430-4733-9B3C-12E204471ECA.jpeg?fit=5115%2C3410&ssl=1","jetpack_sharing_enabled":true,"jetpack_shortlink":"https:\/\/wp.me\/p5G68R-t1","jetpack-related-posts":[{"id":1563,"url":"https:\/\/www.ellensailing.se\/?p=1563","url_meta":{"origin":1799,"position":0},"title":"Vi \u00e4r redo f\u00f6r Atlanten!","author":"peter@ellensailing.se","date":"18 november, 2017","format":false,"excerpt":"Nu \u00e4r i princip allt inhandlat till avf\u00e4rden i morgon. Det sista in nu \u00e4r frukt och gr\u00f6nt. F\u00f6r att inte f\u00e5 in kackerlackor m\u00e5ste allt sk\u00f6ljas noga. Det tar sin lilla stund och alla b\u00e5tar h\u00e5ller p\u00e5 samtidigt. V\u00e4ldigt kul att se. Idag s\u00e5 blir det skepparm\u00f6te kl. 12\u2026","rel":"","context":"I \u201dARC 2017\u201d","block_context":{"text":"ARC 2017","link":"https:\/\/www.ellensailing.se\/?cat=23"},"img":{"alt_text":"","src":"https:\/\/i0.wp.com\/www.ellensailing.se\/wp-content\/uploads\/2017\/11\/IMG_6342-e1511001620571.jpg?fit=900%2C1200&ssl=1&resize=350%2C200","width":350,"height":200,"srcset":"https:\/\/i0.wp.com\/www.ellensailing.se\/wp-content\/uploads\/2017\/11\/IMG_6342-e1511001620571.jpg?fit=900%2C1200&ssl=1&resize=350%2C200 1x, https:\/\/i0.wp.com\/www.ellensailing.se\/wp-content\/uploads\/2017\/11\/IMG_6342-e1511001620571.jpg?fit=900%2C1200&ssl=1&resize=525%2C300 1.5x, https:\/\/i0.wp.com\/www.ellensailing.se\/wp-content\/uploads\/2017\/11\/IMG_6342-e1511001620571.jpg?fit=900%2C1200&ssl=1&resize=700%2C400 2x"},"classes":[]},{"id":1606,"url":"https:\/\/www.ellensailing.se\/?p=1606","url_meta":{"origin":1799,"position":1},"title":"Dygn 17, Bra vinkel mot St:Lucia","author":"peter@ellensailing.se","date":"6 december, 2017","format":false,"excerpt":"Efter v\u00e5r gipp i g\u00e5r kv\u00e4ll s\u00e5 g\u00e5r vi rakt mot St.Lucia. Vi har nu 545 Nm kvar. Det \u00e4r ganska bra vinkel s\u00e5 vi har bra fart. Vi ber\u00e4knar att det kommer ta ca 4 dygn till innan vi \u00e4r framme. Troligtvis kommer vi fram natten mellan l\u00f6rdag och\u2026","rel":"","context":"I \u201dARC 2017\u201d","block_context":{"text":"ARC 2017","link":"https:\/\/www.ellensailing.se\/?cat=23"},"img":{"alt_text":"","src":"","width":0,"height":0},"classes":[]},{"id":1576,"url":"https:\/\/www.ellensailing.se\/?p=1576","url_meta":{"origin":1799,"position":2},"title":"Nu \u00e4r vi p\u00e5 v\u00e4g","author":"peter@ellensailing.se","date":"19 november, 2017","format":false,"excerpt":"Gjorde en ganska bra start och satte upp Code1 vilket beh\u00f6vs i dessa l\u00e4tta vindar. Ligger i framkant av Crusingklassen och b\u00f6rjar n\u00e4rma oss katamaranerna. Om ni vill f\u00f6lja oss s\u00e5 ladda ner YB Races till padda eller telefon och ta ner ARC 2017. D\u00e4r ser ni alla b\u00e5tar \u00f6ver\u2026","rel":"","context":"I \u201dARC 2017\u201d","block_context":{"text":"ARC 2017","link":"https:\/\/www.ellensailing.se\/?cat=23"},"img":{"alt_text":"","src":"https:\/\/i0.wp.com\/www.ellensailing.se\/wp-content\/uploads\/2017\/11\/IMG_0163.png?fit=1200%2C900&ssl=1&resize=350%2C200","width":350,"height":200,"srcset":"https:\/\/i0.wp.com\/www.ellensailing.se\/wp-content\/uploads\/2017\/11\/IMG_0163.png?fit=1200%2C900&ssl=1&resize=350%2C200 1x, https:\/\/i0.wp.com\/www.ellensailing.se\/wp-content\/uploads\/2017\/11\/IMG_0163.png?fit=1200%2C900&ssl=1&resize=525%2C300 1.5x, https:\/\/i0.wp.com\/www.ellensailing.se\/wp-content\/uploads\/2017\/11\/IMG_0163.png?fit=1200%2C900&ssl=1&resize=700%2C400 2x, https:\/\/i0.wp.com\/www.ellensailing.se\/wp-content\/uploads\/2017\/11\/IMG_0163.png?fit=1200%2C900&ssl=1&resize=1050%2C600 3x"},"classes":[]},{"id":1721,"url":"https:\/\/www.ellensailing.se\/?p=1721","url_meta":{"origin":1799,"position":3},"title":"Gastarna har l\u00e4mnat och nu b\u00f6rjar en ny etapp!","author":"peter@ellensailing.se","date":"3 januari, 2018","format":false,"excerpt":"Det var med starka k\u00e4nslor som v\u00e5ra b\u00e4sta kompisar, gastar och v\u00e4nner l\u00e4mnade oss ig\u00e5r. Lasse som vi bott och levt med i 4 m\u00e5nader 24\/7 och Hans som varit med i n\u00e4stan tre m\u00e5nader. Det har varit j\u00e4ttemysigt att deras fruar Helene och Caroline som checkade in f\u00f6r ca\u2026","rel":"","context":"I \u201dV\u00e4stindien 2017-2018\u201d","block_context":{"text":"V\u00e4stindien 2017-2018","link":"https:\/\/www.ellensailing.se\/?cat=24"},"img":{"alt_text":"","src":"https:\/\/i0.wp.com\/www.ellensailing.se\/wp-content\/uploads\/2017\/12\/GPTempDownload-7.jpg?fit=1200%2C900&ssl=1&resize=350%2C200","width":350,"height":200,"srcset":"https:\/\/i0.wp.com\/www.ellensailing.se\/wp-content\/uploads\/2017\/12\/GPTempDownload-7.jpg?fit=1200%2C900&ssl=1&resize=350%2C200 1x, https:\/\/i0.wp.com\/www.ellensailing.se\/wp-content\/uploads\/2017\/12\/GPTempDownload-7.jpg?fit=1200%2C900&ssl=1&resize=525%2C300 1.5x, https:\/\/i0.wp.com\/www.ellensailing.se\/wp-content\/uploads\/2017\/12\/GPTempDownload-7.jpg?fit=1200%2C900&ssl=1&resize=700%2C400 2x, https:\/\/i0.wp.com\/www.ellensailing.se\/wp-content\/uploads\/2017\/12\/GPTempDownload-7.jpg?fit=1200%2C900&ssl=1&resize=1050%2C600 3x"},"classes":[]},{"id":1551,"url":"https:\/\/www.ellensailing.se\/?p=1551","url_meta":{"origin":1799,"position":4},"title":"F\u00f6rberedelserna forts\u00e4tter inf\u00f6r ARC","author":"peter@ellensailing.se","date":"15 november, 2017","format":false,"excerpt":"Vi ligger mycket bra till inf\u00f6r f\u00f6rberedelserna innan vi startar p\u00e5 s\u00f6ndag. Vi har bunkrat alla torrvaror redan och stuvat undan det. All extra vatten \u00e4r best\u00e4llt och kommer levereras p\u00e5 fredag. Idag \u00e4r vi och handlar f\u00f6r de r\u00e4tter vi skall laga i morgon. V\u00e5ra v\u00e4nner Tomas och Lotta\u2026","rel":"","context":"I \u201dARC 2017\u201d","block_context":{"text":"ARC 2017","link":"https:\/\/www.ellensailing.se\/?cat=23"},"img":{"alt_text":"","src":"https:\/\/i0.wp.com\/www.ellensailing.se\/wp-content\/uploads\/2017\/11\/IMG_6293.jpg?fit=1200%2C900&ssl=1&resize=350%2C200","width":350,"height":200,"srcset":"https:\/\/i0.wp.com\/www.ellensailing.se\/wp-content\/uploads\/2017\/11\/IMG_6293.jpg?fit=1200%2C900&ssl=1&resize=350%2C200 1x, https:\/\/i0.wp.com\/www.ellensailing.se\/wp-content\/uploads\/2017\/11\/IMG_6293.jpg?fit=1200%2C900&ssl=1&resize=525%2C300 1.5x, https:\/\/i0.wp.com\/www.ellensailing.se\/wp-content\/uploads\/2017\/11\/IMG_6293.jpg?fit=1200%2C900&ssl=1&resize=700%2C400 2x, https:\/\/i0.wp.com\/www.ellensailing.se\/wp-content\/uploads\/2017\/11\/IMG_6293.jpg?fit=1200%2C900&ssl=1&resize=1050%2C600 3x"},"classes":[]},{"id":1536,"url":"https:\/\/www.ellensailing.se\/?p=1536","url_meta":{"origin":1799,"position":5},"title":"F\u00f6rberedelser inf\u00f6r ARCen","author":"peter@ellensailing.se","date":"12 november, 2017","format":false,"excerpt":"Nu har vi varit i Las Palmas en vecka f\u00f6r att f\u00f6rbereda oss inf\u00f6r starten p\u00e5 \u00e5rets ARC (Atlantic Rally for Cruisers). Vi kollade f\u00f6rst p\u00e5 starten p\u00e5 ARC+ som g\u00e5r via Cap Verde \u00f6arna. Det var 79 b\u00e5tar som gick iv\u00e4g i moderat vind. F\u00f6rst startade katamaranerna och sedan\u2026","rel":"","context":"I \u201dARC 2017\u201d","block_context":{"text":"ARC 2017","link":"https:\/\/www.ellensailing.se\/?cat=23"},"img":{"alt_text":"","src":"https:\/\/i0.wp.com\/www.ellensailing.se\/wp-content\/uploads\/2017\/11\/DSC4721.jpg?fit=1200%2C802&ssl=1&resize=350%2C200","width":350,"height":200,"srcset":"https:\/\/i0.wp.com\/www.ellensailing.se\/wp-content\/uploads\/2017\/11\/DSC4721.jpg?fit=1200%2C802&ssl=1&resize=350%2C200 1x, https:\/\/i0.wp.com\/www.ellensailing.se\/wp-content\/uploads\/2017\/11\/DSC4721.jpg?fit=1200%2C802&ssl=1&resize=525%2C300 1.5x, https:\/\/i0.wp.com\/www.ellensailing.se\/wp-content\/uploads\/2017\/11\/DSC4721.jpg?fit=1200%2C802&ssl=1&resize=700%2C400 2x, https:\/\/i0.wp.com\/www.ellensailing.se\/wp-content\/uploads\/2017\/11\/DSC4721.jpg?fit=1200%2C802&ssl=1&resize=1050%2C600 3x"},"classes":[]}],"jetpack_likes_enabled":false,"_links":{"self":[{"href":"https:\/\/www.ellensailing.se\/index.php?rest_route=\/wp\/v2\/posts\/1799","targetHints":{"allow":["GET"]}}],"collection":[{"href":"https:\/\/www.ellensailing.se\/index.php?rest_route=\/wp\/v2\/posts"}],"about":[{"href":"https:\/\/www.ellensailing.se\/index.php?rest_route=\/wp\/v2\/types\/post"}],"author":[{"embeddable":true,"href":"https:\/\/www.ellensailing.se\/index.php?rest_route=\/wp\/v2\/users\/1"}],"replies":[{"embeddable":true,"href":"https:\/\/www.ellensailing.se\/index.php?rest_route=%2Fwp%2Fv2%2Fcomments&post=1799"}],"version-history":[{"count":1,"href":"https:\/\/www.ellensailing.se\/index.php?rest_route=\/wp\/v2\/posts\/1799\/revisions"}],"predecessor-version":[{"id":1800,"href":"https:\/\/www.ellensailing.se\/index.php?rest_route=\/wp\/v2\/posts\/1799\/revisions\/1800"}],"wp:featuredmedia":[{"embeddable":true,"href":"https:\/\/www.ellensailing.se\/index.php?rest_route=\/wp\/v2\/media\/1789"}],"wp:attachment":[{"href":"https:\/\/www.ellensailing.se\/index.php?rest_route=%2Fwp%2Fv2%2Fmedia&parent=1799"}],"wp:term":[{"taxonomy":"category","embeddable":true,"href":"https:\/\/www.ellensailing.se\/index.php?rest_route=%2Fwp%2Fv2%2Fcategories&post=1799"},{"taxonomy":"post_tag","embeddable":true,"href":"https:\/\/www.ellensailing.se\/index.php?rest_route=%2Fwp%2Fv2%2Ftags&post=1799"}],"curies":[{"name":"wp","href":"https:\/\/api.w.org\/{rel}","templated":true}]}}