{"id":1778,"date":"2018-01-23T20:05:28","date_gmt":"2018-01-23T19:05:28","guid":{"rendered":"https:\/\/www.ellensailing.se\/?p=1778"},"modified":"2018-01-23T20:05:28","modified_gmt":"2018-01-23T19:05:28","slug":"rengoring-av-botten","status":"publish","type":"post","link":"https:\/\/www.ellensailing.se\/?p=1778","title":{"rendered":"Reng\u00f6ring av botten!"},"content":{"rendered":"<p>Idag fick vi f\u00f6rm\u00e5nen att f\u00e5 l\u00e5na en 12 volts dykkompressor av Erik och Britt p\u00e5 HarryZ. De skall \u00e5ka fr\u00e5n v\u00e5ran fina vik i morgon f\u00f6r att p\u00e5b\u00f6rja sin jorden runtsegling, s\u00e5 det g\u00e4llde att passa p\u00e5. Det var j\u00e4ttesn\u00e4llt att vi fick l\u00e5na den och den var helt otroligt bra. Jag har inte andats i en regulator sedan jag senast d\u00f6k och det var 1989. Lite l\u00e4skigt i b\u00f6rjan men man kom in i det ganska fort.<\/p>\n<figure id=\"attachment_1782\" aria-describedby=\"caption-attachment-1782\" style=\"width: 640px\" class=\"wp-caption aligncenter\"><a href=\"https:\/\/i0.wp.com\/www.ellensailing.se\/wp-content\/uploads\/2018\/01\/AC22ACDF-9F4A-469E-A14D-50B9133D1177.jpeg?ssl=1\"><img data-recalc-dims=\"1\" fetchpriority=\"high\" decoding=\"async\" class=\"wp-image-1782 size-large\" src=\"https:\/\/i0.wp.com\/www.ellensailing.se\/wp-content\/uploads\/2018\/01\/AC22ACDF-9F4A-469E-A14D-50B9133D1177.jpeg?resize=640%2C480&#038;ssl=1\" alt=\"\" width=\"640\" height=\"480\" srcset=\"https:\/\/i0.wp.com\/www.ellensailing.se\/wp-content\/uploads\/2018\/01\/AC22ACDF-9F4A-469E-A14D-50B9133D1177.jpeg?resize=1024%2C768&amp;ssl=1 1024w, https:\/\/i0.wp.com\/www.ellensailing.se\/wp-content\/uploads\/2018\/01\/AC22ACDF-9F4A-469E-A14D-50B9133D1177.jpeg?resize=300%2C225&amp;ssl=1 300w, https:\/\/i0.wp.com\/www.ellensailing.se\/wp-content\/uploads\/2018\/01\/AC22ACDF-9F4A-469E-A14D-50B9133D1177.jpeg?resize=768%2C576&amp;ssl=1 768w, https:\/\/i0.wp.com\/www.ellensailing.se\/wp-content\/uploads\/2018\/01\/AC22ACDF-9F4A-469E-A14D-50B9133D1177.jpeg?resize=320%2C240&amp;ssl=1 320w, https:\/\/i0.wp.com\/www.ellensailing.se\/wp-content\/uploads\/2018\/01\/AC22ACDF-9F4A-469E-A14D-50B9133D1177.jpeg?w=1680&amp;ssl=1 1680w, https:\/\/i0.wp.com\/www.ellensailing.se\/wp-content\/uploads\/2018\/01\/AC22ACDF-9F4A-469E-A14D-50B9133D1177.jpeg?w=2520&amp;ssl=1 2520w\" sizes=\"(max-width: 640px) 100vw, 640px\" \/><\/a><figcaption id=\"caption-attachment-1782\" class=\"wp-caption-text\">Det g\u00e5r lite l\u00e4ttare n\u00e4r man kan andas under vatten att g\u00f6ra rent botten.<\/figcaption><\/figure>\n<p>Oavsett vilken bottenf\u00e4rg man har s\u00e5 v\u00e4xer det i Karibien och det \u00e4r fort, speciellt om man ligger i marinor. D\u00e5 kan det g\u00e5 p\u00e5 ett par dagar.<\/p>\n<figure id=\"attachment_1780\" aria-describedby=\"caption-attachment-1780\" style=\"width: 640px\" class=\"wp-caption aligncenter\"><a href=\"https:\/\/i0.wp.com\/www.ellensailing.se\/wp-content\/uploads\/2018\/01\/7530EB39-5E82-4D76-AB87-2914F9AB93CE.jpeg?ssl=1\"><img data-recalc-dims=\"1\" decoding=\"async\" class=\"wp-image-1780 size-large\" src=\"https:\/\/i0.wp.com\/www.ellensailing.se\/wp-content\/uploads\/2018\/01\/7530EB39-5E82-4D76-AB87-2914F9AB93CE.jpeg?resize=640%2C480&#038;ssl=1\" alt=\"\" width=\"640\" height=\"480\" srcset=\"https:\/\/i0.wp.com\/www.ellensailing.se\/wp-content\/uploads\/2018\/01\/7530EB39-5E82-4D76-AB87-2914F9AB93CE.jpeg?resize=1024%2C768&amp;ssl=1 1024w, https:\/\/i0.wp.com\/www.ellensailing.se\/wp-content\/uploads\/2018\/01\/7530EB39-5E82-4D76-AB87-2914F9AB93CE.jpeg?resize=300%2C225&amp;ssl=1 300w, https:\/\/i0.wp.com\/www.ellensailing.se\/wp-content\/uploads\/2018\/01\/7530EB39-5E82-4D76-AB87-2914F9AB93CE.jpeg?resize=768%2C576&amp;ssl=1 768w, https:\/\/i0.wp.com\/www.ellensailing.se\/wp-content\/uploads\/2018\/01\/7530EB39-5E82-4D76-AB87-2914F9AB93CE.jpeg?resize=320%2C240&amp;ssl=1 320w, https:\/\/i0.wp.com\/www.ellensailing.se\/wp-content\/uploads\/2018\/01\/7530EB39-5E82-4D76-AB87-2914F9AB93CE.jpeg?w=1680&amp;ssl=1 1680w, https:\/\/i0.wp.com\/www.ellensailing.se\/wp-content\/uploads\/2018\/01\/7530EB39-5E82-4D76-AB87-2914F9AB93CE.jpeg?w=2520&amp;ssl=1 2520w\" sizes=\"(max-width: 640px) 100vw, 640px\" \/><\/a><figcaption id=\"caption-attachment-1780\" class=\"wp-caption-text\">Det var en liten 12 volts apparat, hur smidig som helst.<\/figcaption><\/figure>\n<figure id=\"attachment_1779\" aria-describedby=\"caption-attachment-1779\" style=\"width: 640px\" class=\"wp-caption aligncenter\"><a href=\"https:\/\/i0.wp.com\/www.ellensailing.se\/wp-content\/uploads\/2018\/01\/97F8D489-C753-4877-9FAF-E093BA4BF6FA.jpeg?ssl=1\"><img data-recalc-dims=\"1\" decoding=\"async\" class=\"wp-image-1779 size-large\" src=\"https:\/\/i0.wp.com\/www.ellensailing.se\/wp-content\/uploads\/2018\/01\/97F8D489-C753-4877-9FAF-E093BA4BF6FA-1024x768.jpeg?resize=640%2C480&#038;ssl=1\" alt=\"\" width=\"640\" height=\"480\" srcset=\"https:\/\/i0.wp.com\/www.ellensailing.se\/wp-content\/uploads\/2018\/01\/97F8D489-C753-4877-9FAF-E093BA4BF6FA.jpeg?resize=1024%2C768&amp;ssl=1 1024w, https:\/\/i0.wp.com\/www.ellensailing.se\/wp-content\/uploads\/2018\/01\/97F8D489-C753-4877-9FAF-E093BA4BF6FA.jpeg?resize=300%2C225&amp;ssl=1 300w, https:\/\/i0.wp.com\/www.ellensailing.se\/wp-content\/uploads\/2018\/01\/97F8D489-C753-4877-9FAF-E093BA4BF6FA.jpeg?resize=768%2C576&amp;ssl=1 768w, https:\/\/i0.wp.com\/www.ellensailing.se\/wp-content\/uploads\/2018\/01\/97F8D489-C753-4877-9FAF-E093BA4BF6FA.jpeg?resize=320%2C240&amp;ssl=1 320w, https:\/\/i0.wp.com\/www.ellensailing.se\/wp-content\/uploads\/2018\/01\/97F8D489-C753-4877-9FAF-E093BA4BF6FA.jpeg?w=1680&amp;ssl=1 1680w, https:\/\/i0.wp.com\/www.ellensailing.se\/wp-content\/uploads\/2018\/01\/97F8D489-C753-4877-9FAF-E093BA4BF6FA.jpeg?w=2520&amp;ssl=1 2520w\" sizes=\"(max-width: 640px) 100vw, 640px\" \/><\/a><figcaption id=\"caption-attachment-1779\" class=\"wp-caption-text\">Om n\u00e5gon undrar s\u00e5 heter den s\u00e5 h\u00e4r.<\/figcaption><\/figure>\n","protected":false},"excerpt":{"rendered":"<p>Idag fick vi f\u00f6rm\u00e5nen att f\u00e5 l\u00e5na en 12 volts dykkompressor av Erik och Britt p\u00e5 HarryZ. De skall \u00e5ka[&#8230;]<\/p>\n","protected":false},"author":1,"featured_media":1781,"comment_status":"open","ping_status":"open","sticky":false,"template":"","format":"standard","meta":{"_jetpack_newsletter_access":"","_jetpack_dont_email_post_to_subs":false,"_jetpack_newsletter_tier_id":0,"_jetpack_memberships_contains_paywalled_content":false,"_jetpack_feature_clip_id":0,"_jetpack_memberships_contains_paid_content":false,"footnotes":"","jetpack_publicize_message":"","jetpack_publicize_feature_enabled":true,"jetpack_social_post_already_shared":true,"jetpack_social_options":{"image_generator_settings":{"template":"highway","default_image_id":0,"font":"","enabled":false},"version":2},"jetpack_post_was_ever_published":false},"categories":[24],"tags":[],"class_list":["post-1778","post","type-post","status-publish","format-standard","has-post-thumbnail","hentry","category-vastindien-2017-2018"],"jetpack_publicize_connections":[],"jetpack_featured_media_url":"https:\/\/i0.wp.com\/www.ellensailing.se\/wp-content\/uploads\/2018\/01\/A75B037C-A577-49F8-A865-D1B2E7858C61.jpeg?fit=3000%2C2250&ssl=1","jetpack_sharing_enabled":true,"jetpack_shortlink":"https:\/\/wp.me\/p5G68R-sG","jetpack-related-posts":[{"id":2134,"url":"https:\/\/www.ellensailing.se\/?p=2134","url_meta":{"origin":1778,"position":0},"title":"Sandy Island, vilket paradis","author":"peter@ellensailing.se","date":"8 april, 2018","format":false,"excerpt":"Tidigt i morse s\u00e5 gick Infinity B iv\u00e4g norrut f\u00f6r att kolla om det fanns n\u00e5gra moring utanf\u00f6r Sandy Island. H\u00e4r \u00e4r det f\u00f6rbjudet att ankra och det finns inte m\u00e5nga morgingar, troligtvis bara sju. N\u00e4r de kom dit s\u00e5 ropade upp p\u00e5 VHF att det fanns moring. S\u00e5 snabbt\u2026","rel":"","context":"I \u201dV\u00e4stindien 2017-2018\u201d","block_context":{"text":"V\u00e4stindien 2017-2018","link":"https:\/\/www.ellensailing.se\/?cat=24"},"img":{"alt_text":"","src":"https:\/\/i0.wp.com\/www.ellensailing.se\/wp-content\/uploads\/2018\/04\/7C17E525-1E39-41E5-AD65-63CB53246AF0.jpeg?fit=1200%2C800&ssl=1&resize=350%2C200","width":350,"height":200,"srcset":"https:\/\/i0.wp.com\/www.ellensailing.se\/wp-content\/uploads\/2018\/04\/7C17E525-1E39-41E5-AD65-63CB53246AF0.jpeg?fit=1200%2C800&ssl=1&resize=350%2C200 1x, https:\/\/i0.wp.com\/www.ellensailing.se\/wp-content\/uploads\/2018\/04\/7C17E525-1E39-41E5-AD65-63CB53246AF0.jpeg?fit=1200%2C800&ssl=1&resize=525%2C300 1.5x, https:\/\/i0.wp.com\/www.ellensailing.se\/wp-content\/uploads\/2018\/04\/7C17E525-1E39-41E5-AD65-63CB53246AF0.jpeg?fit=1200%2C800&ssl=1&resize=700%2C400 2x, https:\/\/i0.wp.com\/www.ellensailing.se\/wp-content\/uploads\/2018\/04\/7C17E525-1E39-41E5-AD65-63CB53246AF0.jpeg?fit=1200%2C800&ssl=1&resize=1050%2C600 3x"},"classes":[]},{"id":786,"url":"https:\/\/www.ellensailing.se\/?p=786","url_meta":{"origin":1778,"position":1},"title":"Det g\u00e5r inte alltid som man t\u00e4nkt sig!","author":"peter@ellensailing.se","date":"21 mars, 2016","format":false,"excerpt":"Tanken var att vi bara skulle slipa av ytan p\u00e5 den befintliga f\u00e4rgen. Vi hade n\u00e5gra sm\u00e5 sl\u00e4pp av den gamla f\u00e4rgen. Vi provade att skrapa lite vid dessa fl\u00e4ckar och d\u00e5 lossnade all f\u00e4rg direkt. Provade att skrapa lite till och vips s\u00e5 var det en kvadrat borta. Det\u2026","rel":"","context":"I \u201dB\u00e5ten p\u00e5 land\u201d","block_context":{"text":"B\u00e5ten p\u00e5 land","link":"https:\/\/www.ellensailing.se\/?cat=3"},"img":{"alt_text":"","src":"https:\/\/i0.wp.com\/www.ellensailing.se\/wp-content\/uploads\/2016\/03\/Grapparna.jpg?fit=1200%2C675&ssl=1&resize=350%2C200","width":350,"height":200,"srcset":"https:\/\/i0.wp.com\/www.ellensailing.se\/wp-content\/uploads\/2016\/03\/Grapparna.jpg?fit=1200%2C675&ssl=1&resize=350%2C200 1x, https:\/\/i0.wp.com\/www.ellensailing.se\/wp-content\/uploads\/2016\/03\/Grapparna.jpg?fit=1200%2C675&ssl=1&resize=525%2C300 1.5x, https:\/\/i0.wp.com\/www.ellensailing.se\/wp-content\/uploads\/2016\/03\/Grapparna.jpg?fit=1200%2C675&ssl=1&resize=700%2C400 2x, https:\/\/i0.wp.com\/www.ellensailing.se\/wp-content\/uploads\/2016\/03\/Grapparna.jpg?fit=1200%2C675&ssl=1&resize=1050%2C600 3x"},"classes":[]},{"id":1938,"url":"https:\/\/www.ellensailing.se\/?p=1938","url_meta":{"origin":1778,"position":2},"title":"Dominica f\u00f6r andra g\u00e5ngen","author":"peter@ellensailing.se","date":"19 mars, 2018","format":false,"excerpt":"Onsdagen den 14 mars s\u00e5 seglade vi ner fr\u00e5n Gudalope och Basse Terre till Dominica. I Basse Terre tr\u00e4ffade vi Indian Summer som vi inte s\u00e4tt sedan l\u00e4nge. Blev mycket utbyte av olika erfarenheter. Deras \u00e4ldsta son Hilmer tog dykcertifikat i Carriacou och det f\u00e5r nog bli d\u00e4r som jag\u2026","rel":"","context":"I \u201dV\u00e4stindien 2017-2018\u201d","block_context":{"text":"V\u00e4stindien 2017-2018","link":"https:\/\/www.ellensailing.se\/?cat=24"},"img":{"alt_text":"","src":"https:\/\/i0.wp.com\/www.ellensailing.se\/wp-content\/uploads\/2018\/03\/4989A253-81F2-4A41-9E8A-72CFABDAF6FD.jpeg?fit=1200%2C800&ssl=1&resize=350%2C200","width":350,"height":200,"srcset":"https:\/\/i0.wp.com\/www.ellensailing.se\/wp-content\/uploads\/2018\/03\/4989A253-81F2-4A41-9E8A-72CFABDAF6FD.jpeg?fit=1200%2C800&ssl=1&resize=350%2C200 1x, https:\/\/i0.wp.com\/www.ellensailing.se\/wp-content\/uploads\/2018\/03\/4989A253-81F2-4A41-9E8A-72CFABDAF6FD.jpeg?fit=1200%2C800&ssl=1&resize=525%2C300 1.5x, https:\/\/i0.wp.com\/www.ellensailing.se\/wp-content\/uploads\/2018\/03\/4989A253-81F2-4A41-9E8A-72CFABDAF6FD.jpeg?fit=1200%2C800&ssl=1&resize=700%2C400 2x, https:\/\/i0.wp.com\/www.ellensailing.se\/wp-content\/uploads\/2018\/03\/4989A253-81F2-4A41-9E8A-72CFABDAF6FD.jpeg?fit=1200%2C800&ssl=1&resize=1050%2C600 3x"},"classes":[]},{"id":1792,"url":"https:\/\/www.ellensailing.se\/?p=1792","url_meta":{"origin":1778,"position":3},"title":"Ankarplogen p\u00e5 plats, slutseglat f\u00f6r ankar.","author":"peter@ellensailing.se","date":"27 januari, 2018","format":false,"excerpt":"F\u00f6rst av allt vill jag tacka Peter, Rasmus och Fanny Lundh fr\u00e5n Lundh sail f\u00f6r er fantastiska hj\u00e4lpsamhet ni visat. Att fr\u00e5n onsdag morgon till fredag em f\u00e5 hit en Ankarplog p\u00e5 s\u00e5 kort varsel. Det \u00e4r service. Inte nog med att den kom redan fredag (m\u00e5ndag var lovat), den\u2026","rel":"","context":"I \u201dV\u00e4stindien 2017-2018\u201d","block_context":{"text":"V\u00e4stindien 2017-2018","link":"https:\/\/www.ellensailing.se\/?cat=24"},"img":{"alt_text":"","src":"https:\/\/i0.wp.com\/www.ellensailing.se\/wp-content\/uploads\/2018\/01\/3AF03027-E854-4B31-B779-0D1D6D84F117.jpeg?fit=1200%2C900&ssl=1&resize=350%2C200","width":350,"height":200,"srcset":"https:\/\/i0.wp.com\/www.ellensailing.se\/wp-content\/uploads\/2018\/01\/3AF03027-E854-4B31-B779-0D1D6D84F117.jpeg?fit=1200%2C900&ssl=1&resize=350%2C200 1x, https:\/\/i0.wp.com\/www.ellensailing.se\/wp-content\/uploads\/2018\/01\/3AF03027-E854-4B31-B779-0D1D6D84F117.jpeg?fit=1200%2C900&ssl=1&resize=525%2C300 1.5x, https:\/\/i0.wp.com\/www.ellensailing.se\/wp-content\/uploads\/2018\/01\/3AF03027-E854-4B31-B779-0D1D6D84F117.jpeg?fit=1200%2C900&ssl=1&resize=700%2C400 2x, https:\/\/i0.wp.com\/www.ellensailing.se\/wp-content\/uploads\/2018\/01\/3AF03027-E854-4B31-B779-0D1D6D84F117.jpeg?fit=1200%2C900&ssl=1&resize=1050%2C600 3x"},"classes":[]},{"id":1373,"url":"https:\/\/www.ellensailing.se\/?p=1373","url_meta":{"origin":1778,"position":4},"title":"Natt1, \u00f6verfart fr\u00e5n Lagos till Isla Graciosa","author":"peter@ellensailing.se","date":"7 oktober, 2017","format":false,"excerpt":"I natt blev det verkligen lugnt. Det bl\u00e5ste ibland bara 3 m\/s vilket inte \u00e4r mycket n\u00e4r man har l\u00e4ns. Men d\u00e4remellan kommer det vind och v loggar 5-6,5 knop. Har varit mulet i natt s\u00e5 vi har inte f\u00e5tt se s\u00e5 mycket av fullm\u00e5nen, bara lite nu p\u00e5 morgonkvisten.\u2026","rel":"","context":"I \u201dH\u00f6st 2017 till Grand Canrias.\u201d","block_context":{"text":"H\u00f6st 2017 till Grand Canrias.","link":"https:\/\/www.ellensailing.se\/?cat=22"},"img":{"alt_text":"","src":"","width":0,"height":0},"classes":[]},{"id":1374,"url":"https:\/\/www.ellensailing.se\/?p=1374","url_meta":{"origin":1778,"position":5},"title":"Natt2, \u00f6verfart fr\u00e5n Lagos till Isla Graciosa","author":"peter@ellensailing.se","date":"7 oktober, 2017","format":false,"excerpt":"I natt blev det verkligen lugnt. Det bl\u00e5ste ibland bara 3 m\/s vilket inte \u00e4r mycket n\u00e4r man har l\u00e4ns. Men d\u00e4remellan kommer det vind och v loggar 5-6,5 knop. Har varit mulet i natt s\u00e5 vi har inte f\u00e5tt se s\u00e5 mycket av fullm\u00e5nen, bara lite nu p\u00e5 morgonkvisten.\u2026","rel":"","context":"I \u201dH\u00f6st 2017 till Grand Canrias.\u201d","block_context":{"text":"H\u00f6st 2017 till Grand Canrias.","link":"https:\/\/www.ellensailing.se\/?cat=22"},"img":{"alt_text":"","src":"","width":0,"height":0},"classes":[]}],"jetpack_likes_enabled":false,"_links":{"self":[{"href":"https:\/\/www.ellensailing.se\/index.php?rest_route=\/wp\/v2\/posts\/1778","targetHints":{"allow":["GET"]}}],"collection":[{"href":"https:\/\/www.ellensailing.se\/index.php?rest_route=\/wp\/v2\/posts"}],"about":[{"href":"https:\/\/www.ellensailing.se\/index.php?rest_route=\/wp\/v2\/types\/post"}],"author":[{"embeddable":true,"href":"https:\/\/www.ellensailing.se\/index.php?rest_route=\/wp\/v2\/users\/1"}],"replies":[{"embeddable":true,"href":"https:\/\/www.ellensailing.se\/index.php?rest_route=%2Fwp%2Fv2%2Fcomments&post=1778"}],"version-history":[{"count":1,"href":"https:\/\/www.ellensailing.se\/index.php?rest_route=\/wp\/v2\/posts\/1778\/revisions"}],"predecessor-version":[{"id":1783,"href":"https:\/\/www.ellensailing.se\/index.php?rest_route=\/wp\/v2\/posts\/1778\/revisions\/1783"}],"wp:featuredmedia":[{"embeddable":true,"href":"https:\/\/www.ellensailing.se\/index.php?rest_route=\/wp\/v2\/media\/1781"}],"wp:attachment":[{"href":"https:\/\/www.ellensailing.se\/index.php?rest_route=%2Fwp%2Fv2%2Fmedia&parent=1778"}],"wp:term":[{"taxonomy":"category","embeddable":true,"href":"https:\/\/www.ellensailing.se\/index.php?rest_route=%2Fwp%2Fv2%2Fcategories&post=1778"},{"taxonomy":"post_tag","embeddable":true,"href":"https:\/\/www.ellensailing.se\/index.php?rest_route=%2Fwp%2Fv2%2Ftags&post=1778"}],"curies":[{"name":"wp","href":"https:\/\/api.w.org\/{rel}","templated":true}]}}