{"id":1609,"date":"2017-12-09T17:37:52","date_gmt":"2017-12-09T16:37:52","guid":{"rendered":"https:\/\/www.ellensailing.se\/?p=1609"},"modified":"2017-12-09T17:37:52","modified_gmt":"2017-12-09T16:37:52","slug":"dygn-20-land-i-sikte","status":"publish","type":"post","link":"https:\/\/www.ellensailing.se\/?p=1609","title":{"rendered":"Dygn 20, Land i sikte"},"content":{"rendered":"<p>Nu \u00e4ntligen ser vi en av bergen p\u00e5 St:Lucia. Vi har 28,4 Nm kvar till Norra spetsen och sedan \u00e4r det ca 4 Nm ner till Rodney Bay. \u00c5terkommer efter m\u00e5lg\u00e5ng, snart \u00e5ker de r\u00f6da shortsen p\u00e5.<\/p>\n<p>Det har avtagit vinden efter en tuff natt p\u00e5 havet. Som att \u00e5ka bergodalbana med f\u00f6rbundna \u00f6gon.<\/p>\n<p>H\u00e4lsningar fr\u00e5n Ellen<\/p>\n","protected":false},"excerpt":{"rendered":"<p>Nu \u00e4ntligen ser vi en av bergen p\u00e5 St:Lucia. Vi har 28,4 Nm kvar till Norra spetsen och sedan \u00e4r[&#8230;]<\/p>\n","protected":false},"author":1,"featured_media":0,"comment_status":"open","ping_status":"open","sticky":false,"template":"","format":"standard","meta":{"_jetpack_newsletter_access":"","_jetpack_dont_email_post_to_subs":false,"_jetpack_newsletter_tier_id":0,"_jetpack_memberships_contains_paywalled_content":false,"_jetpack_feature_clip_id":0,"_jetpack_memberships_contains_paid_content":false,"footnotes":"","jetpack_publicize_message":"","jetpack_publicize_feature_enabled":true,"jetpack_social_post_already_shared":true,"jetpack_social_options":{"image_generator_settings":{"template":"highway","default_image_id":0,"font":"","enabled":false},"version":2},"jetpack_post_was_ever_published":false},"categories":[23],"tags":[],"class_list":["post-1609","post","type-post","status-publish","format-standard","hentry","category-arc-2017"],"jetpack_publicize_connections":[],"jetpack_featured_media_url":"","jetpack_sharing_enabled":true,"jetpack_shortlink":"https:\/\/wp.me\/p5G68R-pX","jetpack-related-posts":[{"id":478,"url":"https:\/\/www.ellensailing.se\/?p=478","url_meta":{"origin":1609,"position":0},"title":"Szczecin, eller Stettin som det kallas p\u00e5 Svenska.","author":"peter@ellensailing.se","date":"7 juli, 2015","format":false,"excerpt":"Har haft en h\u00e4rlig dag med \u00e5terigen kanonv\u00e4der. Gick f\u00f6rst 8 Nm i kanaler f\u00f6r att komma ut p\u00e5 Wielki Zalew eller Stettiner Haff. Bl\u00e5ste inte mycket men sedan blev det Code O och n\u00e4stan 9 knop. Har kommit ner efter 40 Nm p\u00e5 m\u00e4stadels kanaler. Nu \u00e4r vi l\u00e4ngtst\u2026","rel":"","context":"I \u201dSommar 2015\u201d","block_context":{"text":"Sommar 2015","link":"https:\/\/www.ellensailing.se\/?cat=4"},"img":{"alt_text":"","src":"https:\/\/i0.wp.com\/www.ellensailing.se\/wp-content\/uploads\/2015\/07\/DSC_1009.jpg?fit=1200%2C797&ssl=1&resize=350%2C200","width":350,"height":200,"srcset":"https:\/\/i0.wp.com\/www.ellensailing.se\/wp-content\/uploads\/2015\/07\/DSC_1009.jpg?fit=1200%2C797&ssl=1&resize=350%2C200 1x, https:\/\/i0.wp.com\/www.ellensailing.se\/wp-content\/uploads\/2015\/07\/DSC_1009.jpg?fit=1200%2C797&ssl=1&resize=525%2C300 1.5x, https:\/\/i0.wp.com\/www.ellensailing.se\/wp-content\/uploads\/2015\/07\/DSC_1009.jpg?fit=1200%2C797&ssl=1&resize=700%2C400 2x, https:\/\/i0.wp.com\/www.ellensailing.se\/wp-content\/uploads\/2015\/07\/DSC_1009.jpg?fit=1200%2C797&ssl=1&resize=1050%2C600 3x"},"classes":[]},{"id":3564,"url":"https:\/\/www.ellensailing.se\/?p=3564","url_meta":{"origin":1609,"position":1},"title":"Framme p\u00e5 b\u00e5ten","author":"peter@ellensailing.se","date":"18 april, 2024","format":false,"excerpt":"Efter 4 dagar p\u00e5 Tahiti s\u00e5 var det dags att ta det lilla planet ut till en atoll. Vid incheckning s\u00e5g hon lite f\u00f6rbryllad ut f\u00f6r hon undrade nog vad en utb\u00f6ling skulle g\u00f6ra d\u00e4r ( f\u00f6r utb\u00f6ling \u00e4r vi ju h\u00e4r). Faaite Vi hade tv\u00e5 mellanlandningar innan vi var\u2026","rel":"","context":"I \u201dS\u00f6derhavet\u201d","block_context":{"text":"S\u00f6derhavet","link":"https:\/\/www.ellensailing.se\/?cat=33"},"img":{"alt_text":"","src":"https:\/\/i0.wp.com\/www.ellensailing.se\/wp-content\/uploads\/2024\/04\/img_3983-1.jpg?fit=1200%2C900&ssl=1&resize=350%2C200","width":350,"height":200,"srcset":"https:\/\/i0.wp.com\/www.ellensailing.se\/wp-content\/uploads\/2024\/04\/img_3983-1.jpg?fit=1200%2C900&ssl=1&resize=350%2C200 1x, https:\/\/i0.wp.com\/www.ellensailing.se\/wp-content\/uploads\/2024\/04\/img_3983-1.jpg?fit=1200%2C900&ssl=1&resize=525%2C300 1.5x, https:\/\/i0.wp.com\/www.ellensailing.se\/wp-content\/uploads\/2024\/04\/img_3983-1.jpg?fit=1200%2C900&ssl=1&resize=700%2C400 2x, https:\/\/i0.wp.com\/www.ellensailing.se\/wp-content\/uploads\/2024\/04\/img_3983-1.jpg?fit=1200%2C900&ssl=1&resize=1050%2C600 3x"},"classes":[]},{"id":1608,"url":"https:\/\/www.ellensailing.se\/?p=1608","url_meta":{"origin":1609,"position":2},"title":"Dygn 19, Full rulle p\u00e5 Atlanten","author":"peter@ellensailing.se","date":"8 december, 2017","format":false,"excerpt":"Det \u00e4r verkligen antigen eller p\u00e5 Atlanten. Idag har det bl\u00e5st ordentligt med vindbyar upp till 35 knop men normalt ligger vinden mellan 22-25 knop. Blir bra fart mot m\u00e5l. I natt skall det bl\u00e5sa upp \u00e4nnu mer s\u00e5 vi har f\u00f6rberett med att reva och k\u00f6ra lilla focken. Nu\u2026","rel":"","context":"I \u201dARC 2017\u201d","block_context":{"text":"ARC 2017","link":"https:\/\/www.ellensailing.se\/?cat=23"},"img":{"alt_text":"","src":"","width":0,"height":0},"classes":[]},{"id":1585,"url":"https:\/\/www.ellensailing.se\/?p=1585","url_meta":{"origin":1609,"position":3},"title":"Dygn 2 Extra, St\u00f6rsta tonfisken hittils","author":"peter@ellensailing.se","date":"21 november, 2017","format":false,"excerpt":"Idag blir det ett extra inl\u00e4gg f\u00f6r alldeles nyss s\u00e5 tog Molle upp en tonfisk p\u00e5 8 kilo. Den \u00e4r fil\u00e9ad och klar s\u00e5 det \u00e4ndrade middagsplaner f\u00f6r ikv\u00e4ll. Watt & Sea \u00e4r nu p\u00e5 plats med nybyggt f\u00e4ste. Vinden \u00e4r tillbaka ca 60 grader in, kryss mot Karibien... Kallfronten\u2026","rel":"","context":"I \u201dARC 2017\u201d","block_context":{"text":"ARC 2017","link":"https:\/\/www.ellensailing.se\/?cat=23"},"img":{"alt_text":"","src":"","width":0,"height":0},"classes":[]},{"id":3390,"url":"https:\/\/www.ellensailing.se\/?p=3390","url_meta":{"origin":1609,"position":4},"title":"Forts\u00e4ttning p\u00e5 Estland","author":"peter@ellensailing.se","date":"17 juli, 2023","format":false,"excerpt":"P\u00e5 s\u00f6ndagen s\u00e5 seglade vi iv\u00e4g fr\u00e5n Tallin. Skulle vara lite mer SO vilket gjorde att vi kunde str\u00e4cka till Dirhami. Det \u00e4r en bit emellan s\u00e5 42 NM blev det. Vi m\u00f6tte Mats Victorin med familj med deras Pogo 36 Det var en fin marina Dirhami men n\u00e4r man\u2026","rel":"","context":"I \u201dSegling 2023\u201d","block_context":{"text":"Segling 2023","link":"https:\/\/www.ellensailing.se\/?cat=31"},"img":{"alt_text":"","src":"https:\/\/i0.wp.com\/www.ellensailing.se\/wp-content\/uploads\/2023\/07\/img_2889-scaled.jpg?fit=1200%2C900&ssl=1&resize=350%2C200","width":350,"height":200,"srcset":"https:\/\/i0.wp.com\/www.ellensailing.se\/wp-content\/uploads\/2023\/07\/img_2889-scaled.jpg?fit=1200%2C900&ssl=1&resize=350%2C200 1x, https:\/\/i0.wp.com\/www.ellensailing.se\/wp-content\/uploads\/2023\/07\/img_2889-scaled.jpg?fit=1200%2C900&ssl=1&resize=525%2C300 1.5x, https:\/\/i0.wp.com\/www.ellensailing.se\/wp-content\/uploads\/2023\/07\/img_2889-scaled.jpg?fit=1200%2C900&ssl=1&resize=700%2C400 2x, https:\/\/i0.wp.com\/www.ellensailing.se\/wp-content\/uploads\/2023\/07\/img_2889-scaled.jpg?fit=1200%2C900&ssl=1&resize=1050%2C600 3x"},"classes":[]},{"id":463,"url":"https:\/\/www.ellensailing.se\/?p=463","url_meta":{"origin":1609,"position":5},"title":"Stralsund en f\u00f6rsta tur p\u00e5 kanalerna","author":"peter@ellensailing.se","date":"7 juli, 2015","format":false,"excerpt":"\u00a0 Fr\u00e5n Vitte \u00e4r det inte mer \u00e4n 17 NM till Stralsund. Allt \u00e4r gr\u00e4vda kanaler s\u00e5 det g\u00e4ller att h\u00e5lla sig i f\u00e5ran. Vi fick en lite sandk\u00e4nning men det var inte farligt. Det \u00e4r ordning och reda i kanalerna men v\u00e4ldigt mycket b\u00e5tar. V\u00e4l i Stralslund s\u00e5 kom\u2026","rel":"","context":"I \u201dSommar 2015\u201d","block_context":{"text":"Sommar 2015","link":"https:\/\/www.ellensailing.se\/?cat=4"},"img":{"alt_text":"","src":"https:\/\/i0.wp.com\/www.ellensailing.se\/wp-content\/uploads\/2015\/07\/DSC_0876.jpg?fit=1200%2C797&ssl=1&resize=350%2C200","width":350,"height":200,"srcset":"https:\/\/i0.wp.com\/www.ellensailing.se\/wp-content\/uploads\/2015\/07\/DSC_0876.jpg?fit=1200%2C797&ssl=1&resize=350%2C200 1x, https:\/\/i0.wp.com\/www.ellensailing.se\/wp-content\/uploads\/2015\/07\/DSC_0876.jpg?fit=1200%2C797&ssl=1&resize=525%2C300 1.5x, https:\/\/i0.wp.com\/www.ellensailing.se\/wp-content\/uploads\/2015\/07\/DSC_0876.jpg?fit=1200%2C797&ssl=1&resize=700%2C400 2x, https:\/\/i0.wp.com\/www.ellensailing.se\/wp-content\/uploads\/2015\/07\/DSC_0876.jpg?fit=1200%2C797&ssl=1&resize=1050%2C600 3x"},"classes":[]}],"jetpack_likes_enabled":false,"_links":{"self":[{"href":"https:\/\/www.ellensailing.se\/index.php?rest_route=\/wp\/v2\/posts\/1609","targetHints":{"allow":["GET"]}}],"collection":[{"href":"https:\/\/www.ellensailing.se\/index.php?rest_route=\/wp\/v2\/posts"}],"about":[{"href":"https:\/\/www.ellensailing.se\/index.php?rest_route=\/wp\/v2\/types\/post"}],"author":[{"embeddable":true,"href":"https:\/\/www.ellensailing.se\/index.php?rest_route=\/wp\/v2\/users\/1"}],"replies":[{"embeddable":true,"href":"https:\/\/www.ellensailing.se\/index.php?rest_route=%2Fwp%2Fv2%2Fcomments&post=1609"}],"version-history":[{"count":0,"href":"https:\/\/www.ellensailing.se\/index.php?rest_route=\/wp\/v2\/posts\/1609\/revisions"}],"wp:attachment":[{"href":"https:\/\/www.ellensailing.se\/index.php?rest_route=%2Fwp%2Fv2%2Fmedia&parent=1609"}],"wp:term":[{"taxonomy":"category","embeddable":true,"href":"https:\/\/www.ellensailing.se\/index.php?rest_route=%2Fwp%2Fv2%2Fcategories&post=1609"},{"taxonomy":"post_tag","embeddable":true,"href":"https:\/\/www.ellensailing.se\/index.php?rest_route=%2Fwp%2Fv2%2Ftags&post=1609"}],"curies":[{"name":"wp","href":"https:\/\/api.w.org\/{rel}","templated":true}]}}