{"id":1602,"date":"2017-12-05T19:18:40","date_gmt":"2017-12-05T18:18:40","guid":{"rendered":"https:\/\/www.ellensailing.se\/?p=1602"},"modified":"2017-12-05T19:18:40","modified_gmt":"2017-12-05T18:18:40","slug":"dygn-16-kanonvader-och-varmt","status":"publish","type":"post","link":"https:\/\/www.ellensailing.se\/?p=1602","title":{"rendered":"Dygn 16, Kanonv\u00e4der och varmt"},"content":{"rendered":"<p>Liver \u00e4r p\u00e5 topp n\u00e4r man f\u00e5r segla p\u00e5 detta viset. Bra med vind och h\u00e4rliga surfar. Att det dessutom \u00e4r lite av Count down g\u00f6r inte saken s\u00e4mre.<\/p>\n<p>Fisket har kommit av sig idag d\u00e5 vi har haft j\u00e4ttemycket bev\u00e4xningar i vattnet typ sl\u00e4ke. Draget blev igensatt och \u00e4ven v\u00e5r Watt&amp;Sea blev igensatt och har f\u00e5tt \u00e5ka upp och vila idag. F\u00e5r bli elverk och watermaker.<\/p>\n<p>I g\u00e5r kv\u00e4ll firade vi med en ostbricka och ett lite kylt r\u00f6tt vin. Inte alls dumt mitt p\u00e5 Atlanten. Nu skall Hasse till att baka muffins till eftermiddagsfikat och innan middagen.<\/p>\n<p>Stora h\u00e4lsningar fr\u00e5n alla p\u00e5 Ellen<\/p>\n","protected":false},"excerpt":{"rendered":"<p>Liver \u00e4r p\u00e5 topp n\u00e4r man f\u00e5r segla p\u00e5 detta viset. Bra med vind och h\u00e4rliga surfar. Att det dessutom[&#8230;]<\/p>\n","protected":false},"author":1,"featured_media":0,"comment_status":"open","ping_status":"open","sticky":false,"template":"","format":"standard","meta":{"_jetpack_newsletter_access":"","_jetpack_dont_email_post_to_subs":false,"_jetpack_newsletter_tier_id":0,"_jetpack_memberships_contains_paywalled_content":false,"_jetpack_feature_clip_id":0,"_jetpack_memberships_contains_paid_content":false,"footnotes":"","jetpack_publicize_message":"","jetpack_publicize_feature_enabled":true,"jetpack_social_post_already_shared":true,"jetpack_social_options":{"image_generator_settings":{"template":"highway","default_image_id":0,"font":"","enabled":false},"version":2},"jetpack_post_was_ever_published":false},"categories":[23],"tags":[],"class_list":["post-1602","post","type-post","status-publish","format-standard","hentry","category-arc-2017"],"jetpack_publicize_connections":[],"jetpack_featured_media_url":"","jetpack_sharing_enabled":true,"jetpack_shortlink":"https:\/\/wp.me\/p5G68R-pQ","jetpack-related-posts":[{"id":2536,"url":"https:\/\/www.ellensailing.se\/?p=2536","url_meta":{"origin":1602,"position":0},"title":"Idag har vi turistat p\u00e5 Sandy Island!","author":"peter@ellensailing.se","date":"14 april, 2019","format":false,"excerpt":"Blev lite turister idag och \u00e5kte med en snabbg\u00e5ende motorb\u00e5t ut till Sandy Island. Fin liten \u00f6 med en bar och krog p\u00e5. Det var alldeles nybyggt efter Irma s\u00e5 allt var fint. Har bl\u00e5st mycket idag med vindar p\u00e5 23-25 knop, skall lugna ner sig ikv\u00e4ll. Imorgon forts\u00e4tter vi\u2026","rel":"","context":"I \u201dV\u00e4stindien 2019\u201d","block_context":{"text":"V\u00e4stindien 2019","link":"https:\/\/www.ellensailing.se\/?cat=25"},"img":{"alt_text":"","src":"https:\/\/i0.wp.com\/www.ellensailing.se\/wp-content\/uploads\/2019\/04\/F73BCACD-CAD9-4B5B-ADA9-858C7B50F184.jpeg?fit=1200%2C899&ssl=1&resize=350%2C200","width":350,"height":200,"srcset":"https:\/\/i0.wp.com\/www.ellensailing.se\/wp-content\/uploads\/2019\/04\/F73BCACD-CAD9-4B5B-ADA9-858C7B50F184.jpeg?fit=1200%2C899&ssl=1&resize=350%2C200 1x, https:\/\/i0.wp.com\/www.ellensailing.se\/wp-content\/uploads\/2019\/04\/F73BCACD-CAD9-4B5B-ADA9-858C7B50F184.jpeg?fit=1200%2C899&ssl=1&resize=525%2C300 1.5x, https:\/\/i0.wp.com\/www.ellensailing.se\/wp-content\/uploads\/2019\/04\/F73BCACD-CAD9-4B5B-ADA9-858C7B50F184.jpeg?fit=1200%2C899&ssl=1&resize=700%2C400 2x, https:\/\/i0.wp.com\/www.ellensailing.se\/wp-content\/uploads\/2019\/04\/F73BCACD-CAD9-4B5B-ADA9-858C7B50F184.jpeg?fit=1200%2C899&ssl=1&resize=1050%2C600 3x"},"classes":[]},{"id":1268,"url":"https:\/\/www.ellensailing.se\/?p=1268","url_meta":{"origin":1602,"position":1},"title":"Isla Cies, idag blir det bildkavalkad!","author":"peter@ellensailing.se","date":"15 september, 2017","format":false,"excerpt":"I morse s\u00e5 gick vi fr\u00e5n Vigo f\u00f6r att g\u00e5 ut till Isla Cies som \u00e4r en Nationalpark. Det beh\u00f6vs Navigation permit och ankringstillst\u00e5nd f\u00f6r att g\u00e5 hit. Det har vi \u00e4ntligen och h\u00e4r ligger nu 8 b\u00e5tar p\u00e5 svaj i en fin liten bukt. Vi har nordlig vind s\u00e5\u2026","rel":"","context":"I \u201dH\u00f6st 2017 till Grand Canrias.\u201d","block_context":{"text":"H\u00f6st 2017 till Grand Canrias.","link":"https:\/\/www.ellensailing.se\/?cat=22"},"img":{"alt_text":"","src":"https:\/\/i0.wp.com\/www.ellensailing.se\/wp-content\/uploads\/2017\/09\/DSC2526.jpg?fit=1200%2C802&ssl=1&resize=350%2C200","width":350,"height":200,"srcset":"https:\/\/i0.wp.com\/www.ellensailing.se\/wp-content\/uploads\/2017\/09\/DSC2526.jpg?fit=1200%2C802&ssl=1&resize=350%2C200 1x, https:\/\/i0.wp.com\/www.ellensailing.se\/wp-content\/uploads\/2017\/09\/DSC2526.jpg?fit=1200%2C802&ssl=1&resize=525%2C300 1.5x, https:\/\/i0.wp.com\/www.ellensailing.se\/wp-content\/uploads\/2017\/09\/DSC2526.jpg?fit=1200%2C802&ssl=1&resize=700%2C400 2x, https:\/\/i0.wp.com\/www.ellensailing.se\/wp-content\/uploads\/2017\/09\/DSC2526.jpg?fit=1200%2C802&ssl=1&resize=1050%2C600 3x"},"classes":[]},{"id":2467,"url":"https:\/\/www.ellensailing.se\/?p=2467","url_meta":{"origin":1602,"position":2},"title":"Till Barbuda, vilken segling","author":"peter@ellensailing.se","date":"30 mars, 2019","format":false,"excerpt":"Efter vi l\u00e4mnat Torgny och Ewa s\u00e5 \u00e5kte vi norrut mot Antigua. Vi hade n\u00e5gra dagar i Falmouth d\u00e4r vi tr\u00e4ffade Mike och Nancy. Sk\u00f6nt par som seglat mer \u00e4n de flesta. De var ansvariga f\u00f6r Nirvana under alla \u00e5r och Mike hade ett varv i Newport. Idag s\u00e5 seglade\u2026","rel":"","context":"I \u201dV\u00e4stindien 2019\u201d","block_context":{"text":"V\u00e4stindien 2019","link":"https:\/\/www.ellensailing.se\/?cat=25"},"img":{"alt_text":"","src":"https:\/\/i0.wp.com\/www.ellensailing.se\/wp-content\/uploads\/2019\/03\/71DD7C30-01FE-4C89-962A-DCDC7FEDBD4A.jpeg?fit=1200%2C800&ssl=1&resize=350%2C200","width":350,"height":200,"srcset":"https:\/\/i0.wp.com\/www.ellensailing.se\/wp-content\/uploads\/2019\/03\/71DD7C30-01FE-4C89-962A-DCDC7FEDBD4A.jpeg?fit=1200%2C800&ssl=1&resize=350%2C200 1x, https:\/\/i0.wp.com\/www.ellensailing.se\/wp-content\/uploads\/2019\/03\/71DD7C30-01FE-4C89-962A-DCDC7FEDBD4A.jpeg?fit=1200%2C800&ssl=1&resize=525%2C300 1.5x, https:\/\/i0.wp.com\/www.ellensailing.se\/wp-content\/uploads\/2019\/03\/71DD7C30-01FE-4C89-962A-DCDC7FEDBD4A.jpeg?fit=1200%2C800&ssl=1&resize=700%2C400 2x, https:\/\/i0.wp.com\/www.ellensailing.se\/wp-content\/uploads\/2019\/03\/71DD7C30-01FE-4C89-962A-DCDC7FEDBD4A.jpeg?fit=1200%2C800&ssl=1&resize=1050%2C600 3x"},"classes":[]},{"id":1370,"url":"https:\/\/www.ellensailing.se\/?p=1370","url_meta":{"origin":1602,"position":3},"title":"Dag1, \u00f6verfart fr\u00e5n Lagos till Isla Graciosa","author":"peter@ellensailing.se","date":"5 oktober, 2017","format":false,"excerpt":"Idag vid 10 tiden s\u00e5 gled vi ut fr\u00e5n hamnen i Lagos. Det tog lite tid d\u00e5 receptionen inte \u00f6ppnade f\u00f6rr\u00e4n 9 och m\u00e5nga vill iv\u00e4g. Ingen seglelb\u00e5t kommer ut f\u00f6r man m\u00e5ste \u00f6ppna en g\u00e5ngbro f\u00f6r att komma ut. Vi passade p\u00e5 att tanka b\u00e5ten f\u00f6r det ser ut\u2026","rel":"","context":"I \u201dH\u00f6st 2017 till Grand Canrias.\u201d","block_context":{"text":"H\u00f6st 2017 till Grand Canrias.","link":"https:\/\/www.ellensailing.se\/?cat=22"},"img":{"alt_text":"","src":"","width":0,"height":0},"classes":[]},{"id":2875,"url":"https:\/\/www.ellensailing.se\/?p=2875","url_meta":{"origin":1602,"position":4},"title":"\u00d6land och Kalmar","author":"peter@ellensailing.se","date":"23 juli, 2020","format":false,"excerpt":"Vi fortsatte efter Harstena ner till Bok\u00f6. Ganska kort bit men k\u00e4nde att det var dags att r\u00f6ra oss. Det var lite v\u00e4l mycket b\u00e5tar d\u00e4r. P\u00e5 M\u00f6rk\u00f6 s\u00e5 var det inte m\u00e5nga b\u00e5tar, vilket var sk\u00f6nt. Efter M\u00f6rk\u00f6 s\u00e5 kryssade vi ut p\u00e5 havet och hade en makal\u00f6s fin\u2026","rel":"","context":"I \u201dSegling 2020\u201d","block_context":{"text":"Segling 2020","link":"https:\/\/www.ellensailing.se\/?cat=27"},"img":{"alt_text":"","src":"https:\/\/i0.wp.com\/www.ellensailing.se\/wp-content\/uploads\/2020\/07\/img_0278-13-scaled.jpg?fit=1200%2C900&ssl=1&resize=350%2C200","width":350,"height":200,"srcset":"https:\/\/i0.wp.com\/www.ellensailing.se\/wp-content\/uploads\/2020\/07\/img_0278-13-scaled.jpg?fit=1200%2C900&ssl=1&resize=350%2C200 1x, https:\/\/i0.wp.com\/www.ellensailing.se\/wp-content\/uploads\/2020\/07\/img_0278-13-scaled.jpg?fit=1200%2C900&ssl=1&resize=525%2C300 1.5x, https:\/\/i0.wp.com\/www.ellensailing.se\/wp-content\/uploads\/2020\/07\/img_0278-13-scaled.jpg?fit=1200%2C900&ssl=1&resize=700%2C400 2x, https:\/\/i0.wp.com\/www.ellensailing.se\/wp-content\/uploads\/2020\/07\/img_0278-13-scaled.jpg?fit=1200%2C900&ssl=1&resize=1050%2C600 3x"},"classes":[]},{"id":2018,"url":"https:\/\/www.ellensailing.se\/?p=2018","url_meta":{"origin":1602,"position":5},"title":"En h\u00e4rlig kryss ut till Mustique","author":"peter@ellensailing.se","date":"28 mars, 2018","format":false,"excerpt":"Idag har vi kryssat fr\u00e5n Bequia till Mustique som ligger n\u00e4sta \u00f6sterut fr\u00e5n Bequia. Det bl\u00e5ste runt 13 knop och ingen sj\u00f6 alls, s\u00e5 det var som att segla hemma. Ikv\u00e4ll skall vi g\u00e5 musikkv\u00e4ll p\u00e5 Basil Bar eller som den heter nu New Basil Bar. Hela baren och restaurangen\u2026","rel":"","context":"I \u201dV\u00e4stindien 2017-2018\u201d","block_context":{"text":"V\u00e4stindien 2017-2018","link":"https:\/\/www.ellensailing.se\/?cat=24"},"img":{"alt_text":"","src":"https:\/\/i0.wp.com\/www.ellensailing.se\/wp-content\/uploads\/2018\/03\/DCD426E4-0C32-492D-BB53-E06E54C74D73.jpeg?fit=1200%2C900&ssl=1&resize=350%2C200","width":350,"height":200,"srcset":"https:\/\/i0.wp.com\/www.ellensailing.se\/wp-content\/uploads\/2018\/03\/DCD426E4-0C32-492D-BB53-E06E54C74D73.jpeg?fit=1200%2C900&ssl=1&resize=350%2C200 1x, https:\/\/i0.wp.com\/www.ellensailing.se\/wp-content\/uploads\/2018\/03\/DCD426E4-0C32-492D-BB53-E06E54C74D73.jpeg?fit=1200%2C900&ssl=1&resize=525%2C300 1.5x, https:\/\/i0.wp.com\/www.ellensailing.se\/wp-content\/uploads\/2018\/03\/DCD426E4-0C32-492D-BB53-E06E54C74D73.jpeg?fit=1200%2C900&ssl=1&resize=700%2C400 2x, https:\/\/i0.wp.com\/www.ellensailing.se\/wp-content\/uploads\/2018\/03\/DCD426E4-0C32-492D-BB53-E06E54C74D73.jpeg?fit=1200%2C900&ssl=1&resize=1050%2C600 3x"},"classes":[]}],"jetpack_likes_enabled":false,"_links":{"self":[{"href":"https:\/\/www.ellensailing.se\/index.php?rest_route=\/wp\/v2\/posts\/1602","targetHints":{"allow":["GET"]}}],"collection":[{"href":"https:\/\/www.ellensailing.se\/index.php?rest_route=\/wp\/v2\/posts"}],"about":[{"href":"https:\/\/www.ellensailing.se\/index.php?rest_route=\/wp\/v2\/types\/post"}],"author":[{"embeddable":true,"href":"https:\/\/www.ellensailing.se\/index.php?rest_route=\/wp\/v2\/users\/1"}],"replies":[{"embeddable":true,"href":"https:\/\/www.ellensailing.se\/index.php?rest_route=%2Fwp%2Fv2%2Fcomments&post=1602"}],"version-history":[{"count":0,"href":"https:\/\/www.ellensailing.se\/index.php?rest_route=\/wp\/v2\/posts\/1602\/revisions"}],"wp:attachment":[{"href":"https:\/\/www.ellensailing.se\/index.php?rest_route=%2Fwp%2Fv2%2Fmedia&parent=1602"}],"wp:term":[{"taxonomy":"category","embeddable":true,"href":"https:\/\/www.ellensailing.se\/index.php?rest_route=%2Fwp%2Fv2%2Fcategories&post=1602"},{"taxonomy":"post_tag","embeddable":true,"href":"https:\/\/www.ellensailing.se\/index.php?rest_route=%2Fwp%2Fv2%2Ftags&post=1602"}],"curies":[{"name":"wp","href":"https:\/\/api.w.org\/{rel}","templated":true}]}}