{"id":1601,"date":"2017-12-04T16:09:51","date_gmt":"2017-12-04T15:09:51","guid":{"rendered":"https:\/\/www.ellensailing.se\/?p=1601"},"modified":"2017-12-04T16:09:51","modified_gmt":"2017-12-04T15:09:51","slug":"dygn-15-2000-distans-passerat","status":"publish","type":"post","link":"https:\/\/www.ellensailing.se\/?p=1601","title":{"rendered":"Dygn 15, 2000 distans passerat"},"content":{"rendered":"<p>Och kvar \u00e4r det 875. Det har bl\u00e5st bra idag och vi betar distans fort k\u00e4nns det som. Allt \u00e4r p\u00e5 topp men det \u00e4r lite mer mulet idag och det k\u00e4nns som om det skulle kunna bli regn snart.<\/p>\n<p>De f\u00f6rsta st\u00f6rsta b\u00e5tarna har redan kommit fram medans vi mindre knuggar p\u00e5. Idag har vi inte fiskat f\u00f6r vi har kylen full. Idag \u00e4r det Hans tur att fixa lunchen.<\/p>\n<p>Allt v\u00e4l fr\u00e5n Ellen!<\/p>\n","protected":false},"excerpt":{"rendered":"<p>Och kvar \u00e4r det 875. Det har bl\u00e5st bra idag och vi betar distans fort k\u00e4nns det som. Allt \u00e4r[&#8230;]<\/p>\n","protected":false},"author":1,"featured_media":0,"comment_status":"open","ping_status":"open","sticky":false,"template":"","format":"standard","meta":{"_jetpack_newsletter_access":"","_jetpack_dont_email_post_to_subs":false,"_jetpack_newsletter_tier_id":0,"_jetpack_memberships_contains_paywalled_content":false,"_jetpack_feature_clip_id":0,"_jetpack_memberships_contains_paid_content":false,"footnotes":"","jetpack_publicize_message":"","jetpack_publicize_feature_enabled":true,"jetpack_social_post_already_shared":true,"jetpack_social_options":{"image_generator_settings":{"template":"highway","default_image_id":0,"font":"","enabled":false},"version":2},"jetpack_post_was_ever_published":false},"categories":[23],"tags":[],"class_list":["post-1601","post","type-post","status-publish","format-standard","hentry","category-arc-2017"],"jetpack_publicize_connections":[],"jetpack_featured_media_url":"","jetpack_sharing_enabled":true,"jetpack_shortlink":"https:\/\/wp.me\/p5G68R-pP","jetpack-related-posts":[{"id":3908,"url":"https:\/\/www.ellensailing.se\/?p=3908","url_meta":{"origin":1601,"position":0},"title":"Seglingssemester igen!","author":"peter@ellensailing.se","date":"29 juli, 2026","format":false,"excerpt":"Nu \u00e4r vi p\u00e5 G igen. Tredje dagen p\u00e5 semestern och vi g\u00e5r upp klockan 4. Vi \u00e4r i Lauterhorn och \u00e4r p\u00e5 v\u00e4g till Lettland. Ig\u00e5r gick vi \u00f6ver fr\u00e5n Nyn\u00e4shamn. Vi hade 22-25 knops vind och ganska h\u00f6g sj\u00f6 s\u00e5 det vara ganska tuffa f\u00f6rh\u00e5llanden men en v\u00e4ldigt\u2026","rel":"","context":"I \u201dSegling 2026\u201d","block_context":{"text":"Segling 2026","link":"https:\/\/www.ellensailing.se\/?cat=35"},"img":{"alt_text":"","src":"https:\/\/i0.wp.com\/www.ellensailing.se\/wp-content\/uploads\/2026\/07\/img_3463-1.jpg?fit=1200%2C900&ssl=1&resize=350%2C200","width":350,"height":200,"srcset":"https:\/\/i0.wp.com\/www.ellensailing.se\/wp-content\/uploads\/2026\/07\/img_3463-1.jpg?fit=1200%2C900&ssl=1&resize=350%2C200 1x, https:\/\/i0.wp.com\/www.ellensailing.se\/wp-content\/uploads\/2026\/07\/img_3463-1.jpg?fit=1200%2C900&ssl=1&resize=525%2C300 1.5x, https:\/\/i0.wp.com\/www.ellensailing.se\/wp-content\/uploads\/2026\/07\/img_3463-1.jpg?fit=1200%2C900&ssl=1&resize=700%2C400 2x, https:\/\/i0.wp.com\/www.ellensailing.se\/wp-content\/uploads\/2026\/07\/img_3463-1.jpg?fit=1200%2C900&ssl=1&resize=1050%2C600 3x"},"classes":[]},{"id":1592,"url":"https:\/\/www.ellensailing.se\/?p=1592","url_meta":{"origin":1601,"position":1},"title":"Dygn 6, Fortsatt kryss","author":"peter@ellensailing.se","date":"25 november, 2017","format":false,"excerpt":"Vi har haft en riktig tuff natt med regnskurar och massor av bl\u00e5st i dem, upp till 35 knop. Vi k\u00f6r med tv\u00e5 rev i storen och lilla kutterstagsfocken f\u00f6r att inte ha f\u00f6r mycket tryck i b\u00e5ten och det g\u00e5r bra. Idag har det lugnat ner sig och det\u2026","rel":"","context":"I \u201dARC 2017\u201d","block_context":{"text":"ARC 2017","link":"https:\/\/www.ellensailing.se\/?cat=23"},"img":{"alt_text":"","src":"","width":0,"height":0},"classes":[]},{"id":434,"url":"https:\/\/www.ellensailing.se\/?p=434","url_meta":{"origin":1601,"position":2},"title":"\u00c4nnu mera s\u00e4lar och nu Bornhom!","author":"peter@ellensailing.se","date":"2 juli, 2015","format":false,"excerpt":"Idag blev det tidig avg\u00e5ngt fr\u00e5n Utklippan. Fint v\u00e4der var f\u00f6rutsp\u00e5tt men lite vind. Vi stack fr\u00e5n Utklippan vid 7- tiden och Disel Doris har f\u00e5tt bek\u00e4nna f\u00e4rg idag. Ingen vind \u00f6verhuvudtaget. Kom lite vind n\u00e4r det var 2,6 distans kvar. Sk\u00f6nt och ett otroligt fint v\u00e4der har det varit\u2026","rel":"","context":"I \u201dSommar 2015\u201d","block_context":{"text":"Sommar 2015","link":"https:\/\/www.ellensailing.se\/?cat=4"},"img":{"alt_text":"","src":"https:\/\/i0.wp.com\/www.ellensailing.se\/wp-content\/uploads\/2015\/07\/DSC_02161.jpg?fit=1200%2C797&ssl=1&resize=350%2C200","width":350,"height":200,"srcset":"https:\/\/i0.wp.com\/www.ellensailing.se\/wp-content\/uploads\/2015\/07\/DSC_02161.jpg?fit=1200%2C797&ssl=1&resize=350%2C200 1x, https:\/\/i0.wp.com\/www.ellensailing.se\/wp-content\/uploads\/2015\/07\/DSC_02161.jpg?fit=1200%2C797&ssl=1&resize=525%2C300 1.5x, https:\/\/i0.wp.com\/www.ellensailing.se\/wp-content\/uploads\/2015\/07\/DSC_02161.jpg?fit=1200%2C797&ssl=1&resize=700%2C400 2x, https:\/\/i0.wp.com\/www.ellensailing.se\/wp-content\/uploads\/2015\/07\/DSC_02161.jpg?fit=1200%2C797&ssl=1&resize=1050%2C600 3x"},"classes":[]},{"id":429,"url":"https:\/\/www.ellensailing.se\/?p=429","url_meta":{"origin":1601,"position":3},"title":"Ett bl\u00e5sigt utklippan!","author":"peter@ellensailing.se","date":"30 juni, 2015","format":false,"excerpt":"Vi har idag seglat 53 distans fr\u00e5n Kalmar till Utklippan. Fr\u00e5n b\u00f6rjan var seglingen helt underbar. \u00c4ntligen streckbog mot utklippan. Vi hade blivit lovade det fr\u00e5n v\u00e4dergudarna med. Men n\u00e5gon Gud gick hem och motvridet och \u00f6kande vind gjorde att vi fick b\u00f6rja kryssa igen.\u00a0 Det var konstigt v\u00e4der med\u2026","rel":"","context":"I \u201dSommar 2015\u201d","block_context":{"text":"Sommar 2015","link":"https:\/\/www.ellensailing.se\/?cat=4"},"img":{"alt_text":"","src":"https:\/\/i0.wp.com\/www.ellensailing.se\/wp-content\/uploads\/2015\/06\/DSC_0176-e1435683498795.jpg?fit=797%2C1200&ssl=1&resize=350%2C200","width":350,"height":200,"srcset":"https:\/\/i0.wp.com\/www.ellensailing.se\/wp-content\/uploads\/2015\/06\/DSC_0176-e1435683498795.jpg?fit=797%2C1200&ssl=1&resize=350%2C200 1x, https:\/\/i0.wp.com\/www.ellensailing.se\/wp-content\/uploads\/2015\/06\/DSC_0176-e1435683498795.jpg?fit=797%2C1200&ssl=1&resize=525%2C300 1.5x, https:\/\/i0.wp.com\/www.ellensailing.se\/wp-content\/uploads\/2015\/06\/DSC_0176-e1435683498795.jpg?fit=797%2C1200&ssl=1&resize=700%2C400 2x"},"classes":[]},{"id":356,"url":"https:\/\/www.ellensailing.se\/?p=356","url_meta":{"origin":1601,"position":4},"title":"Underbar segling \u00f6ver \u00c5lands hav!","author":"peter@ellensailing.se","date":"16 maj, 2015","format":false,"excerpt":"Vi \u00e5kte f\u00f6rst fr\u00e5n \u00d6regrund till K\u00e4rringsund p\u00e5 Ecker\u00f6. Vi var helt ensamma d\u00e4r och kunde ligga l\u00e5ngsides. Inte dumt alls. Provade \u00e4ta mat p\u00e5 Bodegan, det var v\u00e4l helt okej efter en bastu. S\u00e4llskapet slocknade fort. D\u00e4refter s\u00e5 seglade vi ner till Mariehamn. 25 distans avverkades fort. N\u00e4r vi\u2026","rel":"","context":"I \u201dSommar 2015\u201d","block_context":{"text":"Sommar 2015","link":"https:\/\/www.ellensailing.se\/?cat=4"},"img":{"alt_text":"","src":"https:\/\/i0.wp.com\/www.ellensailing.se\/wp-content\/uploads\/2015\/05\/GOPR0250.jpg?fit=1200%2C900&ssl=1&resize=350%2C200","width":350,"height":200,"srcset":"https:\/\/i0.wp.com\/www.ellensailing.se\/wp-content\/uploads\/2015\/05\/GOPR0250.jpg?fit=1200%2C900&ssl=1&resize=350%2C200 1x, https:\/\/i0.wp.com\/www.ellensailing.se\/wp-content\/uploads\/2015\/05\/GOPR0250.jpg?fit=1200%2C900&ssl=1&resize=525%2C300 1.5x, https:\/\/i0.wp.com\/www.ellensailing.se\/wp-content\/uploads\/2015\/05\/GOPR0250.jpg?fit=1200%2C900&ssl=1&resize=700%2C400 2x, https:\/\/i0.wp.com\/www.ellensailing.se\/wp-content\/uploads\/2015\/05\/GOPR0250.jpg?fit=1200%2C900&ssl=1&resize=1050%2C600 3x"},"classes":[]},{"id":668,"url":"https:\/\/www.ellensailing.se\/?p=668","url_meta":{"origin":1601,"position":5},"title":"Arconatr\u00e4ff i Norrviken!","author":"peter@ellensailing.se","date":"30 augusti, 2015","format":false,"excerpt":"I helgen s\u00e5 var det d\u00e5 dags f\u00f6r den \u00e5rliga Arcona tr\u00e4ffen. Alltid lika kul att tr\u00e4ffa s\u00e5 h\u00e4rliga m\u00e4nniskor som \u00e4lskar att segla och \u00e4ven p\u00e5 de b\u00e4sta b\u00e5tarna. Vi m\u00f6ttes upp p\u00e5 fredag kv\u00e4ll f\u00f6r att p\u00e5 l\u00f6rdagen avg\u00f6ra vem som seglar snabbast med sin Arcona. Det \u00e4r\u2026","rel":"","context":"I \u201dSommar 2015\u201d","block_context":{"text":"Sommar 2015","link":"https:\/\/www.ellensailing.se\/?cat=4"},"img":{"alt_text":"","src":"https:\/\/i0.wp.com\/www.ellensailing.se\/wp-content\/uploads\/2015\/08\/IMG_4478.jpg?fit=640%2C480&ssl=1&resize=350%2C200","width":350,"height":200,"srcset":"https:\/\/i0.wp.com\/www.ellensailing.se\/wp-content\/uploads\/2015\/08\/IMG_4478.jpg?fit=640%2C480&ssl=1&resize=350%2C200 1x, https:\/\/i0.wp.com\/www.ellensailing.se\/wp-content\/uploads\/2015\/08\/IMG_4478.jpg?fit=640%2C480&ssl=1&resize=525%2C300 1.5x"},"classes":[]}],"jetpack_likes_enabled":false,"_links":{"self":[{"href":"https:\/\/www.ellensailing.se\/index.php?rest_route=\/wp\/v2\/posts\/1601","targetHints":{"allow":["GET"]}}],"collection":[{"href":"https:\/\/www.ellensailing.se\/index.php?rest_route=\/wp\/v2\/posts"}],"about":[{"href":"https:\/\/www.ellensailing.se\/index.php?rest_route=\/wp\/v2\/types\/post"}],"author":[{"embeddable":true,"href":"https:\/\/www.ellensailing.se\/index.php?rest_route=\/wp\/v2\/users\/1"}],"replies":[{"embeddable":true,"href":"https:\/\/www.ellensailing.se\/index.php?rest_route=%2Fwp%2Fv2%2Fcomments&post=1601"}],"version-history":[{"count":0,"href":"https:\/\/www.ellensailing.se\/index.php?rest_route=\/wp\/v2\/posts\/1601\/revisions"}],"wp:attachment":[{"href":"https:\/\/www.ellensailing.se\/index.php?rest_route=%2Fwp%2Fv2%2Fmedia&parent=1601"}],"wp:term":[{"taxonomy":"category","embeddable":true,"href":"https:\/\/www.ellensailing.se\/index.php?rest_route=%2Fwp%2Fv2%2Fcategories&post=1601"},{"taxonomy":"post_tag","embeddable":true,"href":"https:\/\/www.ellensailing.se\/index.php?rest_route=%2Fwp%2Fv2%2Ftags&post=1601"}],"curies":[{"name":"wp","href":"https:\/\/api.w.org\/{rel}","templated":true}]}}