{"id":1599,"date":"2017-12-02T19:45:50","date_gmt":"2017-12-02T18:45:50","guid":{"rendered":"https:\/\/www.ellensailing.se\/?p=1599"},"modified":"2017-12-02T19:45:50","modified_gmt":"2017-12-02T18:45:50","slug":"dygn-13-nedrakning-borjar","status":"publish","type":"post","link":"https:\/\/www.ellensailing.se\/?p=1599","title":{"rendered":"Dygn 13, Nedr\u00e4kning b\u00f6rjar"},"content":{"rendered":"<p>Men vi inser att det \u00e4r l\u00e5ng tid kvar innan vi \u00e4r framme. N\u00e5gra tecken \u00e4r det i alla fall. Det bl\u00e5ser ca 16 knop konstant och 20 i byarna. Det verkar som de flesta bara rullar p\u00e5. Lite tristess tycker jag det b\u00f6rjar bli, samma vakter, det h\u00e4nder inte mycket, st\u00e4dning, laga mat och s\u00e5 om igen. Det har blivit rutin i alla fall.<\/p>\n<p>Ig\u00e5r gjorde jag fisk i ugn av Maui Maui vilket var v\u00e4ldigt gott och idag har Molle gjort Molle b\u00e5llab\u00e4s p\u00e5 resterande det av fisken. Mycket gott Molle. Det \u00e4r varmt som tusan men det har varit lit molnigt h\u00e4r idag.<\/p>\n<p>Idag skall vi g\u00f6ra lite gl\u00f6gg s\u00e5 vi har tills i morgon d\u00e5 vi \u00e4ven p\u00e5 Atlanten firar 1:a advent.<\/p>\n<p>Kramar fr\u00e5n oss p\u00e5 Ellen<\/p>\n","protected":false},"excerpt":{"rendered":"<p>Men vi inser att det \u00e4r l\u00e5ng tid kvar innan vi \u00e4r framme. N\u00e5gra tecken \u00e4r det i alla fall.[&#8230;]<\/p>\n","protected":false},"author":1,"featured_media":0,"comment_status":"open","ping_status":"open","sticky":false,"template":"","format":"standard","meta":{"_jetpack_newsletter_access":"","_jetpack_dont_email_post_to_subs":false,"_jetpack_newsletter_tier_id":0,"_jetpack_memberships_contains_paywalled_content":false,"_jetpack_feature_clip_id":0,"_jetpack_memberships_contains_paid_content":false,"footnotes":"","jetpack_publicize_message":"","jetpack_publicize_feature_enabled":true,"jetpack_social_post_already_shared":true,"jetpack_social_options":{"image_generator_settings":{"template":"highway","default_image_id":0,"font":"","enabled":false},"version":2},"jetpack_post_was_ever_published":false},"categories":[23],"tags":[],"class_list":["post-1599","post","type-post","status-publish","format-standard","hentry","category-arc-2017"],"jetpack_publicize_connections":[],"jetpack_featured_media_url":"","jetpack_sharing_enabled":true,"jetpack_shortlink":"https:\/\/wp.me\/p5G68R-pN","jetpack-related-posts":[{"id":1595,"url":"https:\/\/www.ellensailing.se\/?p=1595","url_meta":{"origin":1599,"position":0},"title":"Dygn 9, Mitt p\u00e5 havet","author":"peter@ellensailing.se","date":"28 november, 2017","format":false,"excerpt":"Som sagt s\u00e5 har vi kommit ner till Trade winds eller passadvindarna. Det har varit en otroligt sk\u00f6n dag och natt. Efter att ig\u00e5r ha seglat spinnaker s\u00e5 b\u00f6rjade vi med att f\u00f6rbereda f\u00f6r nattsegling. Vi uppt\u00e4ckte att nedre lattfickan hade det g\u00e5tt h\u00e5l i. Fram med n\u00e5l och tr\u00e5d\u2026","rel":"","context":"I \u201dARC 2017\u201d","block_context":{"text":"ARC 2017","link":"https:\/\/www.ellensailing.se\/?cat=23"},"img":{"alt_text":"","src":"","width":0,"height":0},"classes":[]},{"id":1600,"url":"https:\/\/www.ellensailing.se\/?p=1600","url_meta":{"origin":1599,"position":1},"title":"Dygn 14, Glad Advent!","author":"peter@ellensailing.se","date":"3 december, 2017","format":false,"excerpt":"D\u00e5 har det g\u00e5tt fjorton dagar sedan vi startade. M\u00e5nga reflektioner man kan g\u00f6ra s\u00e5 h\u00e4r p\u00e5 havet. En hade vi i natt vid 03,30 d\u00e5 vi efter seglat 1800Nm hade en v\u00e4jningsituation d\u00e5 vi var tvungna p\u00e5 stora Atlanten v\u00e4ja f\u00f6r den andra Ellen (Najad 460) med G\u00f6ran och\u2026","rel":"","context":"I \u201dARC 2017\u201d","block_context":{"text":"ARC 2017","link":"https:\/\/www.ellensailing.se\/?cat=23"},"img":{"alt_text":"","src":"","width":0,"height":0},"classes":[]},{"id":1640,"url":"https:\/\/www.ellensailing.se\/?p=1640","url_meta":{"origin":1599,"position":2},"title":"Kavalkad p\u00e5 \u00f6verfarten","author":"peter@ellensailing.se","date":"10 december, 2017","format":false,"excerpt":"\u00a0","rel":"","context":"I \u201dARC 2017\u201d","block_context":{"text":"ARC 2017","link":"https:\/\/www.ellensailing.se\/?cat=23"},"img":{"alt_text":"","src":"https:\/\/i0.wp.com\/www.ellensailing.se\/wp-content\/uploads\/2017\/11\/IMG_6403.jpg?fit=640%2C480&ssl=1&resize=350%2C200","width":350,"height":200,"srcset":"https:\/\/i0.wp.com\/www.ellensailing.se\/wp-content\/uploads\/2017\/11\/IMG_6403.jpg?fit=640%2C480&ssl=1&resize=350%2C200 1x, https:\/\/i0.wp.com\/www.ellensailing.se\/wp-content\/uploads\/2017\/11\/IMG_6403.jpg?fit=640%2C480&ssl=1&resize=525%2C300 1.5x"},"classes":[]},{"id":1598,"url":"https:\/\/www.ellensailing.se\/?p=1598","url_meta":{"origin":1599,"position":3},"title":"Dygn 12, H\u00e4lften gjort","author":"peter@ellensailing.se","date":"1 december, 2017","format":false,"excerpt":"Och ikv\u00e4ll blir det skumpa. Det finns mycket att fira idag. H\u00e4lften gjort, vi har passerat en tidszon s\u00e5 klockan skall skruvas tillbaka och vi har f\u00e5tt tv\u00e5 fiskar idag. Redan i morse s\u00e5 sl\u00e4ngde Lasse i draget och det dr\u00f6jde inte mer \u00e4n 5 minuter s\u00e5 fick vi en\u2026","rel":"","context":"I \u201dARC 2017\u201d","block_context":{"text":"ARC 2017","link":"https:\/\/www.ellensailing.se\/?cat=23"},"img":{"alt_text":"","src":"","width":0,"height":0},"classes":[]},{"id":1584,"url":"https:\/\/www.ellensailing.se\/?p=1584","url_meta":{"origin":1599,"position":4},"title":"Dygn 2 &#8211; Fina fisken och h\u00e4rlig segling","author":"peter@ellensailing.se","date":"21 november, 2017","format":false,"excerpt":"Ig\u00e5r efter blogginl\u00e4gget s\u00e5 fick vi upp en fin Maui-Maui p\u00e5 ca tre kilo. Den fick bli till lunch och fil\u00e9ades upp och stektes med ris och Canary Chili s\u00e5s. Mycket gott och f\u00e4rskare kan det inte bli. Vi har seglat SW med Code 1 hela dagen och hela natten.\u2026","rel":"","context":"I \u201dARC 2017\u201d","block_context":{"text":"ARC 2017","link":"https:\/\/www.ellensailing.se\/?cat=23"},"img":{"alt_text":"","src":"","width":0,"height":0},"classes":[]},{"id":1375,"url":"https:\/\/www.ellensailing.se\/?p=1375","url_meta":{"origin":1599,"position":5},"title":"Dag3, \u00f6verfart fr\u00e5n Lagos till Isla Graciosa","author":"peter@ellensailing.se","date":"7 oktober, 2017","format":false,"excerpt":"\u00c4ntligen s\u00e5 har jag f\u00e5tt hj\u00e4lp med hur man f\u00e5r ut sin position med hj\u00e4lp av satellittelefonen. S\u00e5klart att Bj\u00f6rn Sj\u00f6str\u00f6m p\u00e5 Think Twice har det r\u00e4tta receptet. Har provat nu och kommer med detta inl\u00e4gga att prova igen. Dagen har varit h\u00e4ndelserik. Vi har varje dag stora f\u00f6rhoppningar om\u2026","rel":"","context":"I \u201dH\u00f6st 2017 till Grand Canrias.\u201d","block_context":{"text":"H\u00f6st 2017 till Grand Canrias.","link":"https:\/\/www.ellensailing.se\/?cat=22"},"img":{"alt_text":"","src":"","width":0,"height":0},"classes":[]}],"jetpack_likes_enabled":false,"_links":{"self":[{"href":"https:\/\/www.ellensailing.se\/index.php?rest_route=\/wp\/v2\/posts\/1599","targetHints":{"allow":["GET"]}}],"collection":[{"href":"https:\/\/www.ellensailing.se\/index.php?rest_route=\/wp\/v2\/posts"}],"about":[{"href":"https:\/\/www.ellensailing.se\/index.php?rest_route=\/wp\/v2\/types\/post"}],"author":[{"embeddable":true,"href":"https:\/\/www.ellensailing.se\/index.php?rest_route=\/wp\/v2\/users\/1"}],"replies":[{"embeddable":true,"href":"https:\/\/www.ellensailing.se\/index.php?rest_route=%2Fwp%2Fv2%2Fcomments&post=1599"}],"version-history":[{"count":0,"href":"https:\/\/www.ellensailing.se\/index.php?rest_route=\/wp\/v2\/posts\/1599\/revisions"}],"wp:attachment":[{"href":"https:\/\/www.ellensailing.se\/index.php?rest_route=%2Fwp%2Fv2%2Fmedia&parent=1599"}],"wp:term":[{"taxonomy":"category","embeddable":true,"href":"https:\/\/www.ellensailing.se\/index.php?rest_route=%2Fwp%2Fv2%2Fcategories&post=1599"},{"taxonomy":"post_tag","embeddable":true,"href":"https:\/\/www.ellensailing.se\/index.php?rest_route=%2Fwp%2Fv2%2Ftags&post=1599"}],"curies":[{"name":"wp","href":"https:\/\/api.w.org\/{rel}","templated":true}]}}