{"id":1597,"date":"2017-11-30T17:21:43","date_gmt":"2017-11-30T16:21:43","guid":{"rendered":"https:\/\/www.ellensailing.se\/?p=1597"},"modified":"2017-11-30T17:21:43","modified_gmt":"2017-11-30T16:21:43","slug":"dygn-11-varmt-och-skont","status":"publish","type":"post","link":"https:\/\/www.ellensailing.se\/?p=1597","title":{"rendered":"Dygn 11, Varmt och sk\u00f6nt"},"content":{"rendered":"<p>Men med v\u00e4ldigt lite vind. Det bl\u00e5ser ca 8 knop rakt bakifr\u00e5n. Vi seglar med enbart spinnaker s\u00e5 vi kan g\u00e5 s\u00e5 r\u00e4tt p\u00e5 m\u00e5let som m\u00f6jligt. Ikv\u00e4ll skall vinden komma och fylla p\u00e5 lite mer ett antal dagar fram\u00e5t. Skall bli sk\u00f6nt att f\u00e5 str\u00e4cka ut lite. Natten var dock v\u00e4ldigt bra. Vi hade en j\u00e4ttefin m\u00e5ne som l\u00f6s upp ordentligt. N\u00e4r Jackie och jag seglade p\u00e5 natten var det n\u00e5got som slog till i inredningen, vi trodde det var en d\u00f6rr som slagit igen men i morse hittade Lasse en flugfisk som flugit in genom k\u00f6ksventilen och landat mot toad\u00f6rren. Det \u00e4r mycket flugfisk h\u00e4r nu.<\/p>\n<p>Vi har haft lite kontakt med b\u00e5tar runt oss och i g\u00e5r natt s\u00e5 seglade en X-Yacht precis bakom oss.<\/p>\n<p>I morgon kommer vi nog ha passerat h\u00e4lften av segling som ser ut att ta lite fler dagar \u00e4n vad som var planerat, men vem har br\u00e5ttom. Ingen mer fisk har vi f\u00e5tt.<\/p>\n<p>Stora h\u00e4lsningar fr\u00e5n Ellen<\/p>\n","protected":false},"excerpt":{"rendered":"<p>Men med v\u00e4ldigt lite vind. Det bl\u00e5ser ca 8 knop rakt bakifr\u00e5n. Vi seglar med enbart spinnaker s\u00e5 vi kan[&#8230;]<\/p>\n","protected":false},"author":1,"featured_media":0,"comment_status":"open","ping_status":"open","sticky":false,"template":"","format":"standard","meta":{"_jetpack_newsletter_access":"","_jetpack_dont_email_post_to_subs":false,"_jetpack_newsletter_tier_id":0,"_jetpack_memberships_contains_paywalled_content":false,"_jetpack_feature_clip_id":0,"_jetpack_memberships_contains_paid_content":false,"footnotes":"","jetpack_publicize_message":"","jetpack_publicize_feature_enabled":true,"jetpack_social_post_already_shared":true,"jetpack_social_options":{"image_generator_settings":{"template":"highway","default_image_id":0,"font":"","enabled":false},"version":2},"jetpack_post_was_ever_published":false},"categories":[23],"tags":[],"class_list":["post-1597","post","type-post","status-publish","format-standard","hentry","category-arc-2017"],"jetpack_publicize_connections":[],"jetpack_featured_media_url":"","jetpack_sharing_enabled":true,"jetpack_shortlink":"https:\/\/wp.me\/p5G68R-pL","jetpack-related-posts":[{"id":1600,"url":"https:\/\/www.ellensailing.se\/?p=1600","url_meta":{"origin":1597,"position":0},"title":"Dygn 14, Glad Advent!","author":"peter@ellensailing.se","date":"3 december, 2017","format":false,"excerpt":"D\u00e5 har det g\u00e5tt fjorton dagar sedan vi startade. M\u00e5nga reflektioner man kan g\u00f6ra s\u00e5 h\u00e4r p\u00e5 havet. En hade vi i natt vid 03,30 d\u00e5 vi efter seglat 1800Nm hade en v\u00e4jningsituation d\u00e5 vi var tvungna p\u00e5 stora Atlanten v\u00e4ja f\u00f6r den andra Ellen (Najad 460) med G\u00f6ran och\u2026","rel":"","context":"I \u201dARC 2017\u201d","block_context":{"text":"ARC 2017","link":"https:\/\/www.ellensailing.se\/?cat=23"},"img":{"alt_text":"","src":"","width":0,"height":0},"classes":[]},{"id":3142,"url":"https:\/\/www.ellensailing.se\/?p=3142","url_meta":{"origin":1597,"position":1},"title":"Lasse och Helene har l\u00e4mnat oss!","author":"peter@ellensailing.se","date":"16 juli, 2021","format":false,"excerpt":"P\u00e5 onsdag kv\u00e4ll var det sista natten med g\u00e4nget. Lite bunkring och riktigt bubbel blev vi bjudna p\u00e5 av Lasse och Helene. Bollinger, Jackies favorit. Det har varit superkul att segla ihop igen och det g\u00f6r vi g\u00e4rna igen. Avslutningbubbel! Ellen och Dellen skall g\u00e5 och duscha! Innan vi anl\u00e4nde\u2026","rel":"","context":"I \u201dSegling 2021\u201d","block_context":{"text":"Segling 2021","link":"https:\/\/www.ellensailing.se\/?cat=28"},"img":{"alt_text":"","src":"https:\/\/i0.wp.com\/www.ellensailing.se\/wp-content\/uploads\/2021\/07\/img_0364.jpg?fit=1200%2C1199&ssl=1&resize=350%2C200","width":350,"height":200,"srcset":"https:\/\/i0.wp.com\/www.ellensailing.se\/wp-content\/uploads\/2021\/07\/img_0364.jpg?fit=1200%2C1199&ssl=1&resize=350%2C200 1x, https:\/\/i0.wp.com\/www.ellensailing.se\/wp-content\/uploads\/2021\/07\/img_0364.jpg?fit=1200%2C1199&ssl=1&resize=525%2C300 1.5x, https:\/\/i0.wp.com\/www.ellensailing.se\/wp-content\/uploads\/2021\/07\/img_0364.jpg?fit=1200%2C1199&ssl=1&resize=700%2C400 2x, https:\/\/i0.wp.com\/www.ellensailing.se\/wp-content\/uploads\/2021\/07\/img_0364.jpg?fit=1200%2C1199&ssl=1&resize=1050%2C600 3x"},"classes":[]},{"id":1843,"url":"https:\/\/www.ellensailing.se\/?p=1843","url_meta":{"origin":1597,"position":2},"title":"Guadalupe fram och tillbaka","author":"peter@ellensailing.se","date":"20 februari, 2018","format":false,"excerpt":"Trots att vi \u00e4r i EU land s\u00e5 funkar n\u00e4tet s\u00e5d\u00e4r. Telenors avtalspart Digicell har v\u00e4ldigt d\u00e5lig t\u00e4ckning p\u00e5 m\u00e5nga st\u00e4llen vi varit. N\u00e5v\u00e4l, slutgn\u00e4llt om det men det \u00e4r d\u00e4rf\u00f6r v\u00e5ra inl\u00e4gg kommer ganska glest. Systeryster Gun och mannen Wille kom i s\u00f6ndags f\u00f6r att segla med oss i\u2026","rel":"","context":"I \u201dV\u00e4stindien 2017-2018\u201d","block_context":{"text":"V\u00e4stindien 2017-2018","link":"https:\/\/www.ellensailing.se\/?cat=24"},"img":{"alt_text":"","src":"https:\/\/i0.wp.com\/www.ellensailing.se\/wp-content\/uploads\/2018\/02\/2E46A7F7-5A2F-4FD8-BAE3-5319B315EA94-e1530776278219.jpeg?fit=950%2C311&ssl=1&resize=350%2C200","width":350,"height":200,"srcset":"https:\/\/i0.wp.com\/www.ellensailing.se\/wp-content\/uploads\/2018\/02\/2E46A7F7-5A2F-4FD8-BAE3-5319B315EA94-e1530776278219.jpeg?fit=950%2C311&ssl=1&resize=350%2C200 1x, https:\/\/i0.wp.com\/www.ellensailing.se\/wp-content\/uploads\/2018\/02\/2E46A7F7-5A2F-4FD8-BAE3-5319B315EA94-e1530776278219.jpeg?fit=950%2C311&ssl=1&resize=525%2C300 1.5x, https:\/\/i0.wp.com\/www.ellensailing.se\/wp-content\/uploads\/2018\/02\/2E46A7F7-5A2F-4FD8-BAE3-5319B315EA94-e1530776278219.jpeg?fit=950%2C311&ssl=1&resize=700%2C400 2x"},"classes":[]},{"id":3656,"url":"https:\/\/www.ellensailing.se\/?p=3656","url_meta":{"origin":1597,"position":3},"title":"Nattsegling till Fakarava","author":"peter@ellensailing.se","date":"27 april, 2024","format":false,"excerpt":"Vi gick ut fr\u00e5n Tahanea vid 4 tiden. Det \u00e4r bara 50 Nm till Fakarava s\u00e5 det g\u00e4ller att segla l\u00e5ngsamt. Det \u00e4r inte alltid l\u00e4tt. Passet var ganska str\u00f6mt, runt 3 knop men det var inga problem. V\u00e4l ute satte vi genuan och seglade med vinden. N\u00e4r vi b\u00f6rjade\u2026","rel":"","context":"I \u201dS\u00f6derhavet\u201d","block_context":{"text":"S\u00f6derhavet","link":"https:\/\/www.ellensailing.se\/?cat=33"},"img":{"alt_text":"","src":"https:\/\/i0.wp.com\/www.ellensailing.se\/wp-content\/uploads\/2024\/04\/gptempdownload-26-1.jpg?fit=1200%2C900&ssl=1&resize=350%2C200","width":350,"height":200,"srcset":"https:\/\/i0.wp.com\/www.ellensailing.se\/wp-content\/uploads\/2024\/04\/gptempdownload-26-1.jpg?fit=1200%2C900&ssl=1&resize=350%2C200 1x, https:\/\/i0.wp.com\/www.ellensailing.se\/wp-content\/uploads\/2024\/04\/gptempdownload-26-1.jpg?fit=1200%2C900&ssl=1&resize=525%2C300 1.5x, https:\/\/i0.wp.com\/www.ellensailing.se\/wp-content\/uploads\/2024\/04\/gptempdownload-26-1.jpg?fit=1200%2C900&ssl=1&resize=700%2C400 2x, https:\/\/i0.wp.com\/www.ellensailing.se\/wp-content\/uploads\/2024\/04\/gptempdownload-26-1.jpg?fit=1200%2C900&ssl=1&resize=1050%2C600 3x"},"classes":[]},{"id":2875,"url":"https:\/\/www.ellensailing.se\/?p=2875","url_meta":{"origin":1597,"position":4},"title":"\u00d6land och Kalmar","author":"peter@ellensailing.se","date":"23 juli, 2020","format":false,"excerpt":"Vi fortsatte efter Harstena ner till Bok\u00f6. Ganska kort bit men k\u00e4nde att det var dags att r\u00f6ra oss. Det var lite v\u00e4l mycket b\u00e5tar d\u00e4r. P\u00e5 M\u00f6rk\u00f6 s\u00e5 var det inte m\u00e5nga b\u00e5tar, vilket var sk\u00f6nt. Efter M\u00f6rk\u00f6 s\u00e5 kryssade vi ut p\u00e5 havet och hade en makal\u00f6s fin\u2026","rel":"","context":"I \u201dSegling 2020\u201d","block_context":{"text":"Segling 2020","link":"https:\/\/www.ellensailing.se\/?cat=27"},"img":{"alt_text":"","src":"https:\/\/i0.wp.com\/www.ellensailing.se\/wp-content\/uploads\/2020\/07\/img_0278-13-scaled.jpg?fit=1200%2C900&ssl=1&resize=350%2C200","width":350,"height":200,"srcset":"https:\/\/i0.wp.com\/www.ellensailing.se\/wp-content\/uploads\/2020\/07\/img_0278-13-scaled.jpg?fit=1200%2C900&ssl=1&resize=350%2C200 1x, https:\/\/i0.wp.com\/www.ellensailing.se\/wp-content\/uploads\/2020\/07\/img_0278-13-scaled.jpg?fit=1200%2C900&ssl=1&resize=525%2C300 1.5x, https:\/\/i0.wp.com\/www.ellensailing.se\/wp-content\/uploads\/2020\/07\/img_0278-13-scaled.jpg?fit=1200%2C900&ssl=1&resize=700%2C400 2x, https:\/\/i0.wp.com\/www.ellensailing.se\/wp-content\/uploads\/2020\/07\/img_0278-13-scaled.jpg?fit=1200%2C900&ssl=1&resize=1050%2C600 3x"},"classes":[]},{"id":1198,"url":"https:\/\/www.ellensailing.se\/?p=1198","url_meta":{"origin":1597,"position":5},"title":"Biscaya avklarat och v\u00e5rt f\u00f6rsta tonfisk f\u00e5ngad!","author":"peter@ellensailing.se","date":"7 september, 2017","format":false,"excerpt":"Nu har vi \u00e4ntligen klarat av att korsa Biscaya! Ingen av oss har gjort det f\u00f6rut och det \u00e4r en skr\u00e4ckblandad f\u00f6rtjusning att passera. Har aldrig varit med om att det kan vara s\u00e5 branta klippor mellan 4000 meter djupt till 150 meter p\u00e5 olika st\u00e4llen. F\u00f6rst\u00e5r att det kan\u2026","rel":"","context":"I \u201dH\u00f6st 2017 till Grand Canrias.\u201d","block_context":{"text":"H\u00f6st 2017 till Grand Canrias.","link":"https:\/\/www.ellensailing.se\/?cat=22"},"img":{"alt_text":"","src":"https:\/\/i0.wp.com\/www.ellensailing.se\/wp-content\/uploads\/2017\/09\/DSC2200-e1504768850168.jpg?fit=802%2C1200&ssl=1&resize=350%2C200","width":350,"height":200,"srcset":"https:\/\/i0.wp.com\/www.ellensailing.se\/wp-content\/uploads\/2017\/09\/DSC2200-e1504768850168.jpg?fit=802%2C1200&ssl=1&resize=350%2C200 1x, https:\/\/i0.wp.com\/www.ellensailing.se\/wp-content\/uploads\/2017\/09\/DSC2200-e1504768850168.jpg?fit=802%2C1200&ssl=1&resize=525%2C300 1.5x, https:\/\/i0.wp.com\/www.ellensailing.se\/wp-content\/uploads\/2017\/09\/DSC2200-e1504768850168.jpg?fit=802%2C1200&ssl=1&resize=700%2C400 2x"},"classes":[]}],"jetpack_likes_enabled":false,"_links":{"self":[{"href":"https:\/\/www.ellensailing.se\/index.php?rest_route=\/wp\/v2\/posts\/1597","targetHints":{"allow":["GET"]}}],"collection":[{"href":"https:\/\/www.ellensailing.se\/index.php?rest_route=\/wp\/v2\/posts"}],"about":[{"href":"https:\/\/www.ellensailing.se\/index.php?rest_route=\/wp\/v2\/types\/post"}],"author":[{"embeddable":true,"href":"https:\/\/www.ellensailing.se\/index.php?rest_route=\/wp\/v2\/users\/1"}],"replies":[{"embeddable":true,"href":"https:\/\/www.ellensailing.se\/index.php?rest_route=%2Fwp%2Fv2%2Fcomments&post=1597"}],"version-history":[{"count":0,"href":"https:\/\/www.ellensailing.se\/index.php?rest_route=\/wp\/v2\/posts\/1597\/revisions"}],"wp:attachment":[{"href":"https:\/\/www.ellensailing.se\/index.php?rest_route=%2Fwp%2Fv2%2Fmedia&parent=1597"}],"wp:term":[{"taxonomy":"category","embeddable":true,"href":"https:\/\/www.ellensailing.se\/index.php?rest_route=%2Fwp%2Fv2%2Fcategories&post=1597"},{"taxonomy":"post_tag","embeddable":true,"href":"https:\/\/www.ellensailing.se\/index.php?rest_route=%2Fwp%2Fv2%2Ftags&post=1597"}],"curies":[{"name":"wp","href":"https:\/\/api.w.org\/{rel}","templated":true}]}}