{"id":1594,"date":"2017-11-27T13:57:53","date_gmt":"2017-11-27T12:57:53","guid":{"rendered":"https:\/\/www.ellensailing.se\/?p=1594"},"modified":"2017-11-27T13:57:53","modified_gmt":"2017-11-27T12:57:53","slug":"dygn-8-antligen","status":"publish","type":"post","link":"https:\/\/www.ellensailing.se\/?p=1594","title":{"rendered":"Dygn 8, \u00c4ntligen!"},"content":{"rendered":"<p>Natten har varit j\u00e4ttelugnt, n\u00e4stan helt stiltje. Under g\u00e5rdagen s\u00e5 kryssade vi och slog p\u00e5 vindvriden f\u00f6r att optimera farten mot m\u00e5l. Det gick bra men ganska frustrerande i den l\u00e4tta vinden.<\/p>\n<p>Men innan det blev natt s\u00e5 s\u00e5g vi ett flytande tonfiskn\u00e4t, typ samma lika som Loupan fick runt k\u00f6len f\u00f6r ett par \u00e5r sedan. Vi hade fiskelinan ute och precis vid n\u00e4tet s\u00e5 gick slirbromsen i. Vi trodde vi fastnat i n\u00e4tet men det gick att veva in och upp kom det upp en tonfisk. Middagen r\u00e4ddad ikv\u00e4ll.<\/p>\n<p>Vi lyckades tr\u00e5ckla oss genom stiltjeb\u00e4lten ner till 20 grader och d\u00e4r b\u00f6rjar passadvindarna. Och vips kl 06 i morse s\u00e5 kom passadvinden med ostliga vindar, dock ganska svaga. Det bl\u00e5ster 8-12 knop och direkt i morse \u00e5kte spinnakern upp. Nu kommer vi ligga h\u00e4r och g\u00e5 lite mer s\u00f6derut f\u00f6r att f\u00e5 mer vind.<\/p>\n<p>H\u00e4lsningar fr\u00e5n ett varmt Ellen.<\/p>\n","protected":false},"excerpt":{"rendered":"<p>Natten har varit j\u00e4ttelugnt, n\u00e4stan helt stiltje. Under g\u00e5rdagen s\u00e5 kryssade vi och slog p\u00e5 vindvriden f\u00f6r att optimera farten[&#8230;]<\/p>\n","protected":false},"author":1,"featured_media":0,"comment_status":"open","ping_status":"open","sticky":false,"template":"","format":"standard","meta":{"_jetpack_newsletter_access":"","_jetpack_dont_email_post_to_subs":false,"_jetpack_newsletter_tier_id":0,"_jetpack_memberships_contains_paywalled_content":false,"_jetpack_feature_clip_id":0,"_jetpack_memberships_contains_paid_content":false,"footnotes":"","jetpack_publicize_message":"","jetpack_publicize_feature_enabled":true,"jetpack_social_post_already_shared":true,"jetpack_social_options":{"image_generator_settings":{"template":"highway","default_image_id":0,"font":"","enabled":false},"version":2},"jetpack_post_was_ever_published":false},"categories":[23],"tags":[],"class_list":["post-1594","post","type-post","status-publish","format-standard","hentry","category-arc-2017"],"jetpack_publicize_connections":[],"jetpack_featured_media_url":"","jetpack_sharing_enabled":true,"jetpack_shortlink":"https:\/\/wp.me\/p5G68R-pI","jetpack-related-posts":[{"id":1597,"url":"https:\/\/www.ellensailing.se\/?p=1597","url_meta":{"origin":1594,"position":0},"title":"Dygn 11, Varmt och sk\u00f6nt","author":"peter@ellensailing.se","date":"30 november, 2017","format":false,"excerpt":"Men med v\u00e4ldigt lite vind. Det bl\u00e5ser ca 8 knop rakt bakifr\u00e5n. Vi seglar med enbart spinnaker s\u00e5 vi kan g\u00e5 s\u00e5 r\u00e4tt p\u00e5 m\u00e5let som m\u00f6jligt. Ikv\u00e4ll skall vinden komma och fylla p\u00e5 lite mer ett antal dagar fram\u00e5t. Skall bli sk\u00f6nt att f\u00e5 str\u00e4cka ut lite. Natten var\u2026","rel":"","context":"I \u201dARC 2017\u201d","block_context":{"text":"ARC 2017","link":"https:\/\/www.ellensailing.se\/?cat=23"},"img":{"alt_text":"","src":"","width":0,"height":0},"classes":[]},{"id":1583,"url":"https:\/\/www.ellensailing.se\/?p=1583","url_meta":{"origin":1594,"position":1},"title":"Dygn 1. Fr\u00e5n Start","author":"peter@ellensailing.se","date":"20 november, 2017","format":false,"excerpt":"Snart \u00e4r f\u00f6rsta dygnet avklarat. En fin och lugn start med moderata vindar. Ganska snart s\u00e5 hissade vi Code1 och gick som attans. Riktigt kul. N\u00e4r vi n\u00e4rmade oss s\u00f6dra Gran Canaria gippade vi v\u00e4sterut. Vi gick riktigt bra. N\u00e4r solen b\u00f6rjade g\u00e5 ner s\u00e5 tog vi ner Code 1\u2026","rel":"","context":"I \u201dARC 2017\u201d","block_context":{"text":"ARC 2017","link":"https:\/\/www.ellensailing.se\/?cat=23"},"img":{"alt_text":"","src":"","width":0,"height":0},"classes":[]},{"id":1359,"url":"https:\/\/www.ellensailing.se\/?p=1359","url_meta":{"origin":1594,"position":2},"title":"Fin segling fr\u00e5n Sines till Lagos","author":"peter@ellensailing.se","date":"1 oktober, 2017","format":false,"excerpt":"Vi gick upp tidigt i morse f\u00f6r att hinna med att segla de 70 distansminuterna till Lagos. Klockan ringde vid 6 tiden och det var bara att skutta p\u00e5 och l\u00e4tta ankar i m\u00f6rkret. Till en b\u00f6rjan blev massa gippar och vinden var svag men nu g\u00e5r det betydligt fortare\u2026","rel":"","context":"I \u201dH\u00f6st 2017 till Grand Canrias.\u201d","block_context":{"text":"H\u00f6st 2017 till Grand Canrias.","link":"https:\/\/www.ellensailing.se\/?cat=22"},"img":{"alt_text":"","src":"","width":0,"height":0},"classes":[]},{"id":1376,"url":"https:\/\/www.ellensailing.se\/?p=1376","url_meta":{"origin":1594,"position":3},"title":"Natt 3, \u00f6verfart fr\u00e5n Lagos till Isla Graciosa","author":"peter@ellensailing.se","date":"8 oktober, 2017","format":false,"excerpt":"Natten har varit lugn. Vinden var j\u00e4ttebra fram till klockan 2 d\u00e5 dog den ut. Vinden var d\u00e5 60 grader in och det var nog tur det f\u00f6r annars hade vi inte r\u00f6rt oss. Vi loggade 7 knop fram till 2. Yalle fick ta \u00f6ver skiftet fr\u00e5n 2 och den\u2026","rel":"","context":"I \u201dH\u00f6st 2017 till Grand Canrias.\u201d","block_context":{"text":"H\u00f6st 2017 till Grand Canrias.","link":"https:\/\/www.ellensailing.se\/?cat=22"},"img":{"alt_text":"","src":"","width":0,"height":0},"classes":[]},{"id":1268,"url":"https:\/\/www.ellensailing.se\/?p=1268","url_meta":{"origin":1594,"position":4},"title":"Isla Cies, idag blir det bildkavalkad!","author":"peter@ellensailing.se","date":"15 september, 2017","format":false,"excerpt":"I morse s\u00e5 gick vi fr\u00e5n Vigo f\u00f6r att g\u00e5 ut till Isla Cies som \u00e4r en Nationalpark. Det beh\u00f6vs Navigation permit och ankringstillst\u00e5nd f\u00f6r att g\u00e5 hit. Det har vi \u00e4ntligen och h\u00e4r ligger nu 8 b\u00e5tar p\u00e5 svaj i en fin liten bukt. Vi har nordlig vind s\u00e5\u2026","rel":"","context":"I \u201dH\u00f6st 2017 till Grand Canrias.\u201d","block_context":{"text":"H\u00f6st 2017 till Grand Canrias.","link":"https:\/\/www.ellensailing.se\/?cat=22"},"img":{"alt_text":"","src":"https:\/\/i0.wp.com\/www.ellensailing.se\/wp-content\/uploads\/2017\/09\/DSC2526.jpg?fit=1200%2C802&ssl=1&resize=350%2C200","width":350,"height":200,"srcset":"https:\/\/i0.wp.com\/www.ellensailing.se\/wp-content\/uploads\/2017\/09\/DSC2526.jpg?fit=1200%2C802&ssl=1&resize=350%2C200 1x, https:\/\/i0.wp.com\/www.ellensailing.se\/wp-content\/uploads\/2017\/09\/DSC2526.jpg?fit=1200%2C802&ssl=1&resize=525%2C300 1.5x, https:\/\/i0.wp.com\/www.ellensailing.se\/wp-content\/uploads\/2017\/09\/DSC2526.jpg?fit=1200%2C802&ssl=1&resize=700%2C400 2x, https:\/\/i0.wp.com\/www.ellensailing.se\/wp-content\/uploads\/2017\/09\/DSC2526.jpg?fit=1200%2C802&ssl=1&resize=1050%2C600 3x"},"classes":[]},{"id":3863,"url":"https:\/\/www.ellensailing.se\/?p=3863","url_meta":{"origin":1594,"position":5},"title":"Fr\u00e5n Gotland till \u00d6land \u2013 ett \u00f6-hopp med stil!","author":"peter@ellensailing.se","date":"16 juli, 2025","format":false,"excerpt":"Japp, vi har bytt \u00f6. Fr\u00e5n raukar till fyrar, fr\u00e5n Gutavibbar till \u00f6l\u00e4ndska vindar. Det \u00e4r som att byta fr\u00e5n en gammal favorittr\u00f6ja till en ny hoodie \u2013 fortfarande mysigt, men med en annan k\u00e4nsla. Gotland var fantastisk \u2013 medeltidsvecka, ringmurar och f\u00e5r som stirrar p\u00e5 dig som om du\u2026","rel":"","context":"I \u201dSegling 2025\u201d","block_context":{"text":"Segling 2025","link":"https:\/\/www.ellensailing.se\/?cat=34"},"img":{"alt_text":"","src":"https:\/\/i0.wp.com\/www.ellensailing.se\/wp-content\/uploads\/2025\/07\/IMG_1579-scaled.jpg?fit=1200%2C900&ssl=1&resize=350%2C200","width":350,"height":200,"srcset":"https:\/\/i0.wp.com\/www.ellensailing.se\/wp-content\/uploads\/2025\/07\/IMG_1579-scaled.jpg?fit=1200%2C900&ssl=1&resize=350%2C200 1x, https:\/\/i0.wp.com\/www.ellensailing.se\/wp-content\/uploads\/2025\/07\/IMG_1579-scaled.jpg?fit=1200%2C900&ssl=1&resize=525%2C300 1.5x, https:\/\/i0.wp.com\/www.ellensailing.se\/wp-content\/uploads\/2025\/07\/IMG_1579-scaled.jpg?fit=1200%2C900&ssl=1&resize=700%2C400 2x, https:\/\/i0.wp.com\/www.ellensailing.se\/wp-content\/uploads\/2025\/07\/IMG_1579-scaled.jpg?fit=1200%2C900&ssl=1&resize=1050%2C600 3x"},"classes":[]}],"jetpack_likes_enabled":false,"_links":{"self":[{"href":"https:\/\/www.ellensailing.se\/index.php?rest_route=\/wp\/v2\/posts\/1594","targetHints":{"allow":["GET"]}}],"collection":[{"href":"https:\/\/www.ellensailing.se\/index.php?rest_route=\/wp\/v2\/posts"}],"about":[{"href":"https:\/\/www.ellensailing.se\/index.php?rest_route=\/wp\/v2\/types\/post"}],"author":[{"embeddable":true,"href":"https:\/\/www.ellensailing.se\/index.php?rest_route=\/wp\/v2\/users\/1"}],"replies":[{"embeddable":true,"href":"https:\/\/www.ellensailing.se\/index.php?rest_route=%2Fwp%2Fv2%2Fcomments&post=1594"}],"version-history":[{"count":0,"href":"https:\/\/www.ellensailing.se\/index.php?rest_route=\/wp\/v2\/posts\/1594\/revisions"}],"wp:attachment":[{"href":"https:\/\/www.ellensailing.se\/index.php?rest_route=%2Fwp%2Fv2%2Fmedia&parent=1594"}],"wp:term":[{"taxonomy":"category","embeddable":true,"href":"https:\/\/www.ellensailing.se\/index.php?rest_route=%2Fwp%2Fv2%2Fcategories&post=1594"},{"taxonomy":"post_tag","embeddable":true,"href":"https:\/\/www.ellensailing.se\/index.php?rest_route=%2Fwp%2Fv2%2Ftags&post=1594"}],"curies":[{"name":"wp","href":"https:\/\/api.w.org\/{rel}","templated":true}]}}