{"id":1593,"date":"2017-11-26T14:23:18","date_gmt":"2017-11-26T13:23:18","guid":{"rendered":"https:\/\/www.ellensailing.se\/?p=1593"},"modified":"2017-11-26T14:23:18","modified_gmt":"2017-11-26T13:23:18","slug":"dygn-7-seglat-precis-en-vecka","status":"publish","type":"post","link":"https:\/\/www.ellensailing.se\/?p=1593","title":{"rendered":"Dygn 7, Seglat precis en vecka!"},"content":{"rendered":"<p>Nu precis s\u00e5 var det en vecka sedan vi startade ARC racet. Det har h\u00e4nt mycket p\u00e5 den veckan och vi har hela tiden n\u00e5got att g\u00f6ra.<\/p>\n<p>Natten som varit och nu p\u00e5 dagen har varit otroligt fint, h\u00e4rlig segling dock mot vinden. Vi tror vi taget en del bra strategiska beslut f\u00f6r att ta oss ner mot passadvinden. Vi har just nu SW som kommer vrida till syd. Tanken \u00e4r att vi skall h\u00f6jda \u00f6ver det omr\u00e5de d\u00e4r det inte bl\u00e5ser s\u00e5 mycket (vi \u00e4r d\u00e4r nu) med hj\u00e4lp av h\u00f6jden ta oss \u00f6ver.<\/p>\n<p>Lasse blev ig\u00e5r p\u00e5flugen av en flygfisk, han blev j\u00e4tter\u00e4dd men Jackie sl\u00e4ngde den \u00f6verbord. Det \u00e4r mycket djur i havet. Det plaskar och hoppar som aldrig f\u00f6rr. Efter de tuffa dagarna vi har haft s\u00e5 har vi sl\u00e4ngt draget i vattnet.<\/p>\n<p>Vi har precis seglat 900 NM d.v.s en tredjedel av hela str\u00e4ckan. Vi har kvar ca 1953NM kvar och det skall vi fira med att baka muffins.<\/p>\n<p>Vi har det kanon med fint v\u00e4der och har det j\u00e4ttebra. H\u00e4lsningar fr\u00e5n Ellen<\/p>\n","protected":false},"excerpt":{"rendered":"<p>Nu precis s\u00e5 var det en vecka sedan vi startade ARC racet. Det har h\u00e4nt mycket p\u00e5 den veckan och[&#8230;]<\/p>\n","protected":false},"author":1,"featured_media":0,"comment_status":"open","ping_status":"open","sticky":false,"template":"","format":"standard","meta":{"_jetpack_newsletter_access":"","_jetpack_dont_email_post_to_subs":false,"_jetpack_newsletter_tier_id":0,"_jetpack_memberships_contains_paywalled_content":false,"_jetpack_feature_clip_id":0,"_jetpack_memberships_contains_paid_content":false,"footnotes":"","jetpack_publicize_message":"","jetpack_publicize_feature_enabled":true,"jetpack_social_post_already_shared":true,"jetpack_social_options":{"image_generator_settings":{"template":"highway","default_image_id":0,"font":"","enabled":false},"version":2},"jetpack_post_was_ever_published":false},"categories":[23],"tags":[],"class_list":["post-1593","post","type-post","status-publish","format-standard","hentry","category-arc-2017"],"jetpack_publicize_connections":[],"jetpack_featured_media_url":"","jetpack_sharing_enabled":true,"jetpack_shortlink":"https:\/\/wp.me\/p5G68R-pH","jetpack-related-posts":[{"id":1595,"url":"https:\/\/www.ellensailing.se\/?p=1595","url_meta":{"origin":1593,"position":0},"title":"Dygn 9, Mitt p\u00e5 havet","author":"peter@ellensailing.se","date":"28 november, 2017","format":false,"excerpt":"Som sagt s\u00e5 har vi kommit ner till Trade winds eller passadvindarna. Det har varit en otroligt sk\u00f6n dag och natt. Efter att ig\u00e5r ha seglat spinnaker s\u00e5 b\u00f6rjade vi med att f\u00f6rbereda f\u00f6r nattsegling. Vi uppt\u00e4ckte att nedre lattfickan hade det g\u00e5tt h\u00e5l i. Fram med n\u00e5l och tr\u00e5d\u2026","rel":"","context":"I \u201dARC 2017\u201d","block_context":{"text":"ARC 2017","link":"https:\/\/www.ellensailing.se\/?cat=23"},"img":{"alt_text":"","src":"","width":0,"height":0},"classes":[]},{"id":1563,"url":"https:\/\/www.ellensailing.se\/?p=1563","url_meta":{"origin":1593,"position":1},"title":"Vi \u00e4r redo f\u00f6r Atlanten!","author":"peter@ellensailing.se","date":"18 november, 2017","format":false,"excerpt":"Nu \u00e4r i princip allt inhandlat till avf\u00e4rden i morgon. Det sista in nu \u00e4r frukt och gr\u00f6nt. F\u00f6r att inte f\u00e5 in kackerlackor m\u00e5ste allt sk\u00f6ljas noga. Det tar sin lilla stund och alla b\u00e5tar h\u00e5ller p\u00e5 samtidigt. V\u00e4ldigt kul att se. Idag s\u00e5 blir det skepparm\u00f6te kl. 12\u2026","rel":"","context":"I \u201dARC 2017\u201d","block_context":{"text":"ARC 2017","link":"https:\/\/www.ellensailing.se\/?cat=23"},"img":{"alt_text":"","src":"https:\/\/i0.wp.com\/www.ellensailing.se\/wp-content\/uploads\/2017\/11\/IMG_6342-e1511001620571.jpg?fit=900%2C1200&ssl=1&resize=350%2C200","width":350,"height":200,"srcset":"https:\/\/i0.wp.com\/www.ellensailing.se\/wp-content\/uploads\/2017\/11\/IMG_6342-e1511001620571.jpg?fit=900%2C1200&ssl=1&resize=350%2C200 1x, https:\/\/i0.wp.com\/www.ellensailing.se\/wp-content\/uploads\/2017\/11\/IMG_6342-e1511001620571.jpg?fit=900%2C1200&ssl=1&resize=525%2C300 1.5x, https:\/\/i0.wp.com\/www.ellensailing.se\/wp-content\/uploads\/2017\/11\/IMG_6342-e1511001620571.jpg?fit=900%2C1200&ssl=1&resize=700%2C400 2x"},"classes":[]},{"id":1114,"url":"https:\/\/www.ellensailing.se\/?p=1114","url_meta":{"origin":1593,"position":2},"title":"Flytten har g\u00e5tt till magasinet och Amerikanska visumet \u00e4r klart","author":"peter@ellensailing.se","date":"14 april, 2017","format":false,"excerpt":"Nu har flyttlasset g\u00e5tt fr\u00e5n v\u00e5rt boende till Magasinet. Vi b\u00f6rjade redan i h\u00f6stas att rensa rum f\u00f6r rum. Vi har fyllt sl\u00e4pet med skr\u00e4p och \u00e5kt minst fyra v\u00e4ndor. Massor med sk\u00e4p blir det. Dessutom har vi skickat iv\u00e4g saker som vi tror kan beh\u00f6vas av andra och kan\u2026","rel":"","context":"I \u201dB\u00e5ten p\u00e5 land\u201d","block_context":{"text":"B\u00e5ten p\u00e5 land","link":"https:\/\/www.ellensailing.se\/?cat=3"},"img":{"alt_text":"","src":"https:\/\/i0.wp.com\/www.ellensailing.se\/wp-content\/uploads\/2017\/04\/usaflagga.jpg?fit=849%2C488&ssl=1&resize=350%2C200","width":350,"height":200,"srcset":"https:\/\/i0.wp.com\/www.ellensailing.se\/wp-content\/uploads\/2017\/04\/usaflagga.jpg?fit=849%2C488&ssl=1&resize=350%2C200 1x, https:\/\/i0.wp.com\/www.ellensailing.se\/wp-content\/uploads\/2017\/04\/usaflagga.jpg?fit=849%2C488&ssl=1&resize=525%2C300 1.5x, https:\/\/i0.wp.com\/www.ellensailing.se\/wp-content\/uploads\/2017\/04\/usaflagga.jpg?fit=849%2C488&ssl=1&resize=700%2C400 2x"},"classes":[]},{"id":1597,"url":"https:\/\/www.ellensailing.se\/?p=1597","url_meta":{"origin":1593,"position":3},"title":"Dygn 11, Varmt och sk\u00f6nt","author":"peter@ellensailing.se","date":"30 november, 2017","format":false,"excerpt":"Men med v\u00e4ldigt lite vind. Det bl\u00e5ser ca 8 knop rakt bakifr\u00e5n. Vi seglar med enbart spinnaker s\u00e5 vi kan g\u00e5 s\u00e5 r\u00e4tt p\u00e5 m\u00e5let som m\u00f6jligt. Ikv\u00e4ll skall vinden komma och fylla p\u00e5 lite mer ett antal dagar fram\u00e5t. Skall bli sk\u00f6nt att f\u00e5 str\u00e4cka ut lite. Natten var\u2026","rel":"","context":"I \u201dARC 2017\u201d","block_context":{"text":"ARC 2017","link":"https:\/\/www.ellensailing.se\/?cat=23"},"img":{"alt_text":"","src":"","width":0,"height":0},"classes":[]},{"id":1729,"url":"https:\/\/www.ellensailing.se\/?p=1729","url_meta":{"origin":1593,"position":4},"title":"Vinkat hejd\u00e5 till World ARCen och seglat till Martinique","author":"peter@ellensailing.se","date":"7 januari, 2018","format":false,"excerpt":"Ig\u00e5r var det dags f\u00f6r de 45 b\u00e5tarna som skall segla jorden runt. De startade i hellregn fr\u00e5n Rodney Bay vid 12 tiden. Redan dagen innan s\u00e5 blev vi bjudna p\u00e5 en farv\u00e4l drink av Mad Monkey som \u00e4r en av b\u00e5tarna. Vi fick ocks\u00e5 deras egna vin som det\u2026","rel":"","context":"I \u201dV\u00e4stindien 2017-2018\u201d","block_context":{"text":"V\u00e4stindien 2017-2018","link":"https:\/\/www.ellensailing.se\/?cat=24"},"img":{"alt_text":"","src":"https:\/\/i0.wp.com\/www.ellensailing.se\/wp-content\/uploads\/2018\/01\/IMG_0790.jpg?fit=1200%2C800&ssl=1&resize=350%2C200","width":350,"height":200,"srcset":"https:\/\/i0.wp.com\/www.ellensailing.se\/wp-content\/uploads\/2018\/01\/IMG_0790.jpg?fit=1200%2C800&ssl=1&resize=350%2C200 1x, https:\/\/i0.wp.com\/www.ellensailing.se\/wp-content\/uploads\/2018\/01\/IMG_0790.jpg?fit=1200%2C800&ssl=1&resize=525%2C300 1.5x, https:\/\/i0.wp.com\/www.ellensailing.se\/wp-content\/uploads\/2018\/01\/IMG_0790.jpg?fit=1200%2C800&ssl=1&resize=700%2C400 2x, https:\/\/i0.wp.com\/www.ellensailing.se\/wp-content\/uploads\/2018\/01\/IMG_0790.jpg?fit=1200%2C800&ssl=1&resize=1050%2C600 3x"},"classes":[]},{"id":1596,"url":"https:\/\/www.ellensailing.se\/?p=1596","url_meta":{"origin":1593,"position":5},"title":"Dygn 10, L\u00e4tta vindar pp\u00e5 havet","author":"peter@ellensailing.se","date":"29 november, 2017","format":false,"excerpt":"Det \u00e4r verkligen sv\u00e5rt att segla p\u00e5 havet i l\u00e4tta vindar f\u00f6r att veta vilket h\u00e5ll man skall g\u00e5 \u00e5t. Speciellt n\u00e4r det ligger ett stiltjeb\u00e4lte norr\u00f6ver. Det naturliga \u00e4r att g\u00e5 p\u00e5 styrbord men d\u00e5 hamnar man d\u00e4r. Man f\u00e5r helt enkelt bita i det sura \u00e4pplet och segla\u2026","rel":"","context":"I \u201dARC 2017\u201d","block_context":{"text":"ARC 2017","link":"https:\/\/www.ellensailing.se\/?cat=23"},"img":{"alt_text":"","src":"","width":0,"height":0},"classes":[]}],"jetpack_likes_enabled":false,"_links":{"self":[{"href":"https:\/\/www.ellensailing.se\/index.php?rest_route=\/wp\/v2\/posts\/1593","targetHints":{"allow":["GET"]}}],"collection":[{"href":"https:\/\/www.ellensailing.se\/index.php?rest_route=\/wp\/v2\/posts"}],"about":[{"href":"https:\/\/www.ellensailing.se\/index.php?rest_route=\/wp\/v2\/types\/post"}],"author":[{"embeddable":true,"href":"https:\/\/www.ellensailing.se\/index.php?rest_route=\/wp\/v2\/users\/1"}],"replies":[{"embeddable":true,"href":"https:\/\/www.ellensailing.se\/index.php?rest_route=%2Fwp%2Fv2%2Fcomments&post=1593"}],"version-history":[{"count":0,"href":"https:\/\/www.ellensailing.se\/index.php?rest_route=\/wp\/v2\/posts\/1593\/revisions"}],"wp:attachment":[{"href":"https:\/\/www.ellensailing.se\/index.php?rest_route=%2Fwp%2Fv2%2Fmedia&parent=1593"}],"wp:term":[{"taxonomy":"category","embeddable":true,"href":"https:\/\/www.ellensailing.se\/index.php?rest_route=%2Fwp%2Fv2%2Fcategories&post=1593"},{"taxonomy":"post_tag","embeddable":true,"href":"https:\/\/www.ellensailing.se\/index.php?rest_route=%2Fwp%2Fv2%2Ftags&post=1593"}],"curies":[{"name":"wp","href":"https:\/\/api.w.org\/{rel}","templated":true}]}}