{"id":1590,"date":"2017-11-23T18:23:42","date_gmt":"2017-11-23T17:23:42","guid":{"rendered":"https:\/\/www.ellensailing.se\/?p=1590"},"modified":"2017-11-23T18:23:42","modified_gmt":"2017-11-23T17:23:42","slug":"dygn-4-stiltjets-dag","status":"publish","type":"post","link":"https:\/\/www.ellensailing.se\/?p=1590","title":{"rendered":"Dygn 4, stiltjets dag"},"content":{"rendered":"<p>Det har inte varit n\u00e5gon vind alls det sista dygnet. Vi gick f\u00f6r motor fr\u00e5n kl 16 UTC till kl 06 i morse. D\u00e5 tvingade vi oss sj\u00e4lva att segla (vi har inte hur mycket diesel som helst). Det har g\u00e5tt fram och tillbaka under dagen men nu p\u00e5 eftermiddagen bl\u00e5ser det i alla fall 6 knop och vi kan kryssa fram. Kryss ser det ut att bli r\u00e4tt m\u00e5nga dagar fram\u00e5t och om ca 24 timmar kan den bitvis vara h\u00e5rd.<\/p>\n<p>Vi tog upp en ny Maui Maui i g\u00e5r eftermiddag precis innan solen gick ner, s\u00e5 kylen fylls p\u00e5 hela tiden. Idag tog den stora Tonfisken slut. Jackie gjorde en sesam panerad tonfisk med sallad, det gick inte av f\u00f6r hackor. Den dagliga checken \u00e4r nu gjord och st\u00e4dning \u00e4r avklarad. Nu h\u00e5ller vi p\u00e5 att k\u00f6ra elverk och g\u00f6ra vatten. Vi har inte m\u00e5nga b\u00e5tar runt oss nu, bara tv\u00e5 som vi kan se p\u00e5 AIS:en.<\/p>\n<p>Allt \u00e4r bra h\u00e4r p\u00e5 Atlanten, h\u00e4lsningar fr\u00e5n hela bes\u00e4ttningen p\u00e5 Ellen.<\/p>\n","protected":false},"excerpt":{"rendered":"<p>Det har inte varit n\u00e5gon vind alls det sista dygnet. Vi gick f\u00f6r motor fr\u00e5n kl 16 UTC till kl[&#8230;]<\/p>\n","protected":false},"author":1,"featured_media":0,"comment_status":"open","ping_status":"open","sticky":false,"template":"","format":"standard","meta":{"_jetpack_newsletter_access":"","_jetpack_dont_email_post_to_subs":false,"_jetpack_newsletter_tier_id":0,"_jetpack_memberships_contains_paywalled_content":false,"_jetpack_feature_clip_id":0,"_jetpack_memberships_contains_paid_content":false,"footnotes":"","jetpack_publicize_message":"","jetpack_publicize_feature_enabled":true,"jetpack_social_post_already_shared":true,"jetpack_social_options":{"image_generator_settings":{"template":"highway","default_image_id":0,"font":"","enabled":false},"version":2},"jetpack_post_was_ever_published":false},"categories":[23],"tags":[],"class_list":["post-1590","post","type-post","status-publish","format-standard","hentry","category-arc-2017"],"jetpack_publicize_connections":[],"jetpack_featured_media_url":"","jetpack_sharing_enabled":true,"jetpack_shortlink":"https:\/\/wp.me\/p5G68R-pE","jetpack-related-posts":[{"id":1640,"url":"https:\/\/www.ellensailing.se\/?p=1640","url_meta":{"origin":1590,"position":0},"title":"Kavalkad p\u00e5 \u00f6verfarten","author":"peter@ellensailing.se","date":"10 december, 2017","format":false,"excerpt":"\u00a0","rel":"","context":"I \u201dARC 2017\u201d","block_context":{"text":"ARC 2017","link":"https:\/\/www.ellensailing.se\/?cat=23"},"img":{"alt_text":"","src":"https:\/\/i0.wp.com\/www.ellensailing.se\/wp-content\/uploads\/2017\/11\/IMG_6403.jpg?fit=640%2C480&ssl=1&resize=350%2C200","width":350,"height":200,"srcset":"https:\/\/i0.wp.com\/www.ellensailing.se\/wp-content\/uploads\/2017\/11\/IMG_6403.jpg?fit=640%2C480&ssl=1&resize=350%2C200 1x, https:\/\/i0.wp.com\/www.ellensailing.se\/wp-content\/uploads\/2017\/11\/IMG_6403.jpg?fit=640%2C480&ssl=1&resize=525%2C300 1.5x"},"classes":[]},{"id":1198,"url":"https:\/\/www.ellensailing.se\/?p=1198","url_meta":{"origin":1590,"position":1},"title":"Biscaya avklarat och v\u00e5rt f\u00f6rsta tonfisk f\u00e5ngad!","author":"peter@ellensailing.se","date":"7 september, 2017","format":false,"excerpt":"Nu har vi \u00e4ntligen klarat av att korsa Biscaya! Ingen av oss har gjort det f\u00f6rut och det \u00e4r en skr\u00e4ckblandad f\u00f6rtjusning att passera. Har aldrig varit med om att det kan vara s\u00e5 branta klippor mellan 4000 meter djupt till 150 meter p\u00e5 olika st\u00e4llen. F\u00f6rst\u00e5r att det kan\u2026","rel":"","context":"I \u201dH\u00f6st 2017 till Grand Canrias.\u201d","block_context":{"text":"H\u00f6st 2017 till Grand Canrias.","link":"https:\/\/www.ellensailing.se\/?cat=22"},"img":{"alt_text":"","src":"https:\/\/i0.wp.com\/www.ellensailing.se\/wp-content\/uploads\/2017\/09\/DSC2200-e1504768850168.jpg?fit=802%2C1200&ssl=1&resize=350%2C200","width":350,"height":200,"srcset":"https:\/\/i0.wp.com\/www.ellensailing.se\/wp-content\/uploads\/2017\/09\/DSC2200-e1504768850168.jpg?fit=802%2C1200&ssl=1&resize=350%2C200 1x, https:\/\/i0.wp.com\/www.ellensailing.se\/wp-content\/uploads\/2017\/09\/DSC2200-e1504768850168.jpg?fit=802%2C1200&ssl=1&resize=525%2C300 1.5x, https:\/\/i0.wp.com\/www.ellensailing.se\/wp-content\/uploads\/2017\/09\/DSC2200-e1504768850168.jpg?fit=802%2C1200&ssl=1&resize=700%2C400 2x"},"classes":[]},{"id":1594,"url":"https:\/\/www.ellensailing.se\/?p=1594","url_meta":{"origin":1590,"position":2},"title":"Dygn 8, \u00c4ntligen!","author":"peter@ellensailing.se","date":"27 november, 2017","format":false,"excerpt":"Natten har varit j\u00e4ttelugnt, n\u00e4stan helt stiltje. Under g\u00e5rdagen s\u00e5 kryssade vi och slog p\u00e5 vindvriden f\u00f6r att optimera farten mot m\u00e5l. Det gick bra men ganska frustrerande i den l\u00e4tta vinden. Men innan det blev natt s\u00e5 s\u00e5g vi ett flytande tonfiskn\u00e4t, typ samma lika som Loupan fick runt\u2026","rel":"","context":"I \u201dARC 2017\u201d","block_context":{"text":"ARC 2017","link":"https:\/\/www.ellensailing.se\/?cat=23"},"img":{"alt_text":"","src":"","width":0,"height":0},"classes":[]},{"id":1379,"url":"https:\/\/www.ellensailing.se\/?p=1379","url_meta":{"origin":1590,"position":3},"title":"\u00d6versegling till Canary Island och Isla Graciosa","author":"peter@ellensailing.se","date":"9 oktober, 2017","format":false,"excerpt":"I torsdag seglade vi fr\u00e5n Lagos efter allt mecka med att f\u00e5 i ordning p\u00e5 alla delar som skulle komma till Watermaker. Den har nu funkat och det var pumpen som var kaputt. Vi har nog gjort ca 180 liter vatten p\u00e5 \u00f6verfarten och det k\u00e4nns tryckt. Vi har haft\u2026","rel":"","context":"I \u201dH\u00f6st 2017 till Grand Canrias.\u201d","block_context":{"text":"H\u00f6st 2017 till Grand Canrias.","link":"https:\/\/www.ellensailing.se\/?cat=22"},"img":{"alt_text":"","src":"https:\/\/i0.wp.com\/www.ellensailing.se\/wp-content\/uploads\/2017\/10\/DSC3528.jpg?fit=1200%2C802&ssl=1&resize=350%2C200","width":350,"height":200,"srcset":"https:\/\/i0.wp.com\/www.ellensailing.se\/wp-content\/uploads\/2017\/10\/DSC3528.jpg?fit=1200%2C802&ssl=1&resize=350%2C200 1x, https:\/\/i0.wp.com\/www.ellensailing.se\/wp-content\/uploads\/2017\/10\/DSC3528.jpg?fit=1200%2C802&ssl=1&resize=525%2C300 1.5x, https:\/\/i0.wp.com\/www.ellensailing.se\/wp-content\/uploads\/2017\/10\/DSC3528.jpg?fit=1200%2C802&ssl=1&resize=700%2C400 2x, https:\/\/i0.wp.com\/www.ellensailing.se\/wp-content\/uploads\/2017\/10\/DSC3528.jpg?fit=1200%2C802&ssl=1&resize=1050%2C600 3x"},"classes":[]},{"id":3046,"url":"https:\/\/www.ellensailing.se\/?p=3046","url_meta":{"origin":1590,"position":4},"title":"Kaos f\u00f6rsta veckan p\u00e5 semestern!","author":"peter@ellensailing.se","date":"4 juli, 2021","format":false,"excerpt":"P\u00e5 midsommardagen p\u00e5b\u00f6rjade vi v\u00e5r segling. F\u00f6rsta str\u00e4ckan blev inte l\u00e5ng, bara 1,37NM fr\u00e5n Grepen Marin till \u00d6regrundshamn. Vi l\u00e4mnade alla barnen p\u00e5 landet som fick ta hand om allt. F\u00f6rsta kv\u00e4llen var j\u00e4ttemysig och vi gick ut och \u00e5t p\u00e5 Melkers k\u00f6ttbod, supergott. Dagen efter s\u00e5 gick vi fr\u00e5n\u2026","rel":"","context":"I \u201dSegling 2021\u201d","block_context":{"text":"Segling 2021","link":"https:\/\/www.ellensailing.se\/?cat=28"},"img":{"alt_text":"","src":"https:\/\/i0.wp.com\/www.ellensailing.se\/wp-content\/uploads\/2021\/07\/Sjoraddning3.jpg?fit=640%2C480&ssl=1&resize=350%2C200","width":350,"height":200,"srcset":"https:\/\/i0.wp.com\/www.ellensailing.se\/wp-content\/uploads\/2021\/07\/Sjoraddning3.jpg?fit=640%2C480&ssl=1&resize=350%2C200 1x, https:\/\/i0.wp.com\/www.ellensailing.se\/wp-content\/uploads\/2021\/07\/Sjoraddning3.jpg?fit=640%2C480&ssl=1&resize=525%2C300 1.5x"},"classes":[]},{"id":1595,"url":"https:\/\/www.ellensailing.se\/?p=1595","url_meta":{"origin":1590,"position":5},"title":"Dygn 9, Mitt p\u00e5 havet","author":"peter@ellensailing.se","date":"28 november, 2017","format":false,"excerpt":"Som sagt s\u00e5 har vi kommit ner till Trade winds eller passadvindarna. Det har varit en otroligt sk\u00f6n dag och natt. Efter att ig\u00e5r ha seglat spinnaker s\u00e5 b\u00f6rjade vi med att f\u00f6rbereda f\u00f6r nattsegling. Vi uppt\u00e4ckte att nedre lattfickan hade det g\u00e5tt h\u00e5l i. Fram med n\u00e5l och tr\u00e5d\u2026","rel":"","context":"I \u201dARC 2017\u201d","block_context":{"text":"ARC 2017","link":"https:\/\/www.ellensailing.se\/?cat=23"},"img":{"alt_text":"","src":"","width":0,"height":0},"classes":[]}],"jetpack_likes_enabled":false,"_links":{"self":[{"href":"https:\/\/www.ellensailing.se\/index.php?rest_route=\/wp\/v2\/posts\/1590","targetHints":{"allow":["GET"]}}],"collection":[{"href":"https:\/\/www.ellensailing.se\/index.php?rest_route=\/wp\/v2\/posts"}],"about":[{"href":"https:\/\/www.ellensailing.se\/index.php?rest_route=\/wp\/v2\/types\/post"}],"author":[{"embeddable":true,"href":"https:\/\/www.ellensailing.se\/index.php?rest_route=\/wp\/v2\/users\/1"}],"replies":[{"embeddable":true,"href":"https:\/\/www.ellensailing.se\/index.php?rest_route=%2Fwp%2Fv2%2Fcomments&post=1590"}],"version-history":[{"count":0,"href":"https:\/\/www.ellensailing.se\/index.php?rest_route=\/wp\/v2\/posts\/1590\/revisions"}],"wp:attachment":[{"href":"https:\/\/www.ellensailing.se\/index.php?rest_route=%2Fwp%2Fv2%2Fmedia&parent=1590"}],"wp:term":[{"taxonomy":"category","embeddable":true,"href":"https:\/\/www.ellensailing.se\/index.php?rest_route=%2Fwp%2Fv2%2Fcategories&post=1590"},{"taxonomy":"post_tag","embeddable":true,"href":"https:\/\/www.ellensailing.se\/index.php?rest_route=%2Fwp%2Fv2%2Ftags&post=1590"}],"curies":[{"name":"wp","href":"https:\/\/api.w.org\/{rel}","templated":true}]}}