{"id":1586,"date":"2017-11-22T13:58:08","date_gmt":"2017-11-22T12:58:08","guid":{"rendered":"https:\/\/www.ellensailing.se\/?p=1586"},"modified":"2017-11-22T13:58:08","modified_gmt":"2017-11-22T12:58:08","slug":"dygn-3-varierande-vindar","status":"publish","type":"post","link":"https:\/\/www.ellensailing.se\/?p=1586","title":{"rendered":"Dygn 3, Varierande vindar"},"content":{"rendered":"<p>Vi \u00e5t en mycket f\u00e4rsk middag ig\u00e5r som bestod av tonfisk, ris, paprika och l\u00f6k. Smakade mycket bra.<br \/>\nNatten har varit lugn med ca 8 knops vind. Dock \u00e4r den fr\u00e5n fel h\u00e5ll! Det jag har h\u00f6rt \u00e4r att n\u00e4r man seglar till Karibien s\u00e5 \u00e5ker man med vinden. Det g\u00f6r inte vi, vi kryssar och som det ser ut s\u00e5 blir det s\u00e5 till och med p\u00e5 l\u00f6rdag. Just nu bl\u00e5ser det NW men skall om 48 timmar vrida till SW. Det \u00e4r l\u00e5gtryck som st\u00e4ller till det lite f\u00f6r oss. Normalt skall det vara h\u00f6gtryck som ligger h\u00e4r.<\/p>\n<p>Vi ligger fortfarande med samma b\u00e5tar runt oss, dock har n\u00e5gra g\u00e5tt med motor nu n\u00e4r det \u00e4r lite vind.<\/p>\n<p>Hum\u00f6ret \u00e4r p\u00e5 topp och som Ulla och Pelle sa, man m\u00e5ste ha t\u00e5lamod att l\u00e5ngseglare.<\/p>\n","protected":false},"excerpt":{"rendered":"<p>Vi \u00e5t en mycket f\u00e4rsk middag ig\u00e5r som bestod av tonfisk, ris, paprika och l\u00f6k. Smakade mycket bra. Natten har[&#8230;]<\/p>\n","protected":false},"author":1,"featured_media":0,"comment_status":"open","ping_status":"open","sticky":false,"template":"","format":"standard","meta":{"_jetpack_newsletter_access":"","_jetpack_dont_email_post_to_subs":false,"_jetpack_newsletter_tier_id":0,"_jetpack_memberships_contains_paywalled_content":false,"_jetpack_feature_clip_id":0,"_jetpack_memberships_contains_paid_content":false,"footnotes":"","jetpack_publicize_message":"","jetpack_publicize_feature_enabled":true,"jetpack_social_post_already_shared":true,"jetpack_social_options":{"image_generator_settings":{"template":"highway","default_image_id":0,"font":"","enabled":false},"version":2},"jetpack_post_was_ever_published":false},"categories":[23],"tags":[],"class_list":["post-1586","post","type-post","status-publish","format-standard","hentry","category-arc-2017"],"jetpack_publicize_connections":[],"jetpack_featured_media_url":"","jetpack_sharing_enabled":true,"jetpack_shortlink":"https:\/\/wp.me\/p5G68R-pA","jetpack-related-posts":[{"id":1594,"url":"https:\/\/www.ellensailing.se\/?p=1594","url_meta":{"origin":1586,"position":0},"title":"Dygn 8, \u00c4ntligen!","author":"peter@ellensailing.se","date":"27 november, 2017","format":false,"excerpt":"Natten har varit j\u00e4ttelugnt, n\u00e4stan helt stiltje. Under g\u00e5rdagen s\u00e5 kryssade vi och slog p\u00e5 vindvriden f\u00f6r att optimera farten mot m\u00e5l. Det gick bra men ganska frustrerande i den l\u00e4tta vinden. Men innan det blev natt s\u00e5 s\u00e5g vi ett flytande tonfiskn\u00e4t, typ samma lika som Loupan fick runt\u2026","rel":"","context":"I \u201dARC 2017\u201d","block_context":{"text":"ARC 2017","link":"https:\/\/www.ellensailing.se\/?cat=23"},"img":{"alt_text":"","src":"","width":0,"height":0},"classes":[]},{"id":1597,"url":"https:\/\/www.ellensailing.se\/?p=1597","url_meta":{"origin":1586,"position":1},"title":"Dygn 11, Varmt och sk\u00f6nt","author":"peter@ellensailing.se","date":"30 november, 2017","format":false,"excerpt":"Men med v\u00e4ldigt lite vind. Det bl\u00e5ser ca 8 knop rakt bakifr\u00e5n. Vi seglar med enbart spinnaker s\u00e5 vi kan g\u00e5 s\u00e5 r\u00e4tt p\u00e5 m\u00e5let som m\u00f6jligt. Ikv\u00e4ll skall vinden komma och fylla p\u00e5 lite mer ett antal dagar fram\u00e5t. Skall bli sk\u00f6nt att f\u00e5 str\u00e4cka ut lite. Natten var\u2026","rel":"","context":"I \u201dARC 2017\u201d","block_context":{"text":"ARC 2017","link":"https:\/\/www.ellensailing.se\/?cat=23"},"img":{"alt_text":"","src":"","width":0,"height":0},"classes":[]},{"id":1379,"url":"https:\/\/www.ellensailing.se\/?p=1379","url_meta":{"origin":1586,"position":2},"title":"\u00d6versegling till Canary Island och Isla Graciosa","author":"peter@ellensailing.se","date":"9 oktober, 2017","format":false,"excerpt":"I torsdag seglade vi fr\u00e5n Lagos efter allt mecka med att f\u00e5 i ordning p\u00e5 alla delar som skulle komma till Watermaker. Den har nu funkat och det var pumpen som var kaputt. Vi har nog gjort ca 180 liter vatten p\u00e5 \u00f6verfarten och det k\u00e4nns tryckt. Vi har haft\u2026","rel":"","context":"I \u201dH\u00f6st 2017 till Grand Canrias.\u201d","block_context":{"text":"H\u00f6st 2017 till Grand Canrias.","link":"https:\/\/www.ellensailing.se\/?cat=22"},"img":{"alt_text":"","src":"https:\/\/i0.wp.com\/www.ellensailing.se\/wp-content\/uploads\/2017\/10\/DSC3528.jpg?fit=1200%2C802&ssl=1&resize=350%2C200","width":350,"height":200,"srcset":"https:\/\/i0.wp.com\/www.ellensailing.se\/wp-content\/uploads\/2017\/10\/DSC3528.jpg?fit=1200%2C802&ssl=1&resize=350%2C200 1x, https:\/\/i0.wp.com\/www.ellensailing.se\/wp-content\/uploads\/2017\/10\/DSC3528.jpg?fit=1200%2C802&ssl=1&resize=525%2C300 1.5x, https:\/\/i0.wp.com\/www.ellensailing.se\/wp-content\/uploads\/2017\/10\/DSC3528.jpg?fit=1200%2C802&ssl=1&resize=700%2C400 2x, https:\/\/i0.wp.com\/www.ellensailing.se\/wp-content\/uploads\/2017\/10\/DSC3528.jpg?fit=1200%2C802&ssl=1&resize=1050%2C600 3x"},"classes":[]},{"id":1875,"url":"https:\/\/www.ellensailing.se\/?p=1875","url_meta":{"origin":1586,"position":3},"title":"P\u00e5 g\u00e5ng med konstiga vindar och svall fr\u00e5n Nord!","author":"peter@ellensailing.se","date":"4 mars, 2018","format":false,"excerpt":"Vi har haft det kanon i English Harbour ett par dagar och vi verkligen tveksam om vi skulle flytta oss, men vi beh\u00f6vde g\u00f6ra vatten och t\u00f6mma tankar s\u00e5 vi begav oss iv\u00e4g i morse. Anledningen till att vi var tveksamma \u00e4r att vinden skall g\u00f6ra en 360 med sydliga,\u2026","rel":"","context":"I \u201dV\u00e4stindien 2017-2018\u201d","block_context":{"text":"V\u00e4stindien 2017-2018","link":"https:\/\/www.ellensailing.se\/?cat=24"},"img":{"alt_text":"","src":"https:\/\/i0.wp.com\/www.ellensailing.se\/wp-content\/uploads\/2018\/03\/D957C22C-5892-4FCF-90A0-B40520182026.jpeg?fit=1200%2C900&ssl=1&resize=350%2C200","width":350,"height":200,"srcset":"https:\/\/i0.wp.com\/www.ellensailing.se\/wp-content\/uploads\/2018\/03\/D957C22C-5892-4FCF-90A0-B40520182026.jpeg?fit=1200%2C900&ssl=1&resize=350%2C200 1x, https:\/\/i0.wp.com\/www.ellensailing.se\/wp-content\/uploads\/2018\/03\/D957C22C-5892-4FCF-90A0-B40520182026.jpeg?fit=1200%2C900&ssl=1&resize=525%2C300 1.5x, https:\/\/i0.wp.com\/www.ellensailing.se\/wp-content\/uploads\/2018\/03\/D957C22C-5892-4FCF-90A0-B40520182026.jpeg?fit=1200%2C900&ssl=1&resize=700%2C400 2x, https:\/\/i0.wp.com\/www.ellensailing.se\/wp-content\/uploads\/2018\/03\/D957C22C-5892-4FCF-90A0-B40520182026.jpeg?fit=1200%2C900&ssl=1&resize=1050%2C600 3x"},"classes":[]},{"id":1229,"url":"https:\/\/www.ellensailing.se\/?p=1229","url_meta":{"origin":1586,"position":4},"title":"Seglat f\u00f6rbi v\u00e4rldens \u00e4nde idag!","author":"peter@ellensailing.se","date":"10 september, 2017","format":false,"excerpt":"Idag har vi seglat f\u00f6rbi v\u00e4rldens \u00e4nde, i alla fall om man skall tro pilgimerna. Efter det man g\u00e5tt pilgrimsvandringen s\u00e5 skulle man efter man varit i katedralen i Santiago de Compostela forts\u00e4tta till v\u00e4rlden \u00e4nde som man d\u00e5 trodde var Fisterra \"v\u00e4rldens \u00e4nde\". N\u00e4r pilgrmerna var v\u00e4l framme s\u00e5\u2026","rel":"","context":"I \u201dH\u00f6st 2017 till Grand Canrias.\u201d","block_context":{"text":"H\u00f6st 2017 till Grand Canrias.","link":"https:\/\/www.ellensailing.se\/?cat=22"},"img":{"alt_text":"","src":"https:\/\/i0.wp.com\/www.ellensailing.se\/wp-content\/uploads\/2017\/09\/IMG_0039.jpg?fit=1200%2C800&ssl=1&resize=350%2C200","width":350,"height":200,"srcset":"https:\/\/i0.wp.com\/www.ellensailing.se\/wp-content\/uploads\/2017\/09\/IMG_0039.jpg?fit=1200%2C800&ssl=1&resize=350%2C200 1x, https:\/\/i0.wp.com\/www.ellensailing.se\/wp-content\/uploads\/2017\/09\/IMG_0039.jpg?fit=1200%2C800&ssl=1&resize=525%2C300 1.5x, https:\/\/i0.wp.com\/www.ellensailing.se\/wp-content\/uploads\/2017\/09\/IMG_0039.jpg?fit=1200%2C800&ssl=1&resize=700%2C400 2x, https:\/\/i0.wp.com\/www.ellensailing.se\/wp-content\/uploads\/2017\/09\/IMG_0039.jpg?fit=1200%2C800&ssl=1&resize=1050%2C600 3x"},"classes":[]},{"id":1576,"url":"https:\/\/www.ellensailing.se\/?p=1576","url_meta":{"origin":1586,"position":5},"title":"Nu \u00e4r vi p\u00e5 v\u00e4g","author":"peter@ellensailing.se","date":"19 november, 2017","format":false,"excerpt":"Gjorde en ganska bra start och satte upp Code1 vilket beh\u00f6vs i dessa l\u00e4tta vindar. Ligger i framkant av Crusingklassen och b\u00f6rjar n\u00e4rma oss katamaranerna. Om ni vill f\u00f6lja oss s\u00e5 ladda ner YB Races till padda eller telefon och ta ner ARC 2017. D\u00e4r ser ni alla b\u00e5tar \u00f6ver\u2026","rel":"","context":"I \u201dARC 2017\u201d","block_context":{"text":"ARC 2017","link":"https:\/\/www.ellensailing.se\/?cat=23"},"img":{"alt_text":"","src":"https:\/\/i0.wp.com\/www.ellensailing.se\/wp-content\/uploads\/2017\/11\/IMG_0163.png?fit=1200%2C900&ssl=1&resize=350%2C200","width":350,"height":200,"srcset":"https:\/\/i0.wp.com\/www.ellensailing.se\/wp-content\/uploads\/2017\/11\/IMG_0163.png?fit=1200%2C900&ssl=1&resize=350%2C200 1x, https:\/\/i0.wp.com\/www.ellensailing.se\/wp-content\/uploads\/2017\/11\/IMG_0163.png?fit=1200%2C900&ssl=1&resize=525%2C300 1.5x, https:\/\/i0.wp.com\/www.ellensailing.se\/wp-content\/uploads\/2017\/11\/IMG_0163.png?fit=1200%2C900&ssl=1&resize=700%2C400 2x, https:\/\/i0.wp.com\/www.ellensailing.se\/wp-content\/uploads\/2017\/11\/IMG_0163.png?fit=1200%2C900&ssl=1&resize=1050%2C600 3x"},"classes":[]}],"jetpack_likes_enabled":false,"_links":{"self":[{"href":"https:\/\/www.ellensailing.se\/index.php?rest_route=\/wp\/v2\/posts\/1586","targetHints":{"allow":["GET"]}}],"collection":[{"href":"https:\/\/www.ellensailing.se\/index.php?rest_route=\/wp\/v2\/posts"}],"about":[{"href":"https:\/\/www.ellensailing.se\/index.php?rest_route=\/wp\/v2\/types\/post"}],"author":[{"embeddable":true,"href":"https:\/\/www.ellensailing.se\/index.php?rest_route=\/wp\/v2\/users\/1"}],"replies":[{"embeddable":true,"href":"https:\/\/www.ellensailing.se\/index.php?rest_route=%2Fwp%2Fv2%2Fcomments&post=1586"}],"version-history":[{"count":0,"href":"https:\/\/www.ellensailing.se\/index.php?rest_route=\/wp\/v2\/posts\/1586\/revisions"}],"wp:attachment":[{"href":"https:\/\/www.ellensailing.se\/index.php?rest_route=%2Fwp%2Fv2%2Fmedia&parent=1586"}],"wp:term":[{"taxonomy":"category","embeddable":true,"href":"https:\/\/www.ellensailing.se\/index.php?rest_route=%2Fwp%2Fv2%2Fcategories&post=1586"},{"taxonomy":"post_tag","embeddable":true,"href":"https:\/\/www.ellensailing.se\/index.php?rest_route=%2Fwp%2Fv2%2Ftags&post=1586"}],"curies":[{"name":"wp","href":"https:\/\/api.w.org\/{rel}","templated":true}]}}