{"id":1551,"date":"2017-11-15T11:48:42","date_gmt":"2017-11-15T10:48:42","guid":{"rendered":"https:\/\/www.ellensailing.se\/?p=1551"},"modified":"2017-11-15T11:48:42","modified_gmt":"2017-11-15T10:48:42","slug":"forberedelserna-fortsatter-infor-arc","status":"publish","type":"post","link":"https:\/\/www.ellensailing.se\/?p=1551","title":{"rendered":"F\u00f6rberedelserna forts\u00e4tter inf\u00f6r ARC"},"content":{"rendered":"<p>Vi ligger mycket bra till inf\u00f6r f\u00f6rberedelserna innan vi startar p\u00e5 s\u00f6ndag. Vi har bunkrat alla torrvaror redan och stuvat undan det. All extra vatten \u00e4r best\u00e4llt och kommer levereras p\u00e5 fredag. Idag \u00e4r vi och handlar f\u00f6r de r\u00e4tter vi skall laga i morgon. V\u00e5ra v\u00e4nner Tomas och Lotta har hyrt en l\u00e4genhet d\u00e4r vi kommer f\u00f6rbereda 15 middagar i morgon. Det blir nog j\u00e4ttebra.<\/p>\n<figure id=\"attachment_1552\" aria-describedby=\"caption-attachment-1552\" style=\"width: 640px\" class=\"wp-caption aligncenter\"><a href=\"https:\/\/i0.wp.com\/www.ellensailing.se\/wp-content\/uploads\/2017\/11\/IMG_6293.jpg?ssl=1\"><img data-recalc-dims=\"1\" fetchpriority=\"high\" decoding=\"async\" class=\"wp-image-1552 size-large\" src=\"https:\/\/i0.wp.com\/www.ellensailing.se\/wp-content\/uploads\/2017\/11\/IMG_6293.jpg?resize=640%2C480&#038;ssl=1\" alt=\"\" width=\"640\" height=\"480\" srcset=\"https:\/\/i0.wp.com\/www.ellensailing.se\/wp-content\/uploads\/2017\/11\/IMG_6293.jpg?resize=1024%2C768&amp;ssl=1 1024w, https:\/\/i0.wp.com\/www.ellensailing.se\/wp-content\/uploads\/2017\/11\/IMG_6293.jpg?resize=300%2C225&amp;ssl=1 300w, https:\/\/i0.wp.com\/www.ellensailing.se\/wp-content\/uploads\/2017\/11\/IMG_6293.jpg?resize=768%2C576&amp;ssl=1 768w, https:\/\/i0.wp.com\/www.ellensailing.se\/wp-content\/uploads\/2017\/11\/IMG_6293.jpg?resize=320%2C240&amp;ssl=1 320w, https:\/\/i0.wp.com\/www.ellensailing.se\/wp-content\/uploads\/2017\/11\/IMG_6293.jpg?w=1680&amp;ssl=1 1680w, https:\/\/i0.wp.com\/www.ellensailing.se\/wp-content\/uploads\/2017\/11\/IMG_6293.jpg?w=2520&amp;ssl=1 2520w\" sizes=\"(max-width: 640px) 100vw, 640px\" \/><\/a><figcaption id=\"caption-attachment-1552\" class=\"wp-caption-text\">Molle kollar riggen.<\/figcaption><\/figure>\n<p>Annars \u00e4r det mycket sundowner och fester av olika slag. Ebba, Erik och Jonas har varit p\u00e5 bes\u00f6k och \u00e5kte hem ig\u00e5r. Kul att de var h\u00e4r och de fick ocks\u00e5 h\u00e4nga med p\u00e5 Crew dinner.<\/p>\n<p>&nbsp;<\/p>\n<figure id=\"attachment_1554\" aria-describedby=\"caption-attachment-1554\" style=\"width: 640px\" class=\"wp-caption aligncenter\"><a href=\"https:\/\/i0.wp.com\/www.ellensailing.se\/wp-content\/uploads\/2017\/11\/IMG_6303.jpg?ssl=1\"><img data-recalc-dims=\"1\" decoding=\"async\" class=\"wp-image-1554 size-large\" src=\"https:\/\/i0.wp.com\/www.ellensailing.se\/wp-content\/uploads\/2017\/11\/IMG_6303.jpg?resize=640%2C480&#038;ssl=1\" alt=\"\" width=\"640\" height=\"480\" srcset=\"https:\/\/i0.wp.com\/www.ellensailing.se\/wp-content\/uploads\/2017\/11\/IMG_6303.jpg?resize=1024%2C768&amp;ssl=1 1024w, https:\/\/i0.wp.com\/www.ellensailing.se\/wp-content\/uploads\/2017\/11\/IMG_6303.jpg?resize=300%2C225&amp;ssl=1 300w, https:\/\/i0.wp.com\/www.ellensailing.se\/wp-content\/uploads\/2017\/11\/IMG_6303.jpg?resize=768%2C576&amp;ssl=1 768w, https:\/\/i0.wp.com\/www.ellensailing.se\/wp-content\/uploads\/2017\/11\/IMG_6303.jpg?resize=320%2C240&amp;ssl=1 320w, https:\/\/i0.wp.com\/www.ellensailing.se\/wp-content\/uploads\/2017\/11\/IMG_6303.jpg?w=1680&amp;ssl=1 1680w, https:\/\/i0.wp.com\/www.ellensailing.se\/wp-content\/uploads\/2017\/11\/IMG_6303.jpg?w=2520&amp;ssl=1 2520w\" sizes=\"(max-width: 640px) 100vw, 640px\" \/><\/a><figcaption id=\"caption-attachment-1554\" class=\"wp-caption-text\">Det \u00e4r m\u00e5nga som vill utmana oss. H\u00e4r \u00e4r det en Sweden Yacht 45 som heter Associate3.<\/figcaption><\/figure>\n<p>&nbsp;<\/p>\n<p>Det \u00e4r mycket trevliga m\u00e4nniskor runt omkring f\u00f6rutom v\u00e5ra Italienska grannar som \u00e4r n\u00e5gra riktiga nattdjur&#8230;<\/p>\n<figure id=\"attachment_1555\" aria-describedby=\"caption-attachment-1555\" style=\"width: 640px\" class=\"wp-caption aligncenter\"><a href=\"https:\/\/i0.wp.com\/www.ellensailing.se\/wp-content\/uploads\/2017\/11\/IMG_6308.jpg?ssl=1\"><img data-recalc-dims=\"1\" decoding=\"async\" class=\"wp-image-1555 size-large\" src=\"https:\/\/i0.wp.com\/www.ellensailing.se\/wp-content\/uploads\/2017\/11\/IMG_6308.jpg?resize=640%2C480&#038;ssl=1\" alt=\"\" width=\"640\" height=\"480\" srcset=\"https:\/\/i0.wp.com\/www.ellensailing.se\/wp-content\/uploads\/2017\/11\/IMG_6308.jpg?resize=1024%2C768&amp;ssl=1 1024w, https:\/\/i0.wp.com\/www.ellensailing.se\/wp-content\/uploads\/2017\/11\/IMG_6308.jpg?resize=300%2C225&amp;ssl=1 300w, https:\/\/i0.wp.com\/www.ellensailing.se\/wp-content\/uploads\/2017\/11\/IMG_6308.jpg?resize=768%2C576&amp;ssl=1 768w, https:\/\/i0.wp.com\/www.ellensailing.se\/wp-content\/uploads\/2017\/11\/IMG_6308.jpg?resize=320%2C240&amp;ssl=1 320w, https:\/\/i0.wp.com\/www.ellensailing.se\/wp-content\/uploads\/2017\/11\/IMG_6308.jpg?w=1680&amp;ssl=1 1680w, https:\/\/i0.wp.com\/www.ellensailing.se\/wp-content\/uploads\/2017\/11\/IMG_6308.jpg?w=2520&amp;ssl=1 2520w\" sizes=\"(max-width: 640px) 100vw, 640px\" \/><\/a><figcaption id=\"caption-attachment-1555\" class=\"wp-caption-text\">Sundowner p\u00e5 jolleklubben.<\/figcaption><\/figure>\n<p>Ikv\u00e4ll \u00e4r det maskerat d\u00e4r Ellen skall ta segern f\u00f6r b\u00e4sta utkl\u00e4dnad. H\u00e5ll utkik ikv\u00e4ll p\u00e5 sidan f\u00f6r vi kommer l\u00e4gga ut en f\u00f6rsmak om vad som h\u00e4nder&#8230;<\/p>\n","protected":false},"excerpt":{"rendered":"<p>Vi ligger mycket bra till inf\u00f6r f\u00f6rberedelserna innan vi startar p\u00e5 s\u00f6ndag. Vi har bunkrat alla torrvaror redan och stuvat[&#8230;]<\/p>\n","protected":false},"author":1,"featured_media":1552,"comment_status":"open","ping_status":"open","sticky":false,"template":"","format":"standard","meta":{"_jetpack_newsletter_access":"","_jetpack_dont_email_post_to_subs":false,"_jetpack_newsletter_tier_id":0,"_jetpack_memberships_contains_paywalled_content":false,"_jetpack_feature_clip_id":0,"_jetpack_memberships_contains_paid_content":false,"footnotes":"","jetpack_publicize_message":"","jetpack_publicize_feature_enabled":true,"jetpack_social_post_already_shared":true,"jetpack_social_options":{"image_generator_settings":{"template":"highway","default_image_id":0,"font":"","enabled":false},"version":2},"jetpack_post_was_ever_published":false},"categories":[23],"tags":[],"class_list":["post-1551","post","type-post","status-publish","format-standard","has-post-thumbnail","hentry","category-arc-2017"],"jetpack_publicize_connections":[],"jetpack_featured_media_url":"https:\/\/i0.wp.com\/www.ellensailing.se\/wp-content\/uploads\/2017\/11\/IMG_6293.jpg?fit=4032%2C3024&ssl=1","jetpack_sharing_enabled":true,"jetpack_shortlink":"https:\/\/wp.me\/p5G68R-p1","jetpack-related-posts":[{"id":1536,"url":"https:\/\/www.ellensailing.se\/?p=1536","url_meta":{"origin":1551,"position":0},"title":"F\u00f6rberedelser inf\u00f6r ARCen","author":"peter@ellensailing.se","date":"12 november, 2017","format":false,"excerpt":"Nu har vi varit i Las Palmas en vecka f\u00f6r att f\u00f6rbereda oss inf\u00f6r starten p\u00e5 \u00e5rets ARC (Atlantic Rally for Cruisers). Vi kollade f\u00f6rst p\u00e5 starten p\u00e5 ARC+ som g\u00e5r via Cap Verde \u00f6arna. Det var 79 b\u00e5tar som gick iv\u00e4g i moderat vind. F\u00f6rst startade katamaranerna och sedan\u2026","rel":"","context":"I \u201dARC 2017\u201d","block_context":{"text":"ARC 2017","link":"https:\/\/www.ellensailing.se\/?cat=23"},"img":{"alt_text":"","src":"https:\/\/i0.wp.com\/www.ellensailing.se\/wp-content\/uploads\/2017\/11\/DSC4721.jpg?fit=1200%2C802&ssl=1&resize=350%2C200","width":350,"height":200,"srcset":"https:\/\/i0.wp.com\/www.ellensailing.se\/wp-content\/uploads\/2017\/11\/DSC4721.jpg?fit=1200%2C802&ssl=1&resize=350%2C200 1x, https:\/\/i0.wp.com\/www.ellensailing.se\/wp-content\/uploads\/2017\/11\/DSC4721.jpg?fit=1200%2C802&ssl=1&resize=525%2C300 1.5x, https:\/\/i0.wp.com\/www.ellensailing.se\/wp-content\/uploads\/2017\/11\/DSC4721.jpg?fit=1200%2C802&ssl=1&resize=700%2C400 2x, https:\/\/i0.wp.com\/www.ellensailing.se\/wp-content\/uploads\/2017\/11\/DSC4721.jpg?fit=1200%2C802&ssl=1&resize=1050%2C600 3x"},"classes":[]},{"id":1607,"url":"https:\/\/www.ellensailing.se\/?p=1607","url_meta":{"origin":1551,"position":1},"title":"Dygn 18, Spinnacker segling","author":"peter@ellensailing.se","date":"8 december, 2017","format":false,"excerpt":"Sedan i morse har vi seglat spinnaker till kl. 17, en h\u00e4rlig segling. Efter det s\u00e5 \u00e5t vi lite ost och vin, firandes att vi seglat 2500 Nm. G\u00e4ller att hitta p\u00e5 olika saker. Vi har nu passerat sista passagen f\u00f6r att dra tillbaka klockan. Vi \u00e4r nu -4 timmar\u2026","rel":"","context":"I \u201dARC 2017\u201d","block_context":{"text":"ARC 2017","link":"https:\/\/www.ellensailing.se\/?cat=23"},"img":{"alt_text":"","src":"","width":0,"height":0},"classes":[]},{"id":1799,"url":"https:\/\/www.ellensailing.se\/?p=1799","url_meta":{"origin":1551,"position":2},"title":"Video som kommer ge rysningar i kroppen f\u00f6r en del!","author":"peter@ellensailing.se","date":"28 januari, 2018","format":false,"excerpt":"Tack Conny och Carina f\u00f6r att ni spelat in v\u00e5ra samtal med finishline i Rodney Bay n\u00e4r vi gick i m\u00e5l f\u00f6r ARC. Det kommer ge st\u00e5p\u00e4ls f\u00f6r m\u00e5nga. Har klippt ihop lite bilder som h\u00f6r ihop med det. K\u00e4nns h\u00e4rligt efter 20 och en halv dag p\u00e5 havet att\u2026","rel":"","context":"I \u201dARC 2017\u201d","block_context":{"text":"ARC 2017","link":"https:\/\/www.ellensailing.se\/?cat=23"},"img":{"alt_text":"","src":"https:\/\/i0.wp.com\/www.ellensailing.se\/wp-content\/uploads\/2018\/01\/A4CF63C4-D430-4733-9B3C-12E204471ECA.jpeg?fit=1200%2C800&ssl=1&resize=350%2C200","width":350,"height":200,"srcset":"https:\/\/i0.wp.com\/www.ellensailing.se\/wp-content\/uploads\/2018\/01\/A4CF63C4-D430-4733-9B3C-12E204471ECA.jpeg?fit=1200%2C800&ssl=1&resize=350%2C200 1x, https:\/\/i0.wp.com\/www.ellensailing.se\/wp-content\/uploads\/2018\/01\/A4CF63C4-D430-4733-9B3C-12E204471ECA.jpeg?fit=1200%2C800&ssl=1&resize=525%2C300 1.5x, https:\/\/i0.wp.com\/www.ellensailing.se\/wp-content\/uploads\/2018\/01\/A4CF63C4-D430-4733-9B3C-12E204471ECA.jpeg?fit=1200%2C800&ssl=1&resize=700%2C400 2x, https:\/\/i0.wp.com\/www.ellensailing.se\/wp-content\/uploads\/2018\/01\/A4CF63C4-D430-4733-9B3C-12E204471ECA.jpeg?fit=1200%2C800&ssl=1&resize=1050%2C600 3x"},"classes":[]},{"id":1510,"url":"https:\/\/www.ellensailing.se\/?p=1510","url_meta":{"origin":1551,"position":3},"title":"Ny vandringsdag p\u00e5 La Palma","author":"peter@ellensailing.se","date":"29 oktober, 2017","format":false,"excerpt":"I g\u00e5r kv\u00e4ll kom vi hem strax efter sex och efter det blev det vin och kex p\u00e5 Think Twice med alla svenskar som ligger i hamnen. Totalt var vi 14 personer som kom dit. Tack Bj\u00f6rn och Gertrud I morse s\u00e5 sprang grabbarna f\u00f6rst en liten runda medans jag\u2026","rel":"","context":"I \u201dH\u00f6st 2017 till Grand Canrias.\u201d","block_context":{"text":"H\u00f6st 2017 till Grand Canrias.","link":"https:\/\/www.ellensailing.se\/?cat=22"},"img":{"alt_text":"","src":"https:\/\/i0.wp.com\/www.ellensailing.se\/wp-content\/uploads\/2017\/10\/DSC4328.jpg?fit=802%2C1200&ssl=1&resize=350%2C200","width":350,"height":200,"srcset":"https:\/\/i0.wp.com\/www.ellensailing.se\/wp-content\/uploads\/2017\/10\/DSC4328.jpg?fit=802%2C1200&ssl=1&resize=350%2C200 1x, https:\/\/i0.wp.com\/www.ellensailing.se\/wp-content\/uploads\/2017\/10\/DSC4328.jpg?fit=802%2C1200&ssl=1&resize=525%2C300 1.5x, https:\/\/i0.wp.com\/www.ellensailing.se\/wp-content\/uploads\/2017\/10\/DSC4328.jpg?fit=802%2C1200&ssl=1&resize=700%2C400 2x"},"classes":[]},{"id":1563,"url":"https:\/\/www.ellensailing.se\/?p=1563","url_meta":{"origin":1551,"position":4},"title":"Vi \u00e4r redo f\u00f6r Atlanten!","author":"peter@ellensailing.se","date":"18 november, 2017","format":false,"excerpt":"Nu \u00e4r i princip allt inhandlat till avf\u00e4rden i morgon. Det sista in nu \u00e4r frukt och gr\u00f6nt. F\u00f6r att inte f\u00e5 in kackerlackor m\u00e5ste allt sk\u00f6ljas noga. Det tar sin lilla stund och alla b\u00e5tar h\u00e5ller p\u00e5 samtidigt. V\u00e4ldigt kul att se. Idag s\u00e5 blir det skepparm\u00f6te kl. 12\u2026","rel":"","context":"I \u201dARC 2017\u201d","block_context":{"text":"ARC 2017","link":"https:\/\/www.ellensailing.se\/?cat=23"},"img":{"alt_text":"","src":"https:\/\/i0.wp.com\/www.ellensailing.se\/wp-content\/uploads\/2017\/11\/IMG_6342-e1511001620571.jpg?fit=900%2C1200&ssl=1&resize=350%2C200","width":350,"height":200,"srcset":"https:\/\/i0.wp.com\/www.ellensailing.se\/wp-content\/uploads\/2017\/11\/IMG_6342-e1511001620571.jpg?fit=900%2C1200&ssl=1&resize=350%2C200 1x, https:\/\/i0.wp.com\/www.ellensailing.se\/wp-content\/uploads\/2017\/11\/IMG_6342-e1511001620571.jpg?fit=900%2C1200&ssl=1&resize=525%2C300 1.5x, https:\/\/i0.wp.com\/www.ellensailing.se\/wp-content\/uploads\/2017\/11\/IMG_6342-e1511001620571.jpg?fit=900%2C1200&ssl=1&resize=700%2C400 2x"},"classes":[]},{"id":1595,"url":"https:\/\/www.ellensailing.se\/?p=1595","url_meta":{"origin":1551,"position":5},"title":"Dygn 9, Mitt p\u00e5 havet","author":"peter@ellensailing.se","date":"28 november, 2017","format":false,"excerpt":"Som sagt s\u00e5 har vi kommit ner till Trade winds eller passadvindarna. Det har varit en otroligt sk\u00f6n dag och natt. Efter att ig\u00e5r ha seglat spinnaker s\u00e5 b\u00f6rjade vi med att f\u00f6rbereda f\u00f6r nattsegling. Vi uppt\u00e4ckte att nedre lattfickan hade det g\u00e5tt h\u00e5l i. Fram med n\u00e5l och tr\u00e5d\u2026","rel":"","context":"I \u201dARC 2017\u201d","block_context":{"text":"ARC 2017","link":"https:\/\/www.ellensailing.se\/?cat=23"},"img":{"alt_text":"","src":"","width":0,"height":0},"classes":[]}],"jetpack_likes_enabled":false,"_links":{"self":[{"href":"https:\/\/www.ellensailing.se\/index.php?rest_route=\/wp\/v2\/posts\/1551","targetHints":{"allow":["GET"]}}],"collection":[{"href":"https:\/\/www.ellensailing.se\/index.php?rest_route=\/wp\/v2\/posts"}],"about":[{"href":"https:\/\/www.ellensailing.se\/index.php?rest_route=\/wp\/v2\/types\/post"}],"author":[{"embeddable":true,"href":"https:\/\/www.ellensailing.se\/index.php?rest_route=\/wp\/v2\/users\/1"}],"replies":[{"embeddable":true,"href":"https:\/\/www.ellensailing.se\/index.php?rest_route=%2Fwp%2Fv2%2Fcomments&post=1551"}],"version-history":[{"count":1,"href":"https:\/\/www.ellensailing.se\/index.php?rest_route=\/wp\/v2\/posts\/1551\/revisions"}],"predecessor-version":[{"id":1556,"href":"https:\/\/www.ellensailing.se\/index.php?rest_route=\/wp\/v2\/posts\/1551\/revisions\/1556"}],"wp:featuredmedia":[{"embeddable":true,"href":"https:\/\/www.ellensailing.se\/index.php?rest_route=\/wp\/v2\/media\/1552"}],"wp:attachment":[{"href":"https:\/\/www.ellensailing.se\/index.php?rest_route=%2Fwp%2Fv2%2Fmedia&parent=1551"}],"wp:term":[{"taxonomy":"category","embeddable":true,"href":"https:\/\/www.ellensailing.se\/index.php?rest_route=%2Fwp%2Fv2%2Fcategories&post=1551"},{"taxonomy":"post_tag","embeddable":true,"href":"https:\/\/www.ellensailing.se\/index.php?rest_route=%2Fwp%2Fv2%2Ftags&post=1551"}],"curies":[{"name":"wp","href":"https:\/\/api.w.org\/{rel}","templated":true}]}}