{"id":1438,"date":"2017-10-15T10:58:34","date_gmt":"2017-10-15T08:58:34","guid":{"rendered":"https:\/\/www.ellensailing.se\/?p=1438"},"modified":"2017-10-15T10:58:34","modified_gmt":"2017-10-15T08:58:34","slug":"turistande-i-lanzarote","status":"publish","type":"post","link":"https:\/\/www.ellensailing.se\/?p=1438","title":{"rendered":"Turistande i Lanzarote!"},"content":{"rendered":"<div class=\"post-content box mark-links\">\n<p>I fredags s\u00e5 var vi riktiga turister p\u00e5 Lanzarote. Vi hyrde en Fiat 500 och \u00e5kte runt p\u00e5 \u00f6n. Vi b\u00f6rjade med att \u00e5ka till nationalparken som var ett riktigt vulkanomr\u00e5de. Det heter Timanfaya. D\u00e4r \u00e5kte man runt med buss uppe bland kratrarna. Strax under marken \u00e4r det supervarmt. K\u00e4nns n\u00e4stan lite overkligt.<\/p>\n<figure id=\"attachment_1421\" class=\"wp-caption aligncenter\"><a href=\"https:\/\/i2.wp.com\/www.ellensailing.se\/wp-content\/uploads\/2017\/10\/DSC3649.jpg\"><img fetchpriority=\"high\" decoding=\"async\" class=\"wp-image-1421 size-large\" src=\"https:\/\/i2.wp.com\/www.ellensailing.se\/wp-content\/uploads\/2017\/10\/DSC3649.jpg?resize=640%2C428\" sizes=\"(max-width: 640px) 100vw, 640px\" srcset=\"https:\/\/i2.wp.com\/www.ellensailing.se\/wp-content\/uploads\/2017\/10\/DSC3649.jpg?resize=1024%2C684 1024w, https:\/\/i2.wp.com\/www.ellensailing.se\/wp-content\/uploads\/2017\/10\/DSC3649.jpg?resize=300%2C200 300w, https:\/\/i2.wp.com\/www.ellensailing.se\/wp-content\/uploads\/2017\/10\/DSC3649.jpg?resize=768%2C513 768w, https:\/\/i2.wp.com\/www.ellensailing.se\/wp-content\/uploads\/2017\/10\/DSC3649.jpg?w=1280 1280w, https:\/\/i2.wp.com\/www.ellensailing.se\/wp-content\/uploads\/2017\/10\/DSC3649.jpg?w=1920 1920w\" alt=\"\" width=\"622\" height=\"416\" \/><\/a><figcaption class=\"wp-caption-text\">Ringlande v\u00e4gar runt nationalparken.<\/figcaption><\/figure>\n<figure id=\"attachment_1422\" class=\"wp-caption aligncenter\"><a href=\"https:\/\/i1.wp.com\/www.ellensailing.se\/wp-content\/uploads\/2017\/10\/DSC3654.jpg\"><img decoding=\"async\" class=\"wp-image-1422 size-large\" src=\"https:\/\/i1.wp.com\/www.ellensailing.se\/wp-content\/uploads\/2017\/10\/DSC3654.jpg?resize=640%2C428\" sizes=\"(max-width: 640px) 100vw, 640px\" srcset=\"https:\/\/i1.wp.com\/www.ellensailing.se\/wp-content\/uploads\/2017\/10\/DSC3654.jpg?resize=1024%2C684 1024w, https:\/\/i1.wp.com\/www.ellensailing.se\/wp-content\/uploads\/2017\/10\/DSC3654.jpg?resize=300%2C200 300w, https:\/\/i1.wp.com\/www.ellensailing.se\/wp-content\/uploads\/2017\/10\/DSC3654.jpg?resize=768%2C513 768w, https:\/\/i1.wp.com\/www.ellensailing.se\/wp-content\/uploads\/2017\/10\/DSC3654.jpg?w=1280 1280w, https:\/\/i1.wp.com\/www.ellensailing.se\/wp-content\/uploads\/2017\/10\/DSC3654.jpg?w=1920 1920w\" alt=\"\" width=\"622\" height=\"416\" \/><\/a><figcaption class=\"wp-caption-text\">En av m\u00e5nga kratrar.<\/figcaption><\/figure>\n<figure id=\"attachment_1423\" class=\"wp-caption aligncenter\"><a href=\"https:\/\/i0.wp.com\/www.ellensailing.se\/wp-content\/uploads\/2017\/10\/DSC3661.jpg\"><img decoding=\"async\" class=\"wp-image-1423 size-large\" src=\"https:\/\/i0.wp.com\/www.ellensailing.se\/wp-content\/uploads\/2017\/10\/DSC3661.jpg?resize=640%2C428\" sizes=\"(max-width: 640px) 100vw, 640px\" srcset=\"https:\/\/i0.wp.com\/www.ellensailing.se\/wp-content\/uploads\/2017\/10\/DSC3661.jpg?resize=1024%2C684 1024w, https:\/\/i0.wp.com\/www.ellensailing.se\/wp-content\/uploads\/2017\/10\/DSC3661.jpg?resize=300%2C200 300w, https:\/\/i0.wp.com\/www.ellensailing.se\/wp-content\/uploads\/2017\/10\/DSC3661.jpg?resize=768%2C513 768w, https:\/\/i0.wp.com\/www.ellensailing.se\/wp-content\/uploads\/2017\/10\/DSC3661.jpg?w=1280 1280w, https:\/\/i0.wp.com\/www.ellensailing.se\/wp-content\/uploads\/2017\/10\/DSC3661.jpg?w=1920 1920w\" alt=\"\" width=\"622\" height=\"416\" \/><\/a><figcaption class=\"wp-caption-text\">Det \u00e4r allt fr\u00e5n sten till mattor av lava. \u00c4r verkligen som ett m\u00e5nlandskap.<\/figcaption><\/figure>\n<figure id=\"attachment_1424\" class=\"wp-caption aligncenter\"><a href=\"https:\/\/i0.wp.com\/www.ellensailing.se\/wp-content\/uploads\/2017\/10\/DSC3687.jpg\"><img loading=\"lazy\" decoding=\"async\" class=\"wp-image-1424 size-large\" src=\"https:\/\/i0.wp.com\/www.ellensailing.se\/wp-content\/uploads\/2017\/10\/DSC3687.jpg?resize=640%2C428\" sizes=\"(max-width: 640px) 100vw, 640px\" srcset=\"https:\/\/i0.wp.com\/www.ellensailing.se\/wp-content\/uploads\/2017\/10\/DSC3687.jpg?resize=1024%2C684 1024w, https:\/\/i0.wp.com\/www.ellensailing.se\/wp-content\/uploads\/2017\/10\/DSC3687.jpg?resize=300%2C200 300w, https:\/\/i0.wp.com\/www.ellensailing.se\/wp-content\/uploads\/2017\/10\/DSC3687.jpg?resize=768%2C513 768w, https:\/\/i0.wp.com\/www.ellensailing.se\/wp-content\/uploads\/2017\/10\/DSC3687.jpg?w=1280 1280w, https:\/\/i0.wp.com\/www.ellensailing.se\/wp-content\/uploads\/2017\/10\/DSC3687.jpg?w=1920 1920w\" alt=\"\" width=\"622\" height=\"416\" \/><\/a><figcaption class=\"wp-caption-text\">Fr\u00e5n en k\u00e4lla som \u00e4r 6 meter djup kommer det v\u00e4rme som \u00e4r 300 grader varmt. H\u00e4r grillar man kyckling.<\/figcaption><\/figure>\n<p>Efter vi varit p\u00e5 nationalparken s\u00e5 \u00e5kte vi l\u00e4ngst norrut och tittade p\u00e5 utsikten. Det var v\u00e4ldigt h\u00f6gt och med en m\u00e4ktig utsikt. Isla Graciosa ser man bra h\u00e4rifr\u00e5n och man ser ankringsviken d\u00e4r vi l\u00e5g f\u00f6r ett par dagar sedan.<\/p>\n<figure id=\"attachment_1425\" class=\"wp-caption aligncenter\"><a href=\"https:\/\/i0.wp.com\/www.ellensailing.se\/wp-content\/uploads\/2017\/10\/DSC3695.jpg\"><img loading=\"lazy\" decoding=\"async\" class=\"wp-image-1425 size-large\" src=\"https:\/\/i0.wp.com\/www.ellensailing.se\/wp-content\/uploads\/2017\/10\/DSC3695.jpg?resize=640%2C428\" sizes=\"(max-width: 640px) 100vw, 640px\" srcset=\"https:\/\/i0.wp.com\/www.ellensailing.se\/wp-content\/uploads\/2017\/10\/DSC3695.jpg?resize=1024%2C684 1024w, https:\/\/i0.wp.com\/www.ellensailing.se\/wp-content\/uploads\/2017\/10\/DSC3695.jpg?resize=300%2C200 300w, https:\/\/i0.wp.com\/www.ellensailing.se\/wp-content\/uploads\/2017\/10\/DSC3695.jpg?resize=768%2C513 768w, https:\/\/i0.wp.com\/www.ellensailing.se\/wp-content\/uploads\/2017\/10\/DSC3695.jpg?w=1280 1280w, https:\/\/i0.wp.com\/www.ellensailing.se\/wp-content\/uploads\/2017\/10\/DSC3695.jpg?w=1920 1920w\" alt=\"\" width=\"622\" height=\"416\" \/><\/a><figcaption class=\"wp-caption-text\">Isla Graciosa och ankringsviken.<\/figcaption><\/figure>\n<figure id=\"attachment_1426\" class=\"wp-caption aligncenter\"><a href=\"https:\/\/i2.wp.com\/www.ellensailing.se\/wp-content\/uploads\/2017\/10\/DSC3703.jpg\"><img loading=\"lazy\" decoding=\"async\" class=\"wp-image-1426 size-large\" src=\"https:\/\/i2.wp.com\/www.ellensailing.se\/wp-content\/uploads\/2017\/10\/DSC3703.jpg?resize=640%2C428\" sizes=\"(max-width: 640px) 100vw, 640px\" srcset=\"https:\/\/i2.wp.com\/www.ellensailing.se\/wp-content\/uploads\/2017\/10\/DSC3703.jpg?resize=1024%2C684 1024w, https:\/\/i2.wp.com\/www.ellensailing.se\/wp-content\/uploads\/2017\/10\/DSC3703.jpg?resize=300%2C200 300w, https:\/\/i2.wp.com\/www.ellensailing.se\/wp-content\/uploads\/2017\/10\/DSC3703.jpg?resize=768%2C513 768w, https:\/\/i2.wp.com\/www.ellensailing.se\/wp-content\/uploads\/2017\/10\/DSC3703.jpg?w=1280 1280w, https:\/\/i2.wp.com\/www.ellensailing.se\/wp-content\/uploads\/2017\/10\/DSC3703.jpg?w=1920 1920w\" alt=\"\" width=\"622\" height=\"416\" \/><\/a><figcaption class=\"wp-caption-text\">Hela bes\u00e4ttningen samlad (f\u00f6rutom Molle). Konstigt n\u00e4r man l\u00e5nar ut kameran s\u00e5 blir benen kapade.<\/figcaption><\/figure>\n<p>Efter bes\u00f6ket p\u00e5 norra delen s\u00e5 passade vi p\u00e5 att k\u00e4ka lunch p\u00e5 en liten lokal restaurang. Vi k\u00f6rde lite Tapas som vi brukar. Gott och prisv\u00e4rt.<\/p>\n<figure id=\"attachment_1427\" class=\"wp-caption aligncenter\"><a href=\"https:\/\/i2.wp.com\/www.ellensailing.se\/wp-content\/uploads\/2017\/10\/DSC3705.jpg\"><img loading=\"lazy\" decoding=\"async\" class=\"wp-image-1427 size-large\" src=\"https:\/\/i2.wp.com\/www.ellensailing.se\/wp-content\/uploads\/2017\/10\/DSC3705.jpg?resize=640%2C428\" sizes=\"(max-width: 640px) 100vw, 640px\" srcset=\"https:\/\/i2.wp.com\/www.ellensailing.se\/wp-content\/uploads\/2017\/10\/DSC3705.jpg?resize=1024%2C684 1024w, https:\/\/i2.wp.com\/www.ellensailing.se\/wp-content\/uploads\/2017\/10\/DSC3705.jpg?resize=300%2C200 300w, https:\/\/i2.wp.com\/www.ellensailing.se\/wp-content\/uploads\/2017\/10\/DSC3705.jpg?resize=768%2C513 768w, https:\/\/i2.wp.com\/www.ellensailing.se\/wp-content\/uploads\/2017\/10\/DSC3705.jpg?w=1280 1280w, https:\/\/i2.wp.com\/www.ellensailing.se\/wp-content\/uploads\/2017\/10\/DSC3705.jpg?w=1920 1920w\" alt=\"\" width=\"622\" height=\"416\" \/><\/a><figcaption class=\"wp-caption-text\">Lunchhaket<\/figcaption><\/figure>\n<p>Sedan \u00e5kte vi ner till en grotta som heter Cueva de los Verdes. Det \u00e4r en lavagrotta och \u00e4r hela 7 km l\u00e5ng och mynnar ut under havet. Endast 1 km \u00e4r \u00f6ppen f\u00f6r att vandra i. Riktig turistf\u00e4lla men \u00e4nd\u00e5 v\u00e4ldigt trevligt.<\/p>\n<figure id=\"attachment_1428\" class=\"wp-caption aligncenter\"><a href=\"https:\/\/i0.wp.com\/www.ellensailing.se\/wp-content\/uploads\/2017\/10\/DSC3721.jpg\"><img loading=\"lazy\" decoding=\"async\" class=\"wp-image-1428 size-large\" src=\"https:\/\/i0.wp.com\/www.ellensailing.se\/wp-content\/uploads\/2017\/10\/DSC3721.jpg?resize=640%2C428\" sizes=\"(max-width: 640px) 100vw, 640px\" srcset=\"https:\/\/i0.wp.com\/www.ellensailing.se\/wp-content\/uploads\/2017\/10\/DSC3721.jpg?resize=1024%2C684 1024w, https:\/\/i0.wp.com\/www.ellensailing.se\/wp-content\/uploads\/2017\/10\/DSC3721.jpg?resize=300%2C200 300w, https:\/\/i0.wp.com\/www.ellensailing.se\/wp-content\/uploads\/2017\/10\/DSC3721.jpg?resize=768%2C513 768w, https:\/\/i0.wp.com\/www.ellensailing.se\/wp-content\/uploads\/2017\/10\/DSC3721.jpg?w=1280 1280w, https:\/\/i0.wp.com\/www.ellensailing.se\/wp-content\/uploads\/2017\/10\/DSC3721.jpg?w=1920 1920w\" alt=\"\" width=\"622\" height=\"416\" \/><\/a><figcaption class=\"wp-caption-text\">Tur att det \u00e4r ljussatt annars hade det nog inte blivit n\u00e5gra bilder.<\/figcaption><\/figure>\n<figure id=\"attachment_1429\" class=\"wp-caption aligncenter\"><a href=\"https:\/\/i2.wp.com\/www.ellensailing.se\/wp-content\/uploads\/2017\/10\/DSC3748.jpg\"><img loading=\"lazy\" decoding=\"async\" class=\"wp-image-1429 size-large\" src=\"https:\/\/i2.wp.com\/www.ellensailing.se\/wp-content\/uploads\/2017\/10\/DSC3748.jpg?resize=640%2C428\" sizes=\"(max-width: 640px) 100vw, 640px\" srcset=\"https:\/\/i2.wp.com\/www.ellensailing.se\/wp-content\/uploads\/2017\/10\/DSC3748.jpg?resize=1024%2C684 1024w, https:\/\/i2.wp.com\/www.ellensailing.se\/wp-content\/uploads\/2017\/10\/DSC3748.jpg?resize=300%2C200 300w, https:\/\/i2.wp.com\/www.ellensailing.se\/wp-content\/uploads\/2017\/10\/DSC3748.jpg?resize=768%2C513 768w, https:\/\/i2.wp.com\/www.ellensailing.se\/wp-content\/uploads\/2017\/10\/DSC3748.jpg?w=1280 1280w, https:\/\/i2.wp.com\/www.ellensailing.se\/wp-content\/uploads\/2017\/10\/DSC3748.jpg?w=1920 1920w\" alt=\"\" width=\"622\" height=\"416\" \/><\/a><figcaption class=\"wp-caption-text\">O\u00e4ndligt djup i grottan och man g\u00e5r p\u00e5 smala g\u00e5ngar.<\/figcaption><\/figure>\n<p>Efter grottorna s\u00e5 skulle vi g\u00f6ra ett bes\u00f6k p\u00e5 en ving\u00e5rd. I och med att vi hade sv\u00e5rt att best\u00e4mma oss vart vi skulle \u00e5ka s\u00e5 best\u00e4mdes att p\u00e5 den 4:e g\u00e5rden skall vi stanna och d\u00e5 blev det Bodega La Querencia. Inte n\u00e5gon h\u00f6jdare men vi provade i alla fall. Det \u00e4r mycket konstigt att de kan f\u00e5 druvor att v\u00e4xa i dessa klimat men de bygger upp som vallar av stenar som de skyddas och i sm\u00e5 gropar.<\/p>\n<figure id=\"attachment_1430\" class=\"wp-caption aligncenter\"><a href=\"https:\/\/i1.wp.com\/www.ellensailing.se\/wp-content\/uploads\/2017\/10\/DSC3757.jpg\"><img loading=\"lazy\" decoding=\"async\" class=\"wp-image-1430 size-large\" src=\"https:\/\/i1.wp.com\/www.ellensailing.se\/wp-content\/uploads\/2017\/10\/DSC3757.jpg?resize=640%2C428\" sizes=\"(max-width: 640px) 100vw, 640px\" srcset=\"https:\/\/i1.wp.com\/www.ellensailing.se\/wp-content\/uploads\/2017\/10\/DSC3757.jpg?resize=1024%2C684 1024w, https:\/\/i1.wp.com\/www.ellensailing.se\/wp-content\/uploads\/2017\/10\/DSC3757.jpg?resize=300%2C200 300w, https:\/\/i1.wp.com\/www.ellensailing.se\/wp-content\/uploads\/2017\/10\/DSC3757.jpg?resize=768%2C513 768w, https:\/\/i1.wp.com\/www.ellensailing.se\/wp-content\/uploads\/2017\/10\/DSC3757.jpg?w=1280 1280w, https:\/\/i1.wp.com\/www.ellensailing.se\/wp-content\/uploads\/2017\/10\/DSC3757.jpg?w=1920 1920w\" alt=\"\" width=\"622\" height=\"416\" \/><\/a><figcaption class=\"wp-caption-text\">Vinprovning p\u00e5 en liten Bodega.<\/figcaption><\/figure>\n<figure id=\"attachment_1431\" class=\"wp-caption aligncenter\"><a href=\"https:\/\/i2.wp.com\/www.ellensailing.se\/wp-content\/uploads\/2017\/10\/DSC3758.jpg\"><img loading=\"lazy\" decoding=\"async\" class=\"wp-image-1431 size-large\" src=\"https:\/\/i2.wp.com\/www.ellensailing.se\/wp-content\/uploads\/2017\/10\/DSC3758.jpg?resize=640%2C428\" sizes=\"(max-width: 640px) 100vw, 640px\" srcset=\"https:\/\/i2.wp.com\/www.ellensailing.se\/wp-content\/uploads\/2017\/10\/DSC3758.jpg?resize=1024%2C684 1024w, https:\/\/i2.wp.com\/www.ellensailing.se\/wp-content\/uploads\/2017\/10\/DSC3758.jpg?resize=300%2C200 300w, https:\/\/i2.wp.com\/www.ellensailing.se\/wp-content\/uploads\/2017\/10\/DSC3758.jpg?resize=768%2C513 768w, https:\/\/i2.wp.com\/www.ellensailing.se\/wp-content\/uploads\/2017\/10\/DSC3758.jpg?w=1280 1280w, https:\/\/i2.wp.com\/www.ellensailing.se\/wp-content\/uploads\/2017\/10\/DSC3758.jpg?w=1920 1920w\" alt=\"\" width=\"622\" height=\"416\" \/><\/a><figcaption class=\"wp-caption-text\">Annorlunda s\u00e4tt att odla vin p\u00e5.<\/figcaption><\/figure>\n<p>Som avslutning s\u00e5 kunde vi inte h\u00e5lla oss fr\u00e5n att \u00e5ka lite gokart p\u00e5 Europas l\u00e4ngsta bana. Kul inslag och det var ingen tr\u00e4ngsel iaf.<\/p>\n<figure id=\"attachment_1432\" class=\"wp-caption aligncenter\"><a href=\"https:\/\/i1.wp.com\/www.ellensailing.se\/wp-content\/uploads\/2017\/10\/DSC3767.jpg\"><img loading=\"lazy\" decoding=\"async\" class=\"wp-image-1432 size-large\" src=\"https:\/\/i1.wp.com\/www.ellensailing.se\/wp-content\/uploads\/2017\/10\/DSC3767.jpg?resize=640%2C428\" sizes=\"(max-width: 640px) 100vw, 640px\" srcset=\"https:\/\/i1.wp.com\/www.ellensailing.se\/wp-content\/uploads\/2017\/10\/DSC3767.jpg?resize=1024%2C684 1024w, https:\/\/i1.wp.com\/www.ellensailing.se\/wp-content\/uploads\/2017\/10\/DSC3767.jpg?resize=300%2C200 300w, https:\/\/i1.wp.com\/www.ellensailing.se\/wp-content\/uploads\/2017\/10\/DSC3767.jpg?resize=768%2C513 768w, https:\/\/i1.wp.com\/www.ellensailing.se\/wp-content\/uploads\/2017\/10\/DSC3767.jpg?w=1280 1280w, https:\/\/i1.wp.com\/www.ellensailing.se\/wp-content\/uploads\/2017\/10\/DSC3767.jpg?w=1920 1920w\" alt=\"\" width=\"622\" height=\"416\" \/><\/a><figcaption class=\"wp-caption-text\">Lasse hade snabbaste tiden med n\u00e5gra hundradelar.<\/figcaption><\/figure>\n<p>Ig\u00e5r s\u00e5 gick vi ner till sydspetsen och Playa Papagayo f\u00f6r att bada och snorkla lite. V\u00e4ldigt klart vatten och mysigt p\u00e5 alla s\u00e4tt. N\u00e4r vi k\u00e4ndes oss klara gick vi till Marina Rubicon.<\/p>\n<figure id=\"attachment_1433\" class=\"wp-caption aligncenter\"><a href=\"https:\/\/i2.wp.com\/www.ellensailing.se\/wp-content\/uploads\/2017\/10\/GOPR0458.jpg\"><img loading=\"lazy\" decoding=\"async\" class=\"wp-image-1433 size-large\" src=\"https:\/\/i2.wp.com\/www.ellensailing.se\/wp-content\/uploads\/2017\/10\/GOPR0458.jpg?resize=640%2C480\" sizes=\"(max-width: 640px) 100vw, 640px\" srcset=\"https:\/\/i2.wp.com\/www.ellensailing.se\/wp-content\/uploads\/2017\/10\/GOPR0458.jpg?resize=1024%2C768 1024w, https:\/\/i2.wp.com\/www.ellensailing.se\/wp-content\/uploads\/2017\/10\/GOPR0458.jpg?resize=300%2C225 300w, https:\/\/i2.wp.com\/www.ellensailing.se\/wp-content\/uploads\/2017\/10\/GOPR0458.jpg?resize=768%2C576 768w, https:\/\/i2.wp.com\/www.ellensailing.se\/wp-content\/uploads\/2017\/10\/GOPR0458.jpg?resize=320%2C240 320w, https:\/\/i2.wp.com\/www.ellensailing.se\/wp-content\/uploads\/2017\/10\/GOPR0458.jpg?w=1280 1280w, https:\/\/i2.wp.com\/www.ellensailing.se\/wp-content\/uploads\/2017\/10\/GOPR0458.jpg?w=1920 1920w\" alt=\"\" width=\"622\" height=\"467\" \/><\/a><figcaption class=\"wp-caption-text\">Selfi under vatten<\/figcaption><\/figure>\n<figure id=\"attachment_1434\" class=\"wp-caption aligncenter\"><a href=\"https:\/\/i2.wp.com\/www.ellensailing.se\/wp-content\/uploads\/2017\/10\/GOPR0470.jpg\"><img loading=\"lazy\" decoding=\"async\" class=\"wp-image-1434 size-large\" src=\"https:\/\/i2.wp.com\/www.ellensailing.se\/wp-content\/uploads\/2017\/10\/GOPR0470.jpg?resize=640%2C480\" sizes=\"(max-width: 640px) 100vw, 640px\" srcset=\"https:\/\/i2.wp.com\/www.ellensailing.se\/wp-content\/uploads\/2017\/10\/GOPR0470.jpg?resize=1024%2C768 1024w, https:\/\/i2.wp.com\/www.ellensailing.se\/wp-content\/uploads\/2017\/10\/GOPR0470.jpg?resize=300%2C225 300w, https:\/\/i2.wp.com\/www.ellensailing.se\/wp-content\/uploads\/2017\/10\/GOPR0470.jpg?resize=768%2C576 768w, https:\/\/i2.wp.com\/www.ellensailing.se\/wp-content\/uploads\/2017\/10\/GOPR0470.jpg?resize=320%2C240 320w, https:\/\/i2.wp.com\/www.ellensailing.se\/wp-content\/uploads\/2017\/10\/GOPR0470.jpg?w=1280 1280w, https:\/\/i2.wp.com\/www.ellensailing.se\/wp-content\/uploads\/2017\/10\/GOPR0470.jpg?w=1920 1920w\" alt=\"\" width=\"622\" height=\"467\" \/><\/a><figcaption class=\"wp-caption-text\">Jackie ville inte ta p\u00e5 sig cyklopet innan hon hittat n\u00e5gon gul bikini.<\/figcaption><\/figure>\n<figure id=\"attachment_1435\" class=\"wp-caption aligncenter\"><a href=\"https:\/\/i1.wp.com\/www.ellensailing.se\/wp-content\/uploads\/2017\/10\/GOPR0477.jpg\"><img loading=\"lazy\" decoding=\"async\" class=\"wp-image-1435 size-large\" src=\"https:\/\/i1.wp.com\/www.ellensailing.se\/wp-content\/uploads\/2017\/10\/GOPR0477.jpg?resize=640%2C480\" sizes=\"(max-width: 640px) 100vw, 640px\" srcset=\"https:\/\/i1.wp.com\/www.ellensailing.se\/wp-content\/uploads\/2017\/10\/GOPR0477.jpg?resize=1024%2C768 1024w, https:\/\/i1.wp.com\/www.ellensailing.se\/wp-content\/uploads\/2017\/10\/GOPR0477.jpg?resize=300%2C225 300w, https:\/\/i1.wp.com\/www.ellensailing.se\/wp-content\/uploads\/2017\/10\/GOPR0477.jpg?resize=768%2C576 768w, https:\/\/i1.wp.com\/www.ellensailing.se\/wp-content\/uploads\/2017\/10\/GOPR0477.jpg?resize=320%2C240 320w, https:\/\/i1.wp.com\/www.ellensailing.se\/wp-content\/uploads\/2017\/10\/GOPR0477.jpg?w=1280 1280w, https:\/\/i1.wp.com\/www.ellensailing.se\/wp-content\/uploads\/2017\/10\/GOPR0477.jpg?w=1920 1920w\" alt=\"\" width=\"622\" height=\"467\" \/><\/a><figcaption class=\"wp-caption-text\">Ellen p\u00e5 svaj i bakgrunden.<\/figcaption><\/figure>\n<p>&nbsp;<\/p>\n<\/div>\n","protected":false},"excerpt":{"rendered":"<p>I fredags s\u00e5 var vi riktiga turister p\u00e5 Lanzarote. Vi hyrde en Fiat 500 och \u00e5kte runt p\u00e5 \u00f6n. Vi[&#8230;]<\/p>\n","protected":false},"author":1,"featured_media":1433,"comment_status":"open","ping_status":"open","sticky":false,"template":"","format":"standard","meta":{"_jetpack_newsletter_access":"","_jetpack_dont_email_post_to_subs":false,"_jetpack_newsletter_tier_id":0,"_jetpack_memberships_contains_paywalled_content":false,"_jetpack_feature_clip_id":0,"_jetpack_memberships_contains_paid_content":false,"footnotes":"","jetpack_publicize_message":"","jetpack_publicize_feature_enabled":true,"jetpack_social_post_already_shared":true,"jetpack_social_options":{"image_generator_settings":{"template":"highway","default_image_id":0,"font":"","enabled":false},"version":2},"jetpack_post_was_ever_published":false},"categories":[22],"tags":[],"class_list":["post-1438","post","type-post","status-publish","format-standard","has-post-thumbnail","hentry","category-host-2017-till-cc"],"jetpack_publicize_connections":[],"jetpack_featured_media_url":"https:\/\/i0.wp.com\/www.ellensailing.se\/wp-content\/uploads\/2017\/10\/GOPR0458.jpg?fit=3000%2C2250&ssl=1","jetpack_sharing_enabled":true,"jetpack_shortlink":"https:\/\/wp.me\/p5G68R-nc","jetpack-related-posts":[{"id":2543,"url":"https:\/\/www.ellensailing.se\/?p=2543","url_meta":{"origin":1438,"position":0},"title":"Med bil runt Anguilla, det \u00e4r inte stort!","author":"peter@ellensailing.se","date":"15 april, 2019","format":false,"excerpt":"I morse s\u00e5 \u00e5kte vi in till Elvis d\u00e4r bilen skulle levereras. Fick v\u00e4nta i en kvart, men vad \u00e4r det i Karibien. Inget \u00e4r p\u00e5 tid s\u00e5 det spelar ingen roll. Fick en pratstund med en av kompanjonerna p\u00e5 Elvis. \u00c5kte f\u00f6rst igenom staden men hade siktet in p\u00e5\u2026","rel":"","context":"I \u201dV\u00e4stindien 2019\u201d","block_context":{"text":"V\u00e4stindien 2019","link":"https:\/\/www.ellensailing.se\/?cat=25"},"img":{"alt_text":"","src":"https:\/\/i0.wp.com\/www.ellensailing.se\/wp-content\/uploads\/2019\/04\/4C439086-0CB2-4288-9263-ABA33BB08BE6.jpeg?fit=1200%2C800&ssl=1&resize=350%2C200","width":350,"height":200,"srcset":"https:\/\/i0.wp.com\/www.ellensailing.se\/wp-content\/uploads\/2019\/04\/4C439086-0CB2-4288-9263-ABA33BB08BE6.jpeg?fit=1200%2C800&ssl=1&resize=350%2C200 1x, https:\/\/i0.wp.com\/www.ellensailing.se\/wp-content\/uploads\/2019\/04\/4C439086-0CB2-4288-9263-ABA33BB08BE6.jpeg?fit=1200%2C800&ssl=1&resize=525%2C300 1.5x, https:\/\/i0.wp.com\/www.ellensailing.se\/wp-content\/uploads\/2019\/04\/4C439086-0CB2-4288-9263-ABA33BB08BE6.jpeg?fit=1200%2C800&ssl=1&resize=700%2C400 2x, https:\/\/i0.wp.com\/www.ellensailing.se\/wp-content\/uploads\/2019\/04\/4C439086-0CB2-4288-9263-ABA33BB08BE6.jpeg?fit=1200%2C800&ssl=1&resize=1050%2C600 3x"},"classes":[]},{"id":1364,"url":"https:\/\/www.ellensailing.se\/?p=1364","url_meta":{"origin":1438,"position":1},"title":"H\u00e4rliga dagar i Lagos och Portmao!","author":"peter@ellensailing.se","date":"4 oktober, 2017","format":false,"excerpt":"\u00c4ntligen s\u00e5 har vi uppn\u00e5tt v\u00e5rt uppdrag att f\u00e5 Ellen klar p\u00e5 alla punkter. Vi har haft kontakt med Bluewater marin som skulle fixa v\u00e5r Watermaker. M\u00e5nga mejl och jagande av delar \u00f6ver hela v\u00e4rlden s\u00e5 anl\u00e4nde i alla fall allt till Portmano i tisdags. Det vi inte visste var\u2026","rel":"","context":"I \u201dH\u00f6st 2017 till Grand Canrias.\u201d","block_context":{"text":"H\u00f6st 2017 till Grand Canrias.","link":"https:\/\/www.ellensailing.se\/?cat=22"},"img":{"alt_text":"","src":"https:\/\/i0.wp.com\/www.ellensailing.se\/wp-content\/uploads\/2017\/10\/IMG_6146.jpg?fit=480%2C640&ssl=1&resize=350%2C200","width":350,"height":200},"classes":[]},{"id":1442,"url":"https:\/\/www.ellensailing.se\/?p=1442","url_meta":{"origin":1438,"position":2},"title":"Dagsutflykt till Fuerteventura och Isla de Lobos","author":"peter@ellensailing.se","date":"16 oktober, 2017","format":false,"excerpt":"Idag tog vi b\u00e5ten tv\u00e4rs \u00f6ver sundet fr\u00e5n Lanzarote till Fuerteventura och \u00f6n Isla de Lobos. Vi fick tipset fr\u00e5n en Norrman som legat h\u00e4r ett l\u00e4ngre tag. Det var helt klart v\u00e4rt trots att de gick h\u00f6ga dyningar s\u00e5 l\u00e5g man riktigt bra d\u00e4r. Vi tog #Tacacaten till den\u2026","rel":"","context":"I \u201dH\u00f6st 2017 till Grand Canrias.\u201d","block_context":{"text":"H\u00f6st 2017 till Grand Canrias.","link":"https:\/\/www.ellensailing.se\/?cat=22"},"img":{"alt_text":"","src":"https:\/\/i0.wp.com\/www.ellensailing.se\/wp-content\/uploads\/2017\/10\/GOPR0552.jpg?fit=1200%2C900&ssl=1&resize=350%2C200","width":350,"height":200,"srcset":"https:\/\/i0.wp.com\/www.ellensailing.se\/wp-content\/uploads\/2017\/10\/GOPR0552.jpg?fit=1200%2C900&ssl=1&resize=350%2C200 1x, https:\/\/i0.wp.com\/www.ellensailing.se\/wp-content\/uploads\/2017\/10\/GOPR0552.jpg?fit=1200%2C900&ssl=1&resize=525%2C300 1.5x, https:\/\/i0.wp.com\/www.ellensailing.se\/wp-content\/uploads\/2017\/10\/GOPR0552.jpg?fit=1200%2C900&ssl=1&resize=700%2C400 2x, https:\/\/i0.wp.com\/www.ellensailing.se\/wp-content\/uploads\/2017\/10\/GOPR0552.jpg?fit=1200%2C900&ssl=1&resize=1050%2C600 3x"},"classes":[]},{"id":2536,"url":"https:\/\/www.ellensailing.se\/?p=2536","url_meta":{"origin":1438,"position":3},"title":"Idag har vi turistat p\u00e5 Sandy Island!","author":"peter@ellensailing.se","date":"14 april, 2019","format":false,"excerpt":"Blev lite turister idag och \u00e5kte med en snabbg\u00e5ende motorb\u00e5t ut till Sandy Island. Fin liten \u00f6 med en bar och krog p\u00e5. Det var alldeles nybyggt efter Irma s\u00e5 allt var fint. Har bl\u00e5st mycket idag med vindar p\u00e5 23-25 knop, skall lugna ner sig ikv\u00e4ll. Imorgon forts\u00e4tter vi\u2026","rel":"","context":"I \u201dV\u00e4stindien 2019\u201d","block_context":{"text":"V\u00e4stindien 2019","link":"https:\/\/www.ellensailing.se\/?cat=25"},"img":{"alt_text":"","src":"https:\/\/i0.wp.com\/www.ellensailing.se\/wp-content\/uploads\/2019\/04\/F73BCACD-CAD9-4B5B-ADA9-858C7B50F184.jpeg?fit=1200%2C899&ssl=1&resize=350%2C200","width":350,"height":200,"srcset":"https:\/\/i0.wp.com\/www.ellensailing.se\/wp-content\/uploads\/2019\/04\/F73BCACD-CAD9-4B5B-ADA9-858C7B50F184.jpeg?fit=1200%2C899&ssl=1&resize=350%2C200 1x, https:\/\/i0.wp.com\/www.ellensailing.se\/wp-content\/uploads\/2019\/04\/F73BCACD-CAD9-4B5B-ADA9-858C7B50F184.jpeg?fit=1200%2C899&ssl=1&resize=525%2C300 1.5x, https:\/\/i0.wp.com\/www.ellensailing.se\/wp-content\/uploads\/2019\/04\/F73BCACD-CAD9-4B5B-ADA9-858C7B50F184.jpeg?fit=1200%2C899&ssl=1&resize=700%2C400 2x, https:\/\/i0.wp.com\/www.ellensailing.se\/wp-content\/uploads\/2019\/04\/F73BCACD-CAD9-4B5B-ADA9-858C7B50F184.jpeg?fit=1200%2C899&ssl=1&resize=1050%2C600 3x"},"classes":[]},{"id":1379,"url":"https:\/\/www.ellensailing.se\/?p=1379","url_meta":{"origin":1438,"position":4},"title":"\u00d6versegling till Canary Island och Isla Graciosa","author":"peter@ellensailing.se","date":"9 oktober, 2017","format":false,"excerpt":"I torsdag seglade vi fr\u00e5n Lagos efter allt mecka med att f\u00e5 i ordning p\u00e5 alla delar som skulle komma till Watermaker. Den har nu funkat och det var pumpen som var kaputt. Vi har nog gjort ca 180 liter vatten p\u00e5 \u00f6verfarten och det k\u00e4nns tryckt. Vi har haft\u2026","rel":"","context":"I \u201dH\u00f6st 2017 till Grand Canrias.\u201d","block_context":{"text":"H\u00f6st 2017 till Grand Canrias.","link":"https:\/\/www.ellensailing.se\/?cat=22"},"img":{"alt_text":"","src":"https:\/\/i0.wp.com\/www.ellensailing.se\/wp-content\/uploads\/2017\/10\/DSC3528.jpg?fit=1200%2C802&ssl=1&resize=350%2C200","width":350,"height":200,"srcset":"https:\/\/i0.wp.com\/www.ellensailing.se\/wp-content\/uploads\/2017\/10\/DSC3528.jpg?fit=1200%2C802&ssl=1&resize=350%2C200 1x, https:\/\/i0.wp.com\/www.ellensailing.se\/wp-content\/uploads\/2017\/10\/DSC3528.jpg?fit=1200%2C802&ssl=1&resize=525%2C300 1.5x, https:\/\/i0.wp.com\/www.ellensailing.se\/wp-content\/uploads\/2017\/10\/DSC3528.jpg?fit=1200%2C802&ssl=1&resize=700%2C400 2x, https:\/\/i0.wp.com\/www.ellensailing.se\/wp-content\/uploads\/2017\/10\/DSC3528.jpg?fit=1200%2C802&ssl=1&resize=1050%2C600 3x"},"classes":[]},{"id":1372,"url":"https:\/\/www.ellensailing.se\/?p=1372","url_meta":{"origin":1438,"position":5},"title":"Dag2, \u00f6verfart fr\u00e5n Lagos till Isla Graciosa","author":"peter@ellensailing.se","date":"6 oktober, 2017","format":false,"excerpt":"Idag har vi seglat drygt en tredjedel av hela str\u00e4ckan. Under dagen har det bl\u00e5st mindre \u00e4n ig\u00e5r men vi har \u00e4nd\u00e5 bra fart. Vi g\u00f6r 6,5-7 knop. Vi har ca 100NM kvar till v\u00e5r waypoint som \u00e4r rakt nordligt om Lanzarote och i h\u00f6jd med Porto Santo. D\u00e4r kommer\u2026","rel":"","context":"I \u201dH\u00f6st 2017 till Grand Canrias.\u201d","block_context":{"text":"H\u00f6st 2017 till Grand Canrias.","link":"https:\/\/www.ellensailing.se\/?cat=22"},"img":{"alt_text":"","src":"","width":0,"height":0},"classes":[]}],"jetpack_likes_enabled":false,"_links":{"self":[{"href":"https:\/\/www.ellensailing.se\/index.php?rest_route=\/wp\/v2\/posts\/1438","targetHints":{"allow":["GET"]}}],"collection":[{"href":"https:\/\/www.ellensailing.se\/index.php?rest_route=\/wp\/v2\/posts"}],"about":[{"href":"https:\/\/www.ellensailing.se\/index.php?rest_route=\/wp\/v2\/types\/post"}],"author":[{"embeddable":true,"href":"https:\/\/www.ellensailing.se\/index.php?rest_route=\/wp\/v2\/users\/1"}],"replies":[{"embeddable":true,"href":"https:\/\/www.ellensailing.se\/index.php?rest_route=%2Fwp%2Fv2%2Fcomments&post=1438"}],"version-history":[{"count":1,"href":"https:\/\/www.ellensailing.se\/index.php?rest_route=\/wp\/v2\/posts\/1438\/revisions"}],"predecessor-version":[{"id":1439,"href":"https:\/\/www.ellensailing.se\/index.php?rest_route=\/wp\/v2\/posts\/1438\/revisions\/1439"}],"wp:featuredmedia":[{"embeddable":true,"href":"https:\/\/www.ellensailing.se\/index.php?rest_route=\/wp\/v2\/media\/1433"}],"wp:attachment":[{"href":"https:\/\/www.ellensailing.se\/index.php?rest_route=%2Fwp%2Fv2%2Fmedia&parent=1438"}],"wp:term":[{"taxonomy":"category","embeddable":true,"href":"https:\/\/www.ellensailing.se\/index.php?rest_route=%2Fwp%2Fv2%2Fcategories&post=1438"},{"taxonomy":"post_tag","embeddable":true,"href":"https:\/\/www.ellensailing.se\/index.php?rest_route=%2Fwp%2Fv2%2Ftags&post=1438"}],"curies":[{"name":"wp","href":"https:\/\/api.w.org\/{rel}","templated":true}]}}