{"id":1373,"date":"2017-10-07T09:51:09","date_gmt":"2017-10-07T07:51:09","guid":{"rendered":"https:\/\/www.ellensailing.se\/?p=1373"},"modified":"2017-10-07T09:51:09","modified_gmt":"2017-10-07T07:51:09","slug":"natt1-overfart-fran-lagos-till-isla-graciosa-2","status":"publish","type":"post","link":"https:\/\/www.ellensailing.se\/?p=1373","title":{"rendered":"Natt1, \u00f6verfart fr\u00e5n Lagos till Isla Graciosa"},"content":{"rendered":"<p>I natt blev det verkligen lugnt. Det bl\u00e5ste ibland bara 3 m\/s vilket inte \u00e4r mycket n\u00e4r man har l\u00e4ns. Men d\u00e4remellan kommer det vind och v loggar 5-6,5 knop.<\/p>\n<p>Har varit mulet i natt s\u00e5 vi har inte f\u00e5tt se s\u00e5 mycket av fullm\u00e5nen, bara lite nu p\u00e5 morgonkvisten. Det \u00e4r fortfarande lite mulet men det ser ut att spricka upp. Vi f\u00f6rs\u00f6ker jaga ikapp ett stort segelfartyg som ligger 20NM f\u00f6rf\u00f6r oss. Kanske har de satellits\u00e4ndning till Marine traffic. Fartyget heter Christian Radich och \u00e4r 207 fort l\u00e5ng. Vi \u00e4r annars i h\u00f6jd med Porta Santos och rakt norrut fr\u00e5n Lanzarote.<\/p>\n<p>S\u00e5g alldeles nyss en brun sk\u00f6ldpadda mitt i havet, var ganska stor. Nu forts\u00e4tter vi och vi har just nu bra fart, 6,5 knop. H\u00f6rs igen!<\/p>\n<p>Skickat med Iridium satellittelefon och Redport optimizer, vilket g\u00f6r att inga bilder kommer med.<\/p>\n","protected":false},"excerpt":{"rendered":"<p>I natt blev det verkligen lugnt. Det bl\u00e5ste ibland bara 3 m\/s vilket inte \u00e4r mycket n\u00e4r man har l\u00e4ns.[&#8230;]<\/p>\n","protected":false},"author":1,"featured_media":0,"comment_status":"open","ping_status":"open","sticky":false,"template":"","format":"standard","meta":{"_jetpack_newsletter_access":"","_jetpack_dont_email_post_to_subs":false,"_jetpack_newsletter_tier_id":0,"_jetpack_memberships_contains_paywalled_content":false,"_jetpack_feature_clip_id":0,"_jetpack_memberships_contains_paid_content":false,"footnotes":"","jetpack_publicize_message":"","jetpack_publicize_feature_enabled":true,"jetpack_social_post_already_shared":true,"jetpack_social_options":{"image_generator_settings":{"template":"highway","default_image_id":0,"font":"","enabled":false},"version":2},"jetpack_post_was_ever_published":false},"categories":[22],"tags":[],"class_list":["post-1373","post","type-post","status-publish","format-standard","hentry","category-host-2017-till-cc"],"jetpack_publicize_connections":[],"jetpack_featured_media_url":"","jetpack_sharing_enabled":true,"jetpack_shortlink":"https:\/\/wp.me\/p5G68R-m9","jetpack-related-posts":[{"id":1374,"url":"https:\/\/www.ellensailing.se\/?p=1374","url_meta":{"origin":1373,"position":0},"title":"Natt2, \u00f6verfart fr\u00e5n Lagos till Isla Graciosa","author":"peter@ellensailing.se","date":"7 oktober, 2017","format":false,"excerpt":"I natt blev det verkligen lugnt. Det bl\u00e5ste ibland bara 3 m\/s vilket inte \u00e4r mycket n\u00e4r man har l\u00e4ns. Men d\u00e4remellan kommer det vind och v loggar 5-6,5 knop. Har varit mulet i natt s\u00e5 vi har inte f\u00e5tt se s\u00e5 mycket av fullm\u00e5nen, bara lite nu p\u00e5 morgonkvisten.\u2026","rel":"","context":"I \u201dH\u00f6st 2017 till Grand Canrias.\u201d","block_context":{"text":"H\u00f6st 2017 till Grand Canrias.","link":"https:\/\/www.ellensailing.se\/?cat=22"},"img":{"alt_text":"","src":"","width":0,"height":0},"classes":[]},{"id":1372,"url":"https:\/\/www.ellensailing.se\/?p=1372","url_meta":{"origin":1373,"position":1},"title":"Dag2, \u00f6verfart fr\u00e5n Lagos till Isla Graciosa","author":"peter@ellensailing.se","date":"6 oktober, 2017","format":false,"excerpt":"Idag har vi seglat drygt en tredjedel av hela str\u00e4ckan. Under dagen har det bl\u00e5st mindre \u00e4n ig\u00e5r men vi har \u00e4nd\u00e5 bra fart. Vi g\u00f6r 6,5-7 knop. Vi har ca 100NM kvar till v\u00e5r waypoint som \u00e4r rakt nordligt om Lanzarote och i h\u00f6jd med Porto Santo. D\u00e4r kommer\u2026","rel":"","context":"I \u201dH\u00f6st 2017 till Grand Canrias.\u201d","block_context":{"text":"H\u00f6st 2017 till Grand Canrias.","link":"https:\/\/www.ellensailing.se\/?cat=22"},"img":{"alt_text":"","src":"","width":0,"height":0},"classes":[]},{"id":1592,"url":"https:\/\/www.ellensailing.se\/?p=1592","url_meta":{"origin":1373,"position":2},"title":"Dygn 6, Fortsatt kryss","author":"peter@ellensailing.se","date":"25 november, 2017","format":false,"excerpt":"Vi har haft en riktig tuff natt med regnskurar och massor av bl\u00e5st i dem, upp till 35 knop. Vi k\u00f6r med tv\u00e5 rev i storen och lilla kutterstagsfocken f\u00f6r att inte ha f\u00f6r mycket tryck i b\u00e5ten och det g\u00e5r bra. Idag har det lugnat ner sig och det\u2026","rel":"","context":"I \u201dARC 2017\u201d","block_context":{"text":"ARC 2017","link":"https:\/\/www.ellensailing.se\/?cat=23"},"img":{"alt_text":"","src":"","width":0,"height":0},"classes":[]},{"id":474,"url":"https:\/\/www.ellensailing.se\/?p=474","url_meta":{"origin":1373,"position":3},"title":"Swinoujscie, nu har vi kommit till tredje landet.","author":"peter@ellensailing.se","date":"7 juli, 2015","format":false,"excerpt":"Prognosen var ganska dyster n\u00e4r vi l\u00e5g p\u00e5 Ruden. Mitt p\u00e5 natten b\u00f6rjade det bl\u00e5sa utav h-vete. P\u00e5 morgonen s\u00e5 skulle det dessutom tillta. Riktiningen var det inget fel p\u00e5 n\u00e4r vi skulle till Polen. Vi best\u00e4mde att vi skulle dra iv\u00e4g f\u00f6r att inte ligga inbl\u00e5sta p\u00e5 en liten\u2026","rel":"","context":"I \u201dSommar 2015\u201d","block_context":{"text":"Sommar 2015","link":"https:\/\/www.ellensailing.se\/?cat=4"},"img":{"alt_text":"","src":"https:\/\/i0.wp.com\/www.ellensailing.se\/wp-content\/uploads\/2015\/07\/DSC_09471.jpg?fit=1200%2C797&ssl=1&resize=350%2C200","width":350,"height":200,"srcset":"https:\/\/i0.wp.com\/www.ellensailing.se\/wp-content\/uploads\/2015\/07\/DSC_09471.jpg?fit=1200%2C797&ssl=1&resize=350%2C200 1x, https:\/\/i0.wp.com\/www.ellensailing.se\/wp-content\/uploads\/2015\/07\/DSC_09471.jpg?fit=1200%2C797&ssl=1&resize=525%2C300 1.5x, https:\/\/i0.wp.com\/www.ellensailing.se\/wp-content\/uploads\/2015\/07\/DSC_09471.jpg?fit=1200%2C797&ssl=1&resize=700%2C400 2x, https:\/\/i0.wp.com\/www.ellensailing.se\/wp-content\/uploads\/2015\/07\/DSC_09471.jpg?fit=1200%2C797&ssl=1&resize=1050%2C600 3x"},"classes":[]},{"id":1608,"url":"https:\/\/www.ellensailing.se\/?p=1608","url_meta":{"origin":1373,"position":4},"title":"Dygn 19, Full rulle p\u00e5 Atlanten","author":"peter@ellensailing.se","date":"8 december, 2017","format":false,"excerpt":"Det \u00e4r verkligen antigen eller p\u00e5 Atlanten. Idag har det bl\u00e5st ordentligt med vindbyar upp till 35 knop men normalt ligger vinden mellan 22-25 knop. Blir bra fart mot m\u00e5l. I natt skall det bl\u00e5sa upp \u00e4nnu mer s\u00e5 vi har f\u00f6rberett med att reva och k\u00f6ra lilla focken. Nu\u2026","rel":"","context":"I \u201dARC 2017\u201d","block_context":{"text":"ARC 2017","link":"https:\/\/www.ellensailing.se\/?cat=23"},"img":{"alt_text":"","src":"","width":0,"height":0},"classes":[]},{"id":1597,"url":"https:\/\/www.ellensailing.se\/?p=1597","url_meta":{"origin":1373,"position":5},"title":"Dygn 11, Varmt och sk\u00f6nt","author":"peter@ellensailing.se","date":"30 november, 2017","format":false,"excerpt":"Men med v\u00e4ldigt lite vind. Det bl\u00e5ser ca 8 knop rakt bakifr\u00e5n. Vi seglar med enbart spinnaker s\u00e5 vi kan g\u00e5 s\u00e5 r\u00e4tt p\u00e5 m\u00e5let som m\u00f6jligt. Ikv\u00e4ll skall vinden komma och fylla p\u00e5 lite mer ett antal dagar fram\u00e5t. Skall bli sk\u00f6nt att f\u00e5 str\u00e4cka ut lite. Natten var\u2026","rel":"","context":"I \u201dARC 2017\u201d","block_context":{"text":"ARC 2017","link":"https:\/\/www.ellensailing.se\/?cat=23"},"img":{"alt_text":"","src":"","width":0,"height":0},"classes":[]}],"jetpack_likes_enabled":false,"_links":{"self":[{"href":"https:\/\/www.ellensailing.se\/index.php?rest_route=\/wp\/v2\/posts\/1373","targetHints":{"allow":["GET"]}}],"collection":[{"href":"https:\/\/www.ellensailing.se\/index.php?rest_route=\/wp\/v2\/posts"}],"about":[{"href":"https:\/\/www.ellensailing.se\/index.php?rest_route=\/wp\/v2\/types\/post"}],"author":[{"embeddable":true,"href":"https:\/\/www.ellensailing.se\/index.php?rest_route=\/wp\/v2\/users\/1"}],"replies":[{"embeddable":true,"href":"https:\/\/www.ellensailing.se\/index.php?rest_route=%2Fwp%2Fv2%2Fcomments&post=1373"}],"version-history":[{"count":0,"href":"https:\/\/www.ellensailing.se\/index.php?rest_route=\/wp\/v2\/posts\/1373\/revisions"}],"wp:attachment":[{"href":"https:\/\/www.ellensailing.se\/index.php?rest_route=%2Fwp%2Fv2%2Fmedia&parent=1373"}],"wp:term":[{"taxonomy":"category","embeddable":true,"href":"https:\/\/www.ellensailing.se\/index.php?rest_route=%2Fwp%2Fv2%2Fcategories&post=1373"},{"taxonomy":"post_tag","embeddable":true,"href":"https:\/\/www.ellensailing.se\/index.php?rest_route=%2Fwp%2Fv2%2Ftags&post=1373"}],"curies":[{"name":"wp","href":"https:\/\/api.w.org\/{rel}","templated":true}]}}