{"id":1364,"date":"2017-10-04T23:18:04","date_gmt":"2017-10-04T21:18:04","guid":{"rendered":"https:\/\/www.ellensailing.se\/?p=1364"},"modified":"2017-10-04T23:18:04","modified_gmt":"2017-10-04T21:18:04","slug":"harliga-dagar-i-lagos-och-portmao","status":"publish","type":"post","link":"https:\/\/www.ellensailing.se\/?p=1364","title":{"rendered":"H\u00e4rliga dagar i Lagos och Portmao!"},"content":{"rendered":"<p>\u00c4ntligen s\u00e5 har vi uppn\u00e5tt v\u00e5rt uppdrag att f\u00e5 Ellen klar p\u00e5 alla punkter. Vi har haft kontakt med Bluewater marin som skulle fixa v\u00e5r Watermaker. M\u00e5nga mejl och jagande av delar \u00f6ver hela v\u00e4rlden s\u00e5 anl\u00e4nde i alla fall allt till Portmano i tisdags. Det vi inte visste var att p\u00e5 torsdag \u00e4r det bankholliday h\u00e4r nere och allt \u00e4r st\u00e4ngt. De vill komma p\u00e5 fredag och fixa men d\u00e5 ruttnade vi. De kom ner p\u00e5 tisdag f\u00f6rmiddag och mecka i nya pumpen och provk\u00f6rde watermakern och den levererar som en ny. K\u00e4nns sk\u00f6nt men nu f\u00e5r vi se hur den beter sig n\u00e4r vi seglar. Vi ville tillbaka till Lagos som \u00e4r en otroligt mysigt st\u00e4lle med massor av svenskar som l\u00e5ngseglar och ligger h\u00e4r. Nisse och Lottie l\u00e5nade ut deras kort till supermarketen och vi fick 34 Euro i rabatt p\u00e5 det vi handlade.<\/p>\n<p>Vi var f\u00f6rbi Sopromare som s\u00e4ljer b\u00e5tgrejor och vilket utbud det finns. Vi k\u00f6pte p\u00e5 oss b\u00e5de vattenpump och gr\u00e5vattenpump. Om vi har det s\u00e5 g\u00e5r nog det vi har inte s\u00f6nder. Sk\u00f6nt iaf att ha reserv. Vi b\u00f6rjade ocks\u00e5 handla p\u00e5 oss det vi saknar f\u00f6r ARC:en n\u00e4r vi seglar \u00f6ver Atlanten.<\/p>\n<p>&nbsp;<\/p>\n<figure id=\"attachment_1365\" aria-describedby=\"caption-attachment-1365\" style=\"width: 640px\" class=\"wp-caption aligncenter\"><a href=\"https:\/\/i0.wp.com\/www.ellensailing.se\/wp-content\/uploads\/2017\/10\/IMG_6140.jpg?ssl=1\"><img data-recalc-dims=\"1\" fetchpriority=\"high\" decoding=\"async\" class=\"wp-image-1365 size-full\" src=\"https:\/\/i0.wp.com\/www.ellensailing.se\/wp-content\/uploads\/2017\/10\/IMG_6140.jpg?resize=640%2C480&#038;ssl=1\" alt=\"\" width=\"640\" height=\"480\" srcset=\"https:\/\/i0.wp.com\/www.ellensailing.se\/wp-content\/uploads\/2017\/10\/IMG_6140.jpg?w=640&amp;ssl=1 640w, https:\/\/i0.wp.com\/www.ellensailing.se\/wp-content\/uploads\/2017\/10\/IMG_6140.jpg?resize=300%2C225&amp;ssl=1 300w, https:\/\/i0.wp.com\/www.ellensailing.se\/wp-content\/uploads\/2017\/10\/IMG_6140.jpg?resize=320%2C240&amp;ssl=1 320w\" sizes=\"(max-width: 640px) 100vw, 640px\" \/><\/a><figcaption id=\"caption-attachment-1365\" class=\"wp-caption-text\">Lunch i hamnen f\u00f6r 8 Euro med varmr\u00e4tt, efterr\u00e4tt och vin. Kanonbilligt<\/figcaption><\/figure>\n<figure id=\"attachment_1366\" aria-describedby=\"caption-attachment-1366\" style=\"width: 640px\" class=\"wp-caption aligncenter\"><a href=\"https:\/\/i0.wp.com\/www.ellensailing.se\/wp-content\/uploads\/2017\/10\/IMG_6141.jpg?ssl=1\"><img data-recalc-dims=\"1\" decoding=\"async\" class=\"wp-image-1366 size-full\" src=\"https:\/\/i0.wp.com\/www.ellensailing.se\/wp-content\/uploads\/2017\/10\/IMG_6141.jpg?resize=640%2C480&#038;ssl=1\" alt=\"\" width=\"640\" height=\"480\" srcset=\"https:\/\/i0.wp.com\/www.ellensailing.se\/wp-content\/uploads\/2017\/10\/IMG_6141.jpg?w=640&amp;ssl=1 640w, https:\/\/i0.wp.com\/www.ellensailing.se\/wp-content\/uploads\/2017\/10\/IMG_6141.jpg?resize=300%2C225&amp;ssl=1 300w, https:\/\/i0.wp.com\/www.ellensailing.se\/wp-content\/uploads\/2017\/10\/IMG_6141.jpg?resize=320%2C240&amp;ssl=1 320w\" sizes=\"(max-width: 640px) 100vw, 640px\" \/><\/a><figcaption id=\"caption-attachment-1366\" class=\"wp-caption-text\">Hamnen som \u00e4r innanf\u00f6r bron i Lagos<\/figcaption><\/figure>\n<figure id=\"attachment_1367\" aria-describedby=\"caption-attachment-1367\" style=\"width: 640px\" class=\"wp-caption aligncenter\"><a href=\"https:\/\/i0.wp.com\/www.ellensailing.se\/wp-content\/uploads\/2017\/10\/IMG_6142.jpg?ssl=1\"><img data-recalc-dims=\"1\" decoding=\"async\" class=\"wp-image-1367 size-full\" src=\"https:\/\/i0.wp.com\/www.ellensailing.se\/wp-content\/uploads\/2017\/10\/IMG_6142.jpg?resize=640%2C480&#038;ssl=1\" alt=\"\" width=\"640\" height=\"480\" srcset=\"https:\/\/i0.wp.com\/www.ellensailing.se\/wp-content\/uploads\/2017\/10\/IMG_6142.jpg?w=640&amp;ssl=1 640w, https:\/\/i0.wp.com\/www.ellensailing.se\/wp-content\/uploads\/2017\/10\/IMG_6142.jpg?resize=300%2C225&amp;ssl=1 300w, https:\/\/i0.wp.com\/www.ellensailing.se\/wp-content\/uploads\/2017\/10\/IMG_6142.jpg?resize=320%2C240&amp;ssl=1 320w\" sizes=\"(max-width: 640px) 100vw, 640px\" \/><\/a><figcaption id=\"caption-attachment-1367\" class=\"wp-caption-text\">Incheckningsbryggan till Lagos. Till h\u00f6ger ligger gamla stan med aff\u00e4rer.<\/figcaption><\/figure>\n<p>Vi tog en tur till stan idag efter vi shoppat p\u00e5 supermarket och b\u00e5taff\u00e4ren. Det blev mycket kork som de \u00e4r duktiga p\u00e5. Lasse och Jackline k\u00f6pte seglarskor i kort och Jackie k\u00f6pte ett par finskor i kort. Sj\u00e4lv k\u00f6pte jag en hatt f\u00f6r att t\u00e4cka flinten.<\/p>\n<figure id=\"attachment_1368\" aria-describedby=\"caption-attachment-1368\" style=\"width: 480px\" class=\"wp-caption aligncenter\"><a href=\"https:\/\/i0.wp.com\/www.ellensailing.se\/wp-content\/uploads\/2017\/10\/IMG_6146.jpg?ssl=1\"><img data-recalc-dims=\"1\" loading=\"lazy\" decoding=\"async\" class=\"wp-image-1368 size-full\" src=\"https:\/\/i0.wp.com\/www.ellensailing.se\/wp-content\/uploads\/2017\/10\/IMG_6146.jpg?resize=480%2C640&#038;ssl=1\" alt=\"\" width=\"480\" height=\"640\" srcset=\"https:\/\/i0.wp.com\/www.ellensailing.se\/wp-content\/uploads\/2017\/10\/IMG_6146.jpg?w=480&amp;ssl=1 480w, https:\/\/i0.wp.com\/www.ellensailing.se\/wp-content\/uploads\/2017\/10\/IMG_6146.jpg?resize=225%2C300&amp;ssl=1 225w\" sizes=\"(max-width: 480px) 100vw, 480px\" \/><\/a><figcaption id=\"caption-attachment-1368\" class=\"wp-caption-text\">Korkhatt<\/figcaption><\/figure>\n<p>Vi hade ocks\u00e5 lite bes\u00f6k p\u00e5 eftermiddagen av Thomas och Mia fr\u00e5n White Pearl och Anders som var gullig och k\u00f6pte br\u00f6d i morse till oss. \u00c4ven Nisse och Lottie kom f\u00f6rbi p\u00e5 ett glas s\u00e5 det blev fullt p\u00e5 Ellen.<\/p>\n<p>I morgon kommer vi b\u00f6rja v\u00e5r l\u00e4ngsta segling hittills fr\u00e5n Lagos till Lanzarote. Vi kommer g\u00f6ra s\u00e4llskap med White Pearl men de skall till Maderna och vi till Lanzarote. Vi har studerat v\u00e4dret tillsammans och vi kommer l\u00e4gga en Waypoint rakt norrut fr\u00e5n Lanzarote och 85% grader fr\u00e5n Madeira f\u00f6r att f\u00e5 vind s\u00e5 l\u00e5ngt som m\u00f6jligt. Det h\u00e5ller p\u00e5 ta slut med vind i regionen. Vi tror dock att det kommer bli bra f\u00f6r det bl\u00e5ser alltid b\u00e4ttre \u00e4n vad gribfilerna s\u00e4ger.<\/p>\n<p>Fr\u00e5n i morgon blir det inte bilder men vi kommer uppdatera bloggen varje dag via satellittelefonen p\u00e5 den l\u00e5nga \u00f6verfarten. \u00d6verf\u00f6ringen \u00e4r s\u00e5 l\u00e5ngsam att det inte g\u00e5r att k\u00f6ra n\u00e5gra bilder. Vi ber\u00e4knar med att anl\u00e4nda p\u00e5 s\u00f6ndag till Lanzarote eller r\u00e4ttare sagt Playa de Fransesca.<\/p>\n","protected":false},"excerpt":{"rendered":"<p>\u00c4ntligen s\u00e5 har vi uppn\u00e5tt v\u00e5rt uppdrag att f\u00e5 Ellen klar p\u00e5 alla punkter. Vi har haft kontakt med Bluewater[&#8230;]<\/p>\n","protected":false},"author":1,"featured_media":1368,"comment_status":"open","ping_status":"open","sticky":false,"template":"","format":"standard","meta":{"_jetpack_newsletter_access":"","_jetpack_dont_email_post_to_subs":false,"_jetpack_newsletter_tier_id":0,"_jetpack_memberships_contains_paywalled_content":false,"_jetpack_feature_clip_id":0,"_jetpack_memberships_contains_paid_content":false,"footnotes":"","jetpack_publicize_message":"","jetpack_publicize_feature_enabled":true,"jetpack_social_post_already_shared":true,"jetpack_social_options":{"image_generator_settings":{"template":"highway","default_image_id":0,"font":"","enabled":false},"version":2},"jetpack_post_was_ever_published":false},"categories":[22],"tags":[],"class_list":["post-1364","post","type-post","status-publish","format-standard","has-post-thumbnail","hentry","category-host-2017-till-cc"],"jetpack_publicize_connections":[],"jetpack_featured_media_url":"https:\/\/i0.wp.com\/www.ellensailing.se\/wp-content\/uploads\/2017\/10\/IMG_6146.jpg?fit=480%2C640&ssl=1","jetpack_sharing_enabled":true,"jetpack_shortlink":"https:\/\/wp.me\/p5G68R-m0","jetpack-related-posts":[{"id":1341,"url":"https:\/\/www.ellensailing.se\/?p=1341","url_meta":{"origin":1364,"position":0},"title":"Cascais \u00e4r en riktig p\u00e4rla.","author":"peter@ellensailing.se","date":"29 september, 2017","format":false,"excerpt":"Inte trodde jag att vi skulle ligga stilla s\u00e5 l\u00e4nge som vi gjort. Det har i och f\u00f6r sig g\u00f6ra med att vi v\u00e4ntat p\u00e5 nya batterier som best\u00e4lldes i m\u00e5ndags fr\u00e5n EnterNaval. De har varit mycket hj\u00e4lpsamma men vi har varit p\u00e5 n\u00e5lar f\u00f6r om batterierna skall komma i\u2026","rel":"","context":"I \u201dH\u00f6st 2017 till Grand Canrias.\u201d","block_context":{"text":"H\u00f6st 2017 till Grand Canrias.","link":"https:\/\/www.ellensailing.se\/?cat=22"},"img":{"alt_text":"","src":"https:\/\/i0.wp.com\/www.ellensailing.se\/wp-content\/uploads\/2017\/09\/024.jpg?fit=1200%2C900&ssl=1&resize=350%2C200","width":350,"height":200,"srcset":"https:\/\/i0.wp.com\/www.ellensailing.se\/wp-content\/uploads\/2017\/09\/024.jpg?fit=1200%2C900&ssl=1&resize=350%2C200 1x, https:\/\/i0.wp.com\/www.ellensailing.se\/wp-content\/uploads\/2017\/09\/024.jpg?fit=1200%2C900&ssl=1&resize=525%2C300 1.5x, https:\/\/i0.wp.com\/www.ellensailing.se\/wp-content\/uploads\/2017\/09\/024.jpg?fit=1200%2C900&ssl=1&resize=700%2C400 2x, https:\/\/i0.wp.com\/www.ellensailing.se\/wp-content\/uploads\/2017\/09\/024.jpg?fit=1200%2C900&ssl=1&resize=1050%2C600 3x"},"classes":[]},{"id":1379,"url":"https:\/\/www.ellensailing.se\/?p=1379","url_meta":{"origin":1364,"position":1},"title":"\u00d6versegling till Canary Island och Isla Graciosa","author":"peter@ellensailing.se","date":"9 oktober, 2017","format":false,"excerpt":"I torsdag seglade vi fr\u00e5n Lagos efter allt mecka med att f\u00e5 i ordning p\u00e5 alla delar som skulle komma till Watermaker. Den har nu funkat och det var pumpen som var kaputt. Vi har nog gjort ca 180 liter vatten p\u00e5 \u00f6verfarten och det k\u00e4nns tryckt. Vi har haft\u2026","rel":"","context":"I \u201dH\u00f6st 2017 till Grand Canrias.\u201d","block_context":{"text":"H\u00f6st 2017 till Grand Canrias.","link":"https:\/\/www.ellensailing.se\/?cat=22"},"img":{"alt_text":"","src":"https:\/\/i0.wp.com\/www.ellensailing.se\/wp-content\/uploads\/2017\/10\/DSC3528.jpg?fit=1200%2C802&ssl=1&resize=350%2C200","width":350,"height":200,"srcset":"https:\/\/i0.wp.com\/www.ellensailing.se\/wp-content\/uploads\/2017\/10\/DSC3528.jpg?fit=1200%2C802&ssl=1&resize=350%2C200 1x, https:\/\/i0.wp.com\/www.ellensailing.se\/wp-content\/uploads\/2017\/10\/DSC3528.jpg?fit=1200%2C802&ssl=1&resize=525%2C300 1.5x, https:\/\/i0.wp.com\/www.ellensailing.se\/wp-content\/uploads\/2017\/10\/DSC3528.jpg?fit=1200%2C802&ssl=1&resize=700%2C400 2x, https:\/\/i0.wp.com\/www.ellensailing.se\/wp-content\/uploads\/2017\/10\/DSC3528.jpg?fit=1200%2C802&ssl=1&resize=1050%2C600 3x"},"classes":[]},{"id":810,"url":"https:\/\/www.ellensailing.se\/?p=810","url_meta":{"origin":1364,"position":2},"title":"Ellen klar f\u00f6r de sju haven!","author":"peter@ellensailing.se","date":"2 maj, 2016","format":false,"excerpt":"I helgen gjorde vi iordning Ellen. Det \u00e4r en massa b\u00e4rande av dynor och utrustning som skall p\u00e5 plats. Ett helt sl\u00e4p med prylar blir det. Det \u00e4r inte heller bara sl\u00e4nga ner sakerna hur som helst utan det m\u00e5ste bli ordning ocks\u00e5. Tv\u00e5 dagar gick det \u00e5t f\u00f6r att\u2026","rel":"","context":"I \u201dSommar 2016\u201d","block_context":{"text":"Sommar 2016","link":"https:\/\/www.ellensailing.se\/?cat=20"},"img":{"alt_text":"","src":"https:\/\/i0.wp.com\/www.ellensailing.se\/wp-content\/uploads\/2016\/05\/Ellen-sj%C3%B6satt.jpg?fit=1200%2C900&ssl=1&resize=350%2C200","width":350,"height":200,"srcset":"https:\/\/i0.wp.com\/www.ellensailing.se\/wp-content\/uploads\/2016\/05\/Ellen-sj%C3%B6satt.jpg?fit=1200%2C900&ssl=1&resize=350%2C200 1x, https:\/\/i0.wp.com\/www.ellensailing.se\/wp-content\/uploads\/2016\/05\/Ellen-sj%C3%B6satt.jpg?fit=1200%2C900&ssl=1&resize=525%2C300 1.5x, https:\/\/i0.wp.com\/www.ellensailing.se\/wp-content\/uploads\/2016\/05\/Ellen-sj%C3%B6satt.jpg?fit=1200%2C900&ssl=1&resize=700%2C400 2x, https:\/\/i0.wp.com\/www.ellensailing.se\/wp-content\/uploads\/2016\/05\/Ellen-sj%C3%B6satt.jpg?fit=1200%2C900&ssl=1&resize=1050%2C600 3x"},"classes":[]},{"id":1370,"url":"https:\/\/www.ellensailing.se\/?p=1370","url_meta":{"origin":1364,"position":3},"title":"Dag1, \u00f6verfart fr\u00e5n Lagos till Isla Graciosa","author":"peter@ellensailing.se","date":"5 oktober, 2017","format":false,"excerpt":"Idag vid 10 tiden s\u00e5 gled vi ut fr\u00e5n hamnen i Lagos. Det tog lite tid d\u00e5 receptionen inte \u00f6ppnade f\u00f6rr\u00e4n 9 och m\u00e5nga vill iv\u00e4g. Ingen seglelb\u00e5t kommer ut f\u00f6r man m\u00e5ste \u00f6ppna en g\u00e5ngbro f\u00f6r att komma ut. Vi passade p\u00e5 att tanka b\u00e5ten f\u00f6r det ser ut\u2026","rel":"","context":"I \u201dH\u00f6st 2017 till Grand Canrias.\u201d","block_context":{"text":"H\u00f6st 2017 till Grand Canrias.","link":"https:\/\/www.ellensailing.se\/?cat=22"},"img":{"alt_text":"","src":"","width":0,"height":0},"classes":[]},{"id":583,"url":"https:\/\/www.ellensailing.se\/?p=583","url_meta":{"origin":1364,"position":4},"title":"En otroligt kul helg med g\u00e4nget!","author":"peter@ellensailing.se","date":"27 juli, 2015","format":false,"excerpt":"\u00a0 Nu kan man s\u00e4ga att semestern \u00e4r slut p\u00e5 riktigt f\u00f6r denna g\u00e5ng. Trots att vi hunnit jobba en vecka s\u00e5 har b\u00e5ten varit kvar p\u00e5 semester i Kalmar. I fredags s\u00e5 fl\u00f6g vi ner till Kalmar f\u00f6r att segla hem. Prognoserna som varit f\u00f6r veckan har verkligen sett\u2026","rel":"","context":"I \u201dSommar 2015\u201d","block_context":{"text":"Sommar 2015","link":"https:\/\/www.ellensailing.se\/?cat=4"},"img":{"alt_text":"","src":"https:\/\/i0.wp.com\/www.ellensailing.se\/wp-content\/uploads\/2015\/07\/DSC_0033.jpg?fit=1200%2C797&ssl=1&resize=350%2C200","width":350,"height":200,"srcset":"https:\/\/i0.wp.com\/www.ellensailing.se\/wp-content\/uploads\/2015\/07\/DSC_0033.jpg?fit=1200%2C797&ssl=1&resize=350%2C200 1x, https:\/\/i0.wp.com\/www.ellensailing.se\/wp-content\/uploads\/2015\/07\/DSC_0033.jpg?fit=1200%2C797&ssl=1&resize=525%2C300 1.5x, https:\/\/i0.wp.com\/www.ellensailing.se\/wp-content\/uploads\/2015\/07\/DSC_0033.jpg?fit=1200%2C797&ssl=1&resize=700%2C400 2x, https:\/\/i0.wp.com\/www.ellensailing.se\/wp-content\/uploads\/2015\/07\/DSC_0033.jpg?fit=1200%2C797&ssl=1&resize=1050%2C600 3x"},"classes":[]},{"id":1359,"url":"https:\/\/www.ellensailing.se\/?p=1359","url_meta":{"origin":1364,"position":5},"title":"Fin segling fr\u00e5n Sines till Lagos","author":"peter@ellensailing.se","date":"1 oktober, 2017","format":false,"excerpt":"Vi gick upp tidigt i morse f\u00f6r att hinna med att segla de 70 distansminuterna till Lagos. Klockan ringde vid 6 tiden och det var bara att skutta p\u00e5 och l\u00e4tta ankar i m\u00f6rkret. Till en b\u00f6rjan blev massa gippar och vinden var svag men nu g\u00e5r det betydligt fortare\u2026","rel":"","context":"I \u201dH\u00f6st 2017 till Grand Canrias.\u201d","block_context":{"text":"H\u00f6st 2017 till Grand Canrias.","link":"https:\/\/www.ellensailing.se\/?cat=22"},"img":{"alt_text":"","src":"","width":0,"height":0},"classes":[]}],"jetpack_likes_enabled":false,"_links":{"self":[{"href":"https:\/\/www.ellensailing.se\/index.php?rest_route=\/wp\/v2\/posts\/1364","targetHints":{"allow":["GET"]}}],"collection":[{"href":"https:\/\/www.ellensailing.se\/index.php?rest_route=\/wp\/v2\/posts"}],"about":[{"href":"https:\/\/www.ellensailing.se\/index.php?rest_route=\/wp\/v2\/types\/post"}],"author":[{"embeddable":true,"href":"https:\/\/www.ellensailing.se\/index.php?rest_route=\/wp\/v2\/users\/1"}],"replies":[{"embeddable":true,"href":"https:\/\/www.ellensailing.se\/index.php?rest_route=%2Fwp%2Fv2%2Fcomments&post=1364"}],"version-history":[{"count":1,"href":"https:\/\/www.ellensailing.se\/index.php?rest_route=\/wp\/v2\/posts\/1364\/revisions"}],"predecessor-version":[{"id":1369,"href":"https:\/\/www.ellensailing.se\/index.php?rest_route=\/wp\/v2\/posts\/1364\/revisions\/1369"}],"wp:featuredmedia":[{"embeddable":true,"href":"https:\/\/www.ellensailing.se\/index.php?rest_route=\/wp\/v2\/media\/1368"}],"wp:attachment":[{"href":"https:\/\/www.ellensailing.se\/index.php?rest_route=%2Fwp%2Fv2%2Fmedia&parent=1364"}],"wp:term":[{"taxonomy":"category","embeddable":true,"href":"https:\/\/www.ellensailing.se\/index.php?rest_route=%2Fwp%2Fv2%2Fcategories&post=1364"},{"taxonomy":"post_tag","embeddable":true,"href":"https:\/\/www.ellensailing.se\/index.php?rest_route=%2Fwp%2Fv2%2Ftags&post=1364"}],"curies":[{"name":"wp","href":"https:\/\/api.w.org\/{rel}","templated":true}]}}